{"id":123851,"date":"2026-03-05T21:35:01","date_gmt":"2026-03-06T01:35:01","guid":{"rendered":"https:\/\/lasprimeras.com.do\/?p=123851"},"modified":"2026-03-05T21:35:03","modified_gmt":"2026-03-06T01:35:03","slug":"idoppril-inaugura-oficina-en-san-juan-para-fortalecer-atencion-a-trabajadores-y-empleadores","status":"publish","type":"post","link":"https:\/\/lasprimeras.com.do\/index.php\/2026\/03\/05\/idoppril-inaugura-oficina-en-san-juan-para-fortalecer-atencion-a-trabajadores-y-empleadores\/","title":{"rendered":"IDOPPRIL inaugura oficina en San Juan para fortalecer atenci\u00f3n a trabajadores y empleadores"},"content":{"rendered":"\n<p>El Instituto Dominicano de Prevenci\u00f3n y Protecci\u00f3n de Riesgos Laborales (IDOPPRIL) abri\u00f3 una nueva oficina en esta provincia, para optimizar los servicios a los trabajadores y empleadores afiliados al Seguro de Riesgos Laborales (SRL).<\/p>\n\n\n\n<p>Durante el acto, el director ejecutivo del IDOPPRIL, doctor Agust\u00edn Burgos, destac\u00f3 que esta instalaci\u00f3n permitir\u00e1 ofrecer atenciones m\u00e1s cercanas, \u00e1giles y eficientes a la poblaci\u00f3n trabajadora de San Juan. De este modo, se busca garantizar respuestas oportunas ante accidentes laborales, enfermedades profesionales y dem\u00e1s eventualidades contempladas en la ley que crea la instituci\u00f3n.<\/p>\n\n\n\n<p>Explic\u00f3 que desde el a\u00f1o 2024, en esta provincia se han registrado m\u00e1s de 758 eventos relacionados con accidentes de trabajo, de trayecto y casos conexos. Detall\u00f3 que en el citado a\u00f1o se reportaron 334 casos; en 2025, la cifra ascendi\u00f3 a 357; y en lo que va de 2026 se han notificado 67 eventos adicionales. Esto evidencia la importancia de continuar fortaleciendo la cultura de prevenci\u00f3n y la asistencia oportuna.<\/p>\n\n\n\n<p>Burgos precis\u00f3 que, en ese mismo per\u00edodo, el IDOPPRIL ha destinado m\u00e1s de RD$44 millones en subsidios por accidentes de trabajo y de trayecto, adem\u00e1s de importantes recursos en gastos m\u00e9dicos, pensiones por sobrevivencia e indemnizaciones. Esto ha impactado directamente en la estabilidad econ\u00f3mica de los trabajadores y sus familias.<\/p>\n\n\n\n<p>\u201cSeguimos accionando para que cada trabajador reciba las atenciones y beneficios que le otorga la ley, promoviendo entornos laborales m\u00e1s seguros y protegidos\u201d, expres\u00f3.<\/p>\n\n\n\n<p>La inauguraci\u00f3n de la nueva oficina forma parte de los lineamientos del presidente Luis Abinader, orientados a garantizar servicios p\u00fablicos m\u00e1s cercanos, humanos y de calidad en todo el territorio nacional.<\/p>\n","protected":false},"excerpt":{"rendered":"<p>El Instituto Dominicano de Prevenci\u00f3n y Protecci\u00f3n de Riesgos Laborales (IDOPPRIL) abri\u00f3 una nueva oficina en esta provincia, para optimizar los servicios a los trabajadores y empleadores afiliados al Seguro&hellip;<\/p>\n","protected":false},"author":10,"featured_media":123852,"comment_status":"open","ping_status":"open","sticky":false,"template":"","format":"standard","meta":{"content-type":"","jetpack_post_was_ever_published":false,"_jetpack_newsletter_access":"","_jetpack_dont_email_post_to_subs":false,"_jetpack_newsletter_tier_id":0,"_jetpack_memberships_contains_paywalled_content":false,"_jetpack_memberships_contains_paid_content":false,"footnotes":""},"categories":[16558],"tags":[409,20530,3648,8009,1785,618,156],"class_list":["post-123851","post","type-post","status-publish","format-standard","has-post-thumbnail","hentry","category-salud","tag-atencion","tag-empleadores","tag-fortalece","tag-idoppril","tag-oficina","tag-san-juan","tag-trabajadores"],"jetpack_featured_media_url":"https:\/\/lasprimeras.com.do\/wp-content\/uploads\/2026\/03\/IDOPPRIL.jpg","jetpack-related-posts":[{"id":85526,"url":"https:\/\/lasprimeras.com.do\/index.php\/2024\/07\/01\/idoppril-activa-plan-de-contingencia-ante-paso-de-huracan-beryl\/","url_meta":{"origin":123851,"position":0},"title":"IDOPPRIL activa Plan de Contingencia ante paso de hurac\u00e1n Beryl","author":"Nelson Feliz","date":"1 de julio de 2024","format":false,"excerpt":"L\u00f3pez Sol\u00eds dice personal de seguridad y de servicios tendr\u00e1 asistencia inmediata en caso de accidente laboral. El Instituto Dominicano de Prevenci\u00f3n y Protecci\u00f3n de Riesgos Laborales (IDOPPRIL), activ\u00f3 el protocolo preventivo en la instituci\u00f3n para ofrecer atenciones inmediatas a los afiliados que resulten lesionados durante sus jornadas laborales antes,\u2026","rel":"","context":"En \u00abSin categor\u00eda\u00bb","block_context":{"text":"Sin categor\u00eda","link":"https:\/\/lasprimeras.com.do\/index.php\/category\/sin-categoria\/"},"img":{"alt_text":"Fausto L\u00f3pez Sol\u00eds","src":"https:\/\/i0.wp.com\/lasprimeras.com.do\/wp-content\/uploads\/2024\/07\/Fausto-Lopez-Solis.jpg?resize=350%2C200&ssl=1","width":350,"height":200,"srcset":"https:\/\/i0.wp.com\/lasprimeras.com.do\/wp-content\/uploads\/2024\/07\/Fausto-Lopez-Solis.jpg?resize=350%2C200&ssl=1 1x, https:\/\/i0.wp.com\/lasprimeras.com.do\/wp-content\/uploads\/2024\/07\/Fausto-Lopez-Solis.jpg?resize=525%2C300&ssl=1 1.5x, https:\/\/i0.wp.com\/lasprimeras.com.do\/wp-content\/uploads\/2024\/07\/Fausto-Lopez-Solis.jpg?resize=700%2C400&ssl=1 2x"},"classes":[]},{"id":119665,"url":"https:\/\/lasprimeras.com.do\/index.php\/2026\/01\/15\/idoppril-inaugura-nueva-oficina-regional-cibao-sur\/","url_meta":{"origin":123851,"position":1},"title":"IDOPPRIL inaugura nueva Oficina Regional Cibao Sur","author":"Nelson Feliz","date":"15 de enero de 2026","format":false,"excerpt":"Agust\u00edn Burgos","rel":"","context":"En \u00abPORTADA\u00bb","block_context":{"text":"PORTADA","link":"https:\/\/lasprimeras.com.do\/index.php\/category\/portada\/"},"img":{"alt_text":"Agust\u00edn Burgos","src":"https:\/\/i0.wp.com\/lasprimeras.com.do\/wp-content\/uploads\/2026\/01\/Agustin-Burgos-1.jpg?resize=350%2C200&ssl=1","width":350,"height":200,"srcset":"https:\/\/i0.wp.com\/lasprimeras.com.do\/wp-content\/uploads\/2026\/01\/Agustin-Burgos-1.jpg?resize=350%2C200&ssl=1 1x, https:\/\/i0.wp.com\/lasprimeras.com.do\/wp-content\/uploads\/2026\/01\/Agustin-Burgos-1.jpg?resize=525%2C300&ssl=1 1.5x, https:\/\/i0.wp.com\/lasprimeras.com.do\/wp-content\/uploads\/2026\/01\/Agustin-Burgos-1.jpg?resize=700%2C400&ssl=1 2x"},"classes":[]},{"id":106761,"url":"https:\/\/lasprimeras.com.do\/index.php\/2025\/08\/19\/idoppril-remoza-oficina-en-bani-para-mejorar-servicios-a-trabajadores%e2%81%a3\/","url_meta":{"origin":123851,"position":2},"title":"IDOPPRIL remoza oficina en Ban\u00ed para mejorar servicios a trabajadores\u2063","author":"Nelson Feliz","date":"19 de agosto de 2025","format":false,"excerpt":"\u2063El doctor Agust\u00edn Burgos anunci\u00f3 que con este plan los afiliados recibir\u00e1n mayores atenciones. \u2063\u2063El Consejo Directivo del Instituto Dominicano de Prevenci\u00f3n y Protecci\u00f3n de Riesgos Laborales (IDOPPRIL), que preside el ministro de Trabajo, Eddy Olivares, se anunci\u00f3 el remozamiento de la oficina del \u00f3rgano asegurador en Peravia.\u2063\u2063La medida busca\u2026","rel":"","context":"En \u00abECONOM\u00cdA\u00bb","block_context":{"text":"ECONOM\u00cdA","link":"https:\/\/lasprimeras.com.do\/index.php\/category\/economia\/"},"img":{"alt_text":"","src":"https:\/\/i0.wp.com\/lasprimeras.com.do\/wp-content\/uploads\/2025\/08\/Agustin-Burgos.jpg?resize=350%2C200&ssl=1","width":350,"height":200,"srcset":"https:\/\/i0.wp.com\/lasprimeras.com.do\/wp-content\/uploads\/2025\/08\/Agustin-Burgos.jpg?resize=350%2C200&ssl=1 1x, https:\/\/i0.wp.com\/lasprimeras.com.do\/wp-content\/uploads\/2025\/08\/Agustin-Burgos.jpg?resize=525%2C300&ssl=1 1.5x, https:\/\/i0.wp.com\/lasprimeras.com.do\/wp-content\/uploads\/2025\/08\/Agustin-Burgos.jpg?resize=700%2C400&ssl=1 2x"},"classes":[]},{"id":78971,"url":"https:\/\/lasprimeras.com.do\/index.php\/2024\/03\/21\/idoppril-instala-nuevo-modulo-de-atencion-en-los-alcarrizos-2\/","url_meta":{"origin":123851,"position":3},"title":"IDOPPRIL instala nuevo m\u00f3dulo de atenci\u00f3n en Los Alcarrizos","author":"Nelson Feliz","date":"21 de marzo de 2024","format":false,"excerpt":"El Instituto Dominicano de Prevenci\u00f3n y Protecci\u00f3n de Riesgos Laborales (IDOPPRIL) dej\u00f3 en funcionamiento su nuevo m\u00f3dulo de atenci\u00f3n al usuario en el Hospital General Dr. Vinicio Calventi, del municipio Los Alcarrizos. El director ejecutivo del IDOPPRIL, doctor Fausto L\u00f3pez Sol\u00eds, explic\u00f3 que en lo adelante los afiliados de Los\u2026","rel":"","context":"En \u00abPORTADA\u00bb","block_context":{"text":"PORTADA","link":"https:\/\/lasprimeras.com.do\/index.php\/category\/portada\/"},"img":{"alt_text":"Fausto L\u00f3pez Sol\u00eds","src":"https:\/\/i0.wp.com\/lasprimeras.com.do\/wp-content\/uploads\/2024\/03\/Fausto-Lopez-Solis.jpg?resize=350%2C200&ssl=1","width":350,"height":200,"srcset":"https:\/\/i0.wp.com\/lasprimeras.com.do\/wp-content\/uploads\/2024\/03\/Fausto-Lopez-Solis.jpg?resize=350%2C200&ssl=1 1x, https:\/\/i0.wp.com\/lasprimeras.com.do\/wp-content\/uploads\/2024\/03\/Fausto-Lopez-Solis.jpg?resize=525%2C300&ssl=1 1.5x"},"classes":[]},{"id":78894,"url":"https:\/\/lasprimeras.com.do\/index.php\/2024\/03\/21\/idoppril-instala-nuevo-modulo-de-atencion-en-los-alcarrizos\/","url_meta":{"origin":123851,"position":4},"title":"IDOPPRIL instala nuevo m\u00f3dulo de atenci\u00f3n en Los Alcarrizos","author":"BIMARY DE JES\u00daS Matos","date":"21 de marzo de 2024","format":false,"excerpt":"Martin Restituyo Santo Domingo. - El Instituto Dominicano de Prevenci\u00f3n y Protecci\u00f3n de Riesgos Laborales (IDOPPRIL) dej\u00f3 en funcionamiento su nuevo m\u00f3dulo de atenci\u00f3n al usuario en el Hospital General Dr. Vinicio Calventi, del municipio Los Alcarrizos. El director ejecutivo del IDOPPRIL, doctor Fausto L\u00f3pez Sol\u00eds, explic\u00f3 que en lo\u2026","rel":"","context":"En \u00abPORTADA\u00bb","block_context":{"text":"PORTADA","link":"https:\/\/lasprimeras.com.do\/index.php\/category\/portada\/"},"img":{"alt_text":"","src":"https:\/\/i0.wp.com\/lasprimeras.com.do\/wp-content\/uploads\/2024\/03\/WhatsApp-Image-2024-03-21-at-10.55.09-AM.jpeg?resize=350%2C200&ssl=1","width":350,"height":200,"srcset":"https:\/\/i0.wp.com\/lasprimeras.com.do\/wp-content\/uploads\/2024\/03\/WhatsApp-Image-2024-03-21-at-10.55.09-AM.jpeg?resize=350%2C200&ssl=1 1x, https:\/\/i0.wp.com\/lasprimeras.com.do\/wp-content\/uploads\/2024\/03\/WhatsApp-Image-2024-03-21-at-10.55.09-AM.jpeg?resize=525%2C300&ssl=1 1.5x, https:\/\/i0.wp.com\/lasprimeras.com.do\/wp-content\/uploads\/2024\/03\/WhatsApp-Image-2024-03-21-at-10.55.09-AM.jpeg?resize=700%2C400&ssl=1 2x, https:\/\/i0.wp.com\/lasprimeras.com.do\/wp-content\/uploads\/2024\/03\/WhatsApp-Image-2024-03-21-at-10.55.09-AM.jpeg?resize=1050%2C600&ssl=1 3x, https:\/\/i0.wp.com\/lasprimeras.com.do\/wp-content\/uploads\/2024\/03\/WhatsApp-Image-2024-03-21-at-10.55.09-AM.jpeg?resize=1400%2C800&ssl=1 4x"},"classes":[]},{"id":87412,"url":"https:\/\/lasprimeras.com.do\/index.php\/2024\/08\/11\/idoppril-estrena-nuevo-modulo-de-atencion-en-constanza\/","url_meta":{"origin":123851,"position":5},"title":"IDOPPRIL estrena nuevo m\u00f3dulo de atenci\u00f3n en Constanza","author":"Nelson Feliz","date":"11 de agosto de 2024","format":false,"excerpt":"El Instituto Dominicano de Prevenci\u00f3n y Protecci\u00f3n de Riesgos Laborales (IDOPPRIL) inaugur\u00f3 un nuevo m\u00f3dulo de servicios en el Hospital Pedro Antonio C\u00e9spedes, en Constanza, provincia La Vega, con el cual se eleva a 19 la cantidad de espacios para atender a los trabajadores accidentados durante su jornada laboral. El\u2026","rel":"","context":"En \u00abSin categor\u00eda\u00bb","block_context":{"text":"Sin categor\u00eda","link":"https:\/\/lasprimeras.com.do\/index.php\/category\/sin-categoria\/"},"img":{"alt_text":"IDOPPRIL CONSTANZA","src":"https:\/\/i0.wp.com\/lasprimeras.com.do\/wp-content\/uploads\/2024\/08\/IDOPPRIL-CONSTANZA.jpg?resize=350%2C200&ssl=1","width":350,"height":200,"srcset":"https:\/\/i0.wp.com\/lasprimeras.com.do\/wp-content\/uploads\/2024\/08\/IDOPPRIL-CONSTANZA.jpg?resize=350%2C200&ssl=1 1x, https:\/\/i0.wp.com\/lasprimeras.com.do\/wp-content\/uploads\/2024\/08\/IDOPPRIL-CONSTANZA.jpg?resize=525%2C300&ssl=1 1.5x"},"classes":[]}],"jetpack_sharing_enabled":true,"_links":{"self":[{"href":"https:\/\/lasprimeras.com.do\/index.php\/wp-json\/wp\/v2\/posts\/123851","targetHints":{"allow":["GET"]}}],"collection":[{"href":"https:\/\/lasprimeras.com.do\/index.php\/wp-json\/wp\/v2\/posts"}],"about":[{"href":"https:\/\/lasprimeras.com.do\/index.php\/wp-json\/wp\/v2\/types\/post"}],"author":[{"embeddable":true,"href":"https:\/\/lasprimeras.com.do\/index.php\/wp-json\/wp\/v2\/users\/10"}],"replies":[{"embeddable":true,"href":"https:\/\/lasprimeras.com.do\/index.php\/wp-json\/wp\/v2\/comments?post=123851"}],"version-history":[{"count":1,"href":"https:\/\/lasprimeras.com.do\/index.php\/wp-json\/wp\/v2\/posts\/123851\/revisions"}],"predecessor-version":[{"id":123853,"href":"https:\/\/lasprimeras.com.do\/index.php\/wp-json\/wp\/v2\/posts\/123851\/revisions\/123853"}],"wp:featuredmedia":[{"embeddable":true,"href":"https:\/\/lasprimeras.com.do\/index.php\/wp-json\/wp\/v2\/media\/123852"}],"wp:attachment":[{"href":"https:\/\/lasprimeras.com.do\/index.php\/wp-json\/wp\/v2\/media?parent=123851"}],"wp:term":[{"taxonomy":"category","embeddable":true,"href":"https:\/\/lasprimeras.com.do\/index.php\/wp-json\/wp\/v2\/categories?post=123851"},{"taxonomy":"post_tag","embeddable":true,"href":"https:\/\/lasprimeras.com.do\/index.php\/wp-json\/wp\/v2\/tags?post=123851"}],"curies":[{"name":"wp","href":"https:\/\/api.w.org\/{rel}","templated":true}]}}