{"id":123870,"date":"2026-03-06T08:49:12","date_gmt":"2026-03-06T12:49:12","guid":{"rendered":"https:\/\/lasprimeras.com.do\/?p=123870"},"modified":"2026-03-06T08:49:13","modified_gmt":"2026-03-06T12:49:13","slug":"presidente-recibe-al-estudiante-hensel-aquino-garcia-apodado-pico-de-oro-por-su-elocuencia-y-seguridad-al-expresarse","status":"publish","type":"post","link":"https:\/\/lasprimeras.com.do\/index.php\/2026\/03\/06\/presidente-recibe-al-estudiante-hensel-aquino-garcia-apodado-pico-de-oro-por-su-elocuencia-y-seguridad-al-expresarse\/","title":{"rendered":"Presidente recibe al estudiante Hensel Aquino Garc\u00eda, apodado \u201cPico de Oro\u201d por su elocuencia y seguridad al expresarse"},"content":{"rendered":"\n<p>En un gesto de reconocimiento al talento y la determinaci\u00f3n de la juventud dominicana, el presidente Luis Abinader recibi\u00f3 este jueves al estudiante de 13 a\u00f1os Hensel Aquino Garc\u00eda, a quien el mandatario bautiz\u00f3 como \u201cPico de Oro\u201d por su notable elocuencia y seguridad al expresarse.<\/p>\n\n\n\n<p>Durante el encuentro celebrado en el Sal\u00f3n Privado del Palacio Nacional, el jefe de Estado estuvo acompa\u00f1ado de la primera dama Raquel Arbaje, con quien convers\u00f3 con el joven sobre sus aspiraciones acad\u00e9micas y la situaci\u00f3n de su centro educativo.<\/p>\n\n\n\n<p>El presidente Abinader valor\u00f3 la determinaci\u00f3n y claridad del joven al expresar sus metas y lo motiv\u00f3 a continuar esforz\u00e1ndose en sus estudios, destacando la importancia de la educaci\u00f3n, la disciplina y la preparaci\u00f3n para contribuir al progreso del pa\u00eds.<\/p>\n\n\n\n<p>Asimismo, el mandatario destac\u00f3 que j\u00f3venes como Hensel representan el talento y el potencial de la juventud dominicana cuando cuentan con el respaldo de su familia y su formaci\u00f3n educativa, y lo exhort\u00f3 a continuar prepar\u00e1ndose y desarrollando sus capacidades.<\/p>\n\n\n\n<p>Durante la conversaci\u00f3n, Hensel Aquino Garc\u00eda expres\u00f3 su inter\u00e9s de continuar sus estudios superiores en las \u00e1reas de Relaciones Internacionales y Derecho, con el prop\u00f3sito de aportar desde su formaci\u00f3n acad\u00e9mica al desarrollo de la sociedad dominicana.<\/p>\n\n\n\n<p>El joven, quien cursa el segundo de bachillerato en la Escuela Felicia Cuesta D\u00edaz, ubicada en la comunidad de B\u00e1sima, municipio de Villa Altagracia, provincia San Crist\u00f3bal, estuvo acompa\u00f1ado de sus padres, Jenrry Aquino Caraballo y Estela Margarita Garc\u00eda, as\u00ed como de su hermano gemelo, Hendel Aquino Garc\u00eda, durante el encuentro, lo que reflej\u00f3 el respaldo familiar en este importante momento.<\/p>\n","protected":false},"excerpt":{"rendered":"<p>En un gesto de reconocimiento al talento y la determinaci\u00f3n de la juventud dominicana, el presidente Luis Abinader recibi\u00f3 este jueves al estudiante de 13 a\u00f1os Hensel Aquino Garc\u00eda, a&hellip;<\/p>\n","protected":false},"author":10,"featured_media":123871,"comment_status":"open","ping_status":"open","sticky":false,"template":"","format":"standard","meta":{"content-type":"","jetpack_post_was_ever_published":false,"_jetpack_newsletter_access":"","_jetpack_dont_email_post_to_subs":false,"_jetpack_newsletter_tier_id":0,"_jetpack_memberships_contains_paywalled_content":false,"_jetpack_memberships_contains_paid_content":false,"footnotes":""},"categories":[35,25],"tags":[30905,67,2962,30906,633],"class_list":["post-123870","post","type-post","status-publish","format-standard","has-post-thumbnail","hentry","category-nacionales","category-portada","tag-hansel-aquino-garcia","tag-luis-abinader","tag-palacio-nacional","tag-pico-de-oro","tag-raquel-arbaje"],"jetpack_featured_media_url":"https:\/\/lasprimeras.com.do\/wp-content\/uploads\/2026\/03\/IMG-20260305-WA0664-scaled.jpg","jetpack-related-posts":[{"id":84680,"url":"https:\/\/lasprimeras.com.do\/index.php\/2024\/06\/13\/abinader-recibe-a-thais-herrera-en-el-palacio-nacional\/","url_meta":{"origin":123870,"position":0},"title":"Abinader recibe a Thais Herrera en el Palacio Nacional","author":"Nelson Feliz","date":"13 de junio de 2024","format":false,"excerpt":"\u00a0Primera dominicana en escalar la cima del Monte Everest El presidente Luis Abinader recibi\u00f3 este mi\u00e9rcoles en el Palacio Nacional a la alpinista Thais Herrera, primera mujer dominicana en escalar la cima del Monte Everest. El jefe de Estado estuvo acompa\u00f1ado de la vicepresidenta de la Rep\u00fablica, Raquel Pe\u00f1a y\u2026","rel":"","context":"En \u00abSin categor\u00eda\u00bb","block_context":{"text":"Sin categor\u00eda","link":"https:\/\/lasprimeras.com.do\/index.php\/category\/sin-categoria\/"},"img":{"alt_text":"","src":"https:\/\/i0.wp.com\/lasprimeras.com.do\/wp-content\/uploads\/2024\/06\/Thais-Herrera.jpg?resize=350%2C200&ssl=1","width":350,"height":200,"srcset":"https:\/\/i0.wp.com\/lasprimeras.com.do\/wp-content\/uploads\/2024\/06\/Thais-Herrera.jpg?resize=350%2C200&ssl=1 1x, https:\/\/i0.wp.com\/lasprimeras.com.do\/wp-content\/uploads\/2024\/06\/Thais-Herrera.jpg?resize=525%2C300&ssl=1 1.5x, https:\/\/i0.wp.com\/lasprimeras.com.do\/wp-content\/uploads\/2024\/06\/Thais-Herrera.jpg?resize=700%2C400&ssl=1 2x"},"classes":[]},{"id":116551,"url":"https:\/\/lasprimeras.com.do\/index.php\/2025\/12\/02\/abinader-inaugura-villa-navidad-junto-al-presidente-de-br-leonardo-aguilera-y-la-alcaldesa-carolina-mejia\/","url_meta":{"origin":123870,"position":1},"title":"Abinader inaugura &#8220;Villa Navidad&#8221; junto al presidente de BR, Leonardo Aguilera y la alcaldesa Carolina Mej\u00eda","author":"Nelson Feliz","date":"2 de diciembre de 2025","format":false,"excerpt":"El presidente de la Rep\u00fablica, Luis Abinader, junto a la primera dama, Raquel Arbaje, encabez\u00f3 la inauguraci\u00f3n oficial de Villa Navidad 2025. Le acompa\u00f1aron el doctor Leonardo Aguilera, presidente ejecutivo del Banco de Reservas; la alcaldesa del Distrito Nacional, Carolina Mej\u00eda, y varios ni\u00f1os invitados.","rel":"","context":"En \u00abENTRETENIMIENTO\u00bb","block_context":{"text":"ENTRETENIMIENTO","link":"https:\/\/lasprimeras.com.do\/index.php\/category\/entretenimiento\/"},"img":{"alt_text":"El presidente de la Rep\u00fablica, Luis Abinader, junto a la primera dama, Raquel Arbaje, encabez\u00f3 la inauguraci\u00f3n oficial de Villa Navidad 2025. Le acompa\u00f1aron el doctor Leonardo Aguilera, presidente ejecutivo del Banco de Reservas; la alcaldesa del Distrito Nacional, Carolina Mej\u00eda, y varios ni\u00f1os invitados.","src":"https:\/\/i0.wp.com\/lasprimeras.com.do\/wp-content\/uploads\/2025\/12\/Banco-de-Reservas.jpg?resize=350%2C200&ssl=1","width":350,"height":200,"srcset":"https:\/\/i0.wp.com\/lasprimeras.com.do\/wp-content\/uploads\/2025\/12\/Banco-de-Reservas.jpg?resize=350%2C200&ssl=1 1x, https:\/\/i0.wp.com\/lasprimeras.com.do\/wp-content\/uploads\/2025\/12\/Banco-de-Reservas.jpg?resize=525%2C300&ssl=1 1.5x, https:\/\/i0.wp.com\/lasprimeras.com.do\/wp-content\/uploads\/2025\/12\/Banco-de-Reservas.jpg?resize=700%2C400&ssl=1 2x"},"classes":[]},{"id":124379,"url":"https:\/\/lasprimeras.com.do\/index.php\/2026\/03\/11\/presidente-abinader-participo-de-la-investidura-de-su-homologo-chileno-jose-antonio-kast\/","url_meta":{"origin":123870,"position":2},"title":"Presidente Abinader particip\u00f3 de la investidura de su hom\u00f3logo chileno Jos\u00e9 Antonio Kast","author":"Nelson Feliz","date":"11 de marzo de 2026","format":false,"excerpt":"El mandatario estuvo junto a la primera dama, Raquel Arbaje, y comparti\u00f3 con presidentes, el Rey Felipe VI Santiago de Chile. El presidente Luis Abinader particip\u00f3 de los actos oficiales de investidura de Jos\u00e9 Antonio Kast Rist como presidente de la Rep\u00fablica de Chile este mi\u00e9rcoles 11 en el Sal\u00f3n\u2026","rel":"","context":"En \u00abNACIONALES\u00bb","block_context":{"text":"NACIONALES","link":"https:\/\/lasprimeras.com.do\/index.php\/category\/nacionales\/"},"img":{"alt_text":"Presidente Abinader particip\u00f3 de la investidura de su hom\u00f3logo chileno Jos\u00e9 Antonio Kast","src":"https:\/\/i0.wp.com\/lasprimeras.com.do\/wp-content\/uploads\/2026\/03\/Presidente-Abinader-participo-de-la-investidura-de-su-homologo-chileno-Jose-Antonio-Kast.jpg?resize=350%2C200&ssl=1","width":350,"height":200,"srcset":"https:\/\/i0.wp.com\/lasprimeras.com.do\/wp-content\/uploads\/2026\/03\/Presidente-Abinader-participo-de-la-investidura-de-su-homologo-chileno-Jose-Antonio-Kast.jpg?resize=350%2C200&ssl=1 1x, https:\/\/i0.wp.com\/lasprimeras.com.do\/wp-content\/uploads\/2026\/03\/Presidente-Abinader-participo-de-la-investidura-de-su-homologo-chileno-Jose-Antonio-Kast.jpg?resize=525%2C300&ssl=1 1.5x, https:\/\/i0.wp.com\/lasprimeras.com.do\/wp-content\/uploads\/2026\/03\/Presidente-Abinader-participo-de-la-investidura-de-su-homologo-chileno-Jose-Antonio-Kast.jpg?resize=700%2C400&ssl=1 2x"},"classes":[]},{"id":100863,"url":"https:\/\/lasprimeras.com.do\/index.php\/2025\/06\/13\/abinader-llego-la-noche-de-este-jueves-a-brasil\/","url_meta":{"origin":123870,"position":3},"title":"Abinader lleg\u00f3 la noche de este jueves a Brasil","author":"Nelson Feliz","date":"13 de junio de 2025","format":false,"excerpt":"Mandatario participar\u00e1 junto a otros gobernantes en la Cumbre Brasil-Caribe convocada por Lula Da Silva Brasil.- El presidente Luis Abinader lleg\u00f3 este jueves en la noche a Brasil, donde participar\u00e1 en la Cumbre Brasil-Caribe y sostendr\u00e1 una reuni\u00f3n bilateral privada con el presidente brasile\u00f1o Luiz In\u00e1cio Lula da Silva, as\u00ed\u2026","rel":"","context":"En \u00abNACIONALES\u00bb","block_context":{"text":"NACIONALES","link":"https:\/\/lasprimeras.com.do\/index.php\/category\/nacionales\/"},"img":{"alt_text":"Luis Abinader","src":"https:\/\/i0.wp.com\/lasprimeras.com.do\/wp-content\/uploads\/2025\/06\/Luis-Abinader-5.jpg?resize=350%2C200&ssl=1","width":350,"height":200,"srcset":"https:\/\/i0.wp.com\/lasprimeras.com.do\/wp-content\/uploads\/2025\/06\/Luis-Abinader-5.jpg?resize=350%2C200&ssl=1 1x, https:\/\/i0.wp.com\/lasprimeras.com.do\/wp-content\/uploads\/2025\/06\/Luis-Abinader-5.jpg?resize=525%2C300&ssl=1 1.5x, https:\/\/i0.wp.com\/lasprimeras.com.do\/wp-content\/uploads\/2025\/06\/Luis-Abinader-5.jpg?resize=700%2C400&ssl=1 2x"},"classes":[]},{"id":124287,"url":"https:\/\/lasprimeras.com.do\/index.php\/2026\/03\/10\/abinader-viaja-a-chile-para-transmision-de-mando-del-mandatario-electo-jose-antonio-kast-rist\/","url_meta":{"origin":123870,"position":4},"title":"Abinader viaja a Chile para transmisi\u00f3n de mando del mandatario electo Jos\u00e9 Antonio Kast Rist","author":"Nelson Feliz","date":"10 de marzo de 2026","format":false,"excerpt":"El presidente Luis Abinader sali\u00f3 este martes a la Rep\u00fablica de Chile para participar en los actos oficiales de la transmisi\u00f3n de mando presidencial de esa naci\u00f3n sudamericana, donde asumir\u00e1 el nuevo mandatario chileno, Jos\u00e9 Antonio Kast Rist. A su llegada a territorio chileno como parte de la agenda oficial,\u2026","rel":"","context":"En \u00abNACIONALES\u00bb","block_context":{"text":"NACIONALES","link":"https:\/\/lasprimeras.com.do\/index.php\/category\/nacionales\/"},"img":{"alt_text":"Luis Abinader","src":"https:\/\/i0.wp.com\/lasprimeras.com.do\/wp-content\/uploads\/2026\/03\/Luis-Abinader-7.jpg?resize=350%2C200&ssl=1","width":350,"height":200,"srcset":"https:\/\/i0.wp.com\/lasprimeras.com.do\/wp-content\/uploads\/2026\/03\/Luis-Abinader-7.jpg?resize=350%2C200&ssl=1 1x, https:\/\/i0.wp.com\/lasprimeras.com.do\/wp-content\/uploads\/2026\/03\/Luis-Abinader-7.jpg?resize=525%2C300&ssl=1 1.5x, https:\/\/i0.wp.com\/lasprimeras.com.do\/wp-content\/uploads\/2026\/03\/Luis-Abinader-7.jpg?resize=700%2C400&ssl=1 2x"},"classes":[]},{"id":120984,"url":"https:\/\/lasprimeras.com.do\/index.php\/2026\/01\/30\/raquel-arbaje-imparte-clase-de-moral-y-civica-en-la-escuela-de-cristo-rey\/","url_meta":{"origin":123870,"position":5},"title":"Raquel Arbaje imparte clase de moral y c\u00edvica en la escuela de Cristo Rey","author":"Nelson Feliz","date":"30 de enero de 2026","format":false,"excerpt":"La iniciativa forma parte del fortalecimiento de la educaci\u00f3n en valores impulsado por el Ministerio de Educaci\u00f3n. La primera dama Raquel Arbaje imparti\u00f3 este jueves una clase de Moral, C\u00edvica y \u00c9tica Ciudadana a estudiantes de cuarto de primaria de la Escuela Padre Eulalio Arias, ubicada en el sector Cristo\u2026","rel":"","context":"En \u00abNACIONALES\u00bb","block_context":{"text":"NACIONALES","link":"https:\/\/lasprimeras.com.do\/index.php\/category\/nacionales\/"},"img":{"alt_text":"Raquel Arbaje","src":"https:\/\/i0.wp.com\/lasprimeras.com.do\/wp-content\/uploads\/2026\/01\/Raquel-Arbaje-1.jpg?resize=350%2C200&ssl=1","width":350,"height":200,"srcset":"https:\/\/i0.wp.com\/lasprimeras.com.do\/wp-content\/uploads\/2026\/01\/Raquel-Arbaje-1.jpg?resize=350%2C200&ssl=1 1x, https:\/\/i0.wp.com\/lasprimeras.com.do\/wp-content\/uploads\/2026\/01\/Raquel-Arbaje-1.jpg?resize=525%2C300&ssl=1 1.5x, https:\/\/i0.wp.com\/lasprimeras.com.do\/wp-content\/uploads\/2026\/01\/Raquel-Arbaje-1.jpg?resize=700%2C400&ssl=1 2x"},"classes":[]}],"jetpack_sharing_enabled":true,"_links":{"self":[{"href":"https:\/\/lasprimeras.com.do\/index.php\/wp-json\/wp\/v2\/posts\/123870","targetHints":{"allow":["GET"]}}],"collection":[{"href":"https:\/\/lasprimeras.com.do\/index.php\/wp-json\/wp\/v2\/posts"}],"about":[{"href":"https:\/\/lasprimeras.com.do\/index.php\/wp-json\/wp\/v2\/types\/post"}],"author":[{"embeddable":true,"href":"https:\/\/lasprimeras.com.do\/index.php\/wp-json\/wp\/v2\/users\/10"}],"replies":[{"embeddable":true,"href":"https:\/\/lasprimeras.com.do\/index.php\/wp-json\/wp\/v2\/comments?post=123870"}],"version-history":[{"count":1,"href":"https:\/\/lasprimeras.com.do\/index.php\/wp-json\/wp\/v2\/posts\/123870\/revisions"}],"predecessor-version":[{"id":123872,"href":"https:\/\/lasprimeras.com.do\/index.php\/wp-json\/wp\/v2\/posts\/123870\/revisions\/123872"}],"wp:featuredmedia":[{"embeddable":true,"href":"https:\/\/lasprimeras.com.do\/index.php\/wp-json\/wp\/v2\/media\/123871"}],"wp:attachment":[{"href":"https:\/\/lasprimeras.com.do\/index.php\/wp-json\/wp\/v2\/media?parent=123870"}],"wp:term":[{"taxonomy":"category","embeddable":true,"href":"https:\/\/lasprimeras.com.do\/index.php\/wp-json\/wp\/v2\/categories?post=123870"},{"taxonomy":"post_tag","embeddable":true,"href":"https:\/\/lasprimeras.com.do\/index.php\/wp-json\/wp\/v2\/tags?post=123870"}],"curies":[{"name":"wp","href":"https:\/\/api.w.org\/{rel}","templated":true}]}}