{"id":123893,"date":"2026-03-06T12:51:03","date_gmt":"2026-03-06T16:51:03","guid":{"rendered":"https:\/\/lasprimeras.com.do\/?p=123893"},"modified":"2026-03-06T12:51:06","modified_gmt":"2026-03-06T16:51:06","slug":"fp-rendicion-de-cuentas-del-sector-electrico-no-se-sustentan-en-la-realidad-deficit-se-triplico","status":"publish","type":"post","link":"https:\/\/lasprimeras.com.do\/index.php\/2026\/03\/06\/fp-rendicion-de-cuentas-del-sector-electrico-no-se-sustentan-en-la-realidad-deficit-se-triplico\/","title":{"rendered":"FP: Rendici\u00f3n de cuentas del sector el\u00e9ctrico \u201cno se sustentan en la realidad\u201d; d\u00e9ficit se triplic\u00f3"},"content":{"rendered":"\n<p>_Por mala gesti\u00f3n las p\u00e9rdidas pasaron de 30 % en 2020 a 38.8 % en 2025._<\/p>\n\n\n\n<p>El titular de la Secretar\u00eda de Energ\u00eda del partido Fuerza del Pueblo, ingeniero Juan G\u00f3mez, afirm\u00f3 que el sistema el\u00e9ctrico dominicano atraviesa un deterioro financiero y operativo que contradice la narrativa presentada por el Gobierno durante el discurso de rendici\u00f3n de cuentas del presidente Luis Abinader.<\/p>\n\n\n\n<p>G\u00f3mez sostuvo que los datos ofrecidos \u201cno se sustentan en la realidad\u201d.<\/p>\n\n\n\n<p>El dirigente, G\u00f3mez asegur\u00f3 que los propios datos oficiales revelan un aumento significativo del d\u00e9ficit del sector el\u00e9ctrico y un retroceso en los niveles de eficiencia del sistema.<\/p>\n\n\n\n<p>En ese sentido, explic\u00f3 que el d\u00e9ficit del sistema el\u00e9ctrico pas\u00f3 de 578.6 millones de d\u00f3lares en 2020 a 1,659 millones de d\u00f3lares en 2025, lo que evidencia un agravamiento sostenido de la situaci\u00f3n financiera del sector durante la actual gesti\u00f3n gubernamental.<\/p>\n\n\n\n<p>A su juicio, estas cifras muestran que el modelo de administraci\u00f3n implementado en los \u00faltimos a\u00f1os no ha logrado corregir los problemas estructurales del sistema el\u00e9ctrico dominicano.<\/p>\n\n\n\n<p>Al presentar el documento titulado Ficci\u00f3n, omisi\u00f3n y apag\u00f3n, G\u00f3mez sostuvo que el discurso presidencial proyect\u00f3 una imagen de modernizaci\u00f3n y fortalecimiento del sistema el\u00e9ctrico que no se corresponde con la realidad reflejada en los informes t\u00e9cnicos del propio sector energ\u00e9tico.<\/p>\n\n\n\n<p>Seg\u00fan indic\u00f3, al contrastar las afirmaciones oficiales con los resultados operativos y financieros del sistema a diciembre de 2025 se observa una brecha significativa entre la narrativa pol\u00edtica y los datos reales del desempe\u00f1o del sistema.<\/p>\n\n\n\n<p>De igual manera, se\u00f1al\u00f3 que uno de los indicadores m\u00e1s preocupantes es el incremento de las p\u00e9rdidas el\u00e9ctricas en el sistema de distribuci\u00f3n.<\/p>\n\n\n\n<p>De acuerdo con los datos citados por la Secretar\u00eda de Energ\u00eda de la FP, las p\u00e9rdidas alcanzaron el 38.8 % en 2025, aumentando respecto a 2024 y alej\u00e1ndose del nivel cercano al 30 % que se registraba en 2020.<\/p>\n\n\n\n<p>Este retroceso, afirm\u00f3, representa m\u00e1s de una d\u00e9cada perdida en t\u00e9rminos de eficiencia operativa y coloca al sistema el\u00e9ctrico en niveles incompatibles con su sostenibilidad financiera.<\/p>\n\n\n\n<p>Asimismo, G\u00f3mez explic\u00f3 que el deterioro financiero del sistema tambi\u00e9n se refleja en la relaci\u00f3n entre la energ\u00eda comprada por las empresas distribuidoras y la energ\u00eda que finalmente logran cobrar.<\/p>\n\n\n\n<p>Indic\u00f3 que durante el a\u00f1o 2025 las distribuidoras adquirieron energ\u00eda por un monto de 3,104 millones de d\u00f3lares, pero solo facturaron 2,088 millones y lograron cobrar 2,012 millones, generando una diferencia negativa superior a los 1,000 millones de d\u00f3lares.<\/p>\n\n\n\n<p>Por otro lado, el titular de Energ\u00eda de la Fuerza del Pueblo se refiri\u00f3 a los apagones generales registrados el 11 de noviembre de 2025 y el 23 de febrero de 2026, los cuales, seg\u00fan explic\u00f3, evidencian vulnerabilidades estructurales del sistema el\u00e9ctrico nacional.<\/p>\n\n\n\n<p>Al respecto afirm\u00f3 que \u201cno se trataron de incidentes aislados, sino de eventos que reflejan problemas estructurales: deficiente planificaci\u00f3n, falta de adecuado y puntual mantenimiento y una inversi\u00f3n evidentemente insuficiente en los sistemas de protecci\u00f3n de la red de transmisi\u00f3n\u201d.<\/p>\n\n\n\n<p>En ese contexto, indic\u00f3 que las fallas que provocaron dichos apagones se originaron en subestaciones que no contaban con protecciones diferenciales de barra, equipos que permiten aislar autom\u00e1ticamente fallas el\u00e9ctricas para evitar su propagaci\u00f3n a escala nacional.<\/p>\n\n\n\n<p>Seg\u00fan explic\u00f3, la ausencia de estos sistemas dej\u00f3 al descubierto una vulnerabilidad cr\u00edtica del Sistema El\u00e9ctrico Nacional Interconectado.<\/p>\n\n\n\n<p>G\u00f3mez cuestion\u00f3 la estrategia de generaci\u00f3n implementada por el Gobierno, se\u00f1alando que algunas decisiones adoptadas han incrementado el costo de la energ\u00eda adquirida por el sistema.<\/p>\n\n\n\n<p>Indic\u00f3 que parte de la capacidad instalada recientemente proviene de una barcaza incorporada en Los Negros de Azua que utiliza fueloil, lo que ha encarecido el precio de la energ\u00eda producida en comparaci\u00f3n con otras fuentes de generaci\u00f3n disponibles en el pa\u00eds.<\/p>\n\n\n\n<p>De acuerdo con los datos citados en el documento presentado por la Secretar\u00eda de Energ\u00eda de la FP, dicha central vendi\u00f3 energ\u00eda a 183 centavos de d\u00f3lar por kilovatio hora.<\/p>\n\n\n\n<p>Mientras que otras fuentes como las centrales solares, Punta Catalina, EGEHID y las generadoras a gas natural vendieron entre 8 y 13 centavos por kilovatio hora.<\/p>\n\n\n\n<p>Esta diferencia, sostuvo G\u00f3mez, evidencia decisiones que terminan aumentando el costo fiscal del sistema el\u00e9ctrico.<\/p>\n\n\n\n<p>Ante este panorama, el dirigente opositor afirm\u00f3 que el pa\u00eds necesita una discusi\u00f3n transparente y basada en resultados sobre el futuro del sector energ\u00e9tico.<\/p>\n\n\n\n<p>Se\u00f1al\u00f3 que los problemas estructurales del sistema el\u00e9ctrico contin\u00faan presentes, incluyendo p\u00e9rdidas elevadas, creciente d\u00e9ficit financiero, insuficiente inversi\u00f3n en transmisi\u00f3n y una fragilidad operativa que se manifiesta en apagones nacionales.<\/p>\n\n\n\n<p>\u201cEl pa\u00eds necesita menos discursos y m\u00e1s resultados. La estabilidad el\u00e9ctrica no puede sostenerse sobre narrativas pol\u00edticas, sino sobre planificaci\u00f3n, inversi\u00f3n eficiente y gesti\u00f3n responsable\u201d, expres\u00f3 el ingeniero Juan G\u00f3mez al concluir la presentaci\u00f3n del informe.<\/p>\n","protected":false},"excerpt":{"rendered":"<p>_Por mala gesti\u00f3n las p\u00e9rdidas pasaron de 30 % en 2020 a 38.8 % en 2025._ El titular de la Secretar\u00eda de Energ\u00eda del partido Fuerza del Pueblo, ingeniero Juan&hellip;<\/p>\n","protected":false},"author":10,"featured_media":123894,"comment_status":"open","ping_status":"open","sticky":false,"template":"","format":"standard","meta":{"content-type":"","jetpack_post_was_ever_published":false,"_jetpack_newsletter_access":"","_jetpack_dont_email_post_to_subs":false,"_jetpack_newsletter_tier_id":0,"_jetpack_memberships_contains_paywalled_content":false,"_jetpack_memberships_contains_paid_content":false,"footnotes":""},"categories":[16559],"tags":[4498,23482,2541,16517],"class_list":["post-123893","post","type-post","status-publish","format-standard","has-post-thumbnail","hentry","category-politica","tag-fuerza-de-pueblo","tag-juan-gomez","tag-rendicion-de-cuentas","tag-sistema-electrico"],"jetpack_featured_media_url":"https:\/\/lasprimeras.com.do\/wp-content\/uploads\/2026\/03\/IMG-20260305-WA0678-scaled.jpg","jetpack-related-posts":[{"id":106547,"url":"https:\/\/lasprimeras.com.do\/index.php\/2025\/08\/16\/fuerza-del-pueblo-dice-celso-miente\/","url_meta":{"origin":123893,"position":0},"title":"Fuerza del Pueblo dice Celso miente","author":"Nelson Feliz","date":"16 de agosto de 2025","format":false,"excerpt":"El titular de la Secretar\u00eda de Energ\u00eda de la Fuerza del Pueblo, ingeniero Juan G\u00f3mez, refut\u00f3 las declaraciones de Celso Marranzini, sector el\u00e9ctrico nacional, asegurando que sus afirmaciones contradicen la realidad. \u201cRealmente, la versi\u00f3n que plantea Celso contradice lo que est\u00e1 pasando en el sector el\u00e9ctrico\u201d, afirm\u00f3 G\u00f3mez. Durante una\u2026","rel":"","context":"En \u00abPOLITICA\u00bb","block_context":{"text":"POLITICA","link":"https:\/\/lasprimeras.com.do\/index.php\/category\/politica\/"},"img":{"alt_text":"","src":"https:\/\/i0.wp.com\/lasprimeras.com.do\/wp-content\/uploads\/2025\/08\/Celso-Marranzini.jpg?resize=350%2C200&ssl=1","width":350,"height":200,"srcset":"https:\/\/i0.wp.com\/lasprimeras.com.do\/wp-content\/uploads\/2025\/08\/Celso-Marranzini.jpg?resize=350%2C200&ssl=1 1x, https:\/\/i0.wp.com\/lasprimeras.com.do\/wp-content\/uploads\/2025\/08\/Celso-Marranzini.jpg?resize=525%2C300&ssl=1 1.5x, https:\/\/i0.wp.com\/lasprimeras.com.do\/wp-content\/uploads\/2025\/08\/Celso-Marranzini.jpg?resize=700%2C400&ssl=1 2x"},"classes":[]},{"id":107014,"url":"https:\/\/lasprimeras.com.do\/index.php\/2025\/08\/22\/fuerza-del-pueblo-exige-declarar-en-emergencia-el-sector-electrico\/","url_meta":{"origin":123893,"position":1},"title":"Fuerza del Pueblo exige declarar en emergencia el sector el\u00e9ctrico","author":"Nelson Feliz","date":"22 de agosto de 2025","format":false,"excerpt":"G\u00f3mez plantea reducci\u00f3n de p\u00e9rdidas en las EDES. El secretario de Energ\u00eda de la Fuerza del Pueblo y exsuperintendente de Electricidad, ingeniero Juan G\u00f3mez, denunci\u00f3 que el pa\u00eds atraviesa un \u201cdesplome sin precedentes\u201d en el servicio de distribuci\u00f3n el\u00e9ctrica, con apagones de entre 6 y 10 horas diarias que mantienen\u2026","rel":"","context":"En \u00abPOLITICA\u00bb","block_context":{"text":"POLITICA","link":"https:\/\/lasprimeras.com.do\/index.php\/category\/politica\/"},"img":{"alt_text":"","src":"https:\/\/i0.wp.com\/lasprimeras.com.do\/wp-content\/uploads\/2025\/08\/Juan-Gomez.jpg?resize=350%2C200&ssl=1","width":350,"height":200},"classes":[]},{"id":88367,"url":"https:\/\/lasprimeras.com.do\/index.php\/2024\/08\/26\/fuerza-del-pueblo-exige-al-gobierno-declarar-en-emergencia-el-sector-electrico\/","url_meta":{"origin":123893,"position":2},"title":"Fuerza del Pueblo exige al gobierno \u201cdeclarar en emergencia el sector el\u00e9ctrico\u201d","author":"Nelson Feliz","date":"26 de agosto de 2024","format":false,"excerpt":"De acuerdo al Pacto El\u00e9ctrico, en 2024 las p\u00e9rdidas en las EDES deber\u00edan promediar el 19.1%, pero hoy rondan el 60% El secretario de Energ\u00eda del partido Fuerza del Pueblo (FP) y ex superintendente de Electricidad, ingeniero Juan G\u00f3mez, exigi\u00f3 al gobierno del presidente Luis Abinader declarar en emergencia el\u2026","rel":"","context":"En \u00abPORTADA\u00bb","block_context":{"text":"PORTADA","link":"https:\/\/lasprimeras.com.do\/index.php\/category\/portada\/"},"img":{"alt_text":"Juan G\u00f3mez","src":"https:\/\/i0.wp.com\/lasprimeras.com.do\/wp-content\/uploads\/2024\/08\/Juan-Gomez.jpg?resize=350%2C200&ssl=1","width":350,"height":200,"srcset":"https:\/\/i0.wp.com\/lasprimeras.com.do\/wp-content\/uploads\/2024\/08\/Juan-Gomez.jpg?resize=350%2C200&ssl=1 1x, https:\/\/i0.wp.com\/lasprimeras.com.do\/wp-content\/uploads\/2024\/08\/Juan-Gomez.jpg?resize=525%2C300&ssl=1 1.5x, https:\/\/i0.wp.com\/lasprimeras.com.do\/wp-content\/uploads\/2024\/08\/Juan-Gomez.jpg?resize=700%2C400&ssl=1 2x"},"classes":[]},{"id":123401,"url":"https:\/\/lasprimeras.com.do\/index.php\/2026\/02\/28\/fp-en-sdn-abinader-dio-un-discurso-de-campana-no-una-rendicion-de-cuentas\/","url_meta":{"origin":123893,"position":3},"title":"FP en SDN: Abinader dio un &#8220;discurso de campa\u00f1a&#8221;, no una rendici\u00f3n de cuentas","author":"Nelson Feliz","date":"28 de febrero de 2026","format":false,"excerpt":"Por Orlando Arias El vicepresidente del partido Fuerza del Pueblo y miembro de su Direcci\u00f3n Central, Miguel Florentino, cuestion\u00f3 el discurso de rendici\u00f3n de cuentas presentado ayer por el presidente Luis Abinader ante la Asamblea Nacional, al considerar que estuvo cargado de anuncios y promesas que, seg\u00fan afirm\u00f3, no se\u2026","rel":"","context":"En \u00abPOLITICA\u00bb","block_context":{"text":"POLITICA","link":"https:\/\/lasprimeras.com.do\/index.php\/category\/politica\/"},"img":{"alt_text":"Miguel Florentino","src":"https:\/\/i0.wp.com\/lasprimeras.com.do\/wp-content\/uploads\/2026\/02\/Miguel-Florentino.jpg?resize=350%2C200&ssl=1","width":350,"height":200,"srcset":"https:\/\/i0.wp.com\/lasprimeras.com.do\/wp-content\/uploads\/2026\/02\/Miguel-Florentino.jpg?resize=350%2C200&ssl=1 1x, https:\/\/i0.wp.com\/lasprimeras.com.do\/wp-content\/uploads\/2026\/02\/Miguel-Florentino.jpg?resize=525%2C300&ssl=1 1.5x, https:\/\/i0.wp.com\/lasprimeras.com.do\/wp-content\/uploads\/2026\/02\/Miguel-Florentino.jpg?resize=700%2C400&ssl=1 2x, https:\/\/i0.wp.com\/lasprimeras.com.do\/wp-content\/uploads\/2026\/02\/Miguel-Florentino.jpg?resize=1050%2C600&ssl=1 3x"},"classes":[]},{"id":89537,"url":"https:\/\/lasprimeras.com.do\/index.php\/2024\/09\/26\/diputados-de-la-fuerza-del-pueblo-externan-preocupacion-por-largas-tandas-de-apagones\/","url_meta":{"origin":123893,"position":4},"title":"Diputados de la Fuerza del Pueblo externan preocupaci\u00f3n por largas tandas de apagones","author":"Nelson Feliz","date":"26 de septiembre de 2024","format":false,"excerpt":"\u201c En este momento si se le vendiese energ\u00eda a PR, ser\u00eda venderle apagones\u201d La bancada de diputados de la Fuerza del Pueblo extern\u00f3 su preocupaci\u00f3n por las largas tandas de apagones que vive el pa\u00eds. Argumentaron que la sociedad dominicana est\u00e1 desesperada, ya que la energ\u00eda el\u00e9ctrica es transversal\u2026","rel":"","context":"En \u00abPORTADA\u00bb","block_context":{"text":"PORTADA","link":"https:\/\/lasprimeras.com.do\/index.php\/category\/portada\/"},"img":{"alt_text":"","src":"https:\/\/i0.wp.com\/lasprimeras.com.do\/wp-content\/uploads\/2024\/09\/FP.jpg?resize=350%2C200&ssl=1","width":350,"height":200,"srcset":"https:\/\/i0.wp.com\/lasprimeras.com.do\/wp-content\/uploads\/2024\/09\/FP.jpg?resize=350%2C200&ssl=1 1x, https:\/\/i0.wp.com\/lasprimeras.com.do\/wp-content\/uploads\/2024\/09\/FP.jpg?resize=525%2C300&ssl=1 1.5x, https:\/\/i0.wp.com\/lasprimeras.com.do\/wp-content\/uploads\/2024\/09\/FP.jpg?resize=700%2C400&ssl=1 2x"},"classes":[]},{"id":123410,"url":"https:\/\/lasprimeras.com.do\/index.php\/2026\/02\/28\/melanio-paredes-no-es-cierto-el-aumento-de-la-cobertura-escolar\/","url_meta":{"origin":123893,"position":5},"title":"Melanio Paredes: No es cierto el aumento de la cobertura escolar","author":"Nelson Feliz","date":"28 de febrero de 2026","format":false,"excerpt":"Un discurso distante de la realidad que vivi\u00f3 el pueblo dominicano durante el a\u00f1o 2025, argumenta Melanio Paredes. El miembro del Comit\u00e9 Pol\u00edtico del Partido de la Liberaci\u00f3n Dominicana (PLD) Melanio Paredes, afirm\u00f3 que el discurso de rendici\u00f3n de cuentas del presidente Luis Abinader dista mucho de la realidad que\u2026","rel":"","context":"En \u00abPOLITICA\u00bb","block_context":{"text":"POLITICA","link":"https:\/\/lasprimeras.com.do\/index.php\/category\/politica\/"},"img":{"alt_text":"","src":"https:\/\/i0.wp.com\/lasprimeras.com.do\/wp-content\/uploads\/2024\/06\/Melanio-Paredes-14.jpeg?resize=350%2C200&ssl=1","width":350,"height":200,"srcset":"https:\/\/i0.wp.com\/lasprimeras.com.do\/wp-content\/uploads\/2024\/06\/Melanio-Paredes-14.jpeg?resize=350%2C200&ssl=1 1x, https:\/\/i0.wp.com\/lasprimeras.com.do\/wp-content\/uploads\/2024\/06\/Melanio-Paredes-14.jpeg?resize=525%2C300&ssl=1 1.5x"},"classes":[]}],"jetpack_sharing_enabled":true,"_links":{"self":[{"href":"https:\/\/lasprimeras.com.do\/index.php\/wp-json\/wp\/v2\/posts\/123893","targetHints":{"allow":["GET"]}}],"collection":[{"href":"https:\/\/lasprimeras.com.do\/index.php\/wp-json\/wp\/v2\/posts"}],"about":[{"href":"https:\/\/lasprimeras.com.do\/index.php\/wp-json\/wp\/v2\/types\/post"}],"author":[{"embeddable":true,"href":"https:\/\/lasprimeras.com.do\/index.php\/wp-json\/wp\/v2\/users\/10"}],"replies":[{"embeddable":true,"href":"https:\/\/lasprimeras.com.do\/index.php\/wp-json\/wp\/v2\/comments?post=123893"}],"version-history":[{"count":1,"href":"https:\/\/lasprimeras.com.do\/index.php\/wp-json\/wp\/v2\/posts\/123893\/revisions"}],"predecessor-version":[{"id":123895,"href":"https:\/\/lasprimeras.com.do\/index.php\/wp-json\/wp\/v2\/posts\/123893\/revisions\/123895"}],"wp:featuredmedia":[{"embeddable":true,"href":"https:\/\/lasprimeras.com.do\/index.php\/wp-json\/wp\/v2\/media\/123894"}],"wp:attachment":[{"href":"https:\/\/lasprimeras.com.do\/index.php\/wp-json\/wp\/v2\/media?parent=123893"}],"wp:term":[{"taxonomy":"category","embeddable":true,"href":"https:\/\/lasprimeras.com.do\/index.php\/wp-json\/wp\/v2\/categories?post=123893"},{"taxonomy":"post_tag","embeddable":true,"href":"https:\/\/lasprimeras.com.do\/index.php\/wp-json\/wp\/v2\/tags?post=123893"}],"curies":[{"name":"wp","href":"https:\/\/api.w.org\/{rel}","templated":true}]}}