{"id":123922,"date":"2026-03-06T19:18:36","date_gmt":"2026-03-06T23:18:36","guid":{"rendered":"https:\/\/lasprimeras.com.do\/?p=123922"},"modified":"2026-03-06T19:18:38","modified_gmt":"2026-03-06T23:18:38","slug":"raquel-pena-entrega-dos-centros-de-salud-en-santiago-y-la-vega-deja-iniciados-el-de-pantoja","status":"publish","type":"post","link":"https:\/\/lasprimeras.com.do\/index.php\/2026\/03\/06\/raquel-pena-entrega-dos-centros-de-salud-en-santiago-y-la-vega-deja-iniciados-el-de-pantoja\/","title":{"rendered":"Raquel Pe\u00f1a entrega dos centros de salud en Santiago y La Vega; deja iniciados el de Pantoja"},"content":{"rendered":"\n<p><strong>Las obras suman una inversi\u00f3n superior a RD$348 millones y beneficiar\u00e1n a miles de familias.<\/strong><\/p>\n\n\n\n<p>La vicepresidenta de la Rep\u00fablica, Raquel Pe\u00f1a, encabez\u00f3 este viernes la entrega de dos Centros de Primer Nivel renovados en Santiago y La Vega y dej\u00f3 iniciados los trabajos de readecuaci\u00f3n del edificio que albergar\u00e1 el nuevo Hospital Municipal de Pantoja.<\/p>\n\n\n\n<p>La vicemandataria asegur\u00f3 que estas obras forman parte de la hoja de ruta que impulsa el presidente Luis Abinader para fortalecer la infraestructura hospitalaria y ampliar el acceso a servicios de salud en todo el pa\u00eds.<\/p>\n\n\n\n<p>\u201cDesde el inicio de nuestra gesti\u00f3n, m\u00e1s de 90 hospitales han sido entregados en todo el pa\u00eds, mediante nuevas construcciones, ampliaciones de emergencias, readecuaciones de \u00e1reas y habilitaci\u00f3n de unidades especializadas que fortalecen la capacidad de respuesta del sistema sanitario\u201d, expres\u00f3 Pe\u00f1a.<\/p>\n\n\n\n<p>Por su parte, el director ejecutivo del Servicio Nacional de Salud (SNS), doctor Julio Landr\u00f3n, destac\u00f3 que la instituci\u00f3n mantiene un programa continuo de inversi\u00f3n en infraestructura y equipamiento sanitario para mejorar la calidad de la atenci\u00f3n en las comunidades, especialmente en zonas con alta densidad poblacional.<\/p>\n\n\n\n<p>Asimismo, resalt\u00f3 que estas acciones forman parte del fortalecimiento de la atenci\u00f3n primaria, considerada la puerta de entrada al sistema sanitario, con el objetivo de acercar servicios preventivos y oportunos a las comunidades.<\/p>\n\n\n<div class=\"wp-block-image\">\n<figure class=\"alignleft size-full is-resized\"><img decoding=\"async\" width=\"900\" height=\"600\" src=\"https:\/\/lasprimeras.com.do\/wp-content\/uploads\/2026\/03\/Raquel-Pena-2.jpg\" alt=\"\" class=\"wp-image-123924\" style=\"aspect-ratio:1.5000151016339969;width:401px;height:auto\" srcset=\"https:\/\/lasprimeras.com.do\/wp-content\/uploads\/2026\/03\/Raquel-Pena-2.jpg 900w, https:\/\/lasprimeras.com.do\/wp-content\/uploads\/2026\/03\/Raquel-Pena-2-300x200.jpg 300w, https:\/\/lasprimeras.com.do\/wp-content\/uploads\/2026\/03\/Raquel-Pena-2-768x512.jpg 768w\" sizes=\"(max-width: 900px) 100vw, 900px\" \/><\/figure>\n<\/div>\n\n\n<p><strong>Hospital Municipal de Pantoja<\/strong><\/p>\n\n\n\n<p>El proceso de readecuaci\u00f3n del inmueble para la habilitaci\u00f3n del Hospital Municipal de Pantoja, ubicado en el distrito municipal del mismo nombre, municipio Los Alcarrizos, tiene un tiempo estimado de ejecuci\u00f3n de 18 meses.<\/p>\n\n\n\n<p>La obra contempla una inversi\u00f3n total de RD$323,065,760.94, que incluye RD$287,518,957.68 destinados a infraestructura y RD$35,546,803.26 para equipamiento.<\/p>\n\n\n\n<p>Las nuevas instalaciones permitir\u00e1n ampliar la capacidad de servicios para beneficio de m\u00e1s de 50 mil habitantes de la zona.<\/p>\n\n\n\n<p>El hospital contar\u00e1 en su primer nivel con un \u00e1rea de emergencia equipada con triaje, \u00e1rea de curas, cuatro puestos de medicaci\u00f3n, cuatro camas de observaci\u00f3n y estaci\u00f3n de enfermer\u00eda. Tambi\u00e9n dispondr\u00e1 de servicios de im\u00e1genes m\u00e9dicas, incluyendo rayos X, sonograf\u00eda y mamograf\u00eda.<\/p>\n\n\n<div class=\"wp-block-image\">\n<figure class=\"alignright size-full is-resized\"><img decoding=\"async\" width=\"900\" height=\"600\" src=\"https:\/\/lasprimeras.com.do\/wp-content\/uploads\/2026\/03\/Raquel-Pena-3.jpg\" alt=\"\" class=\"wp-image-123925\" style=\"aspect-ratio:1.5000151016339969;width:386px;height:auto\" srcset=\"https:\/\/lasprimeras.com.do\/wp-content\/uploads\/2026\/03\/Raquel-Pena-3.jpg 900w, https:\/\/lasprimeras.com.do\/wp-content\/uploads\/2026\/03\/Raquel-Pena-3-300x200.jpg 300w, https:\/\/lasprimeras.com.do\/wp-content\/uploads\/2026\/03\/Raquel-Pena-3-768x512.jpg 768w\" sizes=\"(max-width: 900px) 100vw, 900px\" \/><\/figure>\n<\/div>\n\n\n<p><strong>Centro de Primer Nivel Hoya del Caimito<\/strong><\/p>\n\n\n\n<p>Como parte de la jornada, la vicepresidenta Raquel Pe\u00f1a y el director del SNS entregaron el remozado Centro de Primer Nivel Hoya del Caimito, ubicado en Santiago de los Caballeros.<\/p>\n\n\n\n<p>El centro fue intervenido con una inversi\u00f3n total de RD$11,713,728.66, de los cuales RD$8,462,743.01 corresponden a infraestructura y RD$3,250,985.65 a equipamiento.<\/p>\n\n\n\n<p>Las instalaciones cuentan con seis consultorios, tres polivalentes, uno de ni\u00f1os sanos, uno odontol\u00f3gico y uno destinado al programa de tuberculosis, adem\u00e1s de \u00e1reas de espera, vacunaci\u00f3n, urgencias, farmacia y residencia m\u00e9dica equipada con comedor y cocina para el personal de salud.<\/p>\n\n\n\n<p><strong>Centro de Primer Nivel Severino Mu\u00f1oz (Bonagua)<\/strong><\/p>\n\n\n\n<p>Durante la jornada tambi\u00e9n fue entregado el remozado Centro de Primer Nivel Severino Mu\u00f1oz, ubicado en Bonagua, en beneficio de m\u00e1s de 24 mil habitantes de la comunidad.<\/p>\n\n\n\n<p>El centro fue intervenido con una inversi\u00f3n total de RD$13,770,450.27, de los cuales RD$12,029,169.92 corresponden a ejecuci\u00f3n de obra y RD$1,741,280.35 a equipamiento.<\/p>\n\n\n\n<p>Las instalaciones disponen de dos consultorios polivalentes, \u00e1rea de espera, vacunaci\u00f3n, urgencias, farmacia y residencia m\u00e9dica con sala-comedor, dormitorio, ba\u00f1o, cocina y \u00e1rea de lavado.<\/p>\n\n\n\n<p>Estas acciones forman parte del compromiso del Gobierno del presidente Luis Abinader de ampliar y modernizar la infraestructura sanitaria, garantizando servicios de salud oportunos para la poblaci\u00f3n.<\/p>\n","protected":false},"excerpt":{"rendered":"<p>Las obras suman una inversi\u00f3n superior a RD$348 millones y beneficiar\u00e1n a miles de familias. La vicepresidenta de la Rep\u00fablica, Raquel Pe\u00f1a, encabez\u00f3 este viernes la entrega de dos Centros&hellip;<\/p>\n","protected":false},"author":10,"featured_media":123923,"comment_status":"open","ping_status":"open","sticky":false,"template":"","format":"standard","meta":{"content-type":"","jetpack_post_was_ever_published":false,"_jetpack_newsletter_access":"","_jetpack_dont_email_post_to_subs":false,"_jetpack_newsletter_tier_id":0,"_jetpack_memberships_contains_paywalled_content":false,"_jetpack_memberships_contains_paid_content":false,"footnotes":""},"categories":[16558],"tags":[18690,940,8820,2873,1049],"class_list":["post-123922","post","type-post","status-publish","format-standard","has-post-thumbnail","hentry","category-salud","tag-centros-de-salud","tag-la-vega","tag-pantoja","tag-raquel-pena","tag-santiago"],"jetpack_featured_media_url":"https:\/\/lasprimeras.com.do\/wp-content\/uploads\/2026\/03\/Raquel-Pena-1.jpg","jetpack-related-posts":[{"id":114542,"url":"https:\/\/lasprimeras.com.do\/index.php\/2025\/11\/15\/raquel-pena-inaugura-centro-del-programa-oportunidad-14-24-y-entrega-obras-en-santiago-y-bonao\/","url_meta":{"origin":123922,"position":0},"title":"Raquel Pe\u00f1a inaugura centro del \u00abPrograma Oportunidad 14-24\u00bb y entrega obras en Santiago y Bonao","author":"Nelson Feliz","date":"15 de noviembre de 2025","format":false,"excerpt":"La vicepresidenta de la Rep\u00fablica, Raquel Pe\u00f1a, encabez\u00f3 este s\u00e1bado una jornada de trabajo que incluy\u00f3 la apertura del nuevo centro del Programa Oportunidad 14-24 en el sector Cienfuegos, en Santiago; la entrega del t\u00f3tem urban\u00edstico e Informativo de Santiago Oeste; y la inauguraci\u00f3n del remozado hospital municipal de Piedra\u2026","rel":"","context":"En \u00abNACIONALES\u00bb","block_context":{"text":"NACIONALES","link":"https:\/\/lasprimeras.com.do\/index.php\/category\/nacionales\/"},"img":{"alt_text":"","src":"https:\/\/i0.wp.com\/lasprimeras.com.do\/wp-content\/uploads\/2025\/11\/Raquel-Pena-1.jpg?resize=350%2C200&ssl=1","width":350,"height":200,"srcset":"https:\/\/i0.wp.com\/lasprimeras.com.do\/wp-content\/uploads\/2025\/11\/Raquel-Pena-1.jpg?resize=350%2C200&ssl=1 1x, https:\/\/i0.wp.com\/lasprimeras.com.do\/wp-content\/uploads\/2025\/11\/Raquel-Pena-1.jpg?resize=525%2C300&ssl=1 1.5x, https:\/\/i0.wp.com\/lasprimeras.com.do\/wp-content\/uploads\/2025\/11\/Raquel-Pena-1.jpg?resize=700%2C400&ssl=1 2x"},"classes":[]},{"id":114560,"url":"https:\/\/lasprimeras.com.do\/index.php\/2025\/07\/04\/vicepresidenta-raquel-pena-entrega-unidad-de-pie-diabetico-en-hospital-municipal-de-imbert\/","url_meta":{"origin":123922,"position":1},"title":"Vicepresidenta Raquel Pe\u00f1a entrega Unidad de Pie Diab\u00e9tico en Hospital Municipal de Imbert","author":"Nelson Feliz","date":"4 de julio de 2025","format":false,"excerpt":"Segunda, de diez que construye el Gobierno en distintos puntos del pa\u00eds. La vicepresidenta de la Rep\u00fablica, Raquel Pe\u00f1a, junto al director del Servicio Nacional de Salud (SNS), Mario Lama, entreg\u00f3 este viernes la segunda Unidad de Pie Diab\u00e9tico, en el Hospital Municipal de Imbert, provincia Puerto Plata, como parte\u2026","rel":"","context":"En \u00abPORTADA\u00bb","block_context":{"text":"PORTADA","link":"https:\/\/lasprimeras.com.do\/index.php\/category\/portada\/"},"img":{"alt_text":"","src":"https:\/\/i0.wp.com\/lasprimeras.com.do\/wp-content\/uploads\/2025\/11\/Raquel-Pena-2.jpg?resize=350%2C200&ssl=1","width":350,"height":200,"srcset":"https:\/\/i0.wp.com\/lasprimeras.com.do\/wp-content\/uploads\/2025\/11\/Raquel-Pena-2.jpg?resize=350%2C200&ssl=1 1x, https:\/\/i0.wp.com\/lasprimeras.com.do\/wp-content\/uploads\/2025\/11\/Raquel-Pena-2.jpg?resize=525%2C300&ssl=1 1.5x, https:\/\/i0.wp.com\/lasprimeras.com.do\/wp-content\/uploads\/2025\/11\/Raquel-Pena-2.jpg?resize=700%2C400&ssl=1 2x"},"classes":[]},{"id":93663,"url":"https:\/\/lasprimeras.com.do\/index.php\/2025\/02\/16\/raquel-pena-entrega-ocho-obras-en-santiago-rodriguez-y-dajabon\/","url_meta":{"origin":123922,"position":2},"title":"Raquel Pe\u00f1a entrega ocho obras en Santiago Rodr\u00edguez y Dajab\u00f3n","author":"Nelson Feliz","date":"16 de febrero de 2025","format":false,"excerpt":"\u201cCada inauguraci\u00f3n es una victoria para el pa\u00eds, y un paso hacia el desarrollo integral\u201d. La vicepresidenta de la Rep\u00fablica, Raquel Pe\u00f1a, entreg\u00f3 este domingo ocho obras que impactar\u00e1n la calidad de vida de la poblaci\u00f3n de las provincias Santiago Rodr\u00edguez y Dajab\u00f3n. Se trata de las carretera Martin Garc\u00eda-\u2026","rel":"","context":"En \u00abECONOM\u00cdA\u00bb","block_context":{"text":"ECONOM\u00cdA","link":"https:\/\/lasprimeras.com.do\/index.php\/category\/economia\/"},"img":{"alt_text":"Raquel Pe\u00f1a","src":"https:\/\/i0.wp.com\/lasprimeras.com.do\/wp-content\/uploads\/2025\/02\/Raquel-Pena-4.jpg?resize=350%2C200&ssl=1","width":350,"height":200,"srcset":"https:\/\/i0.wp.com\/lasprimeras.com.do\/wp-content\/uploads\/2025\/02\/Raquel-Pena-4.jpg?resize=350%2C200&ssl=1 1x, https:\/\/i0.wp.com\/lasprimeras.com.do\/wp-content\/uploads\/2025\/02\/Raquel-Pena-4.jpg?resize=525%2C300&ssl=1 1.5x, https:\/\/i0.wp.com\/lasprimeras.com.do\/wp-content\/uploads\/2025\/02\/Raquel-Pena-4.jpg?resize=700%2C400&ssl=1 2x"},"classes":[]},{"id":107580,"url":"https:\/\/lasprimeras.com.do\/index.php\/2025\/08\/28\/la-vicepresidenta-raquel-pena-junto-al-senador-ricardo-de-los-santos-entregan-obras-en-sanchez-ramirez\/","url_meta":{"origin":123922,"position":3},"title":"La vicepresidenta Raquel Pe\u00f1a junto al senador Ricardo de los Santos entregan obras en S\u00e1nchez Ram\u00edrez","author":"Nelson Feliz","date":"28 de agosto de 2025","format":false,"excerpt":"Entre las obras inauguradas se destaca una nueva Unidad de Pie Diab\u00e9tico y Oncolog\u00eda en el Hospital Inmaculada Concepci\u00f3n, as\u00ed como varias carreteras en distintos municipios de la provincia. El Senador por la provincia S\u00e1nchez Ram\u00edrez, Ricardo de los Santos, y la vicepresidenta Raquel Pe\u00f1a encabezaron la entrega de varias\u2026","rel":"","context":"En \u00abNACIONALES\u00bb","block_context":{"text":"NACIONALES","link":"https:\/\/lasprimeras.com.do\/index.php\/category\/nacionales\/"},"img":{"alt_text":"","src":"https:\/\/i0.wp.com\/lasprimeras.com.do\/wp-content\/uploads\/2025\/08\/Raquel-Pena-1.jpg?resize=350%2C200&ssl=1","width":350,"height":200,"srcset":"https:\/\/i0.wp.com\/lasprimeras.com.do\/wp-content\/uploads\/2025\/08\/Raquel-Pena-1.jpg?resize=350%2C200&ssl=1 1x, https:\/\/i0.wp.com\/lasprimeras.com.do\/wp-content\/uploads\/2025\/08\/Raquel-Pena-1.jpg?resize=525%2C300&ssl=1 1.5x, https:\/\/i0.wp.com\/lasprimeras.com.do\/wp-content\/uploads\/2025\/08\/Raquel-Pena-1.jpg?resize=700%2C400&ssl=1 2x"},"classes":[]},{"id":83817,"url":"https:\/\/lasprimeras.com.do\/index.php\/2024\/05\/25\/raquel-pena-entrega-infraestructuras-clave-para-salud-y-deporte-en-santiago-y-bonao\/","url_meta":{"origin":123922,"position":4},"title":"Raquel Pe\u00f1a entrega infraestructuras clave para salud y deporte en Santiago y Bonao","author":"Nelson Feliz","date":"25 de mayo de 2024","format":false,"excerpt":"La vicepresidenta tambi\u00e9n realiz\u00f3 un recorrido por algunas de las zonas afectadas por las recientes lluvias. La vicepresidenta de la Rep\u00fablica, Raquel Pe\u00f1a, inaugur\u00f3 este s\u00e1bado cuatro obras en la regi\u00f3n del Cibao que incluyen el Centro de Primer Nivel (CPN) Los Quemados, el proyecto de rehabilitaci\u00f3n de redes e\u2026","rel":"","context":"En \u00abECONOM\u00cdA\u00bb","block_context":{"text":"ECONOM\u00cdA","link":"https:\/\/lasprimeras.com.do\/index.php\/category\/economia\/"},"img":{"alt_text":"","src":"https:\/\/i0.wp.com\/lasprimeras.com.do\/wp-content\/uploads\/2024\/05\/Raquel-Pena.jpg?resize=350%2C200&ssl=1","width":350,"height":200,"srcset":"https:\/\/i0.wp.com\/lasprimeras.com.do\/wp-content\/uploads\/2024\/05\/Raquel-Pena.jpg?resize=350%2C200&ssl=1 1x, https:\/\/i0.wp.com\/lasprimeras.com.do\/wp-content\/uploads\/2024\/05\/Raquel-Pena.jpg?resize=525%2C300&ssl=1 1.5x"},"classes":[]},{"id":58612,"url":"https:\/\/lasprimeras.com.do\/index.php\/2023\/08\/25\/gobierno-inaugurara-14-obras-y-entregara-nuevos-apartamentos-en-seis-provincias\/","url_meta":{"origin":123922,"position":5},"title":"Gobierno inaugurar\u00e1 14 obras y entregar\u00e1 nuevos apartamentos en seis provincias","author":"Nelson Feliz","date":"25 de agosto de 2023","format":false,"excerpt":"Abinader estar\u00e1 en el Cibao; la vicepresidenta en el Este y San Crist\u00f3bal; mandatario participar\u00e1 en la misa por el 7mo aniversario del fallecimiento de Hatuey D'Camps El presidente Luis Abinader y la vicepresidenta Raquel Pe\u00f1a agotar\u00e1n este fin de semana una agenda de trabajo en seis provincias donde dejar\u00e1n\u2026","rel":"","context":"En \u00abPORTADA\u00bb","block_context":{"text":"PORTADA","link":"https:\/\/lasprimeras.com.do\/index.php\/category\/portada\/"},"img":{"alt_text":"Luis Abinader","src":"https:\/\/i0.wp.com\/lasprimeras.com.do\/wp-content\/uploads\/2023\/08\/Luis-Abinader-2-3.jpg?resize=350%2C200&ssl=1","width":350,"height":200,"srcset":"https:\/\/i0.wp.com\/lasprimeras.com.do\/wp-content\/uploads\/2023\/08\/Luis-Abinader-2-3.jpg?resize=350%2C200&ssl=1 1x, https:\/\/i0.wp.com\/lasprimeras.com.do\/wp-content\/uploads\/2023\/08\/Luis-Abinader-2-3.jpg?resize=525%2C300&ssl=1 1.5x, https:\/\/i0.wp.com\/lasprimeras.com.do\/wp-content\/uploads\/2023\/08\/Luis-Abinader-2-3.jpg?resize=700%2C400&ssl=1 2x"},"classes":[]}],"jetpack_sharing_enabled":true,"_links":{"self":[{"href":"https:\/\/lasprimeras.com.do\/index.php\/wp-json\/wp\/v2\/posts\/123922","targetHints":{"allow":["GET"]}}],"collection":[{"href":"https:\/\/lasprimeras.com.do\/index.php\/wp-json\/wp\/v2\/posts"}],"about":[{"href":"https:\/\/lasprimeras.com.do\/index.php\/wp-json\/wp\/v2\/types\/post"}],"author":[{"embeddable":true,"href":"https:\/\/lasprimeras.com.do\/index.php\/wp-json\/wp\/v2\/users\/10"}],"replies":[{"embeddable":true,"href":"https:\/\/lasprimeras.com.do\/index.php\/wp-json\/wp\/v2\/comments?post=123922"}],"version-history":[{"count":1,"href":"https:\/\/lasprimeras.com.do\/index.php\/wp-json\/wp\/v2\/posts\/123922\/revisions"}],"predecessor-version":[{"id":123926,"href":"https:\/\/lasprimeras.com.do\/index.php\/wp-json\/wp\/v2\/posts\/123922\/revisions\/123926"}],"wp:featuredmedia":[{"embeddable":true,"href":"https:\/\/lasprimeras.com.do\/index.php\/wp-json\/wp\/v2\/media\/123923"}],"wp:attachment":[{"href":"https:\/\/lasprimeras.com.do\/index.php\/wp-json\/wp\/v2\/media?parent=123922"}],"wp:term":[{"taxonomy":"category","embeddable":true,"href":"https:\/\/lasprimeras.com.do\/index.php\/wp-json\/wp\/v2\/categories?post=123922"},{"taxonomy":"post_tag","embeddable":true,"href":"https:\/\/lasprimeras.com.do\/index.php\/wp-json\/wp\/v2\/tags?post=123922"}],"curies":[{"name":"wp","href":"https:\/\/api.w.org\/{rel}","templated":true}]}}