{"id":123951,"date":"2026-03-06T04:48:00","date_gmt":"2026-03-06T08:48:00","guid":{"rendered":"https:\/\/lasprimeras.com.do\/?p=123951"},"modified":"2026-03-06T20:50:43","modified_gmt":"2026-03-07T00:50:43","slug":"plan-de-vivienda-en-ee-uu-afectaria-a-miles-de-dominicanos","status":"publish","type":"post","link":"https:\/\/lasprimeras.com.do\/index.php\/2026\/03\/06\/plan-de-vivienda-en-ee-uu-afectaria-a-miles-de-dominicanos\/","title":{"rendered":"Plan de vivienda en EE. UU. afectar\u00eda a miles de dominicanos"},"content":{"rendered":"\n<p>Por Ram\u00f3n Mercedes<\/p>\n\n\n\n<p>NUEVA YORK.- El Departamento de Vivienda y Desarrollo Urbano (HUD) en los Estados Unidos ha sometido una norma a comentarios que busca que solo ciudadanos estadounidenses ocupen espacios de vivienda p\u00fablica o subsidiada.<\/p>\n\n\n\n<p>El HUD es responsable de los programas enfocados en las necesidades de vivienda de la naci\u00f3n. Con la disposici\u00f3n, decenas de miles de dominicanos, entre otras etnias, se ver\u00e1n afectados en el territorio estadouniden.<\/p>\n\n\n\n<p>Se prohibir\u00eda a inmigrantes sin estatus legal residir en estructuras de este tipo. Se les requerir\u00eda a las personas presentar prueba de ciudadan\u00eda, estatus legal o estatus elegible, independientemente de la edad.<\/p>\n\n\n\n<p>Con la medida, se garantizar\u00e1 que los beneficios de vivienda financiados por los contribuyentes solo lleguen a ciudadanos estadounidenses y personas elegibles.<\/p>\n\n\n\n<p>\u201cHay cientos de miles de familias estadounidenses en listas de espera para obtener una vivienda en todo el pa\u00eds\u201d. Es fundamental que prioricemos nuestros recursos limitados \u00fanicamente a las familias que cumplen con los requisitos\u201d, expuso la agencia federal.<\/p>\n\n\n\n<p>\u201cLa verificaci\u00f3n del estatus migratorio de la persona puede realizarse mediante la Verificaci\u00f3n Sistem\u00e1tica de Extranjeros para Derechos (SAVE), un servicio en l\u00ednea administrado por el Servicio de Ciudadan\u00eda e Inmigraci\u00f3n de EE. UU. (USCIS) dentro del DHS\u201d.<\/p>\n\n\n\n<p>El presidente Donald Trump firm\u00f3, el 19 de febrero, la orden ejecutiva 14218, titulada \u201cPoner fin a las subvenciones de los contribuyentes a las fronteras abiertas\u201d, para instruir a los jefes de agencias a mejorar los sistemas de verificaci\u00f3n de elegibilidad, garantizando que los beneficios financiados por los contribuyentes excluyan a cualquier extranjero no elegible.<\/p>\n\n\n\n<p>El HUD lanz\u00f3 la l\u00ednea directa para denunciar delitos (1-800-347-3735) para que las personas alerten sobre migrantes indocumentados y actividades delictivas en viviendas financiadas por la agencia federal.<\/p>\n\n\n\n<p>La Administraci\u00f3n Trump orden\u00f3 la verificaci\u00f3n de ciudadan\u00eda a unos 200,000 inquilinos de viviendas financiadas por HUD.<\/p>\n\n\n\n<p>La iniciativa \u201cLimpieza general\u201d (\u201cCleaning House\u201d) se realizar\u00e1 tras una auditor\u00eda encabezada por la agencia y el DHS. Los hallazgos arrojaron que casi 200,000 inquilinos requer\u00edan verificaci\u00f3n de elegibilidad, que otros 25,000 hab\u00edan fallecido y que casi 6,000 no eran elegibles por no ser ciudadanos estadounidenses.<\/p>\n","protected":false},"excerpt":{"rendered":"<p>Por Ram\u00f3n Mercedes NUEVA YORK.- El Departamento de Vivienda y Desarrollo Urbano (HUD) en los Estados Unidos ha sometido una norma a comentarios que busca que solo ciudadanos estadounidenses ocupen&hellip;<\/p>\n","protected":false},"author":10,"featured_media":123952,"comment_status":"open","ping_status":"open","sticky":false,"template":"","format":"standard","meta":{"content-type":"","jetpack_post_was_ever_published":false,"_jetpack_newsletter_access":"","_jetpack_dont_email_post_to_subs":false,"_jetpack_newsletter_tier_id":0,"_jetpack_memberships_contains_paywalled_content":false,"_jetpack_memberships_contains_paid_content":false,"footnotes":""},"categories":[16289],"tags":[4370,3006,30931,487,2831,30932,30930],"class_list":["post-123951","post","type-post","status-publish","format-standard","has-post-thumbnail","hentry","category-internacionales","tag-afectados","tag-ciudadanos","tag-departamento-de-vivienda","tag-dominicanos","tag-ee-uu-2","tag-subsidiada","tag-vivienda-publica"],"jetpack_featured_media_url":"https:\/\/lasprimeras.com.do\/wp-content\/uploads\/2026\/03\/Departamento-de-Vivienda-en-EE.-UU.-busca-solo-ciudadanos-ocupen-vivienda-publica-o-subsidiada_-dominicanos-serian-afectados.jpg","jetpack-related-posts":[{"id":123532,"url":"https:\/\/lasprimeras.com.do\/index.php\/2026\/03\/02\/180-mil-estadounidenses-se-mudaron-ee-uu-en-2025-y-registraron-2875-millones-de-deportaciones-figuran-dominicanos\/","url_meta":{"origin":123951,"position":0},"title":"180 mil estadounidenses se mudaron EE. UU. en 2025 y registraron 2,875 millones de deportaciones; figuran dominicanos","author":"Nelson Feliz","date":"2 de marzo de 2026","format":false,"excerpt":"Por Ram\u00f3n Mercedes NUEVA YORK.- La Instituci\u00f3n Brookings, que realiza investigaci\u00f3n y docencia en ciencias sociales, principalmente en econom\u00eda, gobernanza, pol\u00edtica exterior y metropolitana, con sede en Washington, D. C., estableci\u00f3 que 150 mil estadounidenses se mudaron de EE. UU. durante 2025, m\u00e1s de los que ingresaron legal o irregularmente\u2026","rel":"","context":"En \u00abINTERNACIONALES\u00bb","block_context":{"text":"INTERNACIONALES","link":"https:\/\/lasprimeras.com.do\/index.php\/category\/sin-categoria\/internacionales\/"},"img":{"alt_text":"","src":"https:\/\/i0.wp.com\/lasprimeras.com.do\/wp-content\/uploads\/2026\/03\/IMG-20260302-WA0047.jpg?resize=350%2C200&ssl=1","width":350,"height":200,"srcset":"https:\/\/i0.wp.com\/lasprimeras.com.do\/wp-content\/uploads\/2026\/03\/IMG-20260302-WA0047.jpg?resize=350%2C200&ssl=1 1x, https:\/\/i0.wp.com\/lasprimeras.com.do\/wp-content\/uploads\/2026\/03\/IMG-20260302-WA0047.jpg?resize=525%2C300&ssl=1 1.5x"},"classes":[]},{"id":124416,"url":"https:\/\/lasprimeras.com.do\/index.php\/2026\/03\/12\/vivir-en-nyc-es-cada-vez-mas-caro-residen-cerca-de-un-millon-de-dominicanos\/","url_meta":{"origin":123951,"position":1},"title":"Vivir en NYC es cada vez m\u00e1s caro; residen cerca de un mill\u00f3n de dominicanos","author":"Nelson Feliz","date":"12 de marzo de 2026","format":false,"excerpt":"Por Ram\u00f3n Mercedes NUEVA YORK.- Vivir en esta ciudad, de 8,5 millones de habitantes, entre ellos cerca de 900 mil de origen dominicano, es cada vez m\u00e1s caro. Los datos m\u00e1s recientes muestran que el ingreso necesario para cubrir los gastos en NYC es considerablemente m\u00e1s alto que en la\u2026","rel":"","context":"En \u00abINTERNACIONALES\u00bb","block_context":{"text":"INTERNACIONALES","link":"https:\/\/lasprimeras.com.do\/index.php\/category\/sin-categoria\/internacionales\/"},"img":{"alt_text":"","src":"https:\/\/i0.wp.com\/lasprimeras.com.do\/wp-content\/uploads\/2026\/03\/IMG-20260312-WA0013.jpg?resize=350%2C200&ssl=1","width":350,"height":200},"classes":[]},{"id":101908,"url":"https:\/\/lasprimeras.com.do\/index.php\/2025\/06\/29\/fp-pide-al-gobierno-dominicano-tomar-medidas-con-la-deportacion-500-mil-haitianos-desde-ee-uu\/","url_meta":{"origin":123951,"position":2},"title":"FP pide al Gobierno dominicano tomar medidas con la deportaci\u00f3n 500 mil haitianos desde EE. UU","author":"Nelson Feliz","date":"29 de junio de 2025","format":false,"excerpt":"El secretario de la Juventud de Fuerza del Pueblo (FP), Jos\u00e9 Ernesto Abud, exhort\u00f3 al Gobierno dominicano a redoblar las medidas migratorias en la frontera, ya que el \u00e9xodo de haitianos de forma ilegal podr\u00eda aumentar en el pa\u00eds, tras el anuncio de la Administraci\u00f3n del presidente de Estados Unidos,\u2026","rel":"","context":"En \u00abPOLITICA\u00bb","block_context":{"text":"POLITICA","link":"https:\/\/lasprimeras.com.do\/index.php\/category\/politica\/"},"img":{"alt_text":"Jos\u00e9 Ernesto Abud","src":"https:\/\/i0.wp.com\/lasprimeras.com.do\/wp-content\/uploads\/2025\/06\/Jose-Ernesto-Abud.jpg?resize=350%2C200&ssl=1","width":350,"height":200,"srcset":"https:\/\/i0.wp.com\/lasprimeras.com.do\/wp-content\/uploads\/2025\/06\/Jose-Ernesto-Abud.jpg?resize=350%2C200&ssl=1 1x, https:\/\/i0.wp.com\/lasprimeras.com.do\/wp-content\/uploads\/2025\/06\/Jose-Ernesto-Abud.jpg?resize=525%2C300&ssl=1 1.5x, https:\/\/i0.wp.com\/lasprimeras.com.do\/wp-content\/uploads\/2025\/06\/Jose-Ernesto-Abud.jpg?resize=700%2C400&ssl=1 2x"},"classes":[]},{"id":126093,"url":"https:\/\/lasprimeras.com.do\/index.php\/2026\/03\/30\/dominicanos-en-nyc-participan-masivamente-en-protesta-dia-sin-reyes-en-ee-uu\/","url_meta":{"origin":123951,"position":3},"title":"Dominicanos en NYC participan masivamente en protesta \u201cD\u00eda Sin Reyes en EE. UU.\u201d","author":"Nelson Feliz","date":"30 de marzo de 2026","format":false,"excerpt":"Por Ram\u00f3n Mercedes NUEVA YORK.- Dominicanos en esta ciudad participaron masivamente el pasado s\u00e1bado en la gran protesta realizada en la calle 59 con Broadway, en Manhattan, \u201cD\u00eda Sin Reyes en Estados Unidos\u201d, con la asistencia de decenas de miles de neoyorquinos. All\u00ed se reiter\u00f3 la condena a la llamada\u2026","rel":"","context":"En \u00abSin categor\u00eda\u00bb","block_context":{"text":"Sin categor\u00eda","link":"https:\/\/lasprimeras.com.do\/index.php\/category\/sin-categoria\/"},"img":{"alt_text":"","src":"https:\/\/i0.wp.com\/lasprimeras.com.do\/wp-content\/uploads\/2026\/03\/Dominicanos-NYC-participan-masivamente-en-protesta-Dia-Sin-Reyes-en-EE.-UU.jpg?resize=350%2C200&ssl=1","width":350,"height":200,"srcset":"https:\/\/i0.wp.com\/lasprimeras.com.do\/wp-content\/uploads\/2026\/03\/Dominicanos-NYC-participan-masivamente-en-protesta-Dia-Sin-Reyes-en-EE.-UU.jpg?resize=350%2C200&ssl=1 1x, https:\/\/i0.wp.com\/lasprimeras.com.do\/wp-content\/uploads\/2026\/03\/Dominicanos-NYC-participan-masivamente-en-protesta-Dia-Sin-Reyes-en-EE.-UU.jpg?resize=525%2C300&ssl=1 1.5x"},"classes":[]},{"id":125891,"url":"https:\/\/lasprimeras.com.do\/index.php\/2026\/03\/27\/exhortan-a-dominicanos-ciudadanos-de-ee-uu-inscribirse-en-programa-step-al-viajar-o-residir-en-cualquier-otro-pais\/","url_meta":{"origin":123951,"position":4},"title":"Exhortan a dominicanos ciudadanos de EE. UU. inscribirse en programa STEP al viajar o residir en cualquier otro pa\u00eds","author":"Nelson Feliz","date":"27 de marzo de 2026","format":false,"excerpt":"Por Ram\u00f3n Mercedes NUEVA YORK.- Ante la convulsi\u00f3n que vive el mundo, la Fundaci\u00f3n Hermanos Rojas (SOLN) y la organizaci\u00f3n Prensa & Comunidad Hispana (PreCoHis) exhortan a los dominicanos naturalizados estadounidenses a que, al viajar o residir en cualquier otro pa\u00eds, se registren en el Programa de Registro de Viajeros\u2026","rel":"","context":"En \u00abINTERNACIONALES\u00bb","block_context":{"text":"INTERNACIONALES","link":"https:\/\/lasprimeras.com.do\/index.php\/category\/sin-categoria\/internacionales\/"},"img":{"alt_text":"","src":"https:\/\/i0.wp.com\/lasprimeras.com.do\/wp-content\/uploads\/2026\/03\/IMG-20260327-WA0019.jpg?resize=350%2C200&ssl=1","width":350,"height":200,"srcset":"https:\/\/i0.wp.com\/lasprimeras.com.do\/wp-content\/uploads\/2026\/03\/IMG-20260327-WA0019.jpg?resize=350%2C200&ssl=1 1x, https:\/\/i0.wp.com\/lasprimeras.com.do\/wp-content\/uploads\/2026\/03\/IMG-20260327-WA0019.jpg?resize=525%2C300&ssl=1 1.5x"},"classes":[]},{"id":127798,"url":"https:\/\/lasprimeras.com.do\/index.php\/2026\/04\/16\/miles-de-dominicanos-se-verian-afectados-si-el-correo-ee-uu-se-queda-sin-fondos-en-2027\/","url_meta":{"origin":123951,"position":5},"title":"Miles de dominicanos se ver\u00edan afectados si el Correo EE. UU. se queda sin fondos en 2027","author":"Nelson Feliz","date":"16 de abril de 2026","format":false,"excerpt":"Por Ram\u00f3n Mercedes NUEVA YORK.- El Servicio Postal de los Estados Unidos (USPS), tambi\u00e9n conocido como la Oficina de Correos, con sede en Washington, D.C., es una agencia federal de los EE. UU. y advierte que podr\u00eda quedarse sin fondos para 2027, publica la prensa anglosajona. El USPS, fundado en\u2026","rel":"","context":"En \u00abINTERNACIONALES\u00bb","block_context":{"text":"INTERNACIONALES","link":"https:\/\/lasprimeras.com.do\/index.php\/category\/sin-categoria\/internacionales\/"},"img":{"alt_text":"","src":"https:\/\/i0.wp.com\/lasprimeras.com.do\/wp-content\/uploads\/2026\/04\/Miles-de-dominicanos-se-verian-afectados-si-el-Correo-EE.-UU.-se-queda-sin-fondos-en-2027.jpg?resize=350%2C200&ssl=1","width":350,"height":200,"srcset":"https:\/\/i0.wp.com\/lasprimeras.com.do\/wp-content\/uploads\/2026\/04\/Miles-de-dominicanos-se-verian-afectados-si-el-Correo-EE.-UU.-se-queda-sin-fondos-en-2027.jpg?resize=350%2C200&ssl=1 1x, https:\/\/i0.wp.com\/lasprimeras.com.do\/wp-content\/uploads\/2026\/04\/Miles-de-dominicanos-se-verian-afectados-si-el-Correo-EE.-UU.-se-queda-sin-fondos-en-2027.jpg?resize=525%2C300&ssl=1 1.5x, https:\/\/i0.wp.com\/lasprimeras.com.do\/wp-content\/uploads\/2026\/04\/Miles-de-dominicanos-se-verian-afectados-si-el-Correo-EE.-UU.-se-queda-sin-fondos-en-2027.jpg?resize=700%2C400&ssl=1 2x"},"classes":[]}],"jetpack_sharing_enabled":true,"_links":{"self":[{"href":"https:\/\/lasprimeras.com.do\/index.php\/wp-json\/wp\/v2\/posts\/123951","targetHints":{"allow":["GET"]}}],"collection":[{"href":"https:\/\/lasprimeras.com.do\/index.php\/wp-json\/wp\/v2\/posts"}],"about":[{"href":"https:\/\/lasprimeras.com.do\/index.php\/wp-json\/wp\/v2\/types\/post"}],"author":[{"embeddable":true,"href":"https:\/\/lasprimeras.com.do\/index.php\/wp-json\/wp\/v2\/users\/10"}],"replies":[{"embeddable":true,"href":"https:\/\/lasprimeras.com.do\/index.php\/wp-json\/wp\/v2\/comments?post=123951"}],"version-history":[{"count":1,"href":"https:\/\/lasprimeras.com.do\/index.php\/wp-json\/wp\/v2\/posts\/123951\/revisions"}],"predecessor-version":[{"id":123953,"href":"https:\/\/lasprimeras.com.do\/index.php\/wp-json\/wp\/v2\/posts\/123951\/revisions\/123953"}],"wp:featuredmedia":[{"embeddable":true,"href":"https:\/\/lasprimeras.com.do\/index.php\/wp-json\/wp\/v2\/media\/123952"}],"wp:attachment":[{"href":"https:\/\/lasprimeras.com.do\/index.php\/wp-json\/wp\/v2\/media?parent=123951"}],"wp:term":[{"taxonomy":"category","embeddable":true,"href":"https:\/\/lasprimeras.com.do\/index.php\/wp-json\/wp\/v2\/categories?post=123951"},{"taxonomy":"post_tag","embeddable":true,"href":"https:\/\/lasprimeras.com.do\/index.php\/wp-json\/wp\/v2\/tags?post=123951"}],"curies":[{"name":"wp","href":"https:\/\/api.w.org\/{rel}","templated":true}]}}