{"id":123954,"date":"2026-03-06T05:53:00","date_gmt":"2026-03-06T09:53:00","guid":{"rendered":"https:\/\/lasprimeras.com.do\/?p=123954"},"modified":"2026-03-06T20:55:33","modified_gmt":"2026-03-07T00:55:33","slug":"ataque-en-penn-station-peligro-para-miles-de-dominicanos-que-usan-la-terminal","status":"publish","type":"post","link":"https:\/\/lasprimeras.com.do\/index.php\/2026\/03\/06\/ataque-en-penn-station-peligro-para-miles-de-dominicanos-que-usan-la-terminal\/","title":{"rendered":"Ataque en Penn Station: Peligro para miles de dominicanos que usan la terminal"},"content":{"rendered":"\n<p>Por Ram\u00f3n Mercedes<\/p>\n\n\n\n<p>NUEVA YORK.- El delincuente profesional en esta ciudad, Damon Johnson, de 47 a\u00f1os, con 88 arrestos, le prendi\u00f3 fuego a un hombre sin hogar, de 37, que estaba dormido alrededor de las 8:00 p.m. de este lunes, cerca de la entrada del tren Amtrak, en Penn Station, en la calle 33 con la 8.\u00aa avenida, en Midtown-Manhattan.<\/p>\n\n\n\n<p>Por esa estaci\u00f3n, m\u00e1s de 600,000 pasajeros de metro, tren de cercan\u00edas y Amtrak la utilizan en un d\u00eda laborable promedio, entre ellos miles de dominicanos. Es la estaci\u00f3n de transporte de pasajeros con mayor tr\u00e1fico de Estados Unidos y de Norteam\u00e9rica.<\/p>\n\n\n\n<p>El victimario fue arrestado al d\u00eda siguiente, tras quedar captada su acci\u00f3n criminal en una c\u00e1mara de seguridad. Se ve a Johnson inclin\u00e1ndose sobre el hombre un momento y luego permaneciendo all\u00ed un minuto antes de alejarse.<\/p>\n\n\n\n<p>Segundos despu\u00e9s, se vio a la v\u00edctima levant\u00e1ndose con la chaqueta en llamas y corriendo hacia la estaci\u00f3n Penn; transe\u00fantes apagaron las llamas, y la v\u00edctima fue trasladada r\u00e1pidamente a un hospital local con m\u00faltiples quemaduras, dijeron las autoridades.<\/p>\n\n\n\n<p>El agresor fue procesado ante el Tribunal Penal de Manhattan este mi\u00e9rcoles por la noche y se declar\u00f3 inocente, informaron las autoridades. Se encuentra detenido sin derecho a fianza.<\/p>\n\n\n\n<p>Se recuerda que, en diciembre de 2024, un guatemalteco prendi\u00f3 fuego con un mechero a una mujer en un vag\u00f3n de metro de la estaci\u00f3n de Coney Island mientras dorm\u00eda. Fue trasladada al hospital.<\/p>\n","protected":false},"excerpt":{"rendered":"<p>Por Ram\u00f3n Mercedes NUEVA YORK.- El delincuente profesional en esta ciudad, Damon Johnson, de 47 a\u00f1os, con 88 arrestos, le prendi\u00f3 fuego a un hombre sin hogar, de 37, que&hellip;<\/p>\n","protected":false},"author":10,"featured_media":123955,"comment_status":"open","ping_status":"open","sticky":false,"template":"","format":"standard","meta":{"content-type":"","jetpack_post_was_ever_published":false,"_jetpack_newsletter_access":"","_jetpack_dont_email_post_to_subs":false,"_jetpack_newsletter_tier_id":0,"_jetpack_memberships_contains_paywalled_content":false,"_jetpack_memberships_contains_paid_content":false,"footnotes":""},"categories":[16289],"tags":[30933,487,4709,30934],"class_list":["post-123954","post","type-post","status-publish","format-standard","has-post-thumbnail","hentry","category-internacionales","tag-ataque-en-penn-station","tag-dominicanos","tag-peligro","tag-usan-terminal"],"jetpack_featured_media_url":"https:\/\/lasprimeras.com.do\/wp-content\/uploads\/2026\/03\/Delincuente-con-88-arrestos-prende-fuego-a-hombre-sin-hogar-en-concurrida-Penn-Station-Manhattan_-miles-de-dominicanos-la-usan.jpg","jetpack-related-posts":[{"id":112367,"url":"https:\/\/lasprimeras.com.do\/index.php\/2025\/10\/21\/la-policia-de-ny-busca-una-mujer-que-abandono-bebe-en-la-parada-de-metro-de-penn-station\/","url_meta":{"origin":123954,"position":0},"title":"La polic\u00eda de NY busca una mujer que abandono beb\u00e9 en la parada de metro de Penn Station","author":"Nelson Feliz","date":"21 de octubre de 2025","format":false,"excerpt":"NUEVA YORK (AP) \u2014 La polic\u00eda de la ciudad de Nueva York difundi\u00f3 el martes im\u00e1genes de una mujer buscada para ser interrogada luego de que una beb\u00e9 con su cord\u00f3n umbilical a\u00fan adherido fue abandonada en una concurrida estaci\u00f3n de metro del centro de Manhattan. El beb\u00e9 fue abandonado\u2026","rel":"","context":"En \u00abINTERNACIONALES\u00bb","block_context":{"text":"INTERNACIONALES","link":"https:\/\/lasprimeras.com.do\/index.php\/category\/sin-categoria\/internacionales\/"},"img":{"alt_text":"","src":"https:\/\/i0.wp.com\/lasprimeras.com.do\/wp-content\/uploads\/2025\/10\/mujer.jpg?resize=350%2C200&ssl=1","width":350,"height":200,"srcset":"https:\/\/i0.wp.com\/lasprimeras.com.do\/wp-content\/uploads\/2025\/10\/mujer.jpg?resize=350%2C200&ssl=1 1x, https:\/\/i0.wp.com\/lasprimeras.com.do\/wp-content\/uploads\/2025\/10\/mujer.jpg?resize=525%2C300&ssl=1 1.5x, https:\/\/i0.wp.com\/lasprimeras.com.do\/wp-content\/uploads\/2025\/10\/mujer.jpg?resize=700%2C400&ssl=1 2x"},"classes":[]},{"id":102340,"url":"https:\/\/lasprimeras.com.do\/index.php\/2025\/07\/03\/njt-aumento-pasaje-este-martes-miles-dominicanos-utilizan-dicho-transporte\/","url_meta":{"origin":123954,"position":1},"title":"NJT aument\u00f3 pasaje este martes; miles dominicanos utilizan dicho transporte","author":"Nelson Feliz","date":"3 de julio de 2025","format":false,"excerpt":"Por Ram\u00f3n Mercedes NUEVA JERSEY.- La compa\u00f1\u00eda estatal de transporte p\u00fablico New Jersey Transit, que maneja varios trenes, autobuses y tranv\u00edas en toda su territorio y \u00fanica empresa p\u00fablica de transporte en Estados Unidos que cubre un estado entero, aument\u00f3 su pasaje en un 3% el pasado martes. Miles de\u2026","rel":"","context":"En \u00abINTERNACIONALES\u00bb","block_context":{"text":"INTERNACIONALES","link":"https:\/\/lasprimeras.com.do\/index.php\/category\/sin-categoria\/internacionales\/"},"img":{"alt_text":"","src":"https:\/\/i0.wp.com\/lasprimeras.com.do\/wp-content\/uploads\/2025\/07\/WhatsApp-Image-2025-07-03-at-5.15.20-AM-1.jpeg?resize=350%2C200&ssl=1","width":350,"height":200,"srcset":"https:\/\/i0.wp.com\/lasprimeras.com.do\/wp-content\/uploads\/2025\/07\/WhatsApp-Image-2025-07-03-at-5.15.20-AM-1.jpeg?resize=350%2C200&ssl=1 1x, https:\/\/i0.wp.com\/lasprimeras.com.do\/wp-content\/uploads\/2025\/07\/WhatsApp-Image-2025-07-03-at-5.15.20-AM-1.jpeg?resize=525%2C300&ssl=1 1.5x"},"classes":[]},{"id":98418,"url":"https:\/\/lasprimeras.com.do\/index.php\/2025\/05\/07\/japon-arresta-a-hombre-que-hirio-con-cuchillo-a-dos-personas-en-estacion-de-metro\/","url_meta":{"origin":123954,"position":2},"title":"Jap\u00f3n arresta a hombre que hiri\u00f3 con cuchillo a dos personas en estaci\u00f3n de metro","author":"Nelson Feliz","date":"7 de mayo de 2025","format":false,"excerpt":"TOKIO (AP) \u2014 La polic\u00eda japonesa arrest\u00f3 a un hombre que atac\u00f3 con un cuchillo a dos pasajeros en un tren que se deten\u00eda en una estaci\u00f3n del metro de Tokio durante la hora pico de la tarde del mi\u00e9rcoles, informaron autoridades. El sospechoso de 43 a\u00f1os fue arrestado en\u2026","rel":"","context":"En \u00abINTERNACIONALES\u00bb","block_context":{"text":"INTERNACIONALES","link":"https:\/\/lasprimeras.com.do\/index.php\/category\/sin-categoria\/internacionales\/"},"img":{"alt_text":"","src":"https:\/\/i0.wp.com\/lasprimeras.com.do\/wp-content\/uploads\/2025\/05\/japon.jpg?resize=350%2C200&ssl=1","width":350,"height":200,"srcset":"https:\/\/i0.wp.com\/lasprimeras.com.do\/wp-content\/uploads\/2025\/05\/japon.jpg?resize=350%2C200&ssl=1 1x, https:\/\/i0.wp.com\/lasprimeras.com.do\/wp-content\/uploads\/2025\/05\/japon.jpg?resize=525%2C300&ssl=1 1.5x, https:\/\/i0.wp.com\/lasprimeras.com.do\/wp-content\/uploads\/2025\/05\/japon.jpg?resize=700%2C400&ssl=1 2x"},"classes":[]},{"id":126061,"url":"https:\/\/lasprimeras.com.do\/index.php\/2026\/03\/29\/tren-nocturno-desde-georgia-una-mirada-a-eeuu-desde-las-vias-en-medio-de-cierre-de-aeropuertos\/","url_meta":{"origin":123954,"position":3},"title":"Tren nocturno desde Georgia: una mirada a EEUU desde las v\u00edas en medio de cierre de aeropuertos","author":"Nelson Feliz","date":"29 de marzo de 2026","format":false,"excerpt":"A BORDO DEL CRESCENT (AP) \u2014 Hay algo mel\u00f3dico en ver salir el sol sobre una quietud rural interrumpida s\u00f3lo por los ritmos de las ruedas de acero sobre los rieles. O eso nos decimos. En este caso, estar a bordo de un tren se debi\u00f3 m\u00e1s a la pol\u00edtica\u2026","rel":"","context":"En \u00abINTERNACIONALES\u00bb","block_context":{"text":"INTERNACIONALES","link":"https:\/\/lasprimeras.com.do\/index.php\/category\/sin-categoria\/internacionales\/"},"img":{"alt_text":"Tren nocturno desde Georgia","src":"https:\/\/i0.wp.com\/lasprimeras.com.do\/wp-content\/uploads\/2026\/03\/Tren-nocturno-desde-Georgia.jpg?resize=350%2C200&ssl=1","width":350,"height":200,"srcset":"https:\/\/i0.wp.com\/lasprimeras.com.do\/wp-content\/uploads\/2026\/03\/Tren-nocturno-desde-Georgia.jpg?resize=350%2C200&ssl=1 1x, https:\/\/i0.wp.com\/lasprimeras.com.do\/wp-content\/uploads\/2026\/03\/Tren-nocturno-desde-Georgia.jpg?resize=525%2C300&ssl=1 1.5x, https:\/\/i0.wp.com\/lasprimeras.com.do\/wp-content\/uploads\/2026\/03\/Tren-nocturno-desde-Georgia.jpg?resize=700%2C400&ssl=1 2x"},"classes":[]},{"id":97943,"url":"https:\/\/lasprimeras.com.do\/index.php\/2025\/04\/29\/acusan-hispano-violar-cadaver-humano-en-tren-nyc-presuntamente-es-dominicano\/","url_meta":{"origin":123954,"position":4},"title":"Acusan hispano violar cad\u00e1ver humano en tren NYC; presuntamente es dominicano","author":"Nelson Feliz","date":"29 de abril de 2025","format":false,"excerpt":"Por Ram\u00f3n Mercedes NUEVA YORK.- El hispano F\u00e9lix Rojas, de 44 a\u00f1os, residente en Brooklyn y presuntamente dominicano, apresado el pasado domingo, fue acusado de violar un cad\u00e1ver humano en un vag\u00f3n del tren R en la estaci\u00f3n de la calle Whitehall-Manhattan. La instituci\u00f3n del orden ven\u00eda d\u00e1ndole seguimiento, desde\u2026","rel":"","context":"En \u00abINTERNACIONALES\u00bb","block_context":{"text":"INTERNACIONALES","link":"https:\/\/lasprimeras.com.do\/index.php\/category\/sin-categoria\/internacionales\/"},"img":{"alt_text":"Apresan y acusan hispano violar cad\u00e1ver humano en tren NYC","src":"https:\/\/i0.wp.com\/lasprimeras.com.do\/wp-content\/uploads\/2025\/04\/WhatsApp-Image-2025-04-29-at-5.43.41-AM.jpeg?resize=350%2C200&ssl=1","width":350,"height":200,"srcset":"https:\/\/i0.wp.com\/lasprimeras.com.do\/wp-content\/uploads\/2025\/04\/WhatsApp-Image-2025-04-29-at-5.43.41-AM.jpeg?resize=350%2C200&ssl=1 1x, https:\/\/i0.wp.com\/lasprimeras.com.do\/wp-content\/uploads\/2025\/04\/WhatsApp-Image-2025-04-29-at-5.43.41-AM.jpeg?resize=525%2C300&ssl=1 1.5x"},"classes":[]},{"id":95877,"url":"https:\/\/lasprimeras.com.do\/index.php\/2025\/03\/21\/prontuario-de-delitos-y-crimenes-en-metro-ny-preocupa-a-mujeres-dominicanas-alto-manhattan\/","url_meta":{"origin":123954,"position":5},"title":"Prontuario de delitos y cr\u00edmenes en Metro NY preocupa a mujeres dominicanas Alto Manhattan","author":"Nelson Feliz","date":"21 de marzo de 2025","format":false,"excerpt":"Por Ram\u00f3n Mercedes NUEVA YORK.- Mujeres dominicanas en el Alto Manhattan que a diario abordan a diferentes horas el Metro en esta ciudad para dirigirse a sus trabajos y hacer diligencias, se muestran preocupadas por el prontuario de delitos y cr\u00edmenes que vienen ocurriendo en las diferentes l\u00edneas de trenes.\u2026","rel":"","context":"En \u00abINTERNACIONALES\u00bb","block_context":{"text":"INTERNACIONALES","link":"https:\/\/lasprimeras.com.do\/index.php\/category\/sin-categoria\/internacionales\/"},"img":{"alt_text":"Prontuario de delitos y cr\u00edmenes en Metro NY preocupa a mujeres dominicanas Alto Manhattan","src":"https:\/\/i0.wp.com\/lasprimeras.com.do\/wp-content\/uploads\/2025\/03\/WhatsApp-Image-2025-03-20-at-5.21.09-AM.jpeg?resize=350%2C200&ssl=1","width":350,"height":200,"srcset":"https:\/\/i0.wp.com\/lasprimeras.com.do\/wp-content\/uploads\/2025\/03\/WhatsApp-Image-2025-03-20-at-5.21.09-AM.jpeg?resize=350%2C200&ssl=1 1x, https:\/\/i0.wp.com\/lasprimeras.com.do\/wp-content\/uploads\/2025\/03\/WhatsApp-Image-2025-03-20-at-5.21.09-AM.jpeg?resize=525%2C300&ssl=1 1.5x, https:\/\/i0.wp.com\/lasprimeras.com.do\/wp-content\/uploads\/2025\/03\/WhatsApp-Image-2025-03-20-at-5.21.09-AM.jpeg?resize=700%2C400&ssl=1 2x"},"classes":[]}],"jetpack_sharing_enabled":true,"_links":{"self":[{"href":"https:\/\/lasprimeras.com.do\/index.php\/wp-json\/wp\/v2\/posts\/123954","targetHints":{"allow":["GET"]}}],"collection":[{"href":"https:\/\/lasprimeras.com.do\/index.php\/wp-json\/wp\/v2\/posts"}],"about":[{"href":"https:\/\/lasprimeras.com.do\/index.php\/wp-json\/wp\/v2\/types\/post"}],"author":[{"embeddable":true,"href":"https:\/\/lasprimeras.com.do\/index.php\/wp-json\/wp\/v2\/users\/10"}],"replies":[{"embeddable":true,"href":"https:\/\/lasprimeras.com.do\/index.php\/wp-json\/wp\/v2\/comments?post=123954"}],"version-history":[{"count":1,"href":"https:\/\/lasprimeras.com.do\/index.php\/wp-json\/wp\/v2\/posts\/123954\/revisions"}],"predecessor-version":[{"id":123956,"href":"https:\/\/lasprimeras.com.do\/index.php\/wp-json\/wp\/v2\/posts\/123954\/revisions\/123956"}],"wp:featuredmedia":[{"embeddable":true,"href":"https:\/\/lasprimeras.com.do\/index.php\/wp-json\/wp\/v2\/media\/123955"}],"wp:attachment":[{"href":"https:\/\/lasprimeras.com.do\/index.php\/wp-json\/wp\/v2\/media?parent=123954"}],"wp:term":[{"taxonomy":"category","embeddable":true,"href":"https:\/\/lasprimeras.com.do\/index.php\/wp-json\/wp\/v2\/categories?post=123954"},{"taxonomy":"post_tag","embeddable":true,"href":"https:\/\/lasprimeras.com.do\/index.php\/wp-json\/wp\/v2\/tags?post=123954"}],"curies":[{"name":"wp","href":"https:\/\/api.w.org\/{rel}","templated":true}]}}