{"id":123978,"date":"2026-03-07T19:43:25","date_gmt":"2026-03-07T23:43:25","guid":{"rendered":"https:\/\/lasprimeras.com.do\/?p=123978"},"modified":"2026-03-07T19:43:27","modified_gmt":"2026-03-07T23:43:27","slug":"vehiculos-asiaticos-dominan-estas-son-las-marcas-de-automoviles-que-mas-circulan-en-rd","status":"publish","type":"post","link":"https:\/\/lasprimeras.com.do\/index.php\/2026\/03\/07\/vehiculos-asiaticos-dominan-estas-son-las-marcas-de-automoviles-que-mas-circulan-en-rd\/","title":{"rendered":"Veh\u00edculos asi\u00e1ticos dominan: Estas son las marcas de autom\u00f3viles que m\u00e1s circulan en RD"},"content":{"rendered":"\n<p><strong>Tres marcas automotrices representan el 69.6 % del mercado vehicular total<\/strong><\/p>\n\n\n\n<p>El dominicano sigue optando por adquirir veh\u00edculos de marcas asi\u00e1ticas en el pa\u00eds. Toyota, Honda y los Hyundai, son los tres autom\u00f3viles que m\u00e1s circulan en las calles dominicanas.<\/p>\n\n\n\n<p>Estas tres marcas, dos japonesas y una coreana, forman el top tres de los l\u00edderes en el mercado.<\/p>\n\n\n\n<p>De acuerdo con el Observatorio Permanente de Seguridad Vial (Opsevi), en primer lugar est\u00e1 Toyota con el 35.04 % del mercado. Le sigue, Honda con el 20.10 % y tercero, Hyundai con 14.50% del total.<\/p>\n\n\n\n<p>Estas tres marcas automotrices representan el 69.6 % del mercado vehicular.<\/p>\n\n\n\n<p><strong>Estas son las marcas automotrices que prefieren los dominicanos<\/strong><\/p>\n\n\n\n<p>De acuerdo con el Observatorio del Instituto Nacional de Tr\u00e1nsito y Transporte Terrestre (Intrant), estas son las principales marcas con mayor participaci\u00f3n en el mercado, al a\u00f1o 2025:<\/p>\n\n\n\n<p>1- Toyota con 335,893 veh\u00edculos<\/p>\n\n\n\n<p>2- Honda con 192,678 veh\u00edculos<\/p>\n\n\n\n<p>3- Hyundai con 138,998 veh\u00edculos<\/p>\n\n\n\n<p>4- Otros (KGM, Fortuna, Galaxy, Audi, Ford, Changan, Sxone By, Ram, Daihatsu, etc.) con 88,047 veh\u00edculos.<\/p>\n\n\n\n<p>5- Nissan con 80,478 veh\u00edculos<\/p>\n\n\n\n<p>6- Kia con 69,314 veh\u00edculos<\/p>\n\n\n\n<p>7- Mazda con 35,933 veh\u00edculos<\/p>\n\n\n\n<p>8- Suzuki con 17,250 veh\u00edculos<\/p>\n\n\n\n<p>D\u00f3nde circulan m\u00e1s veh\u00edculos<\/p>\n\n\n\n<p>El Gran Santo Domingo y Santiago tienen el mayor parque vehicular. Solo en el Distrito Nacional hay registrados 1,823,922 veh\u00edculos.<\/p>\n\n\n\n<p>Registrados en Santo Domingo hay 1,003,381, mientras que en Santiago hay 504,317 veh\u00edculos.<\/p>\n\n\n\n<p>El resto de provincias con m\u00e1s veh\u00edculos son La Vega, San Crist\u00f3bal, La Altagracia, La Romana, Duarte, Puerto Plata y San Pedro de Macor\u00eds.<\/p>\n\n\n\n<p>De acuerdo con el an\u00e1lisis de tendencias 2028-2024, los a\u00f1os de mayor crecimiento del parque vehicular fueron: 2028 con 8.7 %, 2011 con 6.7 %, 2016 con 6.7% y 2024 con 6.6 %.<\/p>\n\n\n\n<p>Los de desaceleraci\u00f3n fueron: 2012 con 4.6 %, 2020 4.5% por el impacto de la pandemia de COVID-19 y 2022 con 6.0%.<\/p>\n\n\n\n<p>Fuente acento<\/p>\n","protected":false},"excerpt":{"rendered":"<p>Tres marcas automotrices representan el 69.6 % del mercado vehicular total El dominicano sigue optando por adquirir veh\u00edculos de marcas asi\u00e1ticas en el pa\u00eds. Toyota, Honda y los Hyundai, son&hellip;<\/p>\n","protected":false},"author":10,"featured_media":123980,"comment_status":"open","ping_status":"open","sticky":false,"template":"","format":"standard","meta":{"content-type":"","jetpack_post_was_ever_published":false,"_jetpack_newsletter_access":"","_jetpack_dont_email_post_to_subs":false,"_jetpack_newsletter_tier_id":0,"_jetpack_memberships_contains_paywalled_content":false,"_jetpack_memberships_contains_paid_content":false,"footnotes":""},"categories":[39],"tags":[30940,28626,27511,12623,24018,127,1050],"class_list":["post-123978","post","type-post","status-publish","format-standard","has-post-thumbnail","hentry","category-economia","tag-asiaticos","tag-automoviles","tag-circulan","tag-dominan","tag-marcas","tag-rd","tag-vehiculos"],"jetpack_featured_media_url":"https:\/\/lasprimeras.com.do\/wp-content\/uploads\/2026\/03\/Toyota-Honda-y-los-Hyundai.jpg","jetpack-related-posts":[{"id":92542,"url":"https:\/\/lasprimeras.com.do\/index.php\/2025\/01\/06\/recuperan-mas-de-30-vehiculos-que-habian-sido-robados-en-santo-domingo\/","url_meta":{"origin":123978,"position":0},"title":"Recuperan m\u00e1s de 30 veh\u00edculos que hab\u00edan sido robados en Santo Domingo","author":"Nelson Feliz","date":"6 de enero de 2025","format":false,"excerpt":"-Entre los veh\u00edculos recuperados se encuentran 31 motocicletas, dos autom\u00f3viles y una retroexcavadora. La Polic\u00eda Nacional, a trav\u00e9s del Departamento de Investigaci\u00f3n de Recuperaci\u00f3n de Veh\u00edculos de la Direcci\u00f3n Central de Investigaci\u00f3n (DICRIM), recuper\u00f3 31 motocicletas, dos autom\u00f3viles y una retroexcavadora que hab\u00edan sido sustra\u00edda el pasado mes de diciembre\u2026","rel":"","context":"En \u00abMILITARES\u00bb","block_context":{"text":"MILITARES","link":"https:\/\/lasprimeras.com.do\/index.php\/category\/militares\/"},"img":{"alt_text":"","src":"https:\/\/i0.wp.com\/lasprimeras.com.do\/wp-content\/uploads\/2023\/08\/Policia.jpeg?resize=350%2C200&ssl=1","width":350,"height":200,"srcset":"https:\/\/i0.wp.com\/lasprimeras.com.do\/wp-content\/uploads\/2023\/08\/Policia.jpeg?resize=350%2C200&ssl=1 1x, https:\/\/i0.wp.com\/lasprimeras.com.do\/wp-content\/uploads\/2023\/08\/Policia.jpeg?resize=525%2C300&ssl=1 1.5x, https:\/\/i0.wp.com\/lasprimeras.com.do\/wp-content\/uploads\/2023\/08\/Policia.jpeg?resize=700%2C400&ssl=1 2x"},"classes":[]},{"id":49369,"url":"https:\/\/lasprimeras.com.do\/index.php\/2023\/05\/10\/recuperan-siete-vehiculos-reportados-como-robados-en-santiago\/","url_meta":{"origin":123978,"position":1},"title":"Recuperan siete veh\u00edculos reportados como robados en Santiago","author":"prenxa100","date":"10 de mayo de 2023","format":false,"excerpt":"Por Roberto P\u00e9rez SANTIAGO.- Agentes de la Divisi\u00f3n de Veh\u00edculos Robados, de esta Direcci\u00f3n Regional policial, durante seguimiento a denuncias interpuesta por ciudadanos, recuperaron siete veh\u00edculos, los mismos hab\u00edan sido reportados como sustra\u00eddos a sus propietarios en diversos sectores de esta provincia. Entre las motocicletas recuperadas figuran, la motocicleta marca\u2026","rel":"","context":"En \u00abNACIONALES\u00bb","block_context":{"text":"NACIONALES","link":"https:\/\/lasprimeras.com.do\/index.php\/category\/nacionales\/"},"img":{"alt_text":"","src":"","width":0,"height":0},"classes":[]},{"id":69336,"url":"https:\/\/lasprimeras.com.do\/index.php\/2023\/12\/01\/procompetencia-presenta-estudio-sobre-el-mercado-de-vehiculos-y-el-impacto-de-plataformas-digitales\/","url_meta":{"origin":123978,"position":2},"title":"PROCOMPETENCIA presenta Estudio sobre el Mercado de Veh\u00edculos y el Impacto de Plataformas Digitales","author":"Nelson Feliz","date":"1 de diciembre de 2023","format":false,"excerpt":"El estudio destaca el notorio dinamismo de este mercado, con un crecimiento del parque vehicular del 6.60% durante 2005-2021. La Comisi\u00f3n Nacional de Defensa de la Competencia en la Rep\u00fablica Dominicana (PROCOMPETENCIA) present\u00f3 un estudio sobre el mercado de compra y venta de veh\u00edculos terrestres privados, centr\u00e1ndose en el per\u00edodo\u2026","rel":"","context":"En \u00abECONOM\u00cdA\u00bb","block_context":{"text":"ECONOM\u00cdA","link":"https:\/\/lasprimeras.com.do\/index.php\/category\/economia\/"},"img":{"alt_text":"Pro-Competencia","src":"https:\/\/i0.wp.com\/lasprimeras.com.do\/wp-content\/uploads\/2023\/12\/Pro-Competencia.jpg?resize=350%2C200&ssl=1","width":350,"height":200,"srcset":"https:\/\/i0.wp.com\/lasprimeras.com.do\/wp-content\/uploads\/2023\/12\/Pro-Competencia.jpg?resize=350%2C200&ssl=1 1x, https:\/\/i0.wp.com\/lasprimeras.com.do\/wp-content\/uploads\/2023\/12\/Pro-Competencia.jpg?resize=525%2C300&ssl=1 1.5x, https:\/\/i0.wp.com\/lasprimeras.com.do\/wp-content\/uploads\/2023\/12\/Pro-Competencia.jpg?resize=700%2C400&ssl=1 2x"},"classes":[]},{"id":96255,"url":"https:\/\/lasprimeras.com.do\/index.php\/2025\/03\/28\/trump-impone-arancel-de-25-a-autos-importados-podria-aumentar-costos-y-reducir-ventas\/","url_meta":{"origin":123978,"position":3},"title":"Trump impone arancel de 25% a autos importados; podr\u00eda aumentar costos y reducir ventas","author":"Nelson Feliz","date":"28 de marzo de 2025","format":false,"excerpt":"POR JOSH BOAK WASHINGTON (AP) \u2014 El presidente estadounidense Donald Trump dijo que impondr\u00eda aranceles del 25% a las importaciones de autom\u00f3viles, una medida que, seg\u00fan la Casa Blanca, fomentar\u00e1 la manufactura nacional, pero que tambi\u00e9n podr\u00eda poner presi\u00f3n financiera sobre los fabricantes que dependen de cadenas mundiales de suministro.\u2026","rel":"","context":"En \u00abECONOM\u00cdA\u00bb","block_context":{"text":"ECONOM\u00cdA","link":"https:\/\/lasprimeras.com.do\/index.php\/category\/economia\/"},"img":{"alt_text":"","src":"https:\/\/i0.wp.com\/lasprimeras.com.do\/wp-content\/uploads\/2025\/03\/VEH.jpg?resize=350%2C200&ssl=1","width":350,"height":200,"srcset":"https:\/\/i0.wp.com\/lasprimeras.com.do\/wp-content\/uploads\/2025\/03\/VEH.jpg?resize=350%2C200&ssl=1 1x, https:\/\/i0.wp.com\/lasprimeras.com.do\/wp-content\/uploads\/2025\/03\/VEH.jpg?resize=525%2C300&ssl=1 1.5x, https:\/\/i0.wp.com\/lasprimeras.com.do\/wp-content\/uploads\/2025\/03\/VEH.jpg?resize=700%2C400&ssl=1 2x"},"classes":[]},{"id":96296,"url":"https:\/\/lasprimeras.com.do\/index.php\/2025\/03\/28\/arrestan-cabo-de-la-policia-con-contrabando-de-cigarrillos-en-elias-pina\/","url_meta":{"origin":123978,"position":4},"title":"Arrestan Cabo de la polic\u00eda con contrabando de cigarrillos en El\u00edas Pi\u00f1a","author":"Nelson Feliz","date":"28 de marzo de 2025","format":false,"excerpt":"Otros dos hombres que le acompa\u00f1aban lograron escapar. Miembros del Ej\u00e9rcito de Rep\u00fablica Dominicana detuvieron a un cabo de la Polic\u00eda Nacional con un contrabando de 80 mil cigarrillos en el veh\u00edculo que conduc\u00eda en el puesto de control El Hig\u00fcerito-El\u00edas Pi\u00f1a. El alistado fue identificado como Eduar Recio Cordero,\u2026","rel":"","context":"En \u00abMILITARES\u00bb","block_context":{"text":"MILITARES","link":"https:\/\/lasprimeras.com.do\/index.php\/category\/militares\/"},"img":{"alt_text":"","src":"https:\/\/i0.wp.com\/lasprimeras.com.do\/wp-content\/uploads\/2025\/03\/armas.jpg?resize=350%2C200&ssl=1","width":350,"height":200,"srcset":"https:\/\/i0.wp.com\/lasprimeras.com.do\/wp-content\/uploads\/2025\/03\/armas.jpg?resize=350%2C200&ssl=1 1x, https:\/\/i0.wp.com\/lasprimeras.com.do\/wp-content\/uploads\/2025\/03\/armas.jpg?resize=525%2C300&ssl=1 1.5x, https:\/\/i0.wp.com\/lasprimeras.com.do\/wp-content\/uploads\/2025\/03\/armas.jpg?resize=700%2C400&ssl=1 2x"},"classes":[]},{"id":72677,"url":"https:\/\/lasprimeras.com.do\/index.php\/2024\/01\/02\/dos-muertos-y-un-herido-en-accidente-de-transito-en-la-autopista-del-coral\/","url_meta":{"origin":123978,"position":5},"title":"Dos muertos y un herido en accidente de tr\u00e1nsito en la Autopista del Coral","author":"Nelson Feliz","date":"2 de enero de 2024","format":false,"excerpt":"La colisi\u00f3n ocurri\u00f3 entre dos veh\u00edculos y una motocicleta. Dos personas murieron y una result\u00f3 herida en un accidente de tr\u00e1nsito ocurrido en la Autopista del Coral, pr\u00f3ximo al cruce de Bayah\u00edbe, este primero de enero de 2024, el cual involucr\u00f3 a dos veh\u00edculos y una motocicleta. La colisi\u00f3n ocurri\u00f3\u2026","rel":"","context":"En \u00abNACIONALES\u00bb","block_context":{"text":"NACIONALES","link":"https:\/\/lasprimeras.com.do\/index.php\/category\/nacionales\/"},"img":{"alt_text":"accidente de tr\u00e1nsito","src":"https:\/\/i0.wp.com\/lasprimeras.com.do\/wp-content\/uploads\/2024\/01\/accidente-de-transito.jpg?resize=350%2C200&ssl=1","width":350,"height":200,"srcset":"https:\/\/i0.wp.com\/lasprimeras.com.do\/wp-content\/uploads\/2024\/01\/accidente-de-transito.jpg?resize=350%2C200&ssl=1 1x, https:\/\/i0.wp.com\/lasprimeras.com.do\/wp-content\/uploads\/2024\/01\/accidente-de-transito.jpg?resize=525%2C300&ssl=1 1.5x, https:\/\/i0.wp.com\/lasprimeras.com.do\/wp-content\/uploads\/2024\/01\/accidente-de-transito.jpg?resize=700%2C400&ssl=1 2x"},"classes":[]}],"jetpack_sharing_enabled":true,"_links":{"self":[{"href":"https:\/\/lasprimeras.com.do\/index.php\/wp-json\/wp\/v2\/posts\/123978","targetHints":{"allow":["GET"]}}],"collection":[{"href":"https:\/\/lasprimeras.com.do\/index.php\/wp-json\/wp\/v2\/posts"}],"about":[{"href":"https:\/\/lasprimeras.com.do\/index.php\/wp-json\/wp\/v2\/types\/post"}],"author":[{"embeddable":true,"href":"https:\/\/lasprimeras.com.do\/index.php\/wp-json\/wp\/v2\/users\/10"}],"replies":[{"embeddable":true,"href":"https:\/\/lasprimeras.com.do\/index.php\/wp-json\/wp\/v2\/comments?post=123978"}],"version-history":[{"count":1,"href":"https:\/\/lasprimeras.com.do\/index.php\/wp-json\/wp\/v2\/posts\/123978\/revisions"}],"predecessor-version":[{"id":123981,"href":"https:\/\/lasprimeras.com.do\/index.php\/wp-json\/wp\/v2\/posts\/123978\/revisions\/123981"}],"wp:featuredmedia":[{"embeddable":true,"href":"https:\/\/lasprimeras.com.do\/index.php\/wp-json\/wp\/v2\/media\/123980"}],"wp:attachment":[{"href":"https:\/\/lasprimeras.com.do\/index.php\/wp-json\/wp\/v2\/media?parent=123978"}],"wp:term":[{"taxonomy":"category","embeddable":true,"href":"https:\/\/lasprimeras.com.do\/index.php\/wp-json\/wp\/v2\/categories?post=123978"},{"taxonomy":"post_tag","embeddable":true,"href":"https:\/\/lasprimeras.com.do\/index.php\/wp-json\/wp\/v2\/tags?post=123978"}],"curies":[{"name":"wp","href":"https:\/\/api.w.org\/{rel}","templated":true}]}}