{"id":123984,"date":"2026-03-07T20:07:08","date_gmt":"2026-03-08T00:07:08","guid":{"rendered":"https:\/\/lasprimeras.com.do\/?p=123984"},"modified":"2026-03-07T20:07:10","modified_gmt":"2026-03-08T00:07:10","slug":"pld-reconoce-a-rosa-rita-alvarez-con-la-medalla-al-merito-profesor-juan-bosch","status":"publish","type":"post","link":"https:\/\/lasprimeras.com.do\/index.php\/2026\/03\/07\/pld-reconoce-a-rosa-rita-alvarez-con-la-medalla-al-merito-profesor-juan-bosch\/","title":{"rendered":"PLD reconoce a Rosa Rita \u00c1lvarez con la Medalla al M\u00e9rito Profesor Juan Bosch"},"content":{"rendered":"\n<p><strong>La Secretar\u00eda de Igualdad y Equidad de G\u00e9nero mantiene una agenda activa de trabajo para enfrentar la violencia de g\u00e9nero, promover la participaci\u00f3n pol\u00edtica femenina.<\/strong><\/p>\n\n\n\n<p>El Partido de la Liberaci\u00f3n Dominicana (PLD) entreg\u00f3 la Medalla al M\u00e9rito Profesor Juan Bosch y una paca de reconocimiento a Rosa Rita \u00c1lvarez Khouri, por su trayectoria de servicio, su labor altruista y su compromiso con la defensa de los derechos y la igualdad de las mujeres dominicanas, durante un acto conmemorativo del D\u00eda Internacional de la Mujer organizado por la Secretar\u00eda de Igualdad y Equidad de G\u00e9nero de la organizaci\u00f3n pol\u00edtica.<\/p>\n\n\n\n<p>El reconocimiento fue entregado en un acto encabezado por la titular de la Secretar\u00eda de Igualdad y Equidad de G\u00e9nero, Cristina Rodr\u00edguez Mota, quien destac\u00f3 que la distinci\u00f3n a Rosa Rita \u00c1lvarez representa el valor del trabajo social, la sensibilidad humana y el compromiso con las mejores causas del pa\u00eds.<\/p>\n\n\n<div class=\"wp-block-image\">\n<figure class=\"alignleft size-full is-resized\"><img decoding=\"async\" width=\"900\" height=\"588\" src=\"https:\/\/lasprimeras.com.do\/wp-content\/uploads\/2026\/03\/PLD-1.jpg\" alt=\"\" class=\"wp-image-123986\" style=\"aspect-ratio:1.5306191635590347;width:384px;height:auto\" srcset=\"https:\/\/lasprimeras.com.do\/wp-content\/uploads\/2026\/03\/PLD-1.jpg 900w, https:\/\/lasprimeras.com.do\/wp-content\/uploads\/2026\/03\/PLD-1-300x196.jpg 300w, https:\/\/lasprimeras.com.do\/wp-content\/uploads\/2026\/03\/PLD-1-768x502.jpg 768w\" sizes=\"(max-width: 900px) 100vw, 900px\" \/><\/figure>\n<\/div>\n\n\n<p>Rodr\u00edguez Mota se\u00f1al\u00f3 que la homenajeada ha dedicado su vida a promover el empoderamiento de las mujeres y a respaldar iniciativas sociales en favor de los sectores m\u00e1s vulnerables, resaltando que su ejemplo refleja los principios de servicio y solidaridad que promueve el Partido de la Liberaci\u00f3n Dominicana.<\/p>\n\n\n\n<p>Durante sus palabras de agradecimiento, Rosa Rita \u00c1lvarez expres\u00f3 que recibe la distinci\u00f3n con profunda gratitud y con el compromiso de continuar trabajando por la igualdad y el fortalecimiento de la democracia dominicana.<\/p>\n\n\n\n<p>Manifest\u00f3 que las luchas por los derechos de las mujeres han sido constantes a lo largo de la historia y que, aunque se han logrado avances importantes, a\u00fan persisten desaf\u00edos que requieren el esfuerzo conjunto de la sociedad, los partidos pol\u00edticos y el Estado.<\/p>\n\n\n<div class=\"wp-block-image\">\n<figure class=\"alignright size-full is-resized\"><img decoding=\"async\" width=\"900\" height=\"600\" src=\"https:\/\/lasprimeras.com.do\/wp-content\/uploads\/2026\/03\/PLD-2.jpg\" alt=\"\" class=\"wp-image-123987\" style=\"aspect-ratio:1.5000151016339969;width:346px;height:auto\" srcset=\"https:\/\/lasprimeras.com.do\/wp-content\/uploads\/2026\/03\/PLD-2.jpg 900w, https:\/\/lasprimeras.com.do\/wp-content\/uploads\/2026\/03\/PLD-2-300x200.jpg 300w, https:\/\/lasprimeras.com.do\/wp-content\/uploads\/2026\/03\/PLD-2-768x512.jpg 768w\" sizes=\"(max-width: 900px) 100vw, 900px\" \/><\/figure>\n<\/div>\n\n\n<p>Indic\u00f3 que el empoderamiento femenino, la participaci\u00f3n pol\u00edtica y el acceso a oportunidades deben seguir siendo prioridades, al tiempo que subray\u00f3 que los partidos tienen la responsabilidad de apoyar la formaci\u00f3n, el liderazgo y la seguridad de las mujeres dentro de la vida p\u00fablica.<\/p>\n\n\n\n<p>Rosa Rita \u00c1lvarez dedic\u00f3 palabras emotivas al recordar a su esposo, el dirigente pol\u00edtico Roberto Rodr\u00edguez Marchena, fallecido, se\u00f1alando que habr\u00eda sentido un profundo orgullo por este reconocimiento otorgado por el partido al que ambos dedicaron gran parte de su vida.<\/p>\n\n\n\n<p>Explic\u00f3 que colocar\u00e1 la placa recibida en el espacio de trabajo que \u00e9l conservaba en su hogar, como s\u00edmbolo del compromiso compartido con el Partido de la Liberaci\u00f3n Dominicana y con las causas sociales.<\/p>\n\n\n<div class=\"wp-block-image\">\n<figure class=\"alignleft size-full is-resized\"><img decoding=\"async\" width=\"900\" height=\"600\" src=\"https:\/\/lasprimeras.com.do\/wp-content\/uploads\/2026\/03\/PLD-4.jpg\" alt=\"\" class=\"wp-image-123989\" style=\"aspect-ratio:1.5000151016339969;width:410px;height:auto\" srcset=\"https:\/\/lasprimeras.com.do\/wp-content\/uploads\/2026\/03\/PLD-4.jpg 900w, https:\/\/lasprimeras.com.do\/wp-content\/uploads\/2026\/03\/PLD-4-300x200.jpg 300w, https:\/\/lasprimeras.com.do\/wp-content\/uploads\/2026\/03\/PLD-4-768x512.jpg 768w\" sizes=\"(max-width: 900px) 100vw, 900px\" \/><\/figure>\n<\/div>\n\n\n<p>En su intervenci\u00f3n, Cristina Rodr\u00edguez Mota afirm\u00f3 que el D\u00eda Internacional de la Mujer es una fecha para reflexionar sobre la lucha hist\u00f3rica por la igualdad y para reafirmar el compromiso de seguir impulsando pol\u00edticas p\u00fablicas que protejan la dignidad y los derechos de las mujeres dominicanas.<\/p>\n\n\n\n<p>Sostuvo que la Secretar\u00eda de Igualdad y Equidad de G\u00e9nero mantiene una agenda activa de trabajo para enfrentar la violencia de g\u00e9nero, promover la participaci\u00f3n pol\u00edtica femenina y acompa\u00f1ar a las comunidades en la b\u00fasqueda de soluciones a los problemas sociales que afectan a las familias.<\/p>\n\n\n\n<p>Sobre la conmemoraci\u00f3n del D\u00eda Internacional de La Mujer<\/p>\n\n\n\n<p>Con la entonaci\u00f3n del himno del Partido de la Liberaci\u00f3n Dominicana (PLD) y la pronunciaci\u00f3n de su lema, \u201cServir al Partido para Servir al Pueblo\u201d inici\u00f3 el acto conmemorativo del D\u00eda Internacional de la Mujer realizado en el Sal\u00f3n Bienvenido Sandoval de la Casa Nacional Reinaldo Pared P\u00e9rez, decorado con la simbolog\u00eda pelede\u00edsta y frases alusivas a la Mujer.<\/p>\n\n\n\n<p>Los vicepresidentes del PLD Zoraima Cuello e Yv\u00e1n Lorenzo con una representaci\u00f3n de miembros del Comit\u00e9 Pol\u00edtico encabezaron el acto, que cont\u00f3 tambi\u00e9n con la presencia de mujeres integrantes del Comit\u00e9 Central, subsecretar\u00edas y presidentes de Comit\u00e9s Intermedios.<\/p>\n\n\n\n<p>El Secretario General, Johnny Pujols, quien cumple tareas pol\u00edticas en el exterior, en un mensaje utilizando las plataformas digitales, reconoci\u00f3 el valor de las mujeres del PLD y de la Rep\u00fablica Dominicana y el respaldo que hist\u00f3ricamente han dado al Partido y a sus gestiones de Gobierno.<\/p>\n\n\n\n<p>El joven cantante Alberto Antonio Cruz Villalona (Cruvi) ameniz\u00f3 el momento entonando canciones alusivas al D\u00eda y cerrando con un merengue entonado por los asistentes.<\/p>\n\n\n\n<p>Las subsecretar\u00edas de Igualdad y equidad de g\u00e9nero, Ruth Esther de Le\u00f3n, Nelly Pillier, Ana Figuereo, Liliana M\u00e1rquez y Mar\u00eda Teresa Guerreo, entregaron las medallas a las 86 mujeres militantes del PLD reconocidas por el PLD en v\u00edsperas del D\u00eda Internacional de la Mujer.<\/p>\n\n\n\n<p>La presencia de Vanessa Alfonso, esposa de Johnny Pujols, secretario general y de Yanny Hern\u00e1ndez esposa de Francisco Javier Garc\u00eda, fue resaltada por Cristina Rodr\u00edguez Mota, agradeciendo sus aportes en la organizaci\u00f3n de la actividad, como tambi\u00e9n los hizo con Flavia Garc\u00eda.<\/p>\n\n\n\n<p>Yv\u00e1n Lorenzo y Zoraima Cuello, acompa\u00f1aron a Cristina Rodr\u00edguez en la entrega de las placas de Reconocimiento a Miriam Cabral, Cristina Lizardo, Alejandrina Germ\u00e1n, Lucia Median, Beatriz Ovalle, Rosa Pe\u00f1a, Miledys N\u00fa\u00f1ez, Cleo S\u00e1nchez y Francisca Mar\u00eda Reyes Bullan, por lealtad, entrega y aportes a la democracia dominicana y al empuje y desarrollo del PLD como organizaci\u00f3n pol\u00edtica.<\/p>\n\n\n\n<p>El momento cumbre fue la entrega de una placa de reconocimiento especial a Rosa Rita \u00c1lvarez por su destaca trayectoria de servicio social y su labor altruista en favor del empoderamiento de la mujer.<\/p>\n\n\n\n<p>La actividad concluy\u00f3 con un llamado a continuar trabajando por una sociedad m\u00e1s justa, en la que las mujeres tengan igualdad de oportunidades y puedan desarrollar plenamente su papel como agentes de transformaci\u00f3n social.<\/p>\n","protected":false},"excerpt":{"rendered":"<p>La Secretar\u00eda de Igualdad y Equidad de G\u00e9nero mantiene una agenda activa de trabajo para enfrentar la violencia de g\u00e9nero, promover la participaci\u00f3n pol\u00edtica femenina. El Partido de la Liberaci\u00f3n&hellip;<\/p>\n","protected":false},"author":10,"featured_media":123985,"comment_status":"open","ping_status":"open","sticky":false,"template":"","format":"standard","meta":{"content-type":"","jetpack_post_was_ever_published":false,"_jetpack_newsletter_access":"","_jetpack_dont_email_post_to_subs":false,"_jetpack_newsletter_tier_id":0,"_jetpack_memberships_contains_paywalled_content":false,"_jetpack_memberships_contains_paid_content":false,"footnotes":""},"categories":[16559,25],"tags":[30942,269,16924,30941],"class_list":["post-123984","post","type-post","status-publish","format-standard","has-post-thumbnail","hentry","category-politica","category-portada","tag-medalla-al-merito","tag-pld","tag-profesor-juan-bosch","tag-rosa-rita-alvarez"],"jetpack_featured_media_url":"https:\/\/lasprimeras.com.do\/wp-content\/uploads\/2026\/03\/PLD.jpg","jetpack-related-posts":[{"id":95078,"url":"https:\/\/lasprimeras.com.do\/index.php\/2025\/03\/09\/desgobierno-del-prm-coloca-a-las-mujeres-en-una-situacion-muy-dificil\/","url_meta":{"origin":123984,"position":0},"title":"Desgobierno del PRM coloca a las mujeres en una situaci\u00f3n muy dif\u00edcil","author":"Nelson Feliz","date":"9 de marzo de 2025","format":false,"excerpt":"Instan a trabajar en la organizaci\u00f3n y empoderamiento de las mujeres. La vicepresidenta del Partido de la Liberaci\u00f3n Dominicana (PLD), Zoraima Cuello, inst\u00f3 a las mujeres del PLD a liderar el empoderamiento femenino, promoviendo su incorporaci\u00f3n a la actividad partidaria y luchando siempre junto a los hombres. Durante la conferencia\u2026","rel":"","context":"En \u00abPOLITICA\u00bb","block_context":{"text":"POLITICA","link":"https:\/\/lasprimeras.com.do\/index.php\/category\/politica\/"},"img":{"alt_text":"","src":"https:\/\/i0.wp.com\/lasprimeras.com.do\/wp-content\/uploads\/2025\/03\/pld.jpg?resize=350%2C200&ssl=1","width":350,"height":200,"srcset":"https:\/\/i0.wp.com\/lasprimeras.com.do\/wp-content\/uploads\/2025\/03\/pld.jpg?resize=350%2C200&ssl=1 1x, https:\/\/i0.wp.com\/lasprimeras.com.do\/wp-content\/uploads\/2025\/03\/pld.jpg?resize=525%2C300&ssl=1 1.5x, https:\/\/i0.wp.com\/lasprimeras.com.do\/wp-content\/uploads\/2025\/03\/pld.jpg?resize=700%2C400&ssl=1 2x"},"classes":[]},{"id":56695,"url":"https:\/\/lasprimeras.com.do\/index.php\/2023\/08\/03\/claudia-rita-reclama-investigar-a-docentes-acusados-de-acoso-sexual\/","url_meta":{"origin":123984,"position":1},"title":"Claudia Rita reclama investigar a docentes acusados de acoso sexual","author":"Nelson Feliz","date":"3 de agosto de 2023","format":false,"excerpt":"La secretaria de Igualdad y equidad y g\u00e9nero del Partido de la Liberaci\u00f3n Dominicana (PLD), Claudia Rita Abreu, llam\u00f3 al Ministerio P\u00fablico a investigar sobre los docentes que han sido acusados de acoso y violaciones sexuales que luego han logrado descargos y limpieza de expedientes, para ser reincorporados al sistema\u2026","rel":"","context":"En \u00abSin categor\u00eda\u00bb","block_context":{"text":"Sin categor\u00eda","link":"https:\/\/lasprimeras.com.do\/index.php\/category\/sin-categoria\/"},"img":{"alt_text":"Claudia Rita","src":"https:\/\/i0.wp.com\/lasprimeras.com.do\/wp-content\/uploads\/2023\/08\/Claudia-Rita.jpeg?resize=350%2C200&ssl=1","width":350,"height":200,"srcset":"https:\/\/i0.wp.com\/lasprimeras.com.do\/wp-content\/uploads\/2023\/08\/Claudia-Rita.jpeg?resize=350%2C200&ssl=1 1x, https:\/\/i0.wp.com\/lasprimeras.com.do\/wp-content\/uploads\/2023\/08\/Claudia-Rita.jpeg?resize=525%2C300&ssl=1 1.5x, https:\/\/i0.wp.com\/lasprimeras.com.do\/wp-content\/uploads\/2023\/08\/Claudia-Rita.jpeg?resize=700%2C400&ssl=1 2x"},"classes":[]},{"id":65956,"url":"https:\/\/lasprimeras.com.do\/index.php\/2023\/11\/01\/pld-rinde-homenaje-al-profesor-juan-boschen-el-22-aniversario-de-su-fallecimiento\/","url_meta":{"origin":123984,"position":2},"title":"PLD rinde homenaje al profesor Juan Boschen el 22 aniversario de su fallecimiento","author":"Nelson Feliz","date":"1 de noviembre de 2023","format":false,"excerpt":"El secretario general del Partido de la Liberaci\u00f3n Dominicana (PLD), Charles Mariotti, en un acto de homenaje al profesor Juan Bosch, su fundador y l\u00edder hist\u00f3rico, describi\u00f3 esa organizaci\u00f3n pol\u00edtica como una edificaci\u00f3n tan fortificada que \u00abel terremoto perreme\u00edsta no ha podido derrumbar\u00bb. En el acto en que intervino el\u2026","rel":"","context":"En \u00abPORTADA\u00bb","block_context":{"text":"PORTADA","link":"https:\/\/lasprimeras.com.do\/index.php\/category\/portada\/"},"img":{"alt_text":"","src":"https:\/\/i0.wp.com\/lasprimeras.com.do\/wp-content\/uploads\/2023\/11\/pld.jpeg?resize=350%2C200&ssl=1","width":350,"height":200,"srcset":"https:\/\/i0.wp.com\/lasprimeras.com.do\/wp-content\/uploads\/2023\/11\/pld.jpeg?resize=350%2C200&ssl=1 1x, https:\/\/i0.wp.com\/lasprimeras.com.do\/wp-content\/uploads\/2023\/11\/pld.jpeg?resize=525%2C300&ssl=1 1.5x, https:\/\/i0.wp.com\/lasprimeras.com.do\/wp-content\/uploads\/2023\/11\/pld.jpeg?resize=700%2C400&ssl=1 2x"},"classes":[]},{"id":102055,"url":"https:\/\/lasprimeras.com.do\/index.php\/2025\/06\/30\/pld-destaca-legado-etico-y-politico-del-profesor-juan-bosch\/","url_meta":{"origin":123984,"position":3},"title":"PLD destaca legado \u00e9tico y pol\u00edtico del Profesor Juan Bosch","author":"Nelson Feliz","date":"30 de junio de 2025","format":false,"excerpt":"\u201cEl PLD ha sido el instrumento pol\u00edtico que m\u00e1s ha contribuido al incremento de la riqueza nacional y al desarrollo institucional del pa\u00eds durante sus gobiernos\u201d, afirm\u00f3 Rafael Calder\u00f3n. En ocasi\u00f3n del 116 aniversario del natalicio del Profesor Juan Bosch, fundador del Partido de la Liberaci\u00f3n Dominicana (PLD), el titular\u2026","rel":"","context":"En \u00abPOLITICA\u00bb","block_context":{"text":"POLITICA","link":"https:\/\/lasprimeras.com.do\/index.php\/category\/politica\/"},"img":{"alt_text":"","src":"https:\/\/i0.wp.com\/lasprimeras.com.do\/wp-content\/uploads\/2025\/06\/Rafael-Calderon.jpg?resize=350%2C200&ssl=1","width":350,"height":200,"srcset":"https:\/\/i0.wp.com\/lasprimeras.com.do\/wp-content\/uploads\/2025\/06\/Rafael-Calderon.jpg?resize=350%2C200&ssl=1 1x, https:\/\/i0.wp.com\/lasprimeras.com.do\/wp-content\/uploads\/2025\/06\/Rafael-Calderon.jpg?resize=525%2C300&ssl=1 1.5x, https:\/\/i0.wp.com\/lasprimeras.com.do\/wp-content\/uploads\/2025\/06\/Rafael-Calderon.jpg?resize=700%2C400&ssl=1 2x"},"classes":[]},{"id":102253,"url":"https:\/\/lasprimeras.com.do\/index.php\/2025\/07\/02\/barahona-celebra-natalicio-del-profesor-juan-bosch\/","url_meta":{"origin":123984,"position":4},"title":"Barahona celebra natalicio del Profesor Juan Bosch","author":"Nelson Feliz","date":"2 de julio de 2025","format":false,"excerpt":"Comit\u00e9 Municipal del PLD en Barahona reporta las actividades celebradas en el natalicio del Profesor Juan Bosch. El Partido de la Liberaci\u00f3n Dominicana (PLD) en Barahona celebr\u00f3 el natalicio del Profesor Juan Bosch con una eucarist\u00eda, una Ofrenda Floral y la presentaci\u00f3n del documental Vanguardia de la Democracia. La participaci\u00f3n\u2026","rel":"","context":"En \u00abPOLITICA\u00bb","block_context":{"text":"POLITICA","link":"https:\/\/lasprimeras.com.do\/index.php\/category\/politica\/"},"img":{"alt_text":"","src":"https:\/\/i0.wp.com\/lasprimeras.com.do\/wp-content\/uploads\/2025\/07\/Barahona-celebra-natalicio-del-Profesor-Juan-Bosch.jpg?resize=350%2C200&ssl=1","width":350,"height":200,"srcset":"https:\/\/i0.wp.com\/lasprimeras.com.do\/wp-content\/uploads\/2025\/07\/Barahona-celebra-natalicio-del-Profesor-Juan-Bosch.jpg?resize=350%2C200&ssl=1 1x, https:\/\/i0.wp.com\/lasprimeras.com.do\/wp-content\/uploads\/2025\/07\/Barahona-celebra-natalicio-del-Profesor-Juan-Bosch.jpg?resize=525%2C300&ssl=1 1.5x, https:\/\/i0.wp.com\/lasprimeras.com.do\/wp-content\/uploads\/2025\/07\/Barahona-celebra-natalicio-del-Profesor-Juan-Bosch.jpg?resize=700%2C400&ssl=1 2x"},"classes":[]},{"id":92661,"url":"https:\/\/lasprimeras.com.do\/index.php\/2025\/01\/10\/pld-se-queja-por-el-cambio-de-nombre-de-la-avenida-circunvalacion-profesor-juan-bosch\/","url_meta":{"origin":123984,"position":5},"title":"PLD se queja por el cambio de nombre de la avenida circunvalaci\u00f3n Profesor Juan Bosch","author":"Nelson Feliz","date":"10 de enero de 2025","format":false,"excerpt":"El Partido de la Liberaci\u00f3n Dominicana (PLD) lament\u00f3 la inobservancia del Congreso de la Rep\u00fablica, al cambiar, sin consulta alguna, el nombre del Profesor Juan Bosch a la avenida Circunvalaci\u00f3n de Santo Domingo por el del Doctor Jos\u00e9 Francisco Pe\u00f1a G\u00f3mez. \u201cEs una lamentable decisi\u00f3n adoptada primero por el Senado\u2026","rel":"","context":"En \u00abPOLITICA\u00bb","block_context":{"text":"POLITICA","link":"https:\/\/lasprimeras.com.do\/index.php\/category\/politica\/"},"img":{"alt_text":"Johnny Pujols","src":"https:\/\/i0.wp.com\/lasprimeras.com.do\/wp-content\/uploads\/2025\/01\/Johnny-Pujols.jpg?resize=350%2C200&ssl=1","width":350,"height":200,"srcset":"https:\/\/i0.wp.com\/lasprimeras.com.do\/wp-content\/uploads\/2025\/01\/Johnny-Pujols.jpg?resize=350%2C200&ssl=1 1x, https:\/\/i0.wp.com\/lasprimeras.com.do\/wp-content\/uploads\/2025\/01\/Johnny-Pujols.jpg?resize=525%2C300&ssl=1 1.5x, https:\/\/i0.wp.com\/lasprimeras.com.do\/wp-content\/uploads\/2025\/01\/Johnny-Pujols.jpg?resize=700%2C400&ssl=1 2x"},"classes":[]}],"jetpack_sharing_enabled":true,"_links":{"self":[{"href":"https:\/\/lasprimeras.com.do\/index.php\/wp-json\/wp\/v2\/posts\/123984","targetHints":{"allow":["GET"]}}],"collection":[{"href":"https:\/\/lasprimeras.com.do\/index.php\/wp-json\/wp\/v2\/posts"}],"about":[{"href":"https:\/\/lasprimeras.com.do\/index.php\/wp-json\/wp\/v2\/types\/post"}],"author":[{"embeddable":true,"href":"https:\/\/lasprimeras.com.do\/index.php\/wp-json\/wp\/v2\/users\/10"}],"replies":[{"embeddable":true,"href":"https:\/\/lasprimeras.com.do\/index.php\/wp-json\/wp\/v2\/comments?post=123984"}],"version-history":[{"count":1,"href":"https:\/\/lasprimeras.com.do\/index.php\/wp-json\/wp\/v2\/posts\/123984\/revisions"}],"predecessor-version":[{"id":123990,"href":"https:\/\/lasprimeras.com.do\/index.php\/wp-json\/wp\/v2\/posts\/123984\/revisions\/123990"}],"wp:featuredmedia":[{"embeddable":true,"href":"https:\/\/lasprimeras.com.do\/index.php\/wp-json\/wp\/v2\/media\/123985"}],"wp:attachment":[{"href":"https:\/\/lasprimeras.com.do\/index.php\/wp-json\/wp\/v2\/media?parent=123984"}],"wp:term":[{"taxonomy":"category","embeddable":true,"href":"https:\/\/lasprimeras.com.do\/index.php\/wp-json\/wp\/v2\/categories?post=123984"},{"taxonomy":"post_tag","embeddable":true,"href":"https:\/\/lasprimeras.com.do\/index.php\/wp-json\/wp\/v2\/tags?post=123984"}],"curies":[{"name":"wp","href":"https:\/\/api.w.org\/{rel}","templated":true}]}}