{"id":123991,"date":"2026-03-07T20:16:06","date_gmt":"2026-03-08T00:16:06","guid":{"rendered":"https:\/\/lasprimeras.com.do\/?p=123991"},"modified":"2026-03-07T20:16:07","modified_gmt":"2026-03-08T00:16:07","slug":"abinader-fortalece-dialogo-con-bolivia-con-cuyo-presidente-se-comprometen-a-estrechar-mas-los-lazos-diplomaticos","status":"publish","type":"post","link":"https:\/\/lasprimeras.com.do\/index.php\/2026\/03\/07\/abinader-fortalece-dialogo-con-bolivia-con-cuyo-presidente-se-comprometen-a-estrechar-mas-los-lazos-diplomaticos\/","title":{"rendered":"Abinader fortalece di\u00e1logo con Bolivia con cuyo presidente se comprometen a estrechar m\u00e1s los lazos diplom\u00e1ticos"},"content":{"rendered":"\n<p><strong>Presidente Abinader explora nichos de cooperaci\u00f3n y el comercio, durante cumbre hemisf\u00e9rica en Miami con Bolivia<\/strong><\/p>\n\n\n\n<p><strong>Miami, Florida.\u2013<\/strong> En el marco de la cumbre regional \u201cEscudo de las Am\u00e9ricas\u201d, el presidente de la Rep\u00fablica Dominicana, Luis Abinader, sostuvo una reuni\u00f3n bilateral con el presidente de Bolivia, Rodrigo Paz Pereira, con quien convers\u00f3 sobre temas de inter\u00e9s com\u00fan y el fortalecimiento de las relaciones entre ambas naciones.<\/p>\n\n\n\n<p>Durante el encuentro, ambos mandatarios intercambiaron impresiones sobre la cooperaci\u00f3n regional y la importancia de continuar promoviendo iniciativas conjuntas que contribuyan al desarrollo y la estabilidad en el continente.<\/p>\n\n\n\n<p>Abinader y Paz Pereira se mostraron receptivos y durante su conversaci\u00f3n expresaron el inter\u00e9s de ensanchar los lazos entre ambas naciones, buscar nichos de cooperaci\u00f3n mutua y estrechar m\u00e1s la diplomacia y el comercio.<\/p>\n\n\n\n<p>En la reuni\u00f3n tambi\u00e9n estuvieron presentes el ministro de Relaciones Exteriores de la Rep\u00fablica Dominicana, Roberto \u00c1lvarez; el director de la Direcci\u00f3n de Prensa de la Presidencia, Alberto Caminero; el periodista Jos\u00e9 Monegro y el comunicador y presentador de noticias Roberto Cavada.<\/p>\n\n\n\n<p>Este encuentro form\u00f3 parte de la agenda de reuniones bilaterales que desarrolla el presidente Abinader durante su participaci\u00f3n en la cumbre \u201cEscudo de las Am\u00e9ricas\u201d, evento que re\u00fane en Miami a l\u00edderes y representantes del hemisferio para abordar desaf\u00edos comunes y fortalecer la cooperaci\u00f3n regional.<\/p>\n","protected":false},"excerpt":{"rendered":"<p>Presidente Abinader explora nichos de cooperaci\u00f3n y el comercio, durante cumbre hemisf\u00e9rica en Miami con Bolivia Miami, Florida.\u2013 En el marco de la cumbre regional \u201cEscudo de las Am\u00e9ricas\u201d, el&hellip;<\/p>\n","protected":false},"author":10,"featured_media":123992,"comment_status":"open","ping_status":"open","sticky":false,"template":"","format":"standard","meta":{"content-type":"","jetpack_post_was_ever_published":false,"_jetpack_newsletter_access":"","_jetpack_dont_email_post_to_subs":false,"_jetpack_newsletter_tier_id":0,"_jetpack_memberships_contains_paywalled_content":false,"_jetpack_memberships_contains_paid_content":false,"footnotes":""},"categories":[35,25],"tags":[1963,1220,30944,67,1226,30943],"class_list":["post-123991","post","type-post","status-publish","format-standard","has-post-thumbnail","hentry","category-nacionales","category-portada","tag-bolivia","tag-dialogo","tag-lazos-diplomaticos","tag-luis-abinader","tag-republica-dominicana","tag-rodrigo-paz-pereira"],"jetpack_featured_media_url":"https:\/\/lasprimeras.com.do\/wp-content\/uploads\/2026\/03\/Luis-Abinader-vs-Rodrigo-Paz-Pereira-1.jpg","jetpack-related-posts":[{"id":123873,"url":"https:\/\/lasprimeras.com.do\/index.php\/2026\/03\/06\/abinader-viajara-este-viernes-para-participar-en-cumbre-de-alto-nivel-convocada-por-donald-trump-en-miami\/","url_meta":{"origin":123991,"position":0},"title":"Abinader viajar\u00e1 este viernes para participar en cumbre de alto nivel convocada por Donald Trump en Miami","author":"Nelson Feliz","date":"6 de marzo de 2026","format":false,"excerpt":"El presidente de la Rep\u00fablica Dominicana, Luis Abinader, viajar\u00e1 este viernes a la ciudad de Miami para participar este s\u00e1bado 7 de marzo en una cumbre de alto nivel convocada por el presidente de los Estados Unidos, Donald Trump. La cumbre, denominada Escudo de las Am\u00e9ricas, tiene como objetivo principal\u2026","rel":"","context":"En \u00abNACIONALES\u00bb","block_context":{"text":"NACIONALES","link":"https:\/\/lasprimeras.com.do\/index.php\/category\/nacionales\/"},"img":{"alt_text":"Luis Abinader","src":"https:\/\/i0.wp.com\/lasprimeras.com.do\/wp-content\/uploads\/2023\/07\/Luis-Abinader-viaja.jpg?resize=350%2C200&ssl=1","width":350,"height":200,"srcset":"https:\/\/i0.wp.com\/lasprimeras.com.do\/wp-content\/uploads\/2023\/07\/Luis-Abinader-viaja.jpg?resize=350%2C200&ssl=1 1x, https:\/\/i0.wp.com\/lasprimeras.com.do\/wp-content\/uploads\/2023\/07\/Luis-Abinader-viaja.jpg?resize=525%2C300&ssl=1 1.5x, https:\/\/i0.wp.com\/lasprimeras.com.do\/wp-content\/uploads\/2023\/07\/Luis-Abinader-viaja.jpg?resize=700%2C400&ssl=1 2x"},"classes":[]},{"id":124003,"url":"https:\/\/lasprimeras.com.do\/index.php\/2026\/03\/07\/abinader-llega-a-la-cumbre-escudo-de-las-americas-convocada-por-donald-trump\/","url_meta":{"origin":123991,"position":1},"title":"Abinader llega a la cumbre \u201cEscudo de las Am\u00e9ricas\u201d convocada por Donald Trump","author":"Nelson Feliz","date":"7 de marzo de 2026","format":false,"excerpt":"Mandatarios de 12 pa\u00edses del hemisferio occidental se re\u00fanen para abordar temas de seguridad regional, migraci\u00f3n y cooperaci\u00f3n internacional Miami, Florida. \u2013 El presidente Luis Abinader lleg\u00f3 este s\u00e1bado al inicio de la cumbre convocada por el presidente de los Estados Unidos, Donald Trump, donde participar\u00e1 junto a otros mandatarios\u2026","rel":"","context":"En \u00abNACIONALES\u00bb","block_context":{"text":"NACIONALES","link":"https:\/\/lasprimeras.com.do\/index.php\/category\/nacionales\/"},"img":{"alt_text":"","src":"https:\/\/i0.wp.com\/lasprimeras.com.do\/wp-content\/uploads\/2026\/03\/Luis-llega-1.jpg?resize=350%2C200&ssl=1","width":350,"height":200,"srcset":"https:\/\/i0.wp.com\/lasprimeras.com.do\/wp-content\/uploads\/2026\/03\/Luis-llega-1.jpg?resize=350%2C200&ssl=1 1x, https:\/\/i0.wp.com\/lasprimeras.com.do\/wp-content\/uploads\/2026\/03\/Luis-llega-1.jpg?resize=525%2C300&ssl=1 1.5x, https:\/\/i0.wp.com\/lasprimeras.com.do\/wp-content\/uploads\/2026\/03\/Luis-llega-1.jpg?resize=700%2C400&ssl=1 2x"},"classes":[]},{"id":123994,"url":"https:\/\/lasprimeras.com.do\/index.php\/2026\/03\/07\/abinader-fortalece-dialogo-comercial-con-estados-unidos-durante-cumbre-en-miami\/","url_meta":{"origin":123991,"position":2},"title":"Abinader fortalece di\u00e1logo comercial con Estados Unidos durante cumbre en Miami","author":"Nelson Feliz","date":"7 de marzo de 2026","format":false,"excerpt":"El mandatario sostuvo una reuni\u00f3n bilateral con el representante comercial Jamieson Greer, acompa\u00f1ado del canciller Roberto \u00c1lvarez Miami, Florida.\u2013 Como parte de su agenda oficial durante la cumbre \u201cEscudo de las Am\u00e9ricas\u201d, el presidente Luis Abinader sostuvo un encuentro bilateral con el representante comercial de los Estados Unidos, Jamieson Greer,\u2026","rel":"","context":"En \u00abECONOM\u00cdA\u00bb","block_context":{"text":"ECONOM\u00cdA","link":"https:\/\/lasprimeras.com.do\/index.php\/category\/economia\/"},"img":{"alt_text":"","src":"https:\/\/i0.wp.com\/lasprimeras.com.do\/wp-content\/uploads\/2026\/03\/Luis-Abinader-miami-2.jpg?resize=350%2C200&ssl=1","width":350,"height":200,"srcset":"https:\/\/i0.wp.com\/lasprimeras.com.do\/wp-content\/uploads\/2026\/03\/Luis-Abinader-miami-2.jpg?resize=350%2C200&ssl=1 1x, https:\/\/i0.wp.com\/lasprimeras.com.do\/wp-content\/uploads\/2026\/03\/Luis-Abinader-miami-2.jpg?resize=525%2C300&ssl=1 1.5x, https:\/\/i0.wp.com\/lasprimeras.com.do\/wp-content\/uploads\/2026\/03\/Luis-Abinader-miami-2.jpg?resize=700%2C400&ssl=1 2x"},"classes":[]},{"id":123997,"url":"https:\/\/lasprimeras.com.do\/index.php\/2026\/03\/07\/abinader-se-reune-con-secretario-de-energia-de-ee-uu-en-miami\/","url_meta":{"origin":123991,"position":3},"title":"Abinader se re\u00fane con secretario de Energ\u00eda de EE. UU. en Miami","author":"Nelson Feliz","date":"7 de marzo de 2026","format":false,"excerpt":"El encuentro se realiz\u00f3 en el marco del foro regional celebrado en Miami, donde l\u00edderes del hemisferio abordan temas de seguridad y cooperaci\u00f3n Miami, Florida. \u2013 El presidente de la Rep\u00fablica, Luis Abinader, sostuvo este s\u00e1bado una reuni\u00f3n bilateral con el secretario de Energ\u00eda de los Estados Unidos, Chris Wright,\u2026","rel":"","context":"En \u00abNACIONALES\u00bb","block_context":{"text":"NACIONALES","link":"https:\/\/lasprimeras.com.do\/index.php\/category\/nacionales\/"},"img":{"alt_text":"secretario de Energ\u00eda","src":"https:\/\/i0.wp.com\/lasprimeras.com.do\/wp-content\/uploads\/2026\/03\/secretario-de-Energia-1.jpg?resize=350%2C200&ssl=1","width":350,"height":200,"srcset":"https:\/\/i0.wp.com\/lasprimeras.com.do\/wp-content\/uploads\/2026\/03\/secretario-de-Energia-1.jpg?resize=350%2C200&ssl=1 1x, https:\/\/i0.wp.com\/lasprimeras.com.do\/wp-content\/uploads\/2026\/03\/secretario-de-Energia-1.jpg?resize=525%2C300&ssl=1 1.5x, https:\/\/i0.wp.com\/lasprimeras.com.do\/wp-content\/uploads\/2026\/03\/secretario-de-Energia-1.jpg?resize=700%2C400&ssl=1 2x"},"classes":[]},{"id":100912,"url":"https:\/\/lasprimeras.com.do\/index.php\/2025\/06\/13\/abinader-llama-a-un-gran-pacto-climatico-hemisferico-y-apoya-mision-de-paz-en-haiti\/","url_meta":{"origin":123991,"position":4},"title":"Abinader llama a un gran pacto clim\u00e1tico hemisf\u00e9rico y apoya misi\u00f3n de paz en Hait\u00ed","author":"Nelson Feliz","date":"13 de junio de 2025","format":false,"excerpt":"En la Cumbre Brasil\u2013Caribe, el mandatario dominicano propuso mayor integraci\u00f3n regional, advirti\u00f3 sobre el impacto del sargazo y urgi\u00f3 a respaldar la propuesta de la ONU para estabilizar Hait\u00ed. Brasilia, Brasil.\u2013 El presidente Luis Abinader hizo un llamado a construir un gran pacto clim\u00e1tico hemisf\u00e9rico para enfrentar con decisi\u00f3n los\u2026","rel":"","context":"En \u00abNACIONALES\u00bb","block_context":{"text":"NACIONALES","link":"https:\/\/lasprimeras.com.do\/index.php\/category\/nacionales\/"},"img":{"alt_text":"","src":"https:\/\/i0.wp.com\/lasprimeras.com.do\/wp-content\/uploads\/2025\/06\/una.jpg?resize=350%2C200&ssl=1","width":350,"height":200,"srcset":"https:\/\/i0.wp.com\/lasprimeras.com.do\/wp-content\/uploads\/2025\/06\/una.jpg?resize=350%2C200&ssl=1 1x, https:\/\/i0.wp.com\/lasprimeras.com.do\/wp-content\/uploads\/2025\/06\/una.jpg?resize=525%2C300&ssl=1 1.5x, https:\/\/i0.wp.com\/lasprimeras.com.do\/wp-content\/uploads\/2025\/06\/una.jpg?resize=700%2C400&ssl=1 2x"},"classes":[]},{"id":99056,"url":"https:\/\/lasprimeras.com.do\/index.php\/2025\/05\/16\/abinader-recibe-la-declaracion-de-santo-domingo-tras-culminar-la-xxii-cumbre-judicial-iberoamericana\/","url_meta":{"origin":123991,"position":5},"title":"Abinader recibe la Declaraci\u00f3n de Santo Domingo tras culminar la XXII Cumbre Judicial Iberoamericana","author":"Nelson Feliz","date":"16 de mayo de 2025","format":false,"excerpt":"Mandatario recibe en Palacio a representantes de los poderes judiciales de pa\u00edses participantes. El presidente Luis Abinader recibi\u00f3 este viernes la Declaraci\u00f3n de Santo Domingo, al cierre de la XXII Cumbre Judicial Iberoamericana, en la que 23 pa\u00edses reafirmaron su compromiso con una justicia m\u00e1s independiente, accesible y centrada en\u2026","rel":"","context":"En \u00abNACIONALES\u00bb","block_context":{"text":"NACIONALES","link":"https:\/\/lasprimeras.com.do\/index.php\/category\/nacionales\/"},"img":{"alt_text":"","src":"https:\/\/i0.wp.com\/lasprimeras.com.do\/wp-content\/uploads\/2025\/05\/Luis-Abinader-2-1.jpg?resize=350%2C200&ssl=1","width":350,"height":200,"srcset":"https:\/\/i0.wp.com\/lasprimeras.com.do\/wp-content\/uploads\/2025\/05\/Luis-Abinader-2-1.jpg?resize=350%2C200&ssl=1 1x, https:\/\/i0.wp.com\/lasprimeras.com.do\/wp-content\/uploads\/2025\/05\/Luis-Abinader-2-1.jpg?resize=525%2C300&ssl=1 1.5x, https:\/\/i0.wp.com\/lasprimeras.com.do\/wp-content\/uploads\/2025\/05\/Luis-Abinader-2-1.jpg?resize=700%2C400&ssl=1 2x"},"classes":[]}],"jetpack_sharing_enabled":true,"_links":{"self":[{"href":"https:\/\/lasprimeras.com.do\/index.php\/wp-json\/wp\/v2\/posts\/123991","targetHints":{"allow":["GET"]}}],"collection":[{"href":"https:\/\/lasprimeras.com.do\/index.php\/wp-json\/wp\/v2\/posts"}],"about":[{"href":"https:\/\/lasprimeras.com.do\/index.php\/wp-json\/wp\/v2\/types\/post"}],"author":[{"embeddable":true,"href":"https:\/\/lasprimeras.com.do\/index.php\/wp-json\/wp\/v2\/users\/10"}],"replies":[{"embeddable":true,"href":"https:\/\/lasprimeras.com.do\/index.php\/wp-json\/wp\/v2\/comments?post=123991"}],"version-history":[{"count":1,"href":"https:\/\/lasprimeras.com.do\/index.php\/wp-json\/wp\/v2\/posts\/123991\/revisions"}],"predecessor-version":[{"id":123993,"href":"https:\/\/lasprimeras.com.do\/index.php\/wp-json\/wp\/v2\/posts\/123991\/revisions\/123993"}],"wp:featuredmedia":[{"embeddable":true,"href":"https:\/\/lasprimeras.com.do\/index.php\/wp-json\/wp\/v2\/media\/123992"}],"wp:attachment":[{"href":"https:\/\/lasprimeras.com.do\/index.php\/wp-json\/wp\/v2\/media?parent=123991"}],"wp:term":[{"taxonomy":"category","embeddable":true,"href":"https:\/\/lasprimeras.com.do\/index.php\/wp-json\/wp\/v2\/categories?post=123991"},{"taxonomy":"post_tag","embeddable":true,"href":"https:\/\/lasprimeras.com.do\/index.php\/wp-json\/wp\/v2\/tags?post=123991"}],"curies":[{"name":"wp","href":"https:\/\/api.w.org\/{rel}","templated":true}]}}