{"id":124017,"date":"2026-03-07T21:09:01","date_gmt":"2026-03-08T01:09:01","guid":{"rendered":"https:\/\/lasprimeras.com.do\/?p=124017"},"modified":"2026-03-07T21:09:03","modified_gmt":"2026-03-08T01:09:03","slug":"accidentes-de-transito-el-principal-obstaculo-para-el-avance-de-la-salud-en-rd","status":"publish","type":"post","link":"https:\/\/lasprimeras.com.do\/index.php\/2026\/03\/07\/accidentes-de-transito-el-principal-obstaculo-para-el-avance-de-la-salud-en-rd\/","title":{"rendered":"Accidentes de tr\u00e1nsito: El principal obst\u00e1culo para el avance de la salud en RD"},"content":{"rendered":"\n<p>La Rep\u00fablica Dominicana ha logrado avances importantes hacia la cobertura universal de salud en los \u00faltimos a\u00f1os, aunque enfrenta desaf\u00edos estructurales como la mortalidad materno-infantil y el impacto de los accidentes de tr\u00e1nsito en la salud p\u00fablica, de acuerdo con un an\u00e1lisis del especialista Alberto Castillo Aroca.<\/p>\n\n\n\n<p>Castillo Aroca hizo el planteamiento al dictar la conferencia magistral \u201cSostenibilidad del sistema de salud dominicano\u201d, en el auditorio de la Biblioteca Octavio Antonio Cardenal Beras Rojas, de la Universidad Cat\u00f3lica Santo Domingo (UCSD, donde propuso una \u201crevoluci\u00f3n sanitaria digital\u201d para transformar el sistema de salud.<\/p>\n\n\n\n<p>El coloquio ante estudiantes, profesores y comunicadores estuvo enfocado en el esfuerzo por trazar soluciones ante los desaf\u00edos estructurales del sistema sanitario dominicano.<\/p>\n\n\n\n<p>Sobre la evoluci\u00f3n del sistema sanitario entre 2020 y 2026 se\u00f1al\u00f3 que el pa\u00eds ha democratizado el acceso a los servicios de salud mediante la ampliaci\u00f3n del Seguro Familiar de Salud (SFS), cuyos reg\u00edmenes contributivo y subsidiado cubren hoy a la gran mayor\u00eda de la poblaci\u00f3n.<\/p>\n\n\n\n<p>Castillo Aroca explic\u00f3 que este proceso ha permitido posicionar a la Rep\u00fablica Dominicana entre los pa\u00edses de la regi\u00f3n con mayor nivel de aseguramiento nominal, facilitando el acceso financiero a los servicios sanitarios.<\/p>\n\n\n\n<p>Tambi\u00e9n destac\u00f3 una expansi\u00f3n significativa de la red p\u00fablica de salud, con la entrega de nuevos hospitales, habilitaci\u00f3n de centros de atenci\u00f3n primaria y la incorporaci\u00f3n de tecnolog\u00eda m\u00e9dica como tom\u00f3grafos, mam\u00f3grafos 3D e incubadoras.<\/p>\n\n\n\n<p>Rese\u00f1\u00f3 que, en 2025, la red p\u00fablica registr\u00f3 cerca de 7.9 millones de consultas y m\u00e1s de 600 mil procedimientos quir\u00fargicos, reflejando un aumento en la capacidad de atenci\u00f3n del sistema.<\/p>\n\n\n\n<p>Entre los avances epidemiol\u00f3gicos recientes cit\u00f3 la reducci\u00f3n de casos de dengue, con ausencia de muertes en el per\u00edodo analizado, as\u00ed como el fortalecimiento del modelo HEARTS para el control de la hipertensi\u00f3n arterial, que mantiene seguimiento a cientos de miles de pacientes.<\/p>\n\n\n\n<p>No obstante, advirti\u00f3 sobre varias \u201cparadojas estructurales\u201d del sistema de salud, entre ellas, la persistencia de muertes maternas e infantiles por causas prevenibles, a pesar de que cerca del 99 % de los partos se realizan en centros de salud.<\/p>\n\n\n\n<p>Otro de los desaf\u00edos se\u00f1alados es la alta siniestralidad vial, considerada por el expositor como una \u201cepidemia silenciosa\u201d que genera mortalidad, discapacidad y una fuerte presi\u00f3n sobre los servicios de emergencia.<\/p>\n\n\n\n<p>En ese sentido, plantea la necesidad de fortalecer las pol\u00edticas de seguridad vial, incluyendo la implementaci\u00f3n de sistemas de fotomultas y una regulaci\u00f3n m\u00e1s estricta del transporte en motocicletas.<\/p>\n\n\n\n<p>El an\u00e1lisis tambi\u00e9n advierte sobre el impacto del envejecimiento poblacional y el aumento de las enfermedades cr\u00f3nicas, lo que obligar\u00e1 a reforzar la atenci\u00f3n primaria y adoptar nuevas herramientas tecnol\u00f3gicas para la gesti\u00f3n sanitaria.<\/p>\n\n\n\n<p>Seg\u00fan Castillo Aroca, el futuro del sistema de salud dominicano depender\u00e1 de su capacidad para avanzar hacia un modelo basado en inteligencia sanitaria, que utilice datos cl\u00ednicos e inteligencia artificial para anticipar brotes, identificar riesgos y mejorar la toma de decisiones en salud p\u00fablica.<\/p>\n\n\n\n<p>Durante su ponencia, Castillo Aroca, actualmente vinculado al Generative AI Accelerator de Google.org\u2014 expuso c\u00f3mo el uso de la Inteligencia Artificial (IA) y la anal\u00edtica avanzada pueden erradicar vicios hist\u00f3ricos.<\/p>\n\n\n\n<p>Destac\u00f3 la implementaci\u00f3n de la Receta Electr\u00f3nica para evitar el sesgo comercial en la prescripci\u00f3n de f\u00e1rmacos. La auditor\u00eda digital dirigida a reducir las ces\u00e1reas e internamientos innecesarios que encarecen el sistema. Y la urgencia de un Expediente \u00danico Interoperable que unifique la atenci\u00f3n p\u00fablica y privada.<\/p>\n\n\n\n<p>Durante la conferencia fue presentado el &#8220;Dec\u00e1logo de la Revoluci\u00f3n Sanitaria en Rep\u00fablica Dominicana&#8221;, un documento le\u00eddo por el embajador Fausto J\u00e1quez, que establece una hoja de ruta de diez puntos cr\u00edticos que van desde la predicci\u00f3n epidemiol\u00f3gica hasta un nuevo pacto gremial basado en el desempe\u00f1o y la \u00e9tica m\u00e9dica.<\/p>\n\n\n\n<p>&#8220;Estamos ante el dise\u00f1o de un nuevo contrato social por la salud del pueblo dominicano&#8221;, adelant\u00f3.<\/p>\n\n\n\n<p>El evento rindi\u00f3 homenaje al doctor Bernardo Defill\u00f3, y cont\u00f3 con la participaci\u00f3n del ingeniero Osiris de Le\u00f3n, quien actu\u00f3 como validador t\u00e9cnico de las crisis de infraestructura y datos que afectan el sector, y del embajador J\u00e1quez, quien aport\u00f3 la visi\u00f3n de experiencia institucional necesaria para un cambio de paradigma.<\/p>\n\n\n\n<p>La actividad cient\u00edfica const\u00f3 con el apoyo de la Universidad Cat\u00f3lica Santo Domingo, el C\u00edrculo de Periodistas de la Salud (CIPESA), y los peri\u00f3dicos Portada M\u00e9dica y Nuevo Eco. Net.<\/p>\n","protected":false},"excerpt":{"rendered":"<p>La Rep\u00fablica Dominicana ha logrado avances importantes hacia la cobertura universal de salud en los \u00faltimos a\u00f1os, aunque enfrenta desaf\u00edos estructurales como la mortalidad materno-infantil y el impacto de los&hellip;<\/p>\n","protected":false},"author":10,"featured_media":124018,"comment_status":"open","ping_status":"open","sticky":false,"template":"","format":"standard","meta":{"content-type":"","jetpack_post_was_ever_published":false,"_jetpack_newsletter_access":"","_jetpack_dont_email_post_to_subs":false,"_jetpack_newsletter_tier_id":0,"_jetpack_memberships_contains_paywalled_content":false,"_jetpack_memberships_contains_paid_content":false,"footnotes":""},"categories":[35,25],"tags":[1331,609,5212,216,30956,127,813,2049],"class_list":["post-124017","post","type-post","status-publish","format-standard","has-post-thumbnail","hentry","category-nacionales","category-portada","tag-accidentes","tag-avanza","tag-cobertura","tag-crisis","tag-grandes-retos","tag-rd","tag-salud","tag-transito"],"jetpack_featured_media_url":"https:\/\/lasprimeras.com.do\/wp-content\/uploads\/2026\/03\/Castillo-Aroca.jpg","jetpack-related-posts":[{"id":122944,"url":"https:\/\/lasprimeras.com.do\/index.php\/2026\/02\/23\/sisalril-presenta-logros-y-avances-en-la-proteccion-de-la-salud-y-riesgos-laborales-en-2025\/","url_meta":{"origin":124017,"position":0},"title":"SISALRIL presenta logros y avances en la protecci\u00f3n de la salud y riesgos laborales en 2025","author":"Nelson Feliz","date":"23 de febrero de 2026","format":false,"excerpt":"-La instituci\u00f3n destac\u00f3 que el 97.5% de la poblaci\u00f3n cuenta con cobertura en el Seguro Familiar de Salud (SFS). -M\u00e1s de 40 nuevos medicamentos, cirug\u00edas de reducci\u00f3n de senos, antirretrovirales, entre otros tratamientos y beneficios en el Plan B\u00e1sico de Salud. -Aumento de cobertura para atenci\u00f3n por accidentes de tr\u00e1nsito\u2026","rel":"","context":"En \u00abECONOM\u00cdA\u00bb","block_context":{"text":"ECONOM\u00cdA","link":"https:\/\/lasprimeras.com.do\/index.php\/category\/economia\/"},"img":{"alt_text":"SISALRIL","src":"https:\/\/i0.wp.com\/lasprimeras.com.do\/wp-content\/uploads\/2026\/02\/SISALRIL-fachada-1-1.jpg?resize=350%2C200&ssl=1","width":350,"height":200,"srcset":"https:\/\/i0.wp.com\/lasprimeras.com.do\/wp-content\/uploads\/2026\/02\/SISALRIL-fachada-1-1.jpg?resize=350%2C200&ssl=1 1x, https:\/\/i0.wp.com\/lasprimeras.com.do\/wp-content\/uploads\/2026\/02\/SISALRIL-fachada-1-1.jpg?resize=525%2C300&ssl=1 1.5x, https:\/\/i0.wp.com\/lasprimeras.com.do\/wp-content\/uploads\/2026\/02\/SISALRIL-fachada-1-1.jpg?resize=700%2C400&ssl=1 2x"},"classes":[]},{"id":122277,"url":"https:\/\/lasprimeras.com.do\/index.php\/2026\/02\/15\/sisalril-aumenta-cobertura-para-atenciones-medicas-por-accidentes-de-transito\/","url_meta":{"origin":124017,"position":1},"title":"SISALRIL aumenta cobertura para atenciones m\u00e9dicas por accidentes de tr\u00e1nsito","author":"Nelson Feliz","date":"15 de febrero de 2026","format":false,"excerpt":"La disposici\u00f3n entr\u00f3 en vigor a partir del 01 de febrero de 2026. La Superintendencia de Salud y Riesgos Laborales (SISALRIL) inform\u00f3 el aumento de la cobertura de accidentes de tr\u00e1nsito en el Seguro Familiar de Salud y la entrada en vigor de otras disposiciones, tras el ajuste anual del\u2026","rel":"","context":"En \u00abECONOM\u00cdA\u00bb","block_context":{"text":"ECONOM\u00cdA","link":"https:\/\/lasprimeras.com.do\/index.php\/category\/economia\/"},"img":{"alt_text":"accidentes de motocicletas","src":"https:\/\/i0.wp.com\/lasprimeras.com.do\/wp-content\/uploads\/2024\/03\/accidentes-de-motocicletas.jpeg?resize=350%2C200&ssl=1","width":350,"height":200,"srcset":"https:\/\/i0.wp.com\/lasprimeras.com.do\/wp-content\/uploads\/2024\/03\/accidentes-de-motocicletas.jpeg?resize=350%2C200&ssl=1 1x, https:\/\/i0.wp.com\/lasprimeras.com.do\/wp-content\/uploads\/2024\/03\/accidentes-de-motocicletas.jpeg?resize=525%2C300&ssl=1 1.5x, https:\/\/i0.wp.com\/lasprimeras.com.do\/wp-content\/uploads\/2024\/03\/accidentes-de-motocicletas.jpeg?resize=700%2C400&ssl=1 2x"},"classes":[]},{"id":89676,"url":"https:\/\/lasprimeras.com.do\/index.php\/2024\/10\/02\/sistema-911-coordina-asistencia-en-accidente-de-transito-multiple-en-monsenor-nouel\/","url_meta":{"origin":124017,"position":2},"title":"Sistema 911 coordina asistencia en accidente de tr\u00e1nsito m\u00faltiple en Monse\u00f1or Nouel","author":"Paola Castillo","date":"2 de octubre de 2024","format":false,"excerpt":"Monse\u00f1or Nouel. - El Sistema Nacional de Atenci\u00f3n a Emergencias y Seguridad 911 coordin\u00f3 la respuesta a un accidente de tr\u00e1nsito ocurrido en la autopista Duarte, a la altura del sector El Setenta y Siete, municipio de Piedra Blanca. El incidente involucr\u00f3 a cinco veh\u00edculos, entre ellos un autob\u00fas y\u2026","rel":"","context":"En \u00abNACIONALES\u00bb","block_context":{"text":"NACIONALES","link":"https:\/\/lasprimeras.com.do\/index.php\/category\/nacionales\/"},"img":{"alt_text":"","src":"https:\/\/i0.wp.com\/lasprimeras.com.do\/wp-content\/uploads\/2024\/10\/911-1.jpeg?resize=350%2C200&ssl=1","width":350,"height":200,"srcset":"https:\/\/i0.wp.com\/lasprimeras.com.do\/wp-content\/uploads\/2024\/10\/911-1.jpeg?resize=350%2C200&ssl=1 1x, https:\/\/i0.wp.com\/lasprimeras.com.do\/wp-content\/uploads\/2024\/10\/911-1.jpeg?resize=525%2C300&ssl=1 1.5x, https:\/\/i0.wp.com\/lasprimeras.com.do\/wp-content\/uploads\/2024\/10\/911-1.jpeg?resize=700%2C400&ssl=1 2x, https:\/\/i0.wp.com\/lasprimeras.com.do\/wp-content\/uploads\/2024\/10\/911-1.jpeg?resize=1050%2C600&ssl=1 3x, https:\/\/i0.wp.com\/lasprimeras.com.do\/wp-content\/uploads\/2024\/10\/911-1.jpeg?resize=1400%2C800&ssl=1 4x"},"classes":[]},{"id":76178,"url":"https:\/\/lasprimeras.com.do\/index.php\/2024\/02\/08\/911-coordina-asistencia-a-afectados-de-accidente-de-transito-en-guayacanes\/","url_meta":{"origin":124017,"position":3},"title":"911 coordina asistencia a afectados de accidente de tr\u00e1nsito en Guayacanes","author":"Nelson Feliz","date":"8 de febrero de 2024","format":false,"excerpt":"Once unidades de las agencias de respuesta en escena. Reportan ocho afectados asistidos y trasladados a centros de salud cercanos. El 911 inform\u00f3 que brinda asistencia a un accidente de tr\u00e1nsito entre un cami\u00f3n, un carro y un autob\u00fas, en un hecho ocurrido en la Autov\u00eda del Este, municipio Guayacanes.\u2026","rel":"","context":"En \u00abNACIONALES\u00bb","block_context":{"text":"NACIONALES","link":"https:\/\/lasprimeras.com.do\/index.php\/category\/nacionales\/"},"img":{"alt_text":"911 coordina asistencia a afectados de accidente de tr\u00e1nsito en Guayacan...","src":"https:\/\/i0.wp.com\/lasprimeras.com.do\/wp-content\/uploads\/2024\/02\/911-coordina-asistencia-a-afectados-de-accidente-de-transito-en-Guayacan.-1.jpeg?resize=350%2C200&ssl=1","width":350,"height":200,"srcset":"https:\/\/i0.wp.com\/lasprimeras.com.do\/wp-content\/uploads\/2024\/02\/911-coordina-asistencia-a-afectados-de-accidente-de-transito-en-Guayacan.-1.jpeg?resize=350%2C200&ssl=1 1x, https:\/\/i0.wp.com\/lasprimeras.com.do\/wp-content\/uploads\/2024\/02\/911-coordina-asistencia-a-afectados-de-accidente-de-transito-en-Guayacan.-1.jpeg?resize=525%2C300&ssl=1 1.5x, https:\/\/i0.wp.com\/lasprimeras.com.do\/wp-content\/uploads\/2024\/02\/911-coordina-asistencia-a-afectados-de-accidente-de-transito-en-Guayacan.-1.jpeg?resize=700%2C400&ssl=1 2x"},"classes":[]},{"id":71444,"url":"https:\/\/lasprimeras.com.do\/index.php\/2023\/12\/19\/senasa-promueve-pacto-por-la-prevencion-y-tu-salud-durante-festividades-navidenas\/","url_meta":{"origin":124017,"position":4},"title":"SeNaSa promueve \u201cpacto por la prevenci\u00f3n y tu salud\u201d durante festividades navide\u00f1as","author":"Nelson Feliz","date":"19 de diciembre de 2023","format":false,"excerpt":"El director ejecutivo de SeNaSa, doctor Santiago Hazim invit\u00f3 a sus 7.5 millones de afiliados y a la poblaci\u00f3n en general a hacer un \u201cpacto por la prevenci\u00f3n y tu salud\u201d, durante las festividades navide\u00f1as, a prop\u00f3sito que se aproxima la conmemoraci\u00f3n de la Nochebuena, la Navidad y la celebraci\u00f3n\u2026","rel":"","context":"En \u00abPORTADA\u00bb","block_context":{"text":"PORTADA","link":"https:\/\/lasprimeras.com.do\/index.php\/category\/portada\/"},"img":{"alt_text":"Santiago Hazim","src":"https:\/\/i0.wp.com\/lasprimeras.com.do\/wp-content\/uploads\/2023\/12\/Santiago-Hazim.jpg?resize=350%2C200&ssl=1","width":350,"height":200,"srcset":"https:\/\/i0.wp.com\/lasprimeras.com.do\/wp-content\/uploads\/2023\/12\/Santiago-Hazim.jpg?resize=350%2C200&ssl=1 1x, https:\/\/i0.wp.com\/lasprimeras.com.do\/wp-content\/uploads\/2023\/12\/Santiago-Hazim.jpg?resize=525%2C300&ssl=1 1.5x"},"classes":[]},{"id":72463,"url":"https:\/\/lasprimeras.com.do\/index.php\/2023\/12\/29\/area-vi-de-salud-en-operativo-navideno-para-la-prevencion-de-accidentes-de-transito\/","url_meta":{"origin":124017,"position":5},"title":"\u00c1rea VI de Salud en Operativo Navide\u00f1o para la Prevenci\u00f3n de Accidentes de Transito","author":"Nelson Feliz","date":"29 de diciembre de 2023","format":false,"excerpt":"La Direcci\u00f3n Municipal del \u00c1rea VI de Salud, que dirige la doctora Karen G\u00f3mez Romano, a trav\u00e9s del programa de Prevenci\u00f3n de Lesiones y Violencia -PRELVI-, realiz\u00f3 este viernes un operativo de educaci\u00f3n y concienciaci\u00f3n a los transportistas del kil\u00f3metro nueve de la Carretera Duarte, con el objetivo de que\u2026","rel":"","context":"En \u00abNACIONALES\u00bb","block_context":{"text":"NACIONALES","link":"https:\/\/lasprimeras.com.do\/index.php\/category\/nacionales\/"},"img":{"alt_text":"","src":"https:\/\/i0.wp.com\/lasprimeras.com.do\/wp-content\/uploads\/2023\/12\/ope-1.jpg?resize=350%2C200&ssl=1","width":350,"height":200,"srcset":"https:\/\/i0.wp.com\/lasprimeras.com.do\/wp-content\/uploads\/2023\/12\/ope-1.jpg?resize=350%2C200&ssl=1 1x, https:\/\/i0.wp.com\/lasprimeras.com.do\/wp-content\/uploads\/2023\/12\/ope-1.jpg?resize=525%2C300&ssl=1 1.5x, https:\/\/i0.wp.com\/lasprimeras.com.do\/wp-content\/uploads\/2023\/12\/ope-1.jpg?resize=700%2C400&ssl=1 2x"},"classes":[]}],"jetpack_sharing_enabled":true,"_links":{"self":[{"href":"https:\/\/lasprimeras.com.do\/index.php\/wp-json\/wp\/v2\/posts\/124017","targetHints":{"allow":["GET"]}}],"collection":[{"href":"https:\/\/lasprimeras.com.do\/index.php\/wp-json\/wp\/v2\/posts"}],"about":[{"href":"https:\/\/lasprimeras.com.do\/index.php\/wp-json\/wp\/v2\/types\/post"}],"author":[{"embeddable":true,"href":"https:\/\/lasprimeras.com.do\/index.php\/wp-json\/wp\/v2\/users\/10"}],"replies":[{"embeddable":true,"href":"https:\/\/lasprimeras.com.do\/index.php\/wp-json\/wp\/v2\/comments?post=124017"}],"version-history":[{"count":1,"href":"https:\/\/lasprimeras.com.do\/index.php\/wp-json\/wp\/v2\/posts\/124017\/revisions"}],"predecessor-version":[{"id":124019,"href":"https:\/\/lasprimeras.com.do\/index.php\/wp-json\/wp\/v2\/posts\/124017\/revisions\/124019"}],"wp:featuredmedia":[{"embeddable":true,"href":"https:\/\/lasprimeras.com.do\/index.php\/wp-json\/wp\/v2\/media\/124018"}],"wp:attachment":[{"href":"https:\/\/lasprimeras.com.do\/index.php\/wp-json\/wp\/v2\/media?parent=124017"}],"wp:term":[{"taxonomy":"category","embeddable":true,"href":"https:\/\/lasprimeras.com.do\/index.php\/wp-json\/wp\/v2\/categories?post=124017"},{"taxonomy":"post_tag","embeddable":true,"href":"https:\/\/lasprimeras.com.do\/index.php\/wp-json\/wp\/v2\/tags?post=124017"}],"curies":[{"name":"wp","href":"https:\/\/api.w.org\/{rel}","templated":true}]}}