{"id":124023,"date":"2026-03-07T21:40:40","date_gmt":"2026-03-08T01:40:40","guid":{"rendered":"https:\/\/lasprimeras.com.do\/?p=124023"},"modified":"2026-03-07T21:40:41","modified_gmt":"2026-03-08T01:40:41","slug":"sisalril-profundiza-con-especialistas-modelo-de-per-capita-diferenciado","status":"publish","type":"post","link":"https:\/\/lasprimeras.com.do\/index.php\/2026\/03\/07\/sisalril-profundiza-con-especialistas-modelo-de-per-capita-diferenciado\/","title":{"rendered":"SISALRIL profundiza con especialistas modelo de per c\u00e1pita diferenciado"},"content":{"rendered":"\n<p><strong>La instituci\u00f3n llev\u00f3 a cabo la tercera edici\u00f3n de Aula SISALRIL, espacio que promovi\u00f3 el an\u00e1lisis y estudio del nuevo esquema de redistribuci\u00f3n de recursos a las ARS.<\/strong><\/p>\n\n\n\n<p>Con el tema \u201cModelo de per c\u00e1pita diferenciado y su v\u00ednculo con los principios y derechos de la Seguridad Social\u201d, la Superintendencia de Salud y Riesgos Laborales (SISALRIL) llev\u00f3 a cabo la tercera edici\u00f3n de \u201cAula SISALRIL\u201d, en donde diversos especialistas profundizaron elementos relevantes sobre la implementaci\u00f3n del nuevo esquema de redistribuci\u00f3n de recursos a las ARS en el pa\u00eds.<\/p>\n\n\n\n<p>Este modelo, aprobado por el Consejo Nacional de la Seguridad Social (CNSS), introdujo un mecanismo de equilibrio que asegura la protecci\u00f3n del Seguro Familiar de Salud (SFS) a largo plazo, mediante la asignaci\u00f3n de fondos a las ARS seg\u00fan el perfil de riesgo por edad y sexo de sus afiliados, sin perjudicar ni afectar a la poblaci\u00f3n perteneciente al R\u00e9gimen Contributivo.<\/p>\n\n\n\n<p>Es decir, que todos los beneficios, coberturas de salud, acceso a la atenci\u00f3n m\u00e9dica, as\u00ed como la calidad de los servicios y las condiciones del Plan B\u00e1sico de Salud actuales se mantienen invariables en favor de los afiliados.<\/p>\n\n\n\n<p>La actividad estuvo encabezada por el superintendente, Miguel Ceara Hatton, quien reafirm\u00f3 su compromiso con el fortalecimiento y la sostenibilidad financiera del sistema con un modelo m\u00e1s humano y eficiente, ejerciendo con determinaci\u00f3n el rol regulador que le compete a la instituci\u00f3n.<\/p>\n\n\n\n<p>\u201cApostamos a un sistema de seguridad social fortalecido, humano, responsable y m\u00e1s equitativo, concentrado en garantizar el acceso y cobertura de salud de los m\u00e1s vulnerables y de toda la poblaci\u00f3n afiliada de la Rep\u00fablica Dominicana\u201d, expres\u00f3 Ceara Hatton, durante sus palabras de inicio del evento.<\/p>\n\n\n\n<p>Esta tercera edici\u00f3n de \u201cAula SISALRIL\u201d cont\u00f3 con la participaci\u00f3n de destacados expositores, entre ellos los juristas especializados en derecho p\u00fablico, Crist\u00f3bal Rodr\u00edguez y Jaime Rodr\u00edguez. Asimismo, intervinieron el experto en seguridad social, Arismendi D\u00edaz, y la directora de Gesti\u00f3n Actuarial de la SISALRIL, Leticia Mart\u00ednez.<\/p>\n\n\n\n<p>Durante la jornada, se abri\u00f3 una sesi\u00f3n de preguntas y respuestas, que permiti\u00f3 al p\u00fablico interactuar con los especialistas, profundizando as\u00ed en los detalles t\u00e9cnicos del per c\u00e1pita diferenciado.<\/p>\n\n\n\n<p>La relevancia del encuentro qued\u00f3 evidenciada por la asistencia de destacadas figuras como Efr\u00e9n Cuello, viceministro de Trabajo; Anneline Escoto, subgerente del CNSS, entre otras importantes personalidades.<\/p>\n\n\n\n<p>\u201cAula SISALRIL\u201d es un espacio acad\u00e9mico y t\u00e9cnico creado por la Superintendencia de Salud y Riesgos Laborales (SISALRIL) de la Rep\u00fablica Dominicana para analizar temas de inter\u00e9s nacional en el Sistema Dominicano de Seguridad Social (SDSS). Est\u00e1 dirigido a afiliados, especialistas, catedr\u00e1ticos y ciudadanos interesados en entender mejor el funcionamiento del seguro de salud y riesgos laborales.<\/p>\n","protected":false},"excerpt":{"rendered":"<p>La instituci\u00f3n llev\u00f3 a cabo la tercera edici\u00f3n de Aula SISALRIL, espacio que promovi\u00f3 el an\u00e1lisis y estudio del nuevo esquema de redistribuci\u00f3n de recursos a las ARS. Con el&hellip;<\/p>\n","protected":false},"author":10,"featured_media":124024,"comment_status":"open","ping_status":"open","sticky":false,"template":"","format":"standard","meta":{"content-type":"","jetpack_post_was_ever_published":false,"_jetpack_newsletter_access":"","_jetpack_dont_email_post_to_subs":false,"_jetpack_newsletter_tier_id":0,"_jetpack_memberships_contains_paywalled_content":false,"_jetpack_memberships_contains_paid_content":false,"footnotes":""},"categories":[16558],"tags":[30959,1235,1432,20941,15978,15084,7863],"class_list":["post-124023","post","type-post","status-publish","format-standard","has-post-thumbnail","hentry","category-salud","tag-diferenciado","tag-especialistas","tag-modelo","tag-per-capita","tag-profundiza","tag-seguridad-social","tag-sisalril"],"jetpack_featured_media_url":"https:\/\/lasprimeras.com.do\/wp-content\/uploads\/2026\/03\/Miguel-Ceara-Hatton-durante-discurso.jpg","jetpack-related-posts":[{"id":101892,"url":"https:\/\/lasprimeras.com.do\/index.php\/2025\/06\/27\/sisalril-reitera-propuesta-de-per-capita-diferenciadoa-ars-no-afecta-a-los-afiliados\/","url_meta":{"origin":124023,"position":0},"title":"SISALRIL reitera propuesta de per c\u00e1pita diferenciadoa ARS no afecta a los afiliados","author":"Nelson Feliz","date":"27 de junio de 2025","format":false,"excerpt":"La Superintendencia de Salud y Riesgos Laborales (SISALRIL) reitera que la propuesta de per c\u00e1pita diferenciado, que tiene como prop\u00f3sito asegurar un sistema m\u00e1s justo y eficiente, no perjudica ni afecta a los afiliados del R\u00e9gimen Contributivo en el Seguro Familiar de Salud (SFS). La propuesta mantiene todos los beneficios,\u2026","rel":"","context":"En \u00abSALUD\u00bb","block_context":{"text":"SALUD","link":"https:\/\/lasprimeras.com.do\/index.php\/category\/salud\/"},"img":{"alt_text":"","src":"https:\/\/i0.wp.com\/lasprimeras.com.do\/wp-content\/uploads\/2025\/06\/SISALRIL-4.jpg?resize=350%2C200&ssl=1","width":350,"height":200,"srcset":"https:\/\/i0.wp.com\/lasprimeras.com.do\/wp-content\/uploads\/2025\/06\/SISALRIL-4.jpg?resize=350%2C200&ssl=1 1x, https:\/\/i0.wp.com\/lasprimeras.com.do\/wp-content\/uploads\/2025\/06\/SISALRIL-4.jpg?resize=525%2C300&ssl=1 1.5x, https:\/\/i0.wp.com\/lasprimeras.com.do\/wp-content\/uploads\/2025\/06\/SISALRIL-4.jpg?resize=700%2C400&ssl=1 2x"},"classes":[]},{"id":113571,"url":"https:\/\/lasprimeras.com.do\/index.php\/2025\/11\/04\/ceara-hatton-per-capita-diferenciada-beneficia-a-los-afiliados-mas-vulnerables\/","url_meta":{"origin":124023,"position":1},"title":"Ceara Hatton: Per c\u00e1pita diferenciada beneficia a los afiliados m\u00e1s vulnerables","author":"Nelson Feliz","date":"4 de noviembre de 2025","format":false,"excerpt":"La disposici\u00f3n, aprobada recientemente por el CNSS, no afecta a los afiliados ni altera sus beneficios en salud. Este modelo de redistribuci\u00f3n de recursos a las ARS asegura un sistema de salud m\u00e1s justo y sostenible. El superintendente de Salud y Riesgos Laborales (SISALRIL), Miguel Ceara Hatton, afirm\u00f3 que la\u2026","rel":"","context":"En \u00abECONOM\u00cdA\u00bb","block_context":{"text":"ECONOM\u00cdA","link":"https:\/\/lasprimeras.com.do\/index.php\/category\/economia\/"},"img":{"alt_text":"","src":"https:\/\/i0.wp.com\/lasprimeras.com.do\/wp-content\/uploads\/2025\/11\/Miguel-Ceara-Hatton.jpg?resize=350%2C200&ssl=1","width":350,"height":200,"srcset":"https:\/\/i0.wp.com\/lasprimeras.com.do\/wp-content\/uploads\/2025\/11\/Miguel-Ceara-Hatton.jpg?resize=350%2C200&ssl=1 1x, https:\/\/i0.wp.com\/lasprimeras.com.do\/wp-content\/uploads\/2025\/11\/Miguel-Ceara-Hatton.jpg?resize=525%2C300&ssl=1 1.5x, https:\/\/i0.wp.com\/lasprimeras.com.do\/wp-content\/uploads\/2025\/11\/Miguel-Ceara-Hatton.jpg?resize=700%2C400&ssl=1 2x"},"classes":[]},{"id":100283,"url":"https:\/\/lasprimeras.com.do\/index.php\/2025\/06\/04\/sisalril-garantiza-la-sostenibilidad-financiera-y-social-del-seguro-familiar-de-salud\/","url_meta":{"origin":124023,"position":2},"title":"SISALRIL garantiza la sostenibilidad financiera y social del Seguro Familiar de Salud","author":"Nelson Feliz","date":"4 de junio de 2025","format":false,"excerpt":"Busca equidad y sostenibilidad en salud con propuesta de per c\u00e1pita diferenciado. La Superintendencia de Salud y Riesgos Laborales (SISALRIL) busca garantizar la sostenibilidad financiera y social del Seguro Familiar de Salud (SFS), con el avance de una propuesta de distribuci\u00f3n equitativa de los recursos a las Administradoras de Riesgos\u2026","rel":"","context":"En \u00abSALUD\u00bb","block_context":{"text":"SALUD","link":"https:\/\/lasprimeras.com.do\/index.php\/category\/salud\/"},"img":{"alt_text":"","src":"https:\/\/i0.wp.com\/lasprimeras.com.do\/wp-content\/uploads\/2025\/06\/Sisalril.jpg?resize=350%2C200&ssl=1","width":350,"height":200,"srcset":"https:\/\/i0.wp.com\/lasprimeras.com.do\/wp-content\/uploads\/2025\/06\/Sisalril.jpg?resize=350%2C200&ssl=1 1x, https:\/\/i0.wp.com\/lasprimeras.com.do\/wp-content\/uploads\/2025\/06\/Sisalril.jpg?resize=525%2C300&ssl=1 1.5x, https:\/\/i0.wp.com\/lasprimeras.com.do\/wp-content\/uploads\/2025\/06\/Sisalril.jpg?resize=700%2C400&ssl=1 2x"},"classes":[]},{"id":113091,"url":"https:\/\/lasprimeras.com.do\/index.php\/2025\/10\/29\/seis-ars-se-oponen-a-propuesta-de-la-sisalril-y-proponen-otro-modelo-de-distribucion-de-fondos\/","url_meta":{"origin":124023,"position":3},"title":"Seis ARS se oponen a propuesta de la Sisalril y proponen otro modelo de distribuci\u00f3n de fondos","author":"Nelson Feliz","date":"29 de octubre de 2025","format":false,"excerpt":"Las seis empresas agrupadas bajo la Asociaci\u00f3n de Iguales M\u00e9dicas y Administradoras de Riesgos de Salud (Adimars) rechazaron la propuesta de per c\u00e1pita diferenciada de la Superintendencia de Salud y Riesgos Laborales (Sisalril), a punto de aprobarse, y plantearon un nuevo modelo que afectar\u00eda menos sus ingresos. Adimars se opone\u2026","rel":"","context":"En \u00abECONOM\u00cdA\u00bb","block_context":{"text":"ECONOM\u00cdA","link":"https:\/\/lasprimeras.com.do\/index.php\/category\/economia\/"},"img":{"alt_text":"","src":"https:\/\/i0.wp.com\/lasprimeras.com.do\/wp-content\/uploads\/2025\/10\/seis-ars-se-oponen-a-propuesta-de-la-sisalril-y-proponen-otro-modelo-de-distribucion-de-fondos.jpg?resize=350%2C200&ssl=1","width":350,"height":200,"srcset":"https:\/\/i0.wp.com\/lasprimeras.com.do\/wp-content\/uploads\/2025\/10\/seis-ars-se-oponen-a-propuesta-de-la-sisalril-y-proponen-otro-modelo-de-distribucion-de-fondos.jpg?resize=350%2C200&ssl=1 1x, https:\/\/i0.wp.com\/lasprimeras.com.do\/wp-content\/uploads\/2025\/10\/seis-ars-se-oponen-a-propuesta-de-la-sisalril-y-proponen-otro-modelo-de-distribucion-de-fondos.jpg?resize=525%2C300&ssl=1 1.5x"},"classes":[]},{"id":122944,"url":"https:\/\/lasprimeras.com.do\/index.php\/2026\/02\/23\/sisalril-presenta-logros-y-avances-en-la-proteccion-de-la-salud-y-riesgos-laborales-en-2025\/","url_meta":{"origin":124023,"position":4},"title":"SISALRIL presenta logros y avances en la protecci\u00f3n de la salud y riesgos laborales en 2025","author":"Nelson Feliz","date":"23 de febrero de 2026","format":false,"excerpt":"-La instituci\u00f3n destac\u00f3 que el 97.5% de la poblaci\u00f3n cuenta con cobertura en el Seguro Familiar de Salud (SFS). -M\u00e1s de 40 nuevos medicamentos, cirug\u00edas de reducci\u00f3n de senos, antirretrovirales, entre otros tratamientos y beneficios en el Plan B\u00e1sico de Salud. -Aumento de cobertura para atenci\u00f3n por accidentes de tr\u00e1nsito\u2026","rel":"","context":"En \u00abECONOM\u00cdA\u00bb","block_context":{"text":"ECONOM\u00cdA","link":"https:\/\/lasprimeras.com.do\/index.php\/category\/economia\/"},"img":{"alt_text":"SISALRIL","src":"https:\/\/i0.wp.com\/lasprimeras.com.do\/wp-content\/uploads\/2026\/02\/SISALRIL-fachada-1-1.jpg?resize=350%2C200&ssl=1","width":350,"height":200,"srcset":"https:\/\/i0.wp.com\/lasprimeras.com.do\/wp-content\/uploads\/2026\/02\/SISALRIL-fachada-1-1.jpg?resize=350%2C200&ssl=1 1x, https:\/\/i0.wp.com\/lasprimeras.com.do\/wp-content\/uploads\/2026\/02\/SISALRIL-fachada-1-1.jpg?resize=525%2C300&ssl=1 1.5x, https:\/\/i0.wp.com\/lasprimeras.com.do\/wp-content\/uploads\/2026\/02\/SISALRIL-fachada-1-1.jpg?resize=700%2C400&ssl=1 2x"},"classes":[]},{"id":121957,"url":"https:\/\/lasprimeras.com.do\/index.php\/2026\/02\/11\/adimars-y-la-casc-advierten-sobre-riesgo-en-la-estabilidad-del-seguro-familiar-de-salud\/","url_meta":{"origin":124023,"position":5},"title":"ADIMARS y la CASC advierten sobre riesgo en la estabilidad del Seguro Familiar de Salud","author":"Nelson Feliz","date":"11 de febrero de 2026","format":false,"excerpt":"ORLANDO ARIAS Una alerta seria y bien fundamentada ha sido lanzada por la Asociaci\u00f3n Dominicana de Administradoras de Riesgos de Salud (ADIMARS) en torno a la implementaci\u00f3n de la c\u00e1pita diferenciada por edad y sexo, aprobada mediante la Resoluci\u00f3n 624-02 del Consejo Nacional de la Seguridad Social. La entidad sostiene\u2026","rel":"","context":"En \u00abSALUD\u00bb","block_context":{"text":"SALUD","link":"https:\/\/lasprimeras.com.do\/index.php\/category\/salud\/"},"img":{"alt_text":"","src":"https:\/\/i0.wp.com\/lasprimeras.com.do\/wp-content\/uploads\/2026\/02\/riesgo-1.jpg?resize=350%2C200&ssl=1","width":350,"height":200,"srcset":"https:\/\/i0.wp.com\/lasprimeras.com.do\/wp-content\/uploads\/2026\/02\/riesgo-1.jpg?resize=350%2C200&ssl=1 1x, https:\/\/i0.wp.com\/lasprimeras.com.do\/wp-content\/uploads\/2026\/02\/riesgo-1.jpg?resize=525%2C300&ssl=1 1.5x, https:\/\/i0.wp.com\/lasprimeras.com.do\/wp-content\/uploads\/2026\/02\/riesgo-1.jpg?resize=700%2C400&ssl=1 2x"},"classes":[]}],"jetpack_sharing_enabled":true,"_links":{"self":[{"href":"https:\/\/lasprimeras.com.do\/index.php\/wp-json\/wp\/v2\/posts\/124023","targetHints":{"allow":["GET"]}}],"collection":[{"href":"https:\/\/lasprimeras.com.do\/index.php\/wp-json\/wp\/v2\/posts"}],"about":[{"href":"https:\/\/lasprimeras.com.do\/index.php\/wp-json\/wp\/v2\/types\/post"}],"author":[{"embeddable":true,"href":"https:\/\/lasprimeras.com.do\/index.php\/wp-json\/wp\/v2\/users\/10"}],"replies":[{"embeddable":true,"href":"https:\/\/lasprimeras.com.do\/index.php\/wp-json\/wp\/v2\/comments?post=124023"}],"version-history":[{"count":1,"href":"https:\/\/lasprimeras.com.do\/index.php\/wp-json\/wp\/v2\/posts\/124023\/revisions"}],"predecessor-version":[{"id":124025,"href":"https:\/\/lasprimeras.com.do\/index.php\/wp-json\/wp\/v2\/posts\/124023\/revisions\/124025"}],"wp:featuredmedia":[{"embeddable":true,"href":"https:\/\/lasprimeras.com.do\/index.php\/wp-json\/wp\/v2\/media\/124024"}],"wp:attachment":[{"href":"https:\/\/lasprimeras.com.do\/index.php\/wp-json\/wp\/v2\/media?parent=124023"}],"wp:term":[{"taxonomy":"category","embeddable":true,"href":"https:\/\/lasprimeras.com.do\/index.php\/wp-json\/wp\/v2\/categories?post=124023"},{"taxonomy":"post_tag","embeddable":true,"href":"https:\/\/lasprimeras.com.do\/index.php\/wp-json\/wp\/v2\/tags?post=124023"}],"curies":[{"name":"wp","href":"https:\/\/api.w.org\/{rel}","templated":true}]}}