{"id":124033,"date":"2026-03-08T09:15:04","date_gmt":"2026-03-08T13:15:04","guid":{"rendered":"https:\/\/lasprimeras.com.do\/?p=124033"},"modified":"2026-03-08T09:15:06","modified_gmt":"2026-03-08T13:15:06","slug":"colombia-va-a-las-urnas-para-renovar-el-congreso-y-definir-candidatos-presidenciales","status":"publish","type":"post","link":"https:\/\/lasprimeras.com.do\/index.php\/2026\/03\/08\/colombia-va-a-las-urnas-para-renovar-el-congreso-y-definir-candidatos-presidenciales\/","title":{"rendered":"Colombia va a las urnas para renovar el Congreso y definir candidatos presidenciales"},"content":{"rendered":"\n<p>POR ASTRID SU\u00c1REZ<\/p>\n\n\n\n<p>BOGOT\u00c1 (AP) \u2014 Los colombianos acuden el domingo a las urnas para renovar el Congreso y escoger a los candidatos presidenciales de tres corrientes pol\u00edticas en una especie de primarias que ayudar\u00e1n a decantar la baraja de aspirantes.<\/p>\n\n\n\n<p>Los comicios suceden en medio de una alerta por violencia pol\u00edtica en m\u00e1s de un centenar de municipios, especialmente en zonas rurales donde operan grupos armados ilegales, y cuestionamientos por posible fraude avivados por el presidente Gustavo Petro, quien dijo que no conf\u00eda en los sistemas inform\u00e1ticos usados por la Registradur\u00eda.<\/p>\n\n\n\n<p>M\u00e1s de 3.000 candidatos aspiran a ocupar los 102 esca\u00f1os disponibles en el Senado y los 183 en la C\u00e1mara de Representantes, en una elecci\u00f3n con un potencial de 41,2 millones de votantes habilitados.<\/p>\n\n\n\n<p>La votaci\u00f3n definir\u00e1 la composici\u00f3n del nuevo Congreso con el que deber\u00e1 gobernar el sucesor de Petro, sin posibilidad de reelegirse, tras una tensa relaci\u00f3n con el Legislativo que le hizo contrapeso y no aprob\u00f3 todas sus reformas sociales.<\/p>\n\n\n\n<p>El partido pol\u00edtico de Petro, Pacto Hist\u00f3rico, apuesta a aumentar sus curules en el Congreso para conseguir mayor\u00edas y apalancar las reformas pendientes y el pedido de realizar una Asamblea Constituyente para modificar la carta magna que a\u00fan est\u00e1 en ciernes y que necesitar\u00eda el aval del Parlamento.<\/p>\n\n\n\n<p>Mientras, la derecha opositora busca volver a ser una de las fuerzas m\u00e1s relevantes. El Centro Democr\u00e1tico, principal partido opositor, est\u00e1 impulsado por el influyente expresidente \u00c1lvaro Uribe V\u00e9lez (2002-2010) que se lanz\u00f3 como candidato al Senado.<\/p>\n\n\n\n<p>Los colombianos podr\u00e1n votar por las consultas interpartidistas que suman 16 candidatos de tres corrientes pol\u00edticas: centro, centroizquierda y derecha.<\/p>\n\n\n\n<p>Los tres candidatos que ganen en cada una de ellas deber\u00e1n ir directo a la primera vuelta presidencial prevista para el 31 de mayo.<\/p>\n\n\n\n<p>Los candidatos han encontrado en la figura de las consultas una forma de medir su caudal electoral antes de llegar a la primera vuelta.<\/p>\n\n\n\n<p>Hace cuatro a\u00f1os Petro particip\u00f3 y gan\u00f3 en la consulta de la izquierda compitiendo con Francia M\u00e1rquez, quien luego se convirti\u00f3 en su vicepresidenta.<\/p>\n\n\n\n<p>Sin embargo, en las actuales consultas no participan los dos postulantes que hasta ahora las encuestas muestran como punteros: el izquierdista Iv\u00e1n Cepeda, del partido de Petro, y el ultraderechista Abelardo de la Espriella.<\/p>\n\n\n\n<p>\u201cLas consultas pueden ser un \u00e9xito o un fracaso. Ganar una consulta no necesariamente le da viabilidad a quien la gane; lo que le da viabilidad es mostrar que tiene un m\u00fasculo electoral que le permita competir con los punteros que no participaron en ellas\u201d, asegur\u00f3 a The Associated Press el analista pol\u00edtico Gabriel Cifuentes.<\/p>\n\n\n\n<p>Agreg\u00f3 que tras la votaci\u00f3n del domingo iniciar\u00e1 una segunda fase de la campa\u00f1a presidencial en la que estar\u00e1n decantados los candidatos a primera vuelta y, en el caso de los ganadores de las consultas, se conocer\u00e1 con qu\u00e9 caudal electoral cuentan.<\/p>\n\n\n\n<p>En la consulta de centroizquierda participan dos candidatos afines a Petro, entre ellos el exembajador ante el Reino Unido, Roy Barreras. En la del centro compiten Claudia L\u00f3pez, exalcaldesa de Bogot\u00e1, y Leonardo Huerta, un abogado poco conocido.<\/p>\n\n\n\n<p>Mientras que por la derecha se miden nueve candidatos incluida Paloma Valencia, la postulante del principal partido de oposici\u00f3n.<\/p>\n\n\n\n<p>La jornada electoral es custodiada en todo el pa\u00eds por m\u00e1s de 126.000 efectivos de la fuerza p\u00fablica. Las fronteras permanecen cerradas y se prohibi\u00f3 el consumo de bebidas alcoh\u00f3licas.<\/p>\n","protected":false},"excerpt":{"rendered":"<p>POR ASTRID SU\u00c1REZ BOGOT\u00c1 (AP) \u2014 Los colombianos acuden el domingo a las urnas para renovar el Congreso y escoger a los candidatos presidenciales de tres corrientes pol\u00edticas en una&hellip;<\/p>\n","protected":false},"author":10,"featured_media":124034,"comment_status":"open","ping_status":"open","sticky":false,"template":"","format":"standard","meta":{"content-type":"","jetpack_post_was_ever_published":false,"_jetpack_newsletter_access":"","_jetpack_dont_email_post_to_subs":false,"_jetpack_newsletter_tier_id":0,"_jetpack_memberships_contains_paywalled_content":false,"_jetpack_memberships_contains_paid_content":false,"footnotes":""},"categories":[16289],"tags":[2621,2757,530,1504,30962],"class_list":["post-124033","post","type-post","status-publish","format-standard","has-post-thumbnail","hentry","category-internacionales","tag-candidatos","tag-colombia","tag-congreso","tag-presidenciales","tag-s-urnas"],"jetpack_featured_media_url":"https:\/\/lasprimeras.com.do\/wp-content\/uploads\/2026\/03\/elecciones.jpg","jetpack-related-posts":[{"id":100631,"url":"https:\/\/lasprimeras.com.do\/index.php\/2025\/06\/09\/pld-repudia-atentado-contra-congresista-y-candidato-presidencial-de-colombia\/","url_meta":{"origin":124033,"position":0},"title":"PLD repudia atentado contra congresista y candidato presidencial de Colombia","author":"Nelson Feliz","date":"9 de junio de 2025","format":false,"excerpt":"El Partido de la Liberaci\u00f3n Dominicana (PLD) emiti\u00f3 una nota de condena al atentado de que fue objeto el senador y aspirante a la presidencia colombiana por el partido Centro Democr\u00e1tico, Miguel Uribe. Johnny Pujols, secretario general, a nombre del PLD, dijo que lo ocurrido en Colombia es repudiable desde\u2026","rel":"","context":"En \u00abPOLITICA\u00bb","block_context":{"text":"POLITICA","link":"https:\/\/lasprimeras.com.do\/index.php\/category\/politica\/"},"img":{"alt_text":"","src":"https:\/\/i0.wp.com\/lasprimeras.com.do\/wp-content\/uploads\/2025\/06\/Miguel-Uribe-1.jpg?resize=350%2C200&ssl=1","width":350,"height":200,"srcset":"https:\/\/i0.wp.com\/lasprimeras.com.do\/wp-content\/uploads\/2025\/06\/Miguel-Uribe-1.jpg?resize=350%2C200&ssl=1 1x, https:\/\/i0.wp.com\/lasprimeras.com.do\/wp-content\/uploads\/2025\/06\/Miguel-Uribe-1.jpg?resize=525%2C300&ssl=1 1.5x, https:\/\/i0.wp.com\/lasprimeras.com.do\/wp-content\/uploads\/2025\/06\/Miguel-Uribe-1.jpg?resize=700%2C400&ssl=1 2x"},"classes":[]},{"id":67789,"url":"https:\/\/lasprimeras.com.do\/index.php\/2023\/11\/18\/abinader-sera-juramentado-manana-como-candidato-presidencial-del-pri\/","url_meta":{"origin":124033,"position":1},"title":"Abinader ser\u00e1 juramentado ma\u00f1ana como candidato presidencial del PRI","author":"BIMARY DE JES\u00daS Matos","date":"18 de noviembre de 2023","format":false,"excerpt":"SANTO DOMINGO.-El presidente Luis Abinader ser\u00e1 juramentado como candidato presidencial del Partido Revolucionario Independiente (PRI) para las elecciones del 2024, durante un acto a celebrarse ma\u00f1ana domingo, a las 10:00 de la ma\u00f1ana en el hotel Crowne Plaza, en el malec\u00f3n de la capital. Trajano Santana, presidente del PRI, afirm\u00f3\u2026","rel":"","context":"En \u00abSin categor\u00eda\u00bb","block_context":{"text":"Sin categor\u00eda","link":"https:\/\/lasprimeras.com.do\/index.php\/category\/sin-categoria\/"},"img":{"alt_text":"","src":"https:\/\/i0.wp.com\/lasprimeras.com.do\/wp-content\/uploads\/2023\/11\/WhatsApp-Image-2023-11-18-at-8.18.25-AM-1.webp?resize=350%2C200&ssl=1","width":350,"height":200,"srcset":"https:\/\/i0.wp.com\/lasprimeras.com.do\/wp-content\/uploads\/2023\/11\/WhatsApp-Image-2023-11-18-at-8.18.25-AM-1.webp?resize=350%2C200&ssl=1 1x, https:\/\/i0.wp.com\/lasprimeras.com.do\/wp-content\/uploads\/2023\/11\/WhatsApp-Image-2023-11-18-at-8.18.25-AM-1.webp?resize=525%2C300&ssl=1 1.5x, https:\/\/i0.wp.com\/lasprimeras.com.do\/wp-content\/uploads\/2023\/11\/WhatsApp-Image-2023-11-18-at-8.18.25-AM-1.webp?resize=700%2C400&ssl=1 2x, https:\/\/i0.wp.com\/lasprimeras.com.do\/wp-content\/uploads\/2023\/11\/WhatsApp-Image-2023-11-18-at-8.18.25-AM-1.webp?resize=1050%2C600&ssl=1 3x, https:\/\/i0.wp.com\/lasprimeras.com.do\/wp-content\/uploads\/2023\/11\/WhatsApp-Image-2023-11-18-at-8.18.25-AM-1.webp?resize=1400%2C800&ssl=1 4x"},"classes":[]},{"id":123303,"url":"https:\/\/lasprimeras.com.do\/index.php\/2026\/02\/27\/hallan-a-candidatos-al-congreso-desaparecidos-en-medio-de-alerta-de-violencia-politica-en-colombia\/","url_meta":{"origin":124033,"position":2},"title":"Hallan a candidatos al Congreso desaparecidos en medio de alerta de violencia pol\u00edtica en Colombia","author":"Nelson Feliz","date":"27 de febrero de 2026","format":false,"excerpt":"BOGOT\u00c1 (AP) \u2014 El ministro de Defensa colombiano Pedro S\u00e1nchez report\u00f3 el viernes el hallazgo con vida de dos candidatos al Congreso que estuvieron desaparecidos por varias horas, a pocos d\u00edas de las elecciones legislativas en las que se mantiene un alerta por violencia pol\u00edtica en parte del pa\u00eds. Se\u2026","rel":"","context":"En \u00abINTERNACIONALES\u00bb","block_context":{"text":"INTERNACIONALES","link":"https:\/\/lasprimeras.com.do\/index.php\/category\/sin-categoria\/internacionales\/"},"img":{"alt_text":"","src":"https:\/\/i0.wp.com\/lasprimeras.com.do\/wp-content\/uploads\/2026\/02\/hallan-a-candidatos-al-congreso-desaparecidos-en-medio-de-alerta-de-violencia-politica-en-colombia.jpg?resize=350%2C200&ssl=1","width":350,"height":200,"srcset":"https:\/\/i0.wp.com\/lasprimeras.com.do\/wp-content\/uploads\/2026\/02\/hallan-a-candidatos-al-congreso-desaparecidos-en-medio-de-alerta-de-violencia-politica-en-colombia.jpg?resize=350%2C200&ssl=1 1x, https:\/\/i0.wp.com\/lasprimeras.com.do\/wp-content\/uploads\/2026\/02\/hallan-a-candidatos-al-congreso-desaparecidos-en-medio-de-alerta-de-violencia-politica-en-colombia.jpg?resize=525%2C300&ssl=1 1.5x, https:\/\/i0.wp.com\/lasprimeras.com.do\/wp-content\/uploads\/2026\/02\/hallan-a-candidatos-al-congreso-desaparecidos-en-medio-de-alerta-de-violencia-politica-en-colombia.jpg?resize=700%2C400&ssl=1 2x, https:\/\/i0.wp.com\/lasprimeras.com.do\/wp-content\/uploads\/2026\/02\/hallan-a-candidatos-al-congreso-desaparecidos-en-medio-de-alerta-de-violencia-politica-en-colombia.jpg?resize=1050%2C600&ssl=1 3x"},"classes":[]},{"id":83120,"url":"https:\/\/lasprimeras.com.do\/index.php\/2024\/05\/11\/roberto-angel-dice-en-dajabon-habra-votos-a-montones-para-reelegir-a-abinader-y-ganar-el-congreso\/","url_meta":{"origin":124033,"position":3},"title":"Roberto \u00c1ngel dice en Dajab\u00f3n habr\u00e1 &#8220;votos a montones&#8221; para reelegir a Abinader y ganar el Congreso","author":"Nelson Feliz","date":"11 de mayo de 2024","format":false,"excerpt":"En una amplia jornada de actividades en esta provincia, llama a perremeistas y aliados a no descuidar los trabajos en el \u00faltimo tramo de la campa\u00f1a El miembro de la Direcci\u00f3n Ejecutiva del Partido Revolucionario Moderno (PRM), Roberto \u00c1ngel Salcedo, pronostic\u00f3 este s\u00e1bado que el 19 de mayo habr\u00e1 \"votos\u2026","rel":"","context":"En \u00abPORTADA\u00bb","block_context":{"text":"PORTADA","link":"https:\/\/lasprimeras.com.do\/index.php\/category\/portada\/"},"img":{"alt_text":"Roberto \u00c1ngel Salcedo","src":"https:\/\/i0.wp.com\/lasprimeras.com.do\/wp-content\/uploads\/2024\/05\/Roberto-Angel-Salcedo-14.jpg?resize=350%2C200&ssl=1","width":350,"height":200,"srcset":"https:\/\/i0.wp.com\/lasprimeras.com.do\/wp-content\/uploads\/2024\/05\/Roberto-Angel-Salcedo-14.jpg?resize=350%2C200&ssl=1 1x, https:\/\/i0.wp.com\/lasprimeras.com.do\/wp-content\/uploads\/2024\/05\/Roberto-Angel-Salcedo-14.jpg?resize=525%2C300&ssl=1 1.5x, https:\/\/i0.wp.com\/lasprimeras.com.do\/wp-content\/uploads\/2024\/05\/Roberto-Angel-Salcedo-14.jpg?resize=700%2C400&ssl=1 2x"},"classes":[]},{"id":82604,"url":"https:\/\/lasprimeras.com.do\/index.php\/2024\/05\/05\/raquel-pena-el-prm-ganara-la-provincia-santo-domingo-mucho-a-poco\/","url_meta":{"origin":124033,"position":4},"title":"Raquel Pe\u00f1a: \u201cel PRM ganar\u00e1 la provincia Santo Domingo mucho a poco\u201d","author":"Esteffany Vargas","date":"5 de mayo de 2024","format":false,"excerpt":"La vicepresidenta y candidata a la misma posici\u00f3n por el Partido Revolucionario Moderno (PRM), Raquel Pe\u00f1a, asegur\u00f3 que los candidatos al congreso de la provincia Santo Domingo por esa organizaci\u00f3n pol\u00edtica cuentan con el respaldo de la poblaci\u00f3n para seguir representado la mayor\u00eda del cambio en las c\u00e1maras legislativas luego\u2026","rel":"","context":"En \u00abPORTADA\u00bb","block_context":{"text":"PORTADA","link":"https:\/\/lasprimeras.com.do\/index.php\/category\/portada\/"},"img":{"alt_text":"Raquel Pe\u00f1a","src":"https:\/\/i0.wp.com\/lasprimeras.com.do\/wp-content\/uploads\/2024\/05\/Raquel-Pena-1.jpg?resize=350%2C200&ssl=1","width":350,"height":200,"srcset":"https:\/\/i0.wp.com\/lasprimeras.com.do\/wp-content\/uploads\/2024\/05\/Raquel-Pena-1.jpg?resize=350%2C200&ssl=1 1x, https:\/\/i0.wp.com\/lasprimeras.com.do\/wp-content\/uploads\/2024\/05\/Raquel-Pena-1.jpg?resize=525%2C300&ssl=1 1.5x, https:\/\/i0.wp.com\/lasprimeras.com.do\/wp-content\/uploads\/2024\/05\/Raquel-Pena-1.jpg?resize=700%2C400&ssl=1 2x"},"classes":[]},{"id":80287,"url":"https:\/\/lasprimeras.com.do\/index.php\/2024\/04\/06\/leonel-el-respaldo-de-la-gente-lo-convertiremos-en-votos-el-19-de-mayo\/","url_meta":{"origin":124033,"position":5},"title":"Leonel: El respaldo de la gente lo convertiremos en votos el 19 de mayo","author":"BIMARY DE JES\u00daS Matos","date":"6 de abril de 2024","format":false,"excerpt":"Asegura que lo ocurrido en las municipales de febrero no volver\u00e1 a suceder en las presidenciales y congresuales de mayo Santo Domingo.- Durante una reuni\u00f3n con los delegados que estar\u00e1n en los colegios electorales, en la circunscripci\u00f3n no. 2 del Distrito Nacional, el candidato presidencial del partido Fuerza del Pueblo\u2026","rel":"","context":"En \u00abSin categor\u00eda\u00bb","block_context":{"text":"Sin categor\u00eda","link":"https:\/\/lasprimeras.com.do\/index.php\/category\/sin-categoria\/"},"img":{"alt_text":"","src":"https:\/\/i0.wp.com\/lasprimeras.com.do\/wp-content\/uploads\/2024\/04\/IMG-20240406-WA0027.jpg?resize=350%2C200&ssl=1","width":350,"height":200,"srcset":"https:\/\/i0.wp.com\/lasprimeras.com.do\/wp-content\/uploads\/2024\/04\/IMG-20240406-WA0027.jpg?resize=350%2C200&ssl=1 1x, https:\/\/i0.wp.com\/lasprimeras.com.do\/wp-content\/uploads\/2024\/04\/IMG-20240406-WA0027.jpg?resize=525%2C300&ssl=1 1.5x, https:\/\/i0.wp.com\/lasprimeras.com.do\/wp-content\/uploads\/2024\/04\/IMG-20240406-WA0027.jpg?resize=700%2C400&ssl=1 2x, https:\/\/i0.wp.com\/lasprimeras.com.do\/wp-content\/uploads\/2024\/04\/IMG-20240406-WA0027.jpg?resize=1050%2C600&ssl=1 3x, https:\/\/i0.wp.com\/lasprimeras.com.do\/wp-content\/uploads\/2024\/04\/IMG-20240406-WA0027.jpg?resize=1400%2C800&ssl=1 4x"},"classes":[]}],"jetpack_sharing_enabled":true,"_links":{"self":[{"href":"https:\/\/lasprimeras.com.do\/index.php\/wp-json\/wp\/v2\/posts\/124033","targetHints":{"allow":["GET"]}}],"collection":[{"href":"https:\/\/lasprimeras.com.do\/index.php\/wp-json\/wp\/v2\/posts"}],"about":[{"href":"https:\/\/lasprimeras.com.do\/index.php\/wp-json\/wp\/v2\/types\/post"}],"author":[{"embeddable":true,"href":"https:\/\/lasprimeras.com.do\/index.php\/wp-json\/wp\/v2\/users\/10"}],"replies":[{"embeddable":true,"href":"https:\/\/lasprimeras.com.do\/index.php\/wp-json\/wp\/v2\/comments?post=124033"}],"version-history":[{"count":1,"href":"https:\/\/lasprimeras.com.do\/index.php\/wp-json\/wp\/v2\/posts\/124033\/revisions"}],"predecessor-version":[{"id":124035,"href":"https:\/\/lasprimeras.com.do\/index.php\/wp-json\/wp\/v2\/posts\/124033\/revisions\/124035"}],"wp:featuredmedia":[{"embeddable":true,"href":"https:\/\/lasprimeras.com.do\/index.php\/wp-json\/wp\/v2\/media\/124034"}],"wp:attachment":[{"href":"https:\/\/lasprimeras.com.do\/index.php\/wp-json\/wp\/v2\/media?parent=124033"}],"wp:term":[{"taxonomy":"category","embeddable":true,"href":"https:\/\/lasprimeras.com.do\/index.php\/wp-json\/wp\/v2\/categories?post=124033"},{"taxonomy":"post_tag","embeddable":true,"href":"https:\/\/lasprimeras.com.do\/index.php\/wp-json\/wp\/v2\/tags?post=124033"}],"curies":[{"name":"wp","href":"https:\/\/api.w.org\/{rel}","templated":true}]}}