{"id":124039,"date":"2026-03-08T09:28:30","date_gmt":"2026-03-08T13:28:30","guid":{"rendered":"https:\/\/lasprimeras.com.do\/?p=124039"},"modified":"2026-03-08T09:28:31","modified_gmt":"2026-03-08T13:28:31","slug":"rusia-se-mantiene-al-margen-mientras-escala-la-guerra-con-iran-esperando-ganancias-a-largo-plazo","status":"publish","type":"post","link":"https:\/\/lasprimeras.com.do\/index.php\/2026\/03\/08\/rusia-se-mantiene-al-margen-mientras-escala-la-guerra-con-iran-esperando-ganancias-a-largo-plazo\/","title":{"rendered":"Rusia se mantiene al margen mientras escala la guerra con Ir\u00e1n, esperando ganancias a largo plazo"},"content":{"rendered":"\n<p>POR VLADIMIR ISACHENKOV<\/p>\n\n\n\n<p>MOSC\u00da (AP) \u2014 Mientras misiles y bombas de Estados Unidos e Israel caen sobre Ir\u00e1n, Rusia ha respondido con palabras de indignaci\u00f3n, pero sin ninguna acci\u00f3n visible para apoyar a su aliado de Oriente Medio.<\/p>\n\n\n\n<p>Esa postura cauta est\u00e1 impulsada por la estrategia del presidente, Vlad\u00edmir Putin, en Ucrania y su aparente esperanza de que la guerra con Ir\u00e1n juegue a favor de Mosc\u00fa al aumentar sus ingresos petroleros y erosionar el apoyo occidental a Kiev.<\/p>\n\n\n\n<p>Putin envi\u00f3 sus condolencias al presidente de Ir\u00e1n, Masoud Pezeshkian, y conden\u00f3 la muerte del l\u00edder supremo iran\u00ed, el ayatol\u00e1 Al\u00ed Jamenei, el fin de semana pasado, que calific\u00f3 de \u201cc\u00ednica violaci\u00f3n de todas las normas de la moral humana y del derecho internacional\u201d.<\/p>\n\n\n\n<p>Si bien la falta de ayuda de Mosc\u00fa a otro aliado tras la destituci\u00f3n en 2024 del exgobernante sirio Bashar Assad y el arresto en enero del l\u00edder venezolano Nicol\u00e1s Maduro por parte de Estados Unidos pusieron de relieve los l\u00edmites de su influencia, el Kremlin espera cosechar beneficios de la guerra con Ir\u00e1n.<\/p>\n\n\n\n<p>Rusia ya est\u00e1 obteniendo ganancias de un aumento de los precios de la energ\u00eda debido a las interrupciones del tr\u00e1fico de petroleros a trav\u00e9s del estrecho de Ormuz y a los da\u00f1os en instalaciones energ\u00e9ticas en pa\u00edses del Golfo.<\/p>\n\n\n\n<p>Si las hostilidades se intensifican, una bonanza sostenida ayudar\u00eda a llenar las arcas de Mosc\u00fa para financiar las operaciones militares en Ucrania y cubrir el d\u00e9ficit presupuestario.<\/p>\n\n\n\n<p>El Kremlin tambi\u00e9n espera que la guerra con Ir\u00e1n distraiga la atenci\u00f3n mundial de Ucrania, agote los arsenales occidentales y obligue a Estados Unidos y a sus aliados de la OTAN a reducir el apoyo militar a Kiev.<\/p>\n\n\n\n<p>Una r\u00e1pida reprimenda rusa<\/p>\n\n\n\n<p>Horas despu\u00e9s de que comenzara la guerra el 28 de febrero, el Ministerio ruso de Exteriores denunci\u00f3 el ataque de Estados Unidos e Israel contra Ir\u00e1n como un \u201cacto deliberado, premeditado y no provocado de agresi\u00f3n armada contra un Estado miembro soberano e independiente de la ONU, en violaci\u00f3n directa de los principios y normas fundamentales del derecho internacional\u201d.<\/p>\n\n\n\n<p>Una semana despu\u00e9s de iniciada la guerra, Putin habl\u00f3 por tel\u00e9fono con Pezeshkian y se\u00f1al\u00f3 que Mosc\u00fa quiere ver un fin r\u00e1pido de las hostilidades.<\/p>\n\n\n\n<p>Pero antes de eso, mantuvo una serie de llamadas con l\u00edderes del Golfo en un aparente intento de afianzar lazos con pa\u00edses que son cada vez m\u00e1s importantes para Mosc\u00fa como parte del grupo OPEP+ que controla los precios mundiales del petr\u00f3leo y como socios comerciales clave que ayudan a eludir las sanciones occidentales.<\/p>\n\n\n\n<p>El Kremlin indic\u00f3 que Putin transmitir\u00e1 a Teher\u00e1n la \u201cprofunda preocupaci\u00f3n de los l\u00edderes del Golfo por los ataques contra su infraestructura\u201d y que \u201char\u00e1 todo lo posible para facilitar al menos una leve reducci\u00f3n de las tensiones\u201d.<\/p>\n\n\n\n<p>En una llamada posterior con su hom\u00f3logo iran\u00ed, el ministro ruso de Exteriores, Sergu\u00e9i Lavrov, \u201csubray\u00f3 la prioridad de garantizar la seguridad de los civiles y proteger la infraestructura civil en todos los pa\u00edses de la regi\u00f3n\u201d.<\/p>\n\n\n\n<p>Mark Galeotti, experto en pol\u00edtica rusa y director de la consultora Mayak Intelligence, observ\u00f3 que \u201cRusia en realidad ha sido un operador bastante eficaz en Oriente Medio\u201d.<\/p>\n\n\n\n<p>A\u00f1adi\u00f3 que, a medida que la guerra se intensifica, muchas potencias regionales podr\u00edan tener motivos \u201cpara mirar un poco m\u00e1s hacia Mosc\u00fa\u201d.<\/p>\n\n\n\n<p>Socios inc\u00f3modos<\/p>\n\n\n\n<p>Aunque Mosc\u00fa y Teher\u00e1n firmaron en enero de 2025 un tratado de \u201casociaci\u00f3n estrat\u00e9gica integral\u201d, su relaci\u00f3n ten\u00eda un pasado problem\u00e1tico y segu\u00eda te\u00f1ida de rivalidad.<\/p>\n\n\n\n<p>Aunque Rusia e Ir\u00e1n compart\u00edan su oposici\u00f3n al \u201corden basado en reglas\u201d liderado por Occidente, \u201cIr\u00e1n siempre fue algo as\u00ed como un enemigo-amigo estrat\u00e9gico\u201d para Rusia, coment\u00f3 Galeotti en un podcast reciente.<\/p>\n\n\n\n<p>Las tensiones fueron altas entre Mosc\u00fa y Teher\u00e1n durante la Guerra Fr\u00eda, cuando el sha Mohammad Reza Pahlavi era un firme aliado de Estados Unidos. Cuando el ayatol\u00e1 Rujol\u00e1 Jomeini encabez\u00f3 la Revoluci\u00f3n Isl\u00e1mica de 1979, calificando a Estados Unidos como el \u201cGran Sat\u00e1n\u201d, tambi\u00e9n etiquet\u00f3 a la Uni\u00f3n Sovi\u00e9tica como el \u201cSat\u00e1n menor\u201d.<\/p>\n\n\n\n<p>Los v\u00ednculos entre Rusia e Ir\u00e1n se estrecharon r\u00e1pidamente tras la disoluci\u00f3n de la URSS en 1991, cuando Mosc\u00fa se convirti\u00f3 en un socio comercial importante y ayud\u00f3 a construir la primera central nuclear iran\u00ed en Bushehr.<\/p>\n\n\n\n<p>Cuando estall\u00f3 la guerra civil en Siria en 2011, Rusia e Ir\u00e1n aunaron esfuerzos para apuntalar el gobierno de Assad, pero no lograron impedir el r\u00e1pido colapso de su mandato en diciembre de 2024.<\/p>\n\n\n\n<p>Despu\u00e9s de que Putin enviara tropas a Ucrania en febrero de 2022, Teher\u00e1n proporcion\u00f3 a Rusia drones Shahed y m\u00e1s tarde autoriz\u00f3 su producci\u00f3n en Rusia.<\/p>\n\n\n\n<p>Pero, incluso mientras ha construido lazos con Ir\u00e1n, Rusia tambi\u00e9n ha mantenido relaciones cordiales con Israel, lo que enfureci\u00f3 a muchos en el liderazgo iran\u00ed, que desconfiaban de las intenciones de Mosc\u00fa.<\/p>\n\n\n\n<p>\u201cLa relaci\u00f3n de Rusia con Ir\u00e1n, pese a la firme oposici\u00f3n de este \u00faltimo a Estados Unidos, siempre ha sido compleja y desafiante\u201d, escribi\u00f3 en un comentario el analista militar moscovita Sergu\u00e9i Poletaev.<\/p>\n\n\n\n<p>Cuando Estados Unidos e Israel atacaron Ir\u00e1n en junio de 2025, funcionarios rusos subrayaron que su \u201casociaci\u00f3n estrat\u00e9gica\u201d no contemplaba asistencia militar mutua en caso de agresi\u00f3n.<\/p>\n\n\n\n<p>Consultado el jueves sobre si Mosc\u00fa podr\u00eda ir m\u00e1s all\u00e1 de la ret\u00f3rica y proporcionar armas a Ir\u00e1n, el portavoz del Kremlin, Dmitri Peskov, respondi\u00f3 que no ha recibido ninguna solicitud de ese tipo por parte de Teher\u00e1n.<\/p>\n\n\n\n<p>El viernes, dos funcionarios familiarizados con la inteligencia de Estados Unidos dijeron a The Associated Press que Rusia ha proporcionado a Ir\u00e1n informaci\u00f3n que podr\u00eda ayudar a Teher\u00e1n a atacar buques de guerra estadounidenses, aeronaves y otros activos en la regi\u00f3n.<\/p>\n\n\n\n<p>Las personas, que no estaban autorizadas a comentar p\u00fablicamente sobre el asunto sensible y hablaron bajo condici\u00f3n de anonimato, advirtieron que la inteligencia de Estados Unidos no ha descubierto que Rusia est\u00e9 dirigiendo a Ir\u00e1n sobre qu\u00e9 hacer con la informaci\u00f3n.<\/p>\n\n\n\n<p>Peskov declar\u00f3 el viernes que Rusia \u201cest\u00e1 en di\u00e1logo con la parte iran\u00ed, con representantes del liderazgo iran\u00ed, y sin duda continuar\u00e1 este di\u00e1logo\u201d. Presionado sobre si Rusia ha brindado alguna asistencia militar o de inteligencia a Teher\u00e1n desde el inicio de la guerra, evit\u00f3 hacer comentarios.<\/p>\n\n\n\n<p>Poco da\u00f1o aparente a la autoridad de Putin<\/p>\n\n\n\n<p>Aunque la muerte de Jamenei reaviv\u00f3 las conversaciones sobre la falta de protecci\u00f3n rusa a un aliado, algunos observadores advirtieron contra exagerar el da\u00f1o a la autoridad de Putin.<\/p>\n\n\n\n<p>Galeotti se\u00f1al\u00f3 que Rusia e Ir\u00e1n \u201csiempre fueron aliados muy pragm\u00e1ticos, m\u00e1s que cualquier otra cosa\u201d.<\/p>\n\n\n\n<p>\u201cIr\u00e1n es un rival por la autoridad en Oriente Medio y, de hecho, tambi\u00e9n dentro del C\u00e1ucaso Sur\u201d, explic\u00f3. \u201cSi este r\u00e9gimen no cae realmente, pero se le recortan las alas, desde el punto de vista de Rusia eso en realidad podr\u00eda convertirlo en un socio estrat\u00e9gico temporal m\u00e1s manejable\u201d.<\/p>\n\n\n\n<p>China \u2014un cliente clave del petr\u00f3leo iran\u00ed\u2014 probablemente aumentar\u00e1 las importaciones de crudo ruso a medida que se expandan las hostilidades.<\/p>\n\n\n\n<p>Despu\u00e9s de presionar a India para que detuviera sus importaciones de petr\u00f3leo ruso, Estados Unidos emiti\u00f3 el jueves una exenci\u00f3n de 30 d\u00edas que permite a sus refiner\u00edas comprar esos suministros que actualmente est\u00e1n en el mar.<\/p>\n\n\n\n<p>Turqu\u00eda podr\u00eda aumentar sus importaciones de gas natural de Rusia si se interrumpen los suministros procedentes de Ir\u00e1n.<\/p>\n\n\n\n<p>Sam Greene, profesor del King\u2019s College London, tambi\u00e9n observ\u00f3 que \u201cla idea de que Putin sufre cuando pierde aliados \u2014ya sea Assad, Maduro o Jamenei\u2014 existe por completo en la cabeza de los analistas occidentales y no tiene base en hechos observables\u201d.<\/p>\n\n\n\n<p>No hay ninguna evidencia \u201cde que le importe, de que afecte su autoridad en casa o su legitimidad en el extranjero\u201d, escribi\u00f3 en una publicaci\u00f3n en X.<\/p>\n\n\n\n<p>La relaci\u00f3n Putin-Trump<\/p>\n\n\n\n<p>Putin no arriesgar\u00e1 su relaci\u00f3n con el presidente de Estados Unidos, Donald Trump, para ayudar a Ir\u00e1n, afirm\u00f3 Greene, al argumentar que \u201cpor m\u00e1s molesto que Putin pueda estar en lo personal, no va a sacrificar su relaci\u00f3n con Trump\u201d.<\/p>\n\n\n\n<p>El presidente, sostuvo, \u201ces la mayor fuente de influencia de Putin sobre Europa. Mantendr\u00e1 la vista en lo importante\u201d.<\/p>\n\n\n\n<p>A medida que Estados Unidos y sus aliados agotan r\u00e1pidamente sus arsenales de interceptores Patriot para repeler misiles iran\u00edes dirigidos contra Israel y los pa\u00edses del Golfo, Rusia solo puede alegrarse ante ese escenario.<\/p>\n\n\n\n<p>\u201cUn conflicto prolongado no solo desviar\u00eda la atenci\u00f3n de Ucrania, sino que tambi\u00e9n redirigir\u00eda recursos cruciales como los sistemas de defensa antimisiles hacia el golfo P\u00e9rsico\u201d, manifest\u00f3 Poletaev.<\/p>\n\n\n\n<p>\u201cCuantos m\u00e1s Patriots se usen en este conflicto\u201d, se\u00f1al\u00f3 Galeotti, \u201cmenos habr\u00e1 disponibles para los estadounidenses en general y m\u00e1s inc\u00f3modos se sentir\u00e1n a la hora de transferir o vender alguno de ellos a los ucranianos\u201d.<\/p>\n","protected":false},"excerpt":{"rendered":"<p>POR VLADIMIR ISACHENKOV MOSC\u00da (AP) \u2014 Mientras misiles y bombas de Estados Unidos e Israel caen sobre Ir\u00e1n, Rusia ha respondido con palabras de indignaci\u00f3n, pero sin ninguna acci\u00f3n visible&hellip;<\/p>\n","protected":false},"author":10,"featured_media":124040,"comment_status":"open","ping_status":"open","sticky":false,"template":"","format":"standard","meta":{"content-type":"","jetpack_post_was_ever_published":false,"_jetpack_newsletter_access":"","_jetpack_dont_email_post_to_subs":false,"_jetpack_newsletter_tier_id":0,"_jetpack_memberships_contains_paywalled_content":false,"_jetpack_memberships_contains_paid_content":false,"footnotes":""},"categories":[16289],"tags":[24207,4726,2060,6186,30966,1119,3868],"class_list":["post-124039","post","type-post","status-publish","format-standard","has-post-thumbnail","hentry","category-internacionales","tag-escala","tag-ganancias","tag-guerra","tag-iran","tag-largo-plazo","tag-rusia","tag-vladimir-putin-2"],"jetpack_featured_media_url":"https:\/\/lasprimeras.com.do\/wp-content\/uploads\/2026\/03\/Vladimir-Putin.jpg","jetpack-related-posts":[{"id":83388,"url":"https:\/\/lasprimeras.com.do\/index.php\/2024\/05\/15\/putin-de-rusia-llega-a-china-para-una-visita-de-estado-en-una-muestra-de-unidad-entre-los-aliados-autoritarios\/","url_meta":{"origin":124039,"position":0},"title":"Putin de Rusia llega a China para una visita de Estado en una muestra de unidad entre los aliados autoritarios","author":"Nelson Feliz","date":"15 de mayo de 2024","format":false,"excerpt":"POR EMILY WANG FUJIYAMA Y CHRIS BODEEN BEIJING (AP) \u2014 El presidente de Rusia, Vladimir Putin, aterriz\u00f3 el jueves en Beijing para realizar una visita de Estado de dos d\u00edas a China, en una muestra de unidad entre los aliados autoritarios mientras Mosc\u00fa avanza con una nueva ofensiva en Ucrania.\u2026","rel":"","context":"En \u00abSin categor\u00eda\u00bb","block_context":{"text":"Sin categor\u00eda","link":"https:\/\/lasprimeras.com.do\/index.php\/category\/sin-categoria\/"},"img":{"alt_text":"","src":"https:\/\/i0.wp.com\/lasprimeras.com.do\/wp-content\/uploads\/2024\/05\/presidentes.jpg?resize=350%2C200&ssl=1","width":350,"height":200,"srcset":"https:\/\/i0.wp.com\/lasprimeras.com.do\/wp-content\/uploads\/2024\/05\/presidentes.jpg?resize=350%2C200&ssl=1 1x, https:\/\/i0.wp.com\/lasprimeras.com.do\/wp-content\/uploads\/2024\/05\/presidentes.jpg?resize=525%2C300&ssl=1 1.5x"},"classes":[]},{"id":65022,"url":"https:\/\/lasprimeras.com.do\/index.php\/2023\/10\/25\/rusia-maniobra-con-cautela-sobre-la-guerra-entre-israel-y-hamas\/","url_meta":{"origin":124039,"position":1},"title":"Rusia maniobra con cautela sobre la guerra entre Israel y Hamas","author":"Nelson Feliz","date":"25 de octubre de 2023","format":false,"excerpt":"POR LA PRENSA ASOCIADA Rusia ha emitido cr\u00edticas cuidadosamente calibradas a ambos bandos en la guerra entre Israel y Ham\u00e1s. Pero el conflicto tambi\u00e9n est\u00e1 brindando a Mosc\u00fa nuevas y audaces oportunidades: avanzar en su papel como intermediario de poder global y desafiar los esfuerzos occidentales por aislarlo en Ucrania.\u2026","rel":"","context":"En \u00abSin categor\u00eda\u00bb","block_context":{"text":"Sin categor\u00eda","link":"https:\/\/lasprimeras.com.do\/index.php\/category\/sin-categoria\/"},"img":{"alt_text":"Vladimir Putin","src":"https:\/\/i0.wp.com\/lasprimeras.com.do\/wp-content\/uploads\/2023\/10\/Vladimir-Putin.jpg?resize=350%2C200&ssl=1","width":350,"height":200,"srcset":"https:\/\/i0.wp.com\/lasprimeras.com.do\/wp-content\/uploads\/2023\/10\/Vladimir-Putin.jpg?resize=350%2C200&ssl=1 1x, https:\/\/i0.wp.com\/lasprimeras.com.do\/wp-content\/uploads\/2023\/10\/Vladimir-Putin.jpg?resize=525%2C300&ssl=1 1.5x, https:\/\/i0.wp.com\/lasprimeras.com.do\/wp-content\/uploads\/2023\/10\/Vladimir-Putin.jpg?resize=700%2C400&ssl=1 2x"},"classes":[]},{"id":101524,"url":"https:\/\/lasprimeras.com.do\/index.php\/2025\/06\/23\/putin-los-ataques-contra-iran-fueron-una-agresion-no-provocada-que-no-tiene-ninguna-justificacion\/","url_meta":{"origin":124039,"position":2},"title":"Putin: &#8220;Los ataques contra Ir\u00e1n fueron una agresi\u00f3n no provocada que no tiene ninguna justificaci\u00f3n&#8221;","author":"Nelson Feliz","date":"23 de junio de 2025","format":false,"excerpt":"El l\u00edder ruso subray\u00f3 que Mosc\u00fa est\u00e1 haciendo esfuerzos para ayudar al pueblo iran\u00ed. Rusia, RT.-.Los ataques contra Ir\u00e1n no tienen justificaci\u00f3n y son una agresi\u00f3n no provocada, afirm\u00f3 este lunes el presidente ruso, Vlad\u00edmir Putin, en una reuni\u00f3n con el canciller iran\u00ed, Abbas Araghchi. \"Una agresi\u00f3n absolutamente no provocada\u2026","rel":"","context":"En \u00abINTERNACIONALES\u00bb","block_context":{"text":"INTERNACIONALES","link":"https:\/\/lasprimeras.com.do\/index.php\/category\/sin-categoria\/internacionales\/"},"img":{"alt_text":"","src":"https:\/\/i0.wp.com\/lasprimeras.com.do\/wp-content\/uploads\/2025\/06\/Los-ataques-contra-Iran.jpg?resize=350%2C200&ssl=1","width":350,"height":200,"srcset":"https:\/\/i0.wp.com\/lasprimeras.com.do\/wp-content\/uploads\/2025\/06\/Los-ataques-contra-Iran.jpg?resize=350%2C200&ssl=1 1x, https:\/\/i0.wp.com\/lasprimeras.com.do\/wp-content\/uploads\/2025\/06\/Los-ataques-contra-Iran.jpg?resize=525%2C300&ssl=1 1.5x, https:\/\/i0.wp.com\/lasprimeras.com.do\/wp-content\/uploads\/2025\/06\/Los-ataques-contra-Iran.jpg?resize=700%2C400&ssl=1 2x, https:\/\/i0.wp.com\/lasprimeras.com.do\/wp-content\/uploads\/2025\/06\/Los-ataques-contra-Iran.jpg?resize=1050%2C600&ssl=1 3x"},"classes":[]},{"id":95383,"url":"https:\/\/lasprimeras.com.do\/index.php\/2025\/03\/13\/rusia-dice-haber-retomado-ciudad-en-kursk-asesor-de-putin-senala-que-una-tregua-ayudaria-a-kiev\/","url_meta":{"origin":124039,"position":3},"title":"Rusia dice haber retomado ciudad en Kursk, asesor de Putin se\u00f1ala que una tregua ayudar\u00eda a Kiev","author":"Nelson Feliz","date":"13 de marzo de 2025","format":false,"excerpt":"Las fuerzas rusas afirmaron el jueves que sus tropas han expulsado al ej\u00e9rcito ucraniano de la ciudad m\u00e1s grande de la regi\u00f3n fronteriza rusa de Kursk, mientras un alto funcionario del Kremlin dijo que un alto el fuego de 30 d\u00edas propuesto por Estados Unidos en la guerra, tres a\u00f1os\u2026","rel":"","context":"En \u00abINTERNACIONALES\u00bb","block_context":{"text":"INTERNACIONALES","link":"https:\/\/lasprimeras.com.do\/index.php\/category\/sin-categoria\/internacionales\/"},"img":{"alt_text":"","src":"https:\/\/i0.wp.com\/lasprimeras.com.do\/wp-content\/uploads\/2025\/03\/Vladimir-Putin-y-Valery-Gerasimov.png?resize=350%2C200&ssl=1","width":350,"height":200,"srcset":"https:\/\/i0.wp.com\/lasprimeras.com.do\/wp-content\/uploads\/2025\/03\/Vladimir-Putin-y-Valery-Gerasimov.png?resize=350%2C200&ssl=1 1x, https:\/\/i0.wp.com\/lasprimeras.com.do\/wp-content\/uploads\/2025\/03\/Vladimir-Putin-y-Valery-Gerasimov.png?resize=525%2C300&ssl=1 1.5x, https:\/\/i0.wp.com\/lasprimeras.com.do\/wp-content\/uploads\/2025\/03\/Vladimir-Putin-y-Valery-Gerasimov.png?resize=700%2C400&ssl=1 2x"},"classes":[]},{"id":97364,"url":"https:\/\/lasprimeras.com.do\/index.php\/2025\/04\/19\/ucrania-esceptica-ante-anuncio-de-tregua-de-putin\/","url_meta":{"origin":124039,"position":4},"title":"Ucrania esc\u00e9ptica ante anuncio de tregua de Putin","author":"Nelson Feliz","date":"19 de abril de 2025","format":false,"excerpt":"POR HANNA ARHIROVA REGI\u00d3N CHERNIHIV, Ucrania (AP) \u2014 Ucrania dijo que igualar\u00eda cualquier cese al fuego genuino por parte de Mosc\u00fa, pero expres\u00f3 escepticismo despu\u00e9s de que el presidente ruso Vlad\u00edmir Putin anunciara una tregua temporal por la Pascua a partir del s\u00e1bado. El anuncio de Kiev se produjo mientras\u2026","rel":"","context":"En \u00abINTERNACIONALES\u00bb","block_context":{"text":"INTERNACIONALES","link":"https:\/\/lasprimeras.com.do\/index.php\/category\/sin-categoria\/internacionales\/"},"img":{"alt_text":"Vlad\u00edmir Putin","src":"https:\/\/i0.wp.com\/lasprimeras.com.do\/wp-content\/uploads\/2025\/04\/Vladimir-Putin.jpg?resize=350%2C200&ssl=1","width":350,"height":200,"srcset":"https:\/\/i0.wp.com\/lasprimeras.com.do\/wp-content\/uploads\/2025\/04\/Vladimir-Putin.jpg?resize=350%2C200&ssl=1 1x, https:\/\/i0.wp.com\/lasprimeras.com.do\/wp-content\/uploads\/2025\/04\/Vladimir-Putin.jpg?resize=525%2C300&ssl=1 1.5x"},"classes":[]},{"id":78407,"url":"https:\/\/lasprimeras.com.do\/index.php\/2024\/03\/16\/el-g7-advierte-a-iran-sobre-envio-misiles-balisticos-y-drones-a-rusia\/","url_meta":{"origin":124039,"position":5},"title":"El G7 advierte a Ir\u00e1n sobre env\u00edo misiles bal\u00edsticos y drones a Rusia","author":"BIMARY DE JES\u00daS Matos","date":"16 de marzo de 2024","format":false,"excerpt":"KIEV, 16 Mar.- Los l\u00edderes del G7 han amenazado a Ir\u00e1n con nuevas sanciones si decide enviar misiles bal\u00edsticos a Rusia despu\u00e9s de que Teher\u00e1n haya suministrado una cantidad sustancial de drones a Mosc\u00fa en el marco de la guerra de Ucrania. \u00abSi Ir\u00e1n comenzara a entregar misiles bal\u00edsticos o\u2026","rel":"","context":"En \u00abSin categor\u00eda\u00bb","block_context":{"text":"Sin categor\u00eda","link":"https:\/\/lasprimeras.com.do\/index.php\/category\/sin-categoria\/"},"img":{"alt_text":"","src":"https:\/\/i0.wp.com\/lasprimeras.com.do\/wp-content\/uploads\/2024\/03\/Diseno-sin-titulo-3.png?resize=350%2C200&ssl=1","width":350,"height":200,"srcset":"https:\/\/i0.wp.com\/lasprimeras.com.do\/wp-content\/uploads\/2024\/03\/Diseno-sin-titulo-3.png?resize=350%2C200&ssl=1 1x, https:\/\/i0.wp.com\/lasprimeras.com.do\/wp-content\/uploads\/2024\/03\/Diseno-sin-titulo-3.png?resize=525%2C300&ssl=1 1.5x, https:\/\/i0.wp.com\/lasprimeras.com.do\/wp-content\/uploads\/2024\/03\/Diseno-sin-titulo-3.png?resize=700%2C400&ssl=1 2x"},"classes":[]}],"jetpack_sharing_enabled":true,"_links":{"self":[{"href":"https:\/\/lasprimeras.com.do\/index.php\/wp-json\/wp\/v2\/posts\/124039","targetHints":{"allow":["GET"]}}],"collection":[{"href":"https:\/\/lasprimeras.com.do\/index.php\/wp-json\/wp\/v2\/posts"}],"about":[{"href":"https:\/\/lasprimeras.com.do\/index.php\/wp-json\/wp\/v2\/types\/post"}],"author":[{"embeddable":true,"href":"https:\/\/lasprimeras.com.do\/index.php\/wp-json\/wp\/v2\/users\/10"}],"replies":[{"embeddable":true,"href":"https:\/\/lasprimeras.com.do\/index.php\/wp-json\/wp\/v2\/comments?post=124039"}],"version-history":[{"count":1,"href":"https:\/\/lasprimeras.com.do\/index.php\/wp-json\/wp\/v2\/posts\/124039\/revisions"}],"predecessor-version":[{"id":124041,"href":"https:\/\/lasprimeras.com.do\/index.php\/wp-json\/wp\/v2\/posts\/124039\/revisions\/124041"}],"wp:featuredmedia":[{"embeddable":true,"href":"https:\/\/lasprimeras.com.do\/index.php\/wp-json\/wp\/v2\/media\/124040"}],"wp:attachment":[{"href":"https:\/\/lasprimeras.com.do\/index.php\/wp-json\/wp\/v2\/media?parent=124039"}],"wp:term":[{"taxonomy":"category","embeddable":true,"href":"https:\/\/lasprimeras.com.do\/index.php\/wp-json\/wp\/v2\/categories?post=124039"},{"taxonomy":"post_tag","embeddable":true,"href":"https:\/\/lasprimeras.com.do\/index.php\/wp-json\/wp\/v2\/tags?post=124039"}],"curies":[{"name":"wp","href":"https:\/\/api.w.org\/{rel}","templated":true}]}}