{"id":124046,"date":"2026-03-08T09:54:52","date_gmt":"2026-03-08T13:54:52","guid":{"rendered":"https:\/\/lasprimeras.com.do\/?p=124046"},"modified":"2026-03-08T09:54:53","modified_gmt":"2026-03-08T13:54:53","slug":"george-russell-gana-el-gp-de-australia-de-f1-donde-mercedes-hace-el-1-2","status":"publish","type":"post","link":"https:\/\/lasprimeras.com.do\/index.php\/2026\/03\/08\/george-russell-gana-el-gp-de-australia-de-f1-donde-mercedes-hace-el-1-2\/","title":{"rendered":"George Russell gana el GP de Australia de F1, donde Mercedes hace el 1-2"},"content":{"rendered":"\n<p>POR STEWART BELL<\/p>\n\n\n\n<p>MELBOURNE (AP) \u2014 George Russell de Mercedes gan\u00f3 un emocionante Gran Premio de Australia que marc\u00f3 el comienzo de la temporada de la F\u00f3rmula Uno, seguido de cerca por su compa\u00f1ero de equipo Kimi Antonelli para que la escuder\u00eda hiciera el 1-2 por 61ra vez en la historia.<\/p>\n\n\n\n<p>En la F1 no se registraba el 1-2 por parte de alg\u00fan equipo desde el Gran Premio de Las Vegas de 2024.<\/p>\n\n\n\n<p>Fue posible gracias a una doble parada en fosos, que eclips\u00f3 un comienzo r\u00e1pido de Ferrari.<\/p>\n\n\n\n<p>\u201cSab\u00edamos que iba a ser desafiante\u201d, dijo Russell. \u201cLlegu\u00e9 a la parrilla, vi mi nivel de bater\u00eda y no ten\u00eda nada en el tanque. Tuve un mal comienzo y libr\u00e9 unas batallas muy arpetadas con Charles\u201d Leclerc.<\/p>\n\n\n\n<p>\u201cMe encant\u00f3 realmente cruzar la meta pero, sinceramente, gracias a todo el equipo, porque se ha requerido de mucho tiempo para tener este b\u00f3lido. Y s\u00ed, voy a comenzar de una mejor manera\u201d.<\/p>\n\n\n\n<p>El brit\u00e1nico Russell, que sal\u00eda desde la pole position, arranc\u00f3 lento, al igual que el italiano Antonelli, quien cay\u00f3 al s\u00e9ptimo lugar.<\/p>\n\n\n\n<p>Ello permiti\u00f3 que Charles Leclerc de Ferrari \u2014aprovechando al m\u00e1ximo su turbo m\u00e1s peque\u00f1o para una carga m\u00e1s r\u00e1pida y una mejor salida\u2014 tomara el liderato en la primera curva.<\/p>\n\n\n\n<p>El monegasco luch\u00f3 luego por el primer puesto, en una sucesi\u00f3n de rebases con Russell, antes del despliegue el auto de seguridad virtual en la duod\u00e9cima vuelta para cubrir el Red Bull detenido de Isack Hadjar, momento en el que ambos autos de Mercedes entraron a boxes.<\/p>\n\n\n\n<p>Leclerc fue tercero para su primer podio con Ferrari desde el Gran Premio de M\u00e9xico del a\u00f1o pasado.<\/p>\n\n\n\n<p>El piloto de 28 a\u00f1os se mostr\u00f3 frustrado por dejar que se escapara una posible victoria despu\u00e9s de que Ferrari se equivoc\u00f3 al no seguir la r\u00e1pida decisi\u00f3n de Mercedes de hacer una parada conveniente en boxes bajo el auto de seguridad virtual, mientras el resto del pelot\u00f3n circulaba a un ritmo m\u00e1s lento.<\/p>\n\n\n\n<p>Lewis Hamilton, compa\u00f1ero de equipo de Leclerc, fue cuarto.<\/p>\n\n\n\n<p>Antes, muchos aficionados locales en las gradas quedaron desconsolados por Oscar Piastri de McLaren, quien se accident\u00f3 cuando se dirig\u00eda a la parrilla de salida, en la cuarta curva, probablemente debido a un pico de energ\u00eda en su unidad de potencia, lo que le dej\u00f3 fuera de la carrera en su pa\u00eds antes de la largada.<\/p>\n\n\n\n<p>En el debut de Cadillac en la F1, el mexicano Sergio P\u00e9rez ocup\u00f3 el 16to puesto. Su compa\u00f1ero Valtteri Bottas se ugic\u00f3 19no.<\/p>\n","protected":false},"excerpt":{"rendered":"<p>POR STEWART BELL MELBOURNE (AP) \u2014 George Russell de Mercedes gan\u00f3 un emocionante Gran Premio de Australia que marc\u00f3 el comienzo de la temporada de la F\u00f3rmula Uno, seguido de&hellip;<\/p>\n","protected":false},"author":10,"featured_media":124047,"comment_status":"open","ping_status":"open","sticky":false,"template":"","format":"standard","meta":{"content-type":"","jetpack_post_was_ever_published":false,"_jetpack_newsletter_access":"","_jetpack_dont_email_post_to_subs":false,"_jetpack_newsletter_tier_id":0,"_jetpack_memberships_contains_paywalled_content":false,"_jetpack_memberships_contains_paid_content":false,"footnotes":""},"categories":[630],"tags":[30970,30971],"class_list":["post-124046","post","type-post","status-publish","format-standard","has-post-thumbnail","hentry","category-deportes","tag-george-russell-gana-el-gp-de-australia-de-f1","tag-mercedes-hace-el-1-2"],"jetpack_featured_media_url":"https:\/\/lasprimeras.com.do\/wp-content\/uploads\/2026\/03\/rusbell.jpg","jetpack-related-posts":[{"id":117022,"url":"https:\/\/lasprimeras.com.do\/index.php\/2025\/12\/07\/lando-norris-consigue-su-primer-titulo-de-f1-en-el-gran-premio-de-abu-dabi\/","url_meta":{"origin":124046,"position":0},"title":"Lando Norris consigue su primer t\u00edtulo de F1 en el Gran Premio de Abu Dabi","author":"Nelson Feliz","date":"7 de diciembre de 2025","format":false,"excerpt":"Por JEROME PUGMIRE El piloto de McLaren, Lando Norris, mantuvo la calma pero no pudo contener las l\u00e1grimas despu\u00e9s de conseguir su primer t\u00edtulo de F\u00f3rmula 1 en el Gran Premio de Abu Dhabi, que cerr\u00f3 la temporada el domingo. El piloto de Red Bull y campe\u00f3n defensor, Max Verstappen,\u2026","rel":"","context":"En \u00abDEPORTES\u00bb","block_context":{"text":"DEPORTES","link":"https:\/\/lasprimeras.com.do\/index.php\/category\/deportes\/"},"img":{"alt_text":"Lando Norris","src":"https:\/\/i0.wp.com\/lasprimeras.com.do\/wp-content\/uploads\/2025\/12\/Lando-Norris.jpg?resize=350%2C200&ssl=1","width":350,"height":200,"srcset":"https:\/\/i0.wp.com\/lasprimeras.com.do\/wp-content\/uploads\/2025\/12\/Lando-Norris.jpg?resize=350%2C200&ssl=1 1x, https:\/\/i0.wp.com\/lasprimeras.com.do\/wp-content\/uploads\/2025\/12\/Lando-Norris.jpg?resize=525%2C300&ssl=1 1.5x, https:\/\/i0.wp.com\/lasprimeras.com.do\/wp-content\/uploads\/2025\/12\/Lando-Norris.jpg?resize=700%2C400&ssl=1 2x"},"classes":[]},{"id":126037,"url":"https:\/\/lasprimeras.com.do\/index.php\/2026\/03\/29\/adolescente-kimi-antonelli-gana-el-gp-de-japon-para-su-segunda-victoria-consecutiva\/","url_meta":{"origin":124046,"position":1},"title":"Adolescente Kimi Antonelli gana el GP de Jap\u00f3n para su segunda victoria consecutiva","author":"Nelson Feliz","date":"29 de marzo de 2026","format":false,"excerpt":"POR STEPHEN WADE SUZUKA, Jap\u00f3n (AP) \u2014 El italiano Kimi Antonelli, el piloto de Mercedes de 19 a\u00f1os, gan\u00f3 el domingo su segunda carrera consecutiva de F\u00f3rmula 1 al imponerse en el Gran Premio de Jap\u00f3n por delante de Oscar Piastri, de McLaren. Antonelli termin\u00f3 con una c\u00f3moda ventaja de\u2026","rel":"","context":"En \u00abDEPORTES\u00bb","block_context":{"text":"DEPORTES","link":"https:\/\/lasprimeras.com.do\/index.php\/category\/deportes\/"},"img":{"alt_text":"Kimi Antonelli","src":"https:\/\/i0.wp.com\/lasprimeras.com.do\/wp-content\/uploads\/2026\/03\/Kimi-Antonelli.jpg?resize=350%2C200&ssl=1","width":350,"height":200,"srcset":"https:\/\/i0.wp.com\/lasprimeras.com.do\/wp-content\/uploads\/2026\/03\/Kimi-Antonelli.jpg?resize=350%2C200&ssl=1 1x, https:\/\/i0.wp.com\/lasprimeras.com.do\/wp-content\/uploads\/2026\/03\/Kimi-Antonelli.jpg?resize=525%2C300&ssl=1 1.5x, https:\/\/i0.wp.com\/lasprimeras.com.do\/wp-content\/uploads\/2026\/03\/Kimi-Antonelli.jpg?resize=700%2C400&ssl=1 2x"},"classes":[]},{"id":124049,"url":"https:\/\/lasprimeras.com.do\/index.php\/2026\/03\/08\/leclerc-la-apuesta-de-ferrari-en-boxes-en-el-gp-de-australia-fue-una-decision-consciente\/","url_meta":{"origin":124046,"position":2},"title":"Leclerc: La apuesta de Ferrari en boxes en el GP de Australia fue una \u201cdecisi\u00f3n consciente\u201d","author":"Nelson Feliz","date":"8 de marzo de 2026","format":false,"excerpt":"POR STEWART BELL MELBOURNE, Australia (AP) \u2014 Charles Leclerc, de Ferrari, afirm\u00f3 que no entrar a boxes durante el primer periodo de coche de seguridad virtual \u2014lo que probablemente le cost\u00f3 un puesto mejor que el tercero\u2014 fue una \u201cdecisi\u00f3n consciente\u201d, ya que la Scuderia estaba esperando otra oportunidad m\u00e1s\u2026","rel":"","context":"En \u00abDEPORTES\u00bb","block_context":{"text":"DEPORTES","link":"https:\/\/lasprimeras.com.do\/index.php\/category\/deportes\/"},"img":{"alt_text":"Charles Leclerc","src":"https:\/\/i0.wp.com\/lasprimeras.com.do\/wp-content\/uploads\/2026\/03\/Charles-Leclerc.jpg?resize=350%2C200&ssl=1","width":350,"height":200,"srcset":"https:\/\/i0.wp.com\/lasprimeras.com.do\/wp-content\/uploads\/2026\/03\/Charles-Leclerc.jpg?resize=350%2C200&ssl=1 1x, https:\/\/i0.wp.com\/lasprimeras.com.do\/wp-content\/uploads\/2026\/03\/Charles-Leclerc.jpg?resize=525%2C300&ssl=1 1.5x, https:\/\/i0.wp.com\/lasprimeras.com.do\/wp-content\/uploads\/2026\/03\/Charles-Leclerc.jpg?resize=700%2C400&ssl=1 2x"},"classes":[]},{"id":115482,"url":"https:\/\/lasprimeras.com.do\/index.php\/2025\/11\/23\/max-verstappen-gana-el-gran-premio-de-las-vegas-y-se-acerca-a-la-cima-en-la-f1\/","url_meta":{"origin":124046,"position":3},"title":"Max Verstappen gana el Gran Premio de Las Vegas y se acerca a la cima en la F1","author":"Nelson Feliz","date":"23 de noviembre de 2025","format":false,"excerpt":"POR JENNA FRYER LAS VEGAS (AP) \u2014 Para ser un piloto que odiaba el Gran Premio de Las Vegas antes de haber dado una sola vuelta aqu\u00ed, Max Verstappen ciertamente ha convertido esta carrera en una mina de oro. Verstappen, tetracampe\u00f3n reinante de la F\u00f3rmula Uno, triunf\u00f3 por segunda vez\u2026","rel":"","context":"En \u00abDEPORTES\u00bb","block_context":{"text":"DEPORTES","link":"https:\/\/lasprimeras.com.do\/index.php\/category\/deportes\/"},"img":{"alt_text":"","src":"https:\/\/i0.wp.com\/lasprimeras.com.do\/wp-content\/uploads\/2025\/11\/Max-Verstappen.jpg?resize=350%2C200&ssl=1","width":350,"height":200,"srcset":"https:\/\/i0.wp.com\/lasprimeras.com.do\/wp-content\/uploads\/2025\/11\/Max-Verstappen.jpg?resize=350%2C200&ssl=1 1x, https:\/\/i0.wp.com\/lasprimeras.com.do\/wp-content\/uploads\/2025\/11\/Max-Verstappen.jpg?resize=525%2C300&ssl=1 1.5x, https:\/\/i0.wp.com\/lasprimeras.com.do\/wp-content\/uploads\/2025\/11\/Max-Verstappen.jpg?resize=700%2C400&ssl=1 2x"},"classes":[]},{"id":108521,"url":"https:\/\/lasprimeras.com.do\/index.php\/2025\/09\/08\/verstappen-gana-de-manera-dominante-el-gp-de-italia-su-primer-triunfo-desde-mayo\/","url_meta":{"origin":124046,"position":4},"title":"Verstappen gana de manera dominante el GP de Italia, su primer triunfo desde mayo","author":"Nelson Feliz","date":"8 de septiembre de 2025","format":false,"excerpt":"POR DANIELLA MATAR MONZA, Italia (AP) \u2014 Max Verstappen reclam\u00f3 una victoria dominante en el Gran Premio de Italia el domingo, por delante de los contendientes al t\u00edtulo y compa\u00f1eros de equipo de McLaren, Lando Norris y Oscar Piastri. Fue la primera victoria de Verstappen desde mayo, y solo la\u2026","rel":"","context":"En \u00abDEPORTES\u00bb","block_context":{"text":"DEPORTES","link":"https:\/\/lasprimeras.com.do\/index.php\/category\/deportes\/"},"img":{"alt_text":"","src":"https:\/\/i0.wp.com\/lasprimeras.com.do\/wp-content\/uploads\/2025\/09\/Max-Verstappen.jpg?resize=350%2C200&ssl=1","width":350,"height":200,"srcset":"https:\/\/i0.wp.com\/lasprimeras.com.do\/wp-content\/uploads\/2025\/09\/Max-Verstappen.jpg?resize=350%2C200&ssl=1 1x, https:\/\/i0.wp.com\/lasprimeras.com.do\/wp-content\/uploads\/2025\/09\/Max-Verstappen.jpg?resize=525%2C300&ssl=1 1.5x, https:\/\/i0.wp.com\/lasprimeras.com.do\/wp-content\/uploads\/2025\/09\/Max-Verstappen.jpg?resize=700%2C400&ssl=1 2x"},"classes":[]},{"id":86499,"url":"https:\/\/lasprimeras.com.do\/index.php\/2024\/07\/26\/russell-wilson-marginado-de-1ras-2-practicas-de-steelers-por-problema-en-pantorrilla\/","url_meta":{"origin":124046,"position":5},"title":"Russell Wilson, marginado de 1ras 2 pr\u00e1cticas de Steelers por problema en pantorrilla","author":"Nelson Feliz","date":"26 de julio de 2024","format":false,"excerpt":"BY WES CROSBY LATROBE, Pensilvania, EE.UU. (AP) \u2014 Russell Wilson se perdi\u00f3 la primera parte del campamento de pr\u00e1cticas de Pittsburgh debido a un problema menor en una pantorrilla. El quarterback nueve veces seleccionado al Pro Bowl ser\u00e1 revisado diariamente para determinar cu\u00e1ndo puede entrenar. Se lastim\u00f3 el mi\u00e9rcoles, cuando\u2026","rel":"","context":"En \u00abSin categor\u00eda\u00bb","block_context":{"text":"Sin categor\u00eda","link":"https:\/\/lasprimeras.com.do\/index.php\/category\/sin-categoria\/"},"img":{"alt_text":"Russell Wilson","src":"https:\/\/i0.wp.com\/lasprimeras.com.do\/wp-content\/uploads\/2024\/07\/Russell-Wilson.png?resize=350%2C200&ssl=1","width":350,"height":200,"srcset":"https:\/\/i0.wp.com\/lasprimeras.com.do\/wp-content\/uploads\/2024\/07\/Russell-Wilson.png?resize=350%2C200&ssl=1 1x, https:\/\/i0.wp.com\/lasprimeras.com.do\/wp-content\/uploads\/2024\/07\/Russell-Wilson.png?resize=525%2C300&ssl=1 1.5x, https:\/\/i0.wp.com\/lasprimeras.com.do\/wp-content\/uploads\/2024\/07\/Russell-Wilson.png?resize=700%2C400&ssl=1 2x"},"classes":[]}],"jetpack_sharing_enabled":true,"_links":{"self":[{"href":"https:\/\/lasprimeras.com.do\/index.php\/wp-json\/wp\/v2\/posts\/124046","targetHints":{"allow":["GET"]}}],"collection":[{"href":"https:\/\/lasprimeras.com.do\/index.php\/wp-json\/wp\/v2\/posts"}],"about":[{"href":"https:\/\/lasprimeras.com.do\/index.php\/wp-json\/wp\/v2\/types\/post"}],"author":[{"embeddable":true,"href":"https:\/\/lasprimeras.com.do\/index.php\/wp-json\/wp\/v2\/users\/10"}],"replies":[{"embeddable":true,"href":"https:\/\/lasprimeras.com.do\/index.php\/wp-json\/wp\/v2\/comments?post=124046"}],"version-history":[{"count":1,"href":"https:\/\/lasprimeras.com.do\/index.php\/wp-json\/wp\/v2\/posts\/124046\/revisions"}],"predecessor-version":[{"id":124048,"href":"https:\/\/lasprimeras.com.do\/index.php\/wp-json\/wp\/v2\/posts\/124046\/revisions\/124048"}],"wp:featuredmedia":[{"embeddable":true,"href":"https:\/\/lasprimeras.com.do\/index.php\/wp-json\/wp\/v2\/media\/124047"}],"wp:attachment":[{"href":"https:\/\/lasprimeras.com.do\/index.php\/wp-json\/wp\/v2\/media?parent=124046"}],"wp:term":[{"taxonomy":"category","embeddable":true,"href":"https:\/\/lasprimeras.com.do\/index.php\/wp-json\/wp\/v2\/categories?post=124046"},{"taxonomy":"post_tag","embeddable":true,"href":"https:\/\/lasprimeras.com.do\/index.php\/wp-json\/wp\/v2\/tags?post=124046"}],"curies":[{"name":"wp","href":"https:\/\/api.w.org\/{rel}","templated":true}]}}