{"id":124049,"date":"2026-03-08T10:01:17","date_gmt":"2026-03-08T14:01:17","guid":{"rendered":"https:\/\/lasprimeras.com.do\/?p=124049"},"modified":"2026-03-08T10:01:19","modified_gmt":"2026-03-08T14:01:19","slug":"leclerc-la-apuesta-de-ferrari-en-boxes-en-el-gp-de-australia-fue-una-decision-consciente","status":"publish","type":"post","link":"https:\/\/lasprimeras.com.do\/index.php\/2026\/03\/08\/leclerc-la-apuesta-de-ferrari-en-boxes-en-el-gp-de-australia-fue-una-decision-consciente\/","title":{"rendered":"Leclerc: La apuesta de Ferrari en boxes en el GP de Australia fue una \u201cdecisi\u00f3n consciente\u201d"},"content":{"rendered":"\n<p>POR STEWART BELL<\/p>\n\n\n\n<p>MELBOURNE, Australia (AP) \u2014 Charles Leclerc, de Ferrari, afirm\u00f3 que no entrar a boxes durante el primer periodo de coche de seguridad virtual \u2014lo que probablemente le cost\u00f3 un puesto mejor que el tercero\u2014 fue una \u201cdecisi\u00f3n consciente\u201d, ya que la Scuderia estaba esperando otra oportunidad m\u00e1s adelante en la carrera.<\/p>\n\n\n\n<p>Leclerc se puse en cabeza en la primera curva, tras una salida fulminante desde el cuarto puesto de la parrilla, y se bati\u00f3 con George Russell, de Mercedes, por el liderato hasta que se despleg\u00f3 el Coche de Seguridad Virtual en la vuelta 12 debido al Red Bull detenido de Isack Hadjar.<\/p>\n\n\n\n<p>Una oportunidad que ambos autos de Mercedes aprovecharon para entrar a boxes con una parada \u201cbarata\u201d.<\/p>\n\n\n\n<p>Pero Leclerc sostiene que el hecho de que Ferrari no aprovechara tambi\u00e9n esa parada no fue un error; en cambio, la decisi\u00f3n de Ferrari se bas\u00f3 en que el equipo cre\u00eda que habr\u00eda m\u00e1s apariciones del coche de seguridad a medida que avanzara la carrera.<\/p>\n\n\n\n<p>\u201cNo me arrepiento\u201d, manifest\u00f3 Leclerc en la conferencia de prensa oficial posterior a la carrera. \u201cFue una decisi\u00f3n buscada, una decisi\u00f3n buscada y consciente. Si miras desde (el primer entrenamiento libre) hasta ahora, en cada sesi\u00f3n ha habido un auto que se ha detenido, al menos un auto.<\/p>\n\n\n\n<p>\u201cSab\u00edamos que hab\u00eda probabilidades muy altas de que este no fuera el \u00fanico VSC de la carrera, y por eso pensamos que era mejor para nosotros quiz\u00e1 esperar a otro \u2014y eso siempre es una apuesta. Por supuesto, no sab\u00edamos que esto iba a pasar.<\/p>\n\n\n\n<p>\u201cLa realidad es que tuvimos otro VSC despu\u00e9s y uno que estaba particularmente bien ubicado. Pero, por desgracia, en ese, para nosotros, la entrada a boxes estaba cerrada y no pudimos aprovecharlo, as\u00ed que tuvimos un poco de mala suerte en ese sentido, pero fue otra vez una decisi\u00f3n consciente y de verdad no me arrepiento\u201d.<\/p>\n","protected":false},"excerpt":{"rendered":"<p>POR STEWART BELL MELBOURNE, Australia (AP) \u2014 Charles Leclerc, de Ferrari, afirm\u00f3 que no entrar a boxes durante el primer periodo de coche de seguridad virtual \u2014lo que probablemente le&hellip;<\/p>\n","protected":false},"author":10,"featured_media":124050,"comment_status":"open","ping_status":"open","sticky":false,"template":"","format":"standard","meta":{"content-type":"","jetpack_post_was_ever_published":false,"_jetpack_newsletter_access":"","_jetpack_dont_email_post_to_subs":false,"_jetpack_newsletter_tier_id":0,"_jetpack_memberships_contains_paywalled_content":false,"_jetpack_memberships_contains_paid_content":false,"footnotes":""},"categories":[630],"tags":[30973,30972,30976,30974,30975],"class_list":["post-124049","post","type-post","status-publish","format-standard","has-post-thumbnail","hentry","category-deportes","tag-boxes","tag-charles-leclerc","tag-decision-consciente","tag-gp-de-australia","tag-la-apuesta-de-ferrari"],"jetpack_featured_media_url":"https:\/\/lasprimeras.com.do\/wp-content\/uploads\/2026\/03\/Charles-Leclerc.jpg","jetpack-related-posts":[{"id":124046,"url":"https:\/\/lasprimeras.com.do\/index.php\/2026\/03\/08\/george-russell-gana-el-gp-de-australia-de-f1-donde-mercedes-hace-el-1-2\/","url_meta":{"origin":124049,"position":0},"title":"George Russell gana el GP de Australia de F1, donde Mercedes hace el 1-2","author":"Nelson Feliz","date":"8 de marzo de 2026","format":false,"excerpt":"POR STEWART BELL MELBOURNE (AP) \u2014 George Russell de Mercedes gan\u00f3 un emocionante Gran Premio de Australia que marc\u00f3 el comienzo de la temporada de la F\u00f3rmula Uno, seguido de cerca por su compa\u00f1ero de equipo Kimi Antonelli para que la escuder\u00eda hiciera el 1-2 por 61ra vez en la\u2026","rel":"","context":"En \u00abDEPORTES\u00bb","block_context":{"text":"DEPORTES","link":"https:\/\/lasprimeras.com.do\/index.php\/category\/deportes\/"},"img":{"alt_text":"","src":"https:\/\/i0.wp.com\/lasprimeras.com.do\/wp-content\/uploads\/2026\/03\/rusbell.jpg?resize=350%2C200&ssl=1","width":350,"height":200,"srcset":"https:\/\/i0.wp.com\/lasprimeras.com.do\/wp-content\/uploads\/2026\/03\/rusbell.jpg?resize=350%2C200&ssl=1 1x, https:\/\/i0.wp.com\/lasprimeras.com.do\/wp-content\/uploads\/2026\/03\/rusbell.jpg?resize=525%2C300&ssl=1 1.5x, https:\/\/i0.wp.com\/lasprimeras.com.do\/wp-content\/uploads\/2026\/03\/rusbell.jpg?resize=700%2C400&ssl=1 2x"},"classes":[]},{"id":79193,"url":"https:\/\/lasprimeras.com.do\/index.php\/2024\/03\/24\/checo-perez-autocritico-tras-doblete-de-ferrari-en-el-gran-premio-de-australia\/","url_meta":{"origin":124049,"position":1},"title":"Checo P\u00e9rez autocr\u00edtico tras doblete de Ferrari en el Gran Premio de Australia","author":"Nelson Feliz","date":"24 de marzo de 2024","format":false,"excerpt":"Checo P\u00e9rez no escondi\u00f3 cr\u00edtica hacia el propio rendimiento de la escuder\u00eda Red Bull al asegurar que no estuvieron a la altura de los pilotos de Ferrari, Carlos Sainz y Charles Leclerc, que a la postre culminaron primero y segundo respectivamente. Por Miguel Rapetti El piloto mexicano de Red Bull\u2026","rel":"","context":"En \u00abSin categor\u00eda\u00bb","block_context":{"text":"Sin categor\u00eda","link":"https:\/\/lasprimeras.com.do\/index.php\/category\/sin-categoria\/"},"img":{"alt_text":"Checo P\u00e9rez","src":"https:\/\/i0.wp.com\/lasprimeras.com.do\/wp-content\/uploads\/2024\/03\/Checo-Perez.jpg?resize=350%2C200&ssl=1","width":350,"height":200,"srcset":"https:\/\/i0.wp.com\/lasprimeras.com.do\/wp-content\/uploads\/2024\/03\/Checo-Perez.jpg?resize=350%2C200&ssl=1 1x, https:\/\/i0.wp.com\/lasprimeras.com.do\/wp-content\/uploads\/2024\/03\/Checo-Perez.jpg?resize=525%2C300&ssl=1 1.5x, https:\/\/i0.wp.com\/lasprimeras.com.do\/wp-content\/uploads\/2024\/03\/Checo-Perez.jpg?resize=700%2C400&ssl=1 2x"},"classes":[]},{"id":108521,"url":"https:\/\/lasprimeras.com.do\/index.php\/2025\/09\/08\/verstappen-gana-de-manera-dominante-el-gp-de-italia-su-primer-triunfo-desde-mayo\/","url_meta":{"origin":124049,"position":2},"title":"Verstappen gana de manera dominante el GP de Italia, su primer triunfo desde mayo","author":"Nelson Feliz","date":"8 de septiembre de 2025","format":false,"excerpt":"POR DANIELLA MATAR MONZA, Italia (AP) \u2014 Max Verstappen reclam\u00f3 una victoria dominante en el Gran Premio de Italia el domingo, por delante de los contendientes al t\u00edtulo y compa\u00f1eros de equipo de McLaren, Lando Norris y Oscar Piastri. Fue la primera victoria de Verstappen desde mayo, y solo la\u2026","rel":"","context":"En \u00abDEPORTES\u00bb","block_context":{"text":"DEPORTES","link":"https:\/\/lasprimeras.com.do\/index.php\/category\/deportes\/"},"img":{"alt_text":"","src":"https:\/\/i0.wp.com\/lasprimeras.com.do\/wp-content\/uploads\/2025\/09\/Max-Verstappen.jpg?resize=350%2C200&ssl=1","width":350,"height":200,"srcset":"https:\/\/i0.wp.com\/lasprimeras.com.do\/wp-content\/uploads\/2025\/09\/Max-Verstappen.jpg?resize=350%2C200&ssl=1 1x, https:\/\/i0.wp.com\/lasprimeras.com.do\/wp-content\/uploads\/2025\/09\/Max-Verstappen.jpg?resize=525%2C300&ssl=1 1.5x, https:\/\/i0.wp.com\/lasprimeras.com.do\/wp-content\/uploads\/2025\/09\/Max-Verstappen.jpg?resize=700%2C400&ssl=1 2x"},"classes":[]},{"id":126037,"url":"https:\/\/lasprimeras.com.do\/index.php\/2026\/03\/29\/adolescente-kimi-antonelli-gana-el-gp-de-japon-para-su-segunda-victoria-consecutiva\/","url_meta":{"origin":124049,"position":3},"title":"Adolescente Kimi Antonelli gana el GP de Jap\u00f3n para su segunda victoria consecutiva","author":"Nelson Feliz","date":"29 de marzo de 2026","format":false,"excerpt":"POR STEPHEN WADE SUZUKA, Jap\u00f3n (AP) \u2014 El italiano Kimi Antonelli, el piloto de Mercedes de 19 a\u00f1os, gan\u00f3 el domingo su segunda carrera consecutiva de F\u00f3rmula 1 al imponerse en el Gran Premio de Jap\u00f3n por delante de Oscar Piastri, de McLaren. Antonelli termin\u00f3 con una c\u00f3moda ventaja de\u2026","rel":"","context":"En \u00abDEPORTES\u00bb","block_context":{"text":"DEPORTES","link":"https:\/\/lasprimeras.com.do\/index.php\/category\/deportes\/"},"img":{"alt_text":"Kimi Antonelli","src":"https:\/\/i0.wp.com\/lasprimeras.com.do\/wp-content\/uploads\/2026\/03\/Kimi-Antonelli.jpg?resize=350%2C200&ssl=1","width":350,"height":200,"srcset":"https:\/\/i0.wp.com\/lasprimeras.com.do\/wp-content\/uploads\/2026\/03\/Kimi-Antonelli.jpg?resize=350%2C200&ssl=1 1x, https:\/\/i0.wp.com\/lasprimeras.com.do\/wp-content\/uploads\/2026\/03\/Kimi-Antonelli.jpg?resize=525%2C300&ssl=1 1.5x, https:\/\/i0.wp.com\/lasprimeras.com.do\/wp-content\/uploads\/2026\/03\/Kimi-Antonelli.jpg?resize=700%2C400&ssl=1 2x"},"classes":[]},{"id":117022,"url":"https:\/\/lasprimeras.com.do\/index.php\/2025\/12\/07\/lando-norris-consigue-su-primer-titulo-de-f1-en-el-gran-premio-de-abu-dabi\/","url_meta":{"origin":124049,"position":4},"title":"Lando Norris consigue su primer t\u00edtulo de F1 en el Gran Premio de Abu Dabi","author":"Nelson Feliz","date":"7 de diciembre de 2025","format":false,"excerpt":"Por JEROME PUGMIRE El piloto de McLaren, Lando Norris, mantuvo la calma pero no pudo contener las l\u00e1grimas despu\u00e9s de conseguir su primer t\u00edtulo de F\u00f3rmula 1 en el Gran Premio de Abu Dhabi, que cerr\u00f3 la temporada el domingo. El piloto de Red Bull y campe\u00f3n defensor, Max Verstappen,\u2026","rel":"","context":"En \u00abDEPORTES\u00bb","block_context":{"text":"DEPORTES","link":"https:\/\/lasprimeras.com.do\/index.php\/category\/deportes\/"},"img":{"alt_text":"Lando Norris","src":"https:\/\/i0.wp.com\/lasprimeras.com.do\/wp-content\/uploads\/2025\/12\/Lando-Norris.jpg?resize=350%2C200&ssl=1","width":350,"height":200,"srcset":"https:\/\/i0.wp.com\/lasprimeras.com.do\/wp-content\/uploads\/2025\/12\/Lando-Norris.jpg?resize=350%2C200&ssl=1 1x, https:\/\/i0.wp.com\/lasprimeras.com.do\/wp-content\/uploads\/2025\/12\/Lando-Norris.jpg?resize=525%2C300&ssl=1 1.5x, https:\/\/i0.wp.com\/lasprimeras.com.do\/wp-content\/uploads\/2025\/12\/Lando-Norris.jpg?resize=700%2C400&ssl=1 2x"},"classes":[]},{"id":80368,"url":"https:\/\/lasprimeras.com.do\/index.php\/2024\/04\/08\/aguilas-anuncian-la-firma-del-lanzador-de-grandes-ligas-jose-leclerc\/","url_meta":{"origin":124049,"position":5},"title":"\u00c1guilas anuncian la firma del lanzador de Grandes Ligas Jos\u00e9 Leclerc","author":"BIMARY DE JES\u00daS Matos","date":"8 de abril de 2024","format":false,"excerpt":"SANTIAGO. \u2013 Las \u00c1guilas Cibae\u00f1as han firmado en la Agencia Libre al cotizado relevista de Grandes Ligas, Jos\u00e9 Leclerc quien form\u00f3 parte de los campeones mundiales Rangers de Texas en la pasada temporada de Grandes Ligas. \u00c1ngel Ovalles, gerente general de las \u00c1guilas Cibae\u00f1as, dio a conocer la firma de\u2026","rel":"","context":"En \u00abSin categor\u00eda\u00bb","block_context":{"text":"Sin categor\u00eda","link":"https:\/\/lasprimeras.com.do\/index.php\/category\/sin-categoria\/"},"img":{"alt_text":"","src":"https:\/\/i0.wp.com\/lasprimeras.com.do\/wp-content\/uploads\/2024\/04\/6a0c8a05-4f4b-48f5-a1d9-1ad180753c4a-2.webp?resize=350%2C200&ssl=1","width":350,"height":200,"srcset":"https:\/\/i0.wp.com\/lasprimeras.com.do\/wp-content\/uploads\/2024\/04\/6a0c8a05-4f4b-48f5-a1d9-1ad180753c4a-2.webp?resize=350%2C200&ssl=1 1x, https:\/\/i0.wp.com\/lasprimeras.com.do\/wp-content\/uploads\/2024\/04\/6a0c8a05-4f4b-48f5-a1d9-1ad180753c4a-2.webp?resize=525%2C300&ssl=1 1.5x, https:\/\/i0.wp.com\/lasprimeras.com.do\/wp-content\/uploads\/2024\/04\/6a0c8a05-4f4b-48f5-a1d9-1ad180753c4a-2.webp?resize=700%2C400&ssl=1 2x, https:\/\/i0.wp.com\/lasprimeras.com.do\/wp-content\/uploads\/2024\/04\/6a0c8a05-4f4b-48f5-a1d9-1ad180753c4a-2.webp?resize=1050%2C600&ssl=1 3x"},"classes":[]}],"jetpack_sharing_enabled":true,"_links":{"self":[{"href":"https:\/\/lasprimeras.com.do\/index.php\/wp-json\/wp\/v2\/posts\/124049","targetHints":{"allow":["GET"]}}],"collection":[{"href":"https:\/\/lasprimeras.com.do\/index.php\/wp-json\/wp\/v2\/posts"}],"about":[{"href":"https:\/\/lasprimeras.com.do\/index.php\/wp-json\/wp\/v2\/types\/post"}],"author":[{"embeddable":true,"href":"https:\/\/lasprimeras.com.do\/index.php\/wp-json\/wp\/v2\/users\/10"}],"replies":[{"embeddable":true,"href":"https:\/\/lasprimeras.com.do\/index.php\/wp-json\/wp\/v2\/comments?post=124049"}],"version-history":[{"count":1,"href":"https:\/\/lasprimeras.com.do\/index.php\/wp-json\/wp\/v2\/posts\/124049\/revisions"}],"predecessor-version":[{"id":124051,"href":"https:\/\/lasprimeras.com.do\/index.php\/wp-json\/wp\/v2\/posts\/124049\/revisions\/124051"}],"wp:featuredmedia":[{"embeddable":true,"href":"https:\/\/lasprimeras.com.do\/index.php\/wp-json\/wp\/v2\/media\/124050"}],"wp:attachment":[{"href":"https:\/\/lasprimeras.com.do\/index.php\/wp-json\/wp\/v2\/media?parent=124049"}],"wp:term":[{"taxonomy":"category","embeddable":true,"href":"https:\/\/lasprimeras.com.do\/index.php\/wp-json\/wp\/v2\/categories?post=124049"},{"taxonomy":"post_tag","embeddable":true,"href":"https:\/\/lasprimeras.com.do\/index.php\/wp-json\/wp\/v2\/tags?post=124049"}],"curies":[{"name":"wp","href":"https:\/\/api.w.org\/{rel}","templated":true}]}}