{"id":124059,"date":"2026-03-08T10:40:47","date_gmt":"2026-03-08T14:40:47","guid":{"rendered":"https:\/\/lasprimeras.com.do\/?p=124059"},"modified":"2026-03-08T10:40:49","modified_gmt":"2026-03-08T14:40:49","slug":"charles-oliveira-le-quita-el-titulo-bmf-a-max-holloway-en-la-ufc-326","status":"publish","type":"post","link":"https:\/\/lasprimeras.com.do\/index.php\/2026\/03\/08\/charles-oliveira-le-quita-el-titulo-bmf-a-max-holloway-en-la-ufc-326\/","title":{"rendered":"Charles Oliveira le quita el t\u00edtulo BMF a Max Holloway en la UFC 326"},"content":{"rendered":"\n<p>POR W.G. RAM\u00cdREZ<\/p>\n\n\n\n<p>LAS VEGAS (AP) \u2014 Charles Oliveira finalmente se veng\u00f3 de una derrota que se le hab\u00eda quedado grabada en la mente, al superar el s\u00e1bado por decisi\u00f3n un\u00e1nime a Max Holloway para ganar el t\u00edtulo BMF.<\/p>\n\n\n\n<p>Tuvieron que pasar casi 11 a\u00f1os.<\/p>\n\n\n\n<p>Los cinco jueces dieron una puntuaci\u00f3n de 50-45 a favor de Oliveira (37-11). El combatiente brasile\u00f1o de peso ligero, tercero en el ranking, control\u00f3 el combate desde el inicio.<\/p>\n\n\n\n<p>Holloway (27-9), que cerr\u00f3 como favorito de -235 en BetMGM Sportsbook, gan\u00f3 el primer enfrentamiento el 23 de agosto de 2015, despu\u00e9s de que Oliveira sufri\u00f3 una lesi\u00f3n en el es\u00f3fago a menos de dos minutos de haber comenzado la pelea.<\/p>\n\n\n\n<p>Holloway, de 34 a\u00f1os y cuarto en el ranking de la divisi\u00f3n de peso ligero, nunca pudo encontrar su propio ritmo ante el enfoque implacable de Oliveira, que conect\u00f3 m\u00e1s golpes mientras avanzaba hacia posiciones superiores en el suelo.<\/p>\n\n\n\n<p>Aun as\u00ed, el nuevo campe\u00f3n BMF se mostr\u00f3 respetuoso con uno de los peleadores m\u00e1s prestigiados del deporte.<\/p>\n\n\n\n<p>\u201cMax es el tipo m\u00e1s duro contra el que he peleado\u201d, dijo Oliveira, de 36 a\u00f1os, mientras abrazaba a su hijo. Su esposa estaba a su lado durante la entrevista posterior al combate.<\/p>\n\n\n\n<p>Shakur Stevenson domina a Te\u00f3fimo L\u00f3pez y se convierte en campe\u00f3n de 4 divisiones<br>\u201cTen\u00eda que venir aqu\u00ed y dominar\u201d, a\u00f1adi\u00f3.<\/p>\n\n\n\n<p>La UFC present\u00f3 el cintur\u00f3n BMF el 2 de noviembre de 2019. Aunque no est\u00e1 identificado con una categor\u00eda de peso y su nombre no es publicable seg\u00fan los est\u00e1ndares de The Associated Press y de la mayor\u00eda de los medios, lo ostenta el peleador que mejor ejemplifica la ferocidad y la electricidad que definen este deporte.<\/p>\n\n\n\n<p>En una pelea anunciada como coestelar, aunque en realidad fue un combate de peso mediano a tres asaltos, el s\u00e9ptimo del ranking Caio Borralho (18-2-0) venci\u00f3 al octavo Reinier de Ridder (21-4-0).<\/p>\n\n\n\n<p>Tras sobrevivir a un rodillazo en la ingle en el primer asalto, Borralho impuso su plan, evitando en gran medida el suelo mientras se plantaba de t\u00fa a t\u00fa durante la mayor parte del combate. Los tres jueces dictaminaron 30-27.<\/p>\n\n\n\n<p>En el resto de la cartelera preliminar, el no clasificado Raul Rosas Jr. (12-1) super\u00f3 por decisi\u00f3n al peso gallo n\u00famero 13 Rob Font (22-10) en una pelea bastante desigual y sin demasiados momentos destacados. Los tres jueces dieron 30-27 para una decisi\u00f3n un\u00e1nime.<\/p>\n\n\n\n<p>En un combate programado a tres asaltos en peso ligero, Drew Dober conect\u00f3 golpes consecutivos de izquierda al rostro de Michael Johnson para terminar la pelea a los 1:53 minutos del segundo asalto.<\/p>\n\n\n\n<p>Tras preparar el primer golpe con un amague de derecha, Dober (29-15) sigui\u00f3 con una potente izquierda que derrib\u00f3 a Johnson (25-20) de espaldas. Dober se lanz\u00f3 de inmediato y cay\u00f3 con otra izquierda para cerrar el combate con nocaut.<\/p>\n\n\n\n<p>Con una derecha atronadora a la mand\u00edbula, el peso mediano n\u00famero 13 Gregory Rodrigues (19-6) logr\u00f3 un nocaut en el primer asalto sobre el n\u00famero 15 Brunno Ferreira (15-3) a los 1:47 de su combate pactado a tres asaltos.<\/p>\n\n\n\n<p>Cuando Ferrieira cambi\u00f3 a guardia zurda, Rodrigues no dud\u00f3 y respondi\u00f3 con una derecha de contra que derrib\u00f3 a su rival.<\/p>\n","protected":false},"excerpt":{"rendered":"<p>POR W.G. RAM\u00cdREZ LAS VEGAS (AP) \u2014 Charles Oliveira finalmente se veng\u00f3 de una derrota que se le hab\u00eda quedado grabada en la mente, al superar el s\u00e1bado por decisi\u00f3n&hellip;<\/p>\n","protected":false},"author":10,"featured_media":124060,"comment_status":"open","ping_status":"open","sticky":false,"template":"","format":"standard","meta":{"content-type":"","jetpack_post_was_ever_published":false,"_jetpack_newsletter_access":"","_jetpack_dont_email_post_to_subs":false,"_jetpack_newsletter_tier_id":0,"_jetpack_memberships_contains_paywalled_content":false,"_jetpack_memberships_contains_paid_content":false,"footnotes":""},"categories":[630],"tags":[30980,30981,30982,30983],"class_list":["post-124059","post","type-post","status-publish","format-standard","has-post-thumbnail","hentry","category-deportes","tag-bmf","tag-charles-oliveira","tag-max-holloway","tag-ufc-326"],"jetpack_featured_media_url":"https:\/\/lasprimeras.com.do\/wp-content\/uploads\/2026\/03\/Charles-Oliveira-le-quita-el-titulo-BMF-a-Max-Holloway-en-la-UFC-326.jpg","jetpack-related-posts":[{"id":86368,"url":"https:\/\/lasprimeras.com.do\/index.php\/2024\/07\/23\/regreso-a-clases-lo-que-debes-saber\/","url_meta":{"origin":124059,"position":0},"title":"Regreso a clases, lo que debes saber","author":"Nelson Feliz","date":"23 de julio de 2024","format":false,"excerpt":"El regreso a clases marca un periodo de transici\u00f3n importante para ni\u00f1os y padres. Para abordar las preocupaciones comunes asociadas con este periodo, hemos consultado a la Dra. Julia Oliveira, pediatra del equipo de Medicus, una red que pone al alcance de todos m\u00e9dicos especializados latinos que ejercen en EE.UU.\u2026","rel":"","context":"En \u00abNACIONALES\u00bb","block_context":{"text":"NACIONALES","link":"https:\/\/lasprimeras.com.do\/index.php\/category\/nacionales\/"},"img":{"alt_text":"","src":"https:\/\/i0.wp.com\/lasprimeras.com.do\/wp-content\/uploads\/2024\/07\/Regreso-a-clases.jpg?resize=350%2C200&ssl=1","width":350,"height":200,"srcset":"https:\/\/i0.wp.com\/lasprimeras.com.do\/wp-content\/uploads\/2024\/07\/Regreso-a-clases.jpg?resize=350%2C200&ssl=1 1x, https:\/\/i0.wp.com\/lasprimeras.com.do\/wp-content\/uploads\/2024\/07\/Regreso-a-clases.jpg?resize=525%2C300&ssl=1 1.5x"},"classes":[]},{"id":57301,"url":"https:\/\/lasprimeras.com.do\/index.php\/2023\/08\/10\/meligeni-supera-a-bertran-rd-open-2023-esta-noche-busca-sf-de-dobles\/","url_meta":{"origin":124059,"position":1},"title":"Meligeni supera a Bertran RD Open 2023; esta noche busca SF de dobles","author":"Nelson Feliz","date":"10 de agosto de 2023","format":false,"excerpt":"El dominicano Peter Bertran no pudo avanzar a cuayrtos de final del RD Open 2023 este jueves, luego de que cayera por 1-6, 3-6 frente al brasile\u00f1o Felipe Meligeni Alves en el estadio MITUR del Santo Domingo Tennis Club (La Bocha), donde se desarrolla el torneo hasta el pr\u00f3ximo domingo.\u2026","rel":"","context":"En \u00abSin categor\u00eda\u00bb","block_context":{"text":"Sin categor\u00eda","link":"https:\/\/lasprimeras.com.do\/index.php\/category\/sin-categoria\/"},"img":{"alt_text":"Meligeni supera a Bertran RD","src":"https:\/\/i0.wp.com\/lasprimeras.com.do\/wp-content\/uploads\/2023\/08\/Meligeni-supera-a-Bertran-RD.jpg?resize=350%2C200&ssl=1","width":350,"height":200,"srcset":"https:\/\/i0.wp.com\/lasprimeras.com.do\/wp-content\/uploads\/2023\/08\/Meligeni-supera-a-Bertran-RD.jpg?resize=350%2C200&ssl=1 1x, https:\/\/i0.wp.com\/lasprimeras.com.do\/wp-content\/uploads\/2023\/08\/Meligeni-supera-a-Bertran-RD.jpg?resize=525%2C300&ssl=1 1.5x, https:\/\/i0.wp.com\/lasprimeras.com.do\/wp-content\/uploads\/2023\/08\/Meligeni-supera-a-Bertran-RD.jpg?resize=700%2C400&ssl=1 2x"},"classes":[]},{"id":120519,"url":"https:\/\/lasprimeras.com.do\/index.php\/2026\/01\/25\/gaethje-vence-a-pimblett-y-gana-el-titulo-interino-de-peso-ligero-en-ufc-324\/","url_meta":{"origin":124059,"position":2},"title":"Gaethje vence a Pimblett y gana el t\u00edtulo interino de peso ligero en UFC 324","author":"Nelson Feliz","date":"25 de enero de 2026","format":false,"excerpt":"POR MARK ANDERSON LAS VEGAS (AP) \u2014 Justin Gaethje atac\u00f3 a Paddy Pimblett desde el principio, y su agresividad lo llev\u00f3 el s\u00e1bado a una victoria por decisi\u00f3n un\u00e1nime y una sorpresa en la contienda por el t\u00edtulo interino de peso ligero en la funci\u00f3n UFC 324. En la primera\u2026","rel":"","context":"En \u00abDEPORTES\u00bb","block_context":{"text":"DEPORTES","link":"https:\/\/lasprimeras.com.do\/index.php\/category\/deportes\/"},"img":{"alt_text":"","src":"https:\/\/i0.wp.com\/lasprimeras.com.do\/wp-content\/uploads\/2026\/01\/Gaethje-vence-a-Pimblett.jpg?resize=350%2C200&ssl=1","width":350,"height":200,"srcset":"https:\/\/i0.wp.com\/lasprimeras.com.do\/wp-content\/uploads\/2026\/01\/Gaethje-vence-a-Pimblett.jpg?resize=350%2C200&ssl=1 1x, https:\/\/i0.wp.com\/lasprimeras.com.do\/wp-content\/uploads\/2026\/01\/Gaethje-vence-a-Pimblett.jpg?resize=525%2C300&ssl=1 1.5x, https:\/\/i0.wp.com\/lasprimeras.com.do\/wp-content\/uploads\/2026\/01\/Gaethje-vence-a-Pimblett.jpg?resize=700%2C400&ssl=1 2x"},"classes":[]},{"id":121129,"url":"https:\/\/lasprimeras.com.do\/index.php\/2026\/02\/01\/alexander-volkanovski-domina-a-diego-lopes-por-decision-unanime-en-ufc-325-en-australia\/","url_meta":{"origin":124059,"position":3},"title":"Alexander Volkanovski domina a Diego Lopes por decisi\u00f3n un\u00e1nime en UFC 325 en Australia","author":"Nelson Feliz","date":"1 de febrero de 2026","format":false,"excerpt":"SYDNEY (AP) \u2014 En una actuaci\u00f3n magistral el domingo por la tarde, como lo ha hecho tantas otras veces, Alexander Volkanovski defendi\u00f3 con \u00e9xito su t\u00edtulo de peso pluma con una decisi\u00f3n un\u00e1nime sobre el brasile\u00f1o Diego Lopes en la funci\u00f3n UFC 325. Volkanovski (29-4-0), gan\u00f3 en las tarjetas de\u2026","rel":"","context":"En \u00abDEPORTES\u00bb","block_context":{"text":"DEPORTES","link":"https:\/\/lasprimeras.com.do\/index.php\/category\/deportes\/"},"img":{"alt_text":"Alexander Volkanovski domina a Diego Lopes","src":"https:\/\/i0.wp.com\/lasprimeras.com.do\/wp-content\/uploads\/2026\/02\/Alexander-Volkanovski-domina-a-Diego-Lopes.jpg?resize=350%2C200&ssl=1","width":350,"height":200,"srcset":"https:\/\/i0.wp.com\/lasprimeras.com.do\/wp-content\/uploads\/2026\/02\/Alexander-Volkanovski-domina-a-Diego-Lopes.jpg?resize=350%2C200&ssl=1 1x, https:\/\/i0.wp.com\/lasprimeras.com.do\/wp-content\/uploads\/2026\/02\/Alexander-Volkanovski-domina-a-Diego-Lopes.jpg?resize=525%2C300&ssl=1 1.5x, https:\/\/i0.wp.com\/lasprimeras.com.do\/wp-content\/uploads\/2026\/02\/Alexander-Volkanovski-domina-a-Diego-Lopes.jpg?resize=700%2C400&ssl=1 2x"},"classes":[]},{"id":83982,"url":"https:\/\/lasprimeras.com.do\/index.php\/2024\/05\/28\/presidente-abinader-llega-a-lisboa-portugal\/","url_meta":{"origin":124059,"position":4},"title":"Presidente Abinader llega a Lisboa, Portugal","author":"Nelson Feliz","date":"28 de mayo de 2024","format":false,"excerpt":"Sostendr\u00e1 reuni\u00f3n hoy con su hom\u00f3logo portugu\u00e9s, Marcelo Rebelo de Sousa. Lisboa, Portugal. - El presidente de la Rep\u00fablica Dominicana, Luis Abinader lleg\u00f3 anoche a Portugal a las 9:40 (Hora local), donde sostendr\u00e1 una reuni\u00f3n con su hom\u00f3logo, Marcelo Rebelo de Sousa. El arribo del mandatario dominicano se produjo por\u2026","rel":"","context":"En \u00abPORTADA\u00bb","block_context":{"text":"PORTADA","link":"https:\/\/lasprimeras.com.do\/index.php\/category\/portada\/"},"img":{"alt_text":"Luis Abinader y Marcelo Rebelo de Sousa","src":"https:\/\/i0.wp.com\/lasprimeras.com.do\/wp-content\/uploads\/2024\/05\/Luis-Abinader-y-Marcelo-Rebelo-de-Sousa-1.jpg?resize=350%2C200&ssl=1","width":350,"height":200,"srcset":"https:\/\/i0.wp.com\/lasprimeras.com.do\/wp-content\/uploads\/2024\/05\/Luis-Abinader-y-Marcelo-Rebelo-de-Sousa-1.jpg?resize=350%2C200&ssl=1 1x, https:\/\/i0.wp.com\/lasprimeras.com.do\/wp-content\/uploads\/2024\/05\/Luis-Abinader-y-Marcelo-Rebelo-de-Sousa-1.jpg?resize=525%2C300&ssl=1 1.5x, https:\/\/i0.wp.com\/lasprimeras.com.do\/wp-content\/uploads\/2024\/05\/Luis-Abinader-y-Marcelo-Rebelo-de-Sousa-1.jpg?resize=700%2C400&ssl=1 2x"},"classes":[]},{"id":115482,"url":"https:\/\/lasprimeras.com.do\/index.php\/2025\/11\/23\/max-verstappen-gana-el-gran-premio-de-las-vegas-y-se-acerca-a-la-cima-en-la-f1\/","url_meta":{"origin":124059,"position":5},"title":"Max Verstappen gana el Gran Premio de Las Vegas y se acerca a la cima en la F1","author":"Nelson Feliz","date":"23 de noviembre de 2025","format":false,"excerpt":"POR JENNA FRYER LAS VEGAS (AP) \u2014 Para ser un piloto que odiaba el Gran Premio de Las Vegas antes de haber dado una sola vuelta aqu\u00ed, Max Verstappen ciertamente ha convertido esta carrera en una mina de oro. Verstappen, tetracampe\u00f3n reinante de la F\u00f3rmula Uno, triunf\u00f3 por segunda vez\u2026","rel":"","context":"En \u00abDEPORTES\u00bb","block_context":{"text":"DEPORTES","link":"https:\/\/lasprimeras.com.do\/index.php\/category\/deportes\/"},"img":{"alt_text":"","src":"https:\/\/i0.wp.com\/lasprimeras.com.do\/wp-content\/uploads\/2025\/11\/Max-Verstappen.jpg?resize=350%2C200&ssl=1","width":350,"height":200,"srcset":"https:\/\/i0.wp.com\/lasprimeras.com.do\/wp-content\/uploads\/2025\/11\/Max-Verstappen.jpg?resize=350%2C200&ssl=1 1x, https:\/\/i0.wp.com\/lasprimeras.com.do\/wp-content\/uploads\/2025\/11\/Max-Verstappen.jpg?resize=525%2C300&ssl=1 1.5x, https:\/\/i0.wp.com\/lasprimeras.com.do\/wp-content\/uploads\/2025\/11\/Max-Verstappen.jpg?resize=700%2C400&ssl=1 2x"},"classes":[]}],"jetpack_sharing_enabled":true,"_links":{"self":[{"href":"https:\/\/lasprimeras.com.do\/index.php\/wp-json\/wp\/v2\/posts\/124059","targetHints":{"allow":["GET"]}}],"collection":[{"href":"https:\/\/lasprimeras.com.do\/index.php\/wp-json\/wp\/v2\/posts"}],"about":[{"href":"https:\/\/lasprimeras.com.do\/index.php\/wp-json\/wp\/v2\/types\/post"}],"author":[{"embeddable":true,"href":"https:\/\/lasprimeras.com.do\/index.php\/wp-json\/wp\/v2\/users\/10"}],"replies":[{"embeddable":true,"href":"https:\/\/lasprimeras.com.do\/index.php\/wp-json\/wp\/v2\/comments?post=124059"}],"version-history":[{"count":1,"href":"https:\/\/lasprimeras.com.do\/index.php\/wp-json\/wp\/v2\/posts\/124059\/revisions"}],"predecessor-version":[{"id":124061,"href":"https:\/\/lasprimeras.com.do\/index.php\/wp-json\/wp\/v2\/posts\/124059\/revisions\/124061"}],"wp:featuredmedia":[{"embeddable":true,"href":"https:\/\/lasprimeras.com.do\/index.php\/wp-json\/wp\/v2\/media\/124060"}],"wp:attachment":[{"href":"https:\/\/lasprimeras.com.do\/index.php\/wp-json\/wp\/v2\/media?parent=124059"}],"wp:term":[{"taxonomy":"category","embeddable":true,"href":"https:\/\/lasprimeras.com.do\/index.php\/wp-json\/wp\/v2\/categories?post=124059"},{"taxonomy":"post_tag","embeddable":true,"href":"https:\/\/lasprimeras.com.do\/index.php\/wp-json\/wp\/v2\/tags?post=124059"}],"curies":[{"name":"wp","href":"https:\/\/api.w.org\/{rel}","templated":true}]}}