{"id":124062,"date":"2026-03-08T10:44:38","date_gmt":"2026-03-08T14:44:38","guid":{"rendered":"https:\/\/lasprimeras.com.do\/?p=124062"},"modified":"2026-03-08T10:44:39","modified_gmt":"2026-03-08T14:44:39","slug":"policia-noruega-investiga-explosion-fuera-de-embajada-de-eeuu-en-oslo","status":"publish","type":"post","link":"https:\/\/lasprimeras.com.do\/index.php\/2026\/03\/08\/policia-noruega-investiga-explosion-fuera-de-embajada-de-eeuu-en-oslo\/","title":{"rendered":"Polic\u00eda noruega investiga explosi\u00f3n fuera de embajada de EEUU en Oslo"},"content":{"rendered":"\n<p>OSLO, Noruega (AP) \u2014 La polic\u00eda noruega investigaba el domingo una explosi\u00f3n ocurrida durante la madrugada fuera de la embajada de Estados Unidos en Oslo, la capital del pa\u00eds escandinavo, informaron las autoridades.<\/p>\n\n\n\n<p>No se reportaron heridos. La polic\u00eda recibi\u00f3 reportes de un \u201cfuerte estruendo\u201d o una explosi\u00f3n alrededor de la 1:00 de la ma\u00f1ana, indic\u00f3 la polic\u00eda de Oslo en un comunicado de prensa.<\/p>\n\n\n\n<p>La explosi\u00f3n fue causada por alg\u00fan tipo de artefacto incendiario, seg\u00fan Frode Larsen, l\u00edder de la unidad conjunta de la polic\u00eda de Oslo para investigaci\u00f3n e inteligencia.<\/p>\n\n\n\n<p>Las autoridades creen que la embajada estadounidense era el objetivo y est\u00e1n buscando a los responsables y su motivo.<\/p>\n\n\n\n<p>Larsen dijo que la entrada del edificio sufri\u00f3 da\u00f1os, pero no se han realizado arrestos.<\/p>\n\n\n\n<p>\u201cEstamos en una etapa temprana de la investigaci\u00f3n, pero trabajamos con base en m\u00faltiples hip\u00f3tesis\u201d, afirm\u00f3 Larsen en un comunicado.<\/p>\n\n\n\n<p>\u201cDada la situaci\u00f3n de seguridad actual, es natural considerar si se trat\u00f3 de un ataque dirigido contra la embajada estadounidense. Sin embargo, no nos hemos comprometido con ninguna hip\u00f3tesis en particular\u201d.<\/p>\n\n\n\n<p>Medios locales reportaron que personas que se hallaban cerca dijeron que la calle qued\u00f3 cubierta de un espeso humo tras la explosi\u00f3n. La polic\u00eda pretende hablar con testigos.<\/p>\n\n\n\n<p>PST, el servicio de seguridad policial noruego, convoc\u00f3 a personal adicional tras el incidente pero no ha cambiado el nivel de amenaza terrorista del pa\u00eds, seg\u00fan el asesor de comunicaci\u00f3n Martin Bernsen.<\/p>\n\n\n\n<p>\u201cEste es un incidente inaceptable que est\u00e1 siendo tratado con la m\u00e1xima seriedad\u201d, subray\u00f3 Astri Aas-Hansen, ministra de Justicia y Seguridad P\u00fablica de Noruega.<\/p>\n\n\n\n<p>\u201cLa polic\u00eda ha declarado que est\u00e1 investigando el caso con recursos significativos, y que nada indica que la situaci\u00f3n represente alg\u00fan peligro para el p\u00fablico\u201d, a\u00f1adi\u00f3.<\/p>\n\n\n\n<p>La embajada de Estados Unidos en Oslo remiti\u00f3 las consultas de los medios al Departamento de Estado estadounidense, que de momento no ha respondido a una solicitud de comentarios. Tampoco lo hizo la polic\u00eda de Oslo. No se dispon\u00eda de otros detalles.<\/p>\n","protected":false},"excerpt":{"rendered":"<p>OSLO, Noruega (AP) \u2014 La polic\u00eda noruega investigaba el domingo una explosi\u00f3n ocurrida durante la madrugada fuera de la embajada de Estados Unidos en Oslo, la capital del pa\u00eds escandinavo,&hellip;<\/p>\n","protected":false},"author":10,"featured_media":124063,"comment_status":"open","ping_status":"open","sticky":false,"template":"","format":"standard","meta":{"content-type":"","jetpack_post_was_ever_published":false,"_jetpack_newsletter_access":"","_jetpack_dont_email_post_to_subs":false,"_jetpack_newsletter_tier_id":0,"_jetpack_memberships_contains_paywalled_content":false,"_jetpack_memberships_contains_paid_content":false,"footnotes":""},"categories":[16289],"tags":[25655,1109,30985,30984],"class_list":["post-124062","post","type-post","status-publish","format-standard","has-post-thumbnail","hentry","category-internacionales","tag-embajada-de-eeuu","tag-explosion","tag-oslo","tag-policia-noruega"],"jetpack_featured_media_url":"https:\/\/lasprimeras.com.do\/wp-content\/uploads\/2026\/03\/Policia-noruega.jpg","jetpack-related-posts":[{"id":98572,"url":"https:\/\/lasprimeras.com.do\/index.php\/2025\/05\/09\/dinamarca-dice-que-no-se-puede-espiar-a-un-aliado-tras-reporte-de-espionaje-de-eeuu-en-groenlandia\/","url_meta":{"origin":124062,"position":0},"title":"Dinamarca dice que \u201cno se puede espiar a un aliado\u201d tras reporte de espionaje de EEUU en Groenlandia","author":"Nelson Feliz","date":"9 de mayo de 2025","format":false,"excerpt":"POR EMMA BURROWS OSLO, Noruega (AP) \u2014 La primera ministra danesa, Mette Frederiksen, dijo a la Associated Press que \u201cno se puede espiar contra un aliado\u201d tras los reportes de que Estados Unidos ha intensificado la recopilaci\u00f3n de inteligencia sobre Groenlandia, un territorio dan\u00e9s semiaut\u00f3nomo codiciado por el presidente estadounidense,\u2026","rel":"","context":"En \u00abINTERNACIONALES\u00bb","block_context":{"text":"INTERNACIONALES","link":"https:\/\/lasprimeras.com.do\/index.php\/category\/sin-categoria\/internacionales\/"},"img":{"alt_text":"Mette Frederiksen","src":"https:\/\/i0.wp.com\/lasprimeras.com.do\/wp-content\/uploads\/2025\/05\/Mette-Frederiksen.jpg?resize=350%2C200&ssl=1","width":350,"height":200,"srcset":"https:\/\/i0.wp.com\/lasprimeras.com.do\/wp-content\/uploads\/2025\/05\/Mette-Frederiksen.jpg?resize=350%2C200&ssl=1 1x, https:\/\/i0.wp.com\/lasprimeras.com.do\/wp-content\/uploads\/2025\/05\/Mette-Frederiksen.jpg?resize=525%2C300&ssl=1 1.5x, https:\/\/i0.wp.com\/lasprimeras.com.do\/wp-content\/uploads\/2025\/05\/Mette-Frederiksen.jpg?resize=700%2C400&ssl=1 2x"},"classes":[]},{"id":117470,"url":"https:\/\/lasprimeras.com.do\/index.php\/2025\/12\/11\/la-opositora-venezolana-machado-dice-que-el-gobierno-de-maduro-no-sabia-donde-se-escondia\/","url_meta":{"origin":124062,"position":1},"title":"La opositora venezolana Machado dice que el gobierno de Maduro no sab\u00eda d\u00f3nde se escond\u00eda","author":"Nelson Feliz","date":"11 de diciembre de 2025","format":false,"excerpt":"OSLO, Noruega (AP) \u2014 La l\u00edder opositora venezolana Mar\u00eda Corina Machado afirm\u00f3 el jueves que no cree que el gobierno venezolano supiera d\u00f3nde se escond\u00eda durante la mayor parte de este a\u00f1o, en declaraciones durante un encuentro con el mandatario de Noruega al d\u00eda siguiente de que su hija recibiera\u2026","rel":"","context":"En \u00abINTERNACIONALES\u00bb","block_context":{"text":"INTERNACIONALES","link":"https:\/\/lasprimeras.com.do\/index.php\/category\/sin-categoria\/internacionales\/"},"img":{"alt_text":"La ganadora del Nobel de la Paz Mar\u00eda Corina Machado habla durante una conferencia de prensa en un recinto representativo del gobierno en un complejo representativo del gobierno en Oslo, Noruega el jueves 11 de diciembre de 2025. (Stian Lysberg Solum\/NTB Scanpix, Pool Foto via AP)","src":"https:\/\/i0.wp.com\/lasprimeras.com.do\/wp-content\/uploads\/2025\/12\/Maria-Corina-Machado-2.jpg?resize=350%2C200&ssl=1","width":350,"height":200,"srcset":"https:\/\/i0.wp.com\/lasprimeras.com.do\/wp-content\/uploads\/2025\/12\/Maria-Corina-Machado-2.jpg?resize=350%2C200&ssl=1 1x, https:\/\/i0.wp.com\/lasprimeras.com.do\/wp-content\/uploads\/2025\/12\/Maria-Corina-Machado-2.jpg?resize=525%2C300&ssl=1 1.5x, https:\/\/i0.wp.com\/lasprimeras.com.do\/wp-content\/uploads\/2025\/12\/Maria-Corina-Machado-2.jpg?resize=700%2C400&ssl=1 2x"},"classes":[]},{"id":117305,"url":"https:\/\/lasprimeras.com.do\/index.php\/2025\/12\/09\/cancelan-conferencia-de-lider-opositora-venezolana-en-vispera-de-ceremonia-del-nobel\/","url_meta":{"origin":124062,"position":2},"title":"Cancelan conferencia de l\u00edder opositora venezolana en v\u00edspera de ceremonia del Nobel","author":"Nelson Feliz","date":"9 de diciembre de 2025","format":false,"excerpt":"OSLO, Noruega (AP) \u2014 Una conferencia de prensa planeada para el martes por la l\u00edder opositora venezolana y ganadora del Premio Nobel de la Paz, Mar\u00eda Corina Machado, fue cancelada tras un retraso de varias horas, un d\u00eda antes de la ceremonia de entrega del premio en Oslo. Machado, quien\u2026","rel":"","context":"En \u00abINTERNACIONALES\u00bb","block_context":{"text":"INTERNACIONALES","link":"https:\/\/lasprimeras.com.do\/index.php\/category\/sin-categoria\/internacionales\/"},"img":{"alt_text":"Mar\u00eda Corina Machado","src":"https:\/\/i0.wp.com\/lasprimeras.com.do\/wp-content\/uploads\/2025\/12\/Maria-Corina-Machado.jpg?resize=350%2C200&ssl=1","width":350,"height":200,"srcset":"https:\/\/i0.wp.com\/lasprimeras.com.do\/wp-content\/uploads\/2025\/12\/Maria-Corina-Machado.jpg?resize=350%2C200&ssl=1 1x, https:\/\/i0.wp.com\/lasprimeras.com.do\/wp-content\/uploads\/2025\/12\/Maria-Corina-Machado.jpg?resize=525%2C300&ssl=1 1.5x, https:\/\/i0.wp.com\/lasprimeras.com.do\/wp-content\/uploads\/2025\/12\/Maria-Corina-Machado.jpg?resize=700%2C400&ssl=1 2x"},"classes":[]},{"id":116685,"url":"https:\/\/lasprimeras.com.do\/index.php\/2025\/12\/03\/el-gobierno-de-noruega-obtiene-respaldo-presupuestario-y-evita-la-caida-del-gabinete\/","url_meta":{"origin":124062,"position":3},"title":"El gobierno de Noruega obtiene respaldo presupuestario y evita la ca\u00edda del gabinete","author":"Nelson Feliz","date":"3 de diciembre de 2025","format":false,"excerpt":"Por Terje Solsvik y Gwladys Fouch\u00e9 OSLO, 3 dic (Reuters) - El gobernante Partido Laborista de Noruega dijo el mi\u00e9rcoles que hab\u00eda llegado a un acuerdo con cuatro partidos de izquierda en el Parlamento sobre un presupuesto fiscal para 2026, poniendo fin a un enfrentamiento que amenazaba con derribar el\u2026","rel":"","context":"En \u00abINTERNACIONALES\u00bb","block_context":{"text":"INTERNACIONALES","link":"https:\/\/lasprimeras.com.do\/index.php\/category\/sin-categoria\/internacionales\/"},"img":{"alt_text":"","src":"https:\/\/i0.wp.com\/lasprimeras.com.do\/wp-content\/uploads\/2025\/12\/El-gobierno-de-Noruega.jpg?resize=350%2C200&ssl=1","width":350,"height":200,"srcset":"https:\/\/i0.wp.com\/lasprimeras.com.do\/wp-content\/uploads\/2025\/12\/El-gobierno-de-Noruega.jpg?resize=350%2C200&ssl=1 1x, https:\/\/i0.wp.com\/lasprimeras.com.do\/wp-content\/uploads\/2025\/12\/El-gobierno-de-Noruega.jpg?resize=525%2C300&ssl=1 1.5x, https:\/\/i0.wp.com\/lasprimeras.com.do\/wp-content\/uploads\/2025\/12\/El-gobierno-de-Noruega.jpg?resize=700%2C400&ssl=1 2x"},"classes":[]},{"id":117341,"url":"https:\/\/lasprimeras.com.do\/index.php\/2025\/12\/10\/maria-corina-machado-se-perdera-la-ceremonia-del-premio-nobel-de-la-paz\/","url_meta":{"origin":124062,"position":4},"title":"Mar\u00eda Corina Machado se perder\u00e1 la ceremonia del Premio Nobel de la Paz","author":"Nelson Feliz","date":"10 de diciembre de 2025","format":false,"excerpt":"Por David Keyton OSLO, Noruega (AP) \u2014 La l\u00edder opositora venezolana Mar\u00eda Corina Machado no asistir\u00e1 a la ceremonia de entrega del Premio Nobel de la Paz en Oslo el mi\u00e9rcoles, dijo el director del Instituto Noruego del Nobel. La \u00faltima aparici\u00f3n p\u00fablica de Machado fue hace 11 meses. El\u2026","rel":"","context":"En \u00abINTERNACIONALES\u00bb","block_context":{"text":"INTERNACIONALES","link":"https:\/\/lasprimeras.com.do\/index.php\/category\/sin-categoria\/internacionales\/"},"img":{"alt_text":"Mar\u00eda Corina Machado","src":"https:\/\/i0.wp.com\/lasprimeras.com.do\/wp-content\/uploads\/2025\/12\/Maria-Corina-Machado-1.jpg?resize=350%2C200&ssl=1","width":350,"height":200,"srcset":"https:\/\/i0.wp.com\/lasprimeras.com.do\/wp-content\/uploads\/2025\/12\/Maria-Corina-Machado-1.jpg?resize=350%2C200&ssl=1 1x, https:\/\/i0.wp.com\/lasprimeras.com.do\/wp-content\/uploads\/2025\/12\/Maria-Corina-Machado-1.jpg?resize=525%2C300&ssl=1 1.5x, https:\/\/i0.wp.com\/lasprimeras.com.do\/wp-content\/uploads\/2025\/12\/Maria-Corina-Machado-1.jpg?resize=700%2C400&ssl=1 2x"},"classes":[]},{"id":117372,"url":"https:\/\/lasprimeras.com.do\/index.php\/2025\/12\/10\/hija-de-maria-corina-machado-acepta-el-nobel-en-su-nombre\/","url_meta":{"origin":124062,"position":5},"title":"Hija de Mar\u00eda Corina Machado acepta el Nobel en su nombre","author":"Nelson Feliz","date":"10 de diciembre de 2025","format":false,"excerpt":"POR DAVID KEYTON OSLO, Noruega (AP) \u2014 La hija de la l\u00edder opositora venezolana Mar\u00eda Corina Machado acept\u00f3 el Premio Nobel de la Paz en Noruega en nombre de su madre el mi\u00e9rcoles, leyendo un discurso escrito por Machado en que asevera que \u201cdebemos estar dispuestos a luchar por la\u2026","rel":"","context":"En \u00abINTERNACIONALES\u00bb","block_context":{"text":"INTERNACIONALES","link":"https:\/\/lasprimeras.com.do\/index.php\/category\/sin-categoria\/internacionales\/"},"img":{"alt_text":"Ana Corina Sosa","src":"https:\/\/i0.wp.com\/lasprimeras.com.do\/wp-content\/uploads\/2025\/12\/Ana-Corina-Sosa.jpg?resize=350%2C200&ssl=1","width":350,"height":200,"srcset":"https:\/\/i0.wp.com\/lasprimeras.com.do\/wp-content\/uploads\/2025\/12\/Ana-Corina-Sosa.jpg?resize=350%2C200&ssl=1 1x, https:\/\/i0.wp.com\/lasprimeras.com.do\/wp-content\/uploads\/2025\/12\/Ana-Corina-Sosa.jpg?resize=525%2C300&ssl=1 1.5x, https:\/\/i0.wp.com\/lasprimeras.com.do\/wp-content\/uploads\/2025\/12\/Ana-Corina-Sosa.jpg?resize=700%2C400&ssl=1 2x"},"classes":[]}],"jetpack_sharing_enabled":true,"_links":{"self":[{"href":"https:\/\/lasprimeras.com.do\/index.php\/wp-json\/wp\/v2\/posts\/124062","targetHints":{"allow":["GET"]}}],"collection":[{"href":"https:\/\/lasprimeras.com.do\/index.php\/wp-json\/wp\/v2\/posts"}],"about":[{"href":"https:\/\/lasprimeras.com.do\/index.php\/wp-json\/wp\/v2\/types\/post"}],"author":[{"embeddable":true,"href":"https:\/\/lasprimeras.com.do\/index.php\/wp-json\/wp\/v2\/users\/10"}],"replies":[{"embeddable":true,"href":"https:\/\/lasprimeras.com.do\/index.php\/wp-json\/wp\/v2\/comments?post=124062"}],"version-history":[{"count":1,"href":"https:\/\/lasprimeras.com.do\/index.php\/wp-json\/wp\/v2\/posts\/124062\/revisions"}],"predecessor-version":[{"id":124064,"href":"https:\/\/lasprimeras.com.do\/index.php\/wp-json\/wp\/v2\/posts\/124062\/revisions\/124064"}],"wp:featuredmedia":[{"embeddable":true,"href":"https:\/\/lasprimeras.com.do\/index.php\/wp-json\/wp\/v2\/media\/124063"}],"wp:attachment":[{"href":"https:\/\/lasprimeras.com.do\/index.php\/wp-json\/wp\/v2\/media?parent=124062"}],"wp:term":[{"taxonomy":"category","embeddable":true,"href":"https:\/\/lasprimeras.com.do\/index.php\/wp-json\/wp\/v2\/categories?post=124062"},{"taxonomy":"post_tag","embeddable":true,"href":"https:\/\/lasprimeras.com.do\/index.php\/wp-json\/wp\/v2\/tags?post=124062"}],"curies":[{"name":"wp","href":"https:\/\/api.w.org\/{rel}","templated":true}]}}