{"id":124071,"date":"2026-03-08T11:53:26","date_gmt":"2026-03-08T15:53:26","guid":{"rendered":"https:\/\/lasprimeras.com.do\/?p=124071"},"modified":"2026-03-08T11:53:28","modified_gmt":"2026-03-08T15:53:28","slug":"inabie-revela-que-mas-del-30-de-los-contratos-pertenecen-a-mipymes-lideradas-por-mujeres","status":"publish","type":"post","link":"https:\/\/lasprimeras.com.do\/index.php\/2026\/03\/08\/inabie-revela-que-mas-del-30-de-los-contratos-pertenecen-a-mipymes-lideradas-por-mujeres\/","title":{"rendered":"INABIE revela que m\u00e1s del 30% de los contratos pertenecen a Mipymes lideradas por mujeres"},"content":{"rendered":"\n<p>El Instituto Nacional de Bienestar Estudiantil (INABIE) asegur\u00f3 que el 32.2% de sus contratos vigentes, pertenecen a micros, peque\u00f1as y medianas empresas (MIPYMES) lideradas por mujeres.<\/p>\n\n\n\n<p>Ese porcentaje, equivalente a 119 de 370 contratos, consolida a la instituci\u00f3n como un referente en el fomento de la autonom\u00eda econ\u00f3mica de este segmento empresarial.<\/p>\n\n\n\n<p>El dato fue destacado por el director ejecutivo del INABIE, Adolfo P\u00e9rez, a prop\u00f3sito de la conmemoraci\u00f3n del D\u00eda Internacional de la Mujer, el 8 de marzo.<\/p>\n\n\n\n<p>P\u00e9rez explic\u00f3 que, durante el a\u00f1o 2025, la instituci\u00f3n destin\u00f3 RD$1,358,008,702 al pago de servicios de m\u00e1s de 100 empresas lideradas por mujeres, que suministraron bienes y servicios para el Programa de Alimentaci\u00f3n Escolar (PAE), utiler\u00eda escolar, insumos tecnol\u00f3gicos y otros recursos esenciales para los distintos programas que desarrolla el INABIE.<\/p>\n\n\n\n<p>\u201cEl aporte de las mujeres al sector educativo, a la econom\u00eda nacional y a la sociedad en general es invaluable\u201d, destac\u00f3 P\u00e9rez, resaltando la eficiencia, compromiso y profesionalismo que caracterizan a estas empresarias.<\/p>\n\n\n\n<p>M\u00e1s de la mitad de los colaboradores del INABIE son mujeres<\/p>\n\n\n\n<p>El compromiso institucional del INABIE con la equidad de g\u00e9nero tambi\u00e9n se refleja en su estructura interna, ya que las mujeres representan el 51.64 % del personal que trabaja d\u00eda a d\u00eda en la entidad.<\/p>\n\n\n\n<p>Con esta amplia participaci\u00f3n, la instituci\u00f3n contribuye a los esfuerzos gubernamentales para reducir la brecha de g\u00e9nero, promoviendo un rol activo de las mujeres basado en su capacidad, compromiso y profesionalismo.<\/p>\n\n\n\n<p>Asimismo, el INABIE promueve de manera constante el bienestar y la dignidad de la mujer, reconociendo su papel fundamental dentro de la sociedad y la familia.<\/p>\n\n\n\n<p>Como parte de este apoyo y reconocimiento al valor de sus colaboradoras como madres, el INABIE dispone de una sala de lactancia, un espacio acogedor, higienizado y acondicionado bajo adecuados est\u00e1ndares de limpieza, garantizando un ambiente seguro para las lactantes y sus beb\u00e9s.<\/p>\n\n\n\n<p>\u00bfPor qu\u00e9 se conmemora el 8 de marzo?<\/p>\n\n\n\n<p>El 8 de marzo fue adoptado como D\u00eda Internacional de la Mujer para reconocer el papel fundamental de las mujeres en la sociedad y su hist\u00f3rica lucha por la igualdad de derechos y oportunidades.<\/p>\n\n\n\n<p>La fecha constituye un llamado a la reflexi\u00f3n sobre los avances alcanzados y los desaf\u00edos pendientes en \u00e1mbitos como la educaci\u00f3n, la econom\u00eda, la pol\u00edtica, la ciencia y la cultura, reafirmando el compromiso colectivo con una sociedad m\u00e1s justa, equitativa e inclusiva.<\/p>\n","protected":false},"excerpt":{"rendered":"<p>El Instituto Nacional de Bienestar Estudiantil (INABIE) asegur\u00f3 que el 32.2% de sus contratos vigentes, pertenecen a micros, peque\u00f1as y medianas empresas (MIPYMES) lideradas por mujeres. Ese porcentaje, equivalente a&hellip;<\/p>\n","protected":false},"author":10,"featured_media":124072,"comment_status":"open","ping_status":"open","sticky":false,"template":"","format":"standard","meta":{"content-type":"","jetpack_post_was_ever_published":false,"_jetpack_newsletter_access":"","_jetpack_dont_email_post_to_subs":false,"_jetpack_newsletter_tier_id":0,"_jetpack_memberships_contains_paywalled_content":false,"_jetpack_memberships_contains_paid_content":false,"footnotes":""},"categories":[39],"tags":[30988,2667,9338,799,836],"class_list":["post-124071","post","type-post","status-publish","format-standard","has-post-thumbnail","hentry","category-economia","tag-30-2","tag-contratos","tag-inabie","tag-mipymes","tag-mujeres"],"jetpack_featured_media_url":"https:\/\/lasprimeras.com.do\/wp-content\/uploads\/2026\/03\/mipymes-1.jpg","jetpack-related-posts":[{"id":94992,"url":"https:\/\/lasprimeras.com.do\/index.php\/2025\/03\/07\/mipymes-mujeres-representan-mas-del-40-de-las-empresas-contratadas-por-inabie\/","url_meta":{"origin":124071,"position":0},"title":"Mipymes mujeres representan m\u00e1s del 40% de las empresas contratadas por INABIE","author":"Nelson Feliz","date":"7 de marzo de 2025","format":false,"excerpt":"Las micro, peque\u00f1as y medianas empresas (mipymes) encabezadas por mujeres han sido beneficiadas durante los \u00faltimos cuatro a\u00f1os con m\u00e1s del 40% de las contrataciones que realiza el Instituto Nacional de Bienestar Estudiantil (INABIE) para cumplir con su misi\u00f3n de llevar servicios a los estudiantes del sistema p\u00fablico preuniversitario. La\u2026","rel":"","context":"En \u00abECONOM\u00cdA\u00bb","block_context":{"text":"ECONOM\u00cdA","link":"https:\/\/lasprimeras.com.do\/index.php\/category\/economia\/"},"img":{"alt_text":"","src":"https:\/\/i0.wp.com\/lasprimeras.com.do\/wp-content\/uploads\/2025\/03\/inabie.jpg?resize=350%2C200&ssl=1","width":350,"height":200,"srcset":"https:\/\/i0.wp.com\/lasprimeras.com.do\/wp-content\/uploads\/2025\/03\/inabie.jpg?resize=350%2C200&ssl=1 1x, https:\/\/i0.wp.com\/lasprimeras.com.do\/wp-content\/uploads\/2025\/03\/inabie.jpg?resize=525%2C300&ssl=1 1.5x"},"classes":[]},{"id":104881,"url":"https:\/\/lasprimeras.com.do\/index.php\/2025\/07\/28\/inabie-asegura-licitaciones-de-alimentacion-escolar-2024-2026-se-realizaron-en-apego-a-la-ley-de-compras-340-06\/","url_meta":{"origin":124071,"position":1},"title":"INABIE asegura licitaciones de alimentaci\u00f3n escolar 2024-2026 se realizaron en apego a la Ley de Compras 340-06","author":"Nelson Feliz","date":"28 de julio de 2025","format":false,"excerpt":"La instituci\u00f3n niega que se hayan excluido 1,493 centros educativos como alegan denunciantes. INABIE resalt\u00f3 hoy que el n\u00famero de micro, peque\u00f1as y medianas empresas (mipymes) es mayor al de a\u00f1os anteriores y con una rentabilidad operacional superior. Ante las recientes denuncias sobre supuestas irregularidades, el Instituto Nacional de Bienestar\u2026","rel":"","context":"En \u00abECONOM\u00cdA\u00bb","block_context":{"text":"ECONOM\u00cdA","link":"https:\/\/lasprimeras.com.do\/index.php\/category\/economia\/"},"img":{"alt_text":"","src":"https:\/\/i0.wp.com\/lasprimeras.com.do\/wp-content\/uploads\/2025\/07\/INABIE-1.jpg?resize=350%2C200&ssl=1","width":350,"height":200,"srcset":"https:\/\/i0.wp.com\/lasprimeras.com.do\/wp-content\/uploads\/2025\/07\/INABIE-1.jpg?resize=350%2C200&ssl=1 1x, https:\/\/i0.wp.com\/lasprimeras.com.do\/wp-content\/uploads\/2025\/07\/INABIE-1.jpg?resize=525%2C300&ssl=1 1.5x, https:\/\/i0.wp.com\/lasprimeras.com.do\/wp-content\/uploads\/2025\/07\/INABIE-1.jpg?resize=700%2C400&ssl=1 2x"},"classes":[]},{"id":65898,"url":"https:\/\/lasprimeras.com.do\/index.php\/2023\/11\/01\/inabie-dice-ha-invertido-mas-rd68543-millones-para-garantizar-bienestar-estudiantil\/","url_meta":{"origin":124071,"position":2},"title":"INABIE dice ha invertido m\u00e1s RD$68,543 millones para garantizar bienestar estudiantil","author":"BIMARY DE JES\u00daS Matos","date":"1 de noviembre de 2023","format":false,"excerpt":"Santo Domingo.\u2013 Al instar sobre la importancia de la integridad y la buena gobernanza para garantizar derechos y el bienestar estudiantil en los procesos de compras, el director general de Contrataciones P\u00fablicas, Carlos Pimentel, revel\u00f3 que en la actual gesti\u00f3n el Instituto Nacional de Bienestar Estudiantil (INABIE) ha concertado m\u00e1s\u2026","rel":"","context":"En \u00abPORTADA\u00bb","block_context":{"text":"PORTADA","link":"https:\/\/lasprimeras.com.do\/index.php\/category\/portada\/"},"img":{"alt_text":"","src":"https:\/\/i0.wp.com\/lasprimeras.com.do\/wp-content\/uploads\/2023\/11\/WhatsApp-Image-2023-11-01-at-9.19.48-AM.webp?resize=350%2C200&ssl=1","width":350,"height":200,"srcset":"https:\/\/i0.wp.com\/lasprimeras.com.do\/wp-content\/uploads\/2023\/11\/WhatsApp-Image-2023-11-01-at-9.19.48-AM.webp?resize=350%2C200&ssl=1 1x, https:\/\/i0.wp.com\/lasprimeras.com.do\/wp-content\/uploads\/2023\/11\/WhatsApp-Image-2023-11-01-at-9.19.48-AM.webp?resize=525%2C300&ssl=1 1.5x, https:\/\/i0.wp.com\/lasprimeras.com.do\/wp-content\/uploads\/2023\/11\/WhatsApp-Image-2023-11-01-at-9.19.48-AM.webp?resize=700%2C400&ssl=1 2x, https:\/\/i0.wp.com\/lasprimeras.com.do\/wp-content\/uploads\/2023\/11\/WhatsApp-Image-2023-11-01-at-9.19.48-AM.webp?resize=1050%2C600&ssl=1 3x, https:\/\/i0.wp.com\/lasprimeras.com.do\/wp-content\/uploads\/2023\/11\/WhatsApp-Image-2023-11-01-at-9.19.48-AM.webp?resize=1400%2C800&ssl=1 4x"},"classes":[]},{"id":115449,"url":"https:\/\/lasprimeras.com.do\/index.php\/2025\/11\/21\/inabie-escucha-inquietudes-de-suplidores-sobre-licitaciones-del-almuerzo-escolar\/","url_meta":{"origin":124071,"position":3},"title":"INABIE escucha inquietudes de suplidores sobre licitaciones del almuerzo escolar","author":"Nelson Feliz","date":"21 de noviembre de 2025","format":false,"excerpt":"El Instituto Nacional de Bienestar Estudiantil (INABIE), encabezado por su director ejecutivo, Adolfo P\u00e9rez, se reuni\u00f3 con suplidores del almuerzo escolar y otros interesados para escuchar sus preguntas y sugerencias sobre el proyecto del pliego de condiciones, referencia INABIE-CCC-LPN-2025-0045, para la contrataci\u00f3n de los servicios de almuerzo de la Jornada\u2026","rel":"","context":"En \u00abECONOM\u00cdA\u00bb","block_context":{"text":"ECONOM\u00cdA","link":"https:\/\/lasprimeras.com.do\/index.php\/category\/economia\/"},"img":{"alt_text":"","src":"https:\/\/i0.wp.com\/lasprimeras.com.do\/wp-content\/uploads\/2025\/11\/INABIE.jpg?resize=350%2C200&ssl=1","width":350,"height":200,"srcset":"https:\/\/i0.wp.com\/lasprimeras.com.do\/wp-content\/uploads\/2025\/11\/INABIE.jpg?resize=350%2C200&ssl=1 1x, https:\/\/i0.wp.com\/lasprimeras.com.do\/wp-content\/uploads\/2025\/11\/INABIE.jpg?resize=525%2C300&ssl=1 1.5x, https:\/\/i0.wp.com\/lasprimeras.com.do\/wp-content\/uploads\/2025\/11\/INABIE.jpg?resize=700%2C400&ssl=1 2x"},"classes":[]},{"id":114324,"url":"https:\/\/lasprimeras.com.do\/index.php\/2025\/11\/12\/inabie-abre-a-socializacion-pliego-de-condiciones-para-almuerzo-escolar\/","url_meta":{"origin":124071,"position":4},"title":"INABIE abre a socializaci\u00f3n pliego de condiciones para almuerzo escolar","author":"Nelson Feliz","date":"12 de noviembre de 2025","format":false,"excerpt":"El plazo para la presentaci\u00f3n de observaciones est\u00e1 abierto hasta el 19 de noviembre de 2025 El Instituto Nacional de Bienestar Estudiantil (INABIE) convoca a los interesados en el Programa de Alimentaci\u00f3n Escolar (PAE) a participar en la consulta p\u00fablica del proyecto del pliego de condiciones, referencia INABIE-CCC-LPN-2025-0045, para la\u2026","rel":"","context":"En \u00abECONOM\u00cdA\u00bb","block_context":{"text":"ECONOM\u00cdA","link":"https:\/\/lasprimeras.com.do\/index.php\/category\/economia\/"},"img":{"alt_text":"","src":"https:\/\/i0.wp.com\/lasprimeras.com.do\/wp-content\/uploads\/2025\/07\/INABIE.jpg?resize=350%2C200&ssl=1","width":350,"height":200,"srcset":"https:\/\/i0.wp.com\/lasprimeras.com.do\/wp-content\/uploads\/2025\/07\/INABIE.jpg?resize=350%2C200&ssl=1 1x, https:\/\/i0.wp.com\/lasprimeras.com.do\/wp-content\/uploads\/2025\/07\/INABIE.jpg?resize=525%2C300&ssl=1 1.5x, https:\/\/i0.wp.com\/lasprimeras.com.do\/wp-content\/uploads\/2025\/07\/INABIE.jpg?resize=700%2C400&ssl=1 2x"},"classes":[]},{"id":102977,"url":"https:\/\/lasprimeras.com.do\/index.php\/2025\/07\/10\/inabie-continuara-colaborando-con-investigacion-sobre-procesos-de-compras-de-utileria-escolar\/","url_meta":{"origin":124071,"position":5},"title":"INABIE continuar\u00e1 colaborando con investigaci\u00f3n sobre procesos de compras de utiler\u00eda escolar","author":"Nelson Feliz","date":"10 de julio de 2025","format":false,"excerpt":"Como medidas proactivas la instituci\u00f3n inici\u00f3 el proceso legal para cancelar aproximadamente 20 contratos adjudicados Un total de 9 personas que participaron en las licitaciones han sido canceladas de la instituci\u00f3n. Tras un informe prelimimar dado a conocer ayer por la Direcci\u00f3n General de Contrataciones P\u00fablicas (DGCP), el Instituto Nacional\u2026","rel":"","context":"En \u00abJUSTICIA\u00bb","block_context":{"text":"JUSTICIA","link":"https:\/\/lasprimeras.com.do\/index.php\/category\/justicia\/"},"img":{"alt_text":"","src":"https:\/\/i0.wp.com\/lasprimeras.com.do\/wp-content\/uploads\/2025\/07\/INABIE.jpg?resize=350%2C200&ssl=1","width":350,"height":200,"srcset":"https:\/\/i0.wp.com\/lasprimeras.com.do\/wp-content\/uploads\/2025\/07\/INABIE.jpg?resize=350%2C200&ssl=1 1x, https:\/\/i0.wp.com\/lasprimeras.com.do\/wp-content\/uploads\/2025\/07\/INABIE.jpg?resize=525%2C300&ssl=1 1.5x, https:\/\/i0.wp.com\/lasprimeras.com.do\/wp-content\/uploads\/2025\/07\/INABIE.jpg?resize=700%2C400&ssl=1 2x"},"classes":[]}],"jetpack_sharing_enabled":true,"_links":{"self":[{"href":"https:\/\/lasprimeras.com.do\/index.php\/wp-json\/wp\/v2\/posts\/124071","targetHints":{"allow":["GET"]}}],"collection":[{"href":"https:\/\/lasprimeras.com.do\/index.php\/wp-json\/wp\/v2\/posts"}],"about":[{"href":"https:\/\/lasprimeras.com.do\/index.php\/wp-json\/wp\/v2\/types\/post"}],"author":[{"embeddable":true,"href":"https:\/\/lasprimeras.com.do\/index.php\/wp-json\/wp\/v2\/users\/10"}],"replies":[{"embeddable":true,"href":"https:\/\/lasprimeras.com.do\/index.php\/wp-json\/wp\/v2\/comments?post=124071"}],"version-history":[{"count":1,"href":"https:\/\/lasprimeras.com.do\/index.php\/wp-json\/wp\/v2\/posts\/124071\/revisions"}],"predecessor-version":[{"id":124073,"href":"https:\/\/lasprimeras.com.do\/index.php\/wp-json\/wp\/v2\/posts\/124071\/revisions\/124073"}],"wp:featuredmedia":[{"embeddable":true,"href":"https:\/\/lasprimeras.com.do\/index.php\/wp-json\/wp\/v2\/media\/124072"}],"wp:attachment":[{"href":"https:\/\/lasprimeras.com.do\/index.php\/wp-json\/wp\/v2\/media?parent=124071"}],"wp:term":[{"taxonomy":"category","embeddable":true,"href":"https:\/\/lasprimeras.com.do\/index.php\/wp-json\/wp\/v2\/categories?post=124071"},{"taxonomy":"post_tag","embeddable":true,"href":"https:\/\/lasprimeras.com.do\/index.php\/wp-json\/wp\/v2\/tags?post=124071"}],"curies":[{"name":"wp","href":"https:\/\/api.w.org\/{rel}","templated":true}]}}