{"id":124083,"date":"2026-03-08T14:49:32","date_gmt":"2026-03-08T18:49:32","guid":{"rendered":"https:\/\/lasprimeras.com.do\/?p=124083"},"modified":"2026-03-08T14:49:35","modified_gmt":"2026-03-08T18:49:35","slug":"tribunal-impone-coercion-a-exempleado-de-edeeste-por-robo-de-equipos-y-materiales-electricos","status":"publish","type":"post","link":"https:\/\/lasprimeras.com.do\/index.php\/2026\/03\/08\/tribunal-impone-coercion-a-exempleado-de-edeeste-por-robo-de-equipos-y-materiales-electricos\/","title":{"rendered":"Tribunal impone coerci\u00f3n a exempleado de Edeeste por robo de equipos y materiales el\u00e9ctricos"},"content":{"rendered":"\n<p><\/p>\n\n\n\n<p>La Oficina Judicial de Servicios de Atenci\u00f3n Permanente del Distrito Judicial de Santo Domingo Este impuso medida de coerci\u00f3n en contra de un exempleado de la Empresa Distribuidora de Electricidad del Este (Edeeste) por sustracci\u00f3n de herramientas y materiales el\u00e9ctricos propiedad de la entidad.<\/p>\n\n\n\n<p>Seg\u00fan sostiene el documento judicial, la decisi\u00f3n del tribunal recae sobre el se\u00f1or Joel Agust\u00edn Reyes P\u00e9rez tras la presunta violaci\u00f3n del art\u00edculo 379 del C\u00f3digo Penal Dominicano.<\/p>\n\n\n\n<p>La disposici\u00f3n contempla que deber\u00e1 cumplir con las medidas de coerci\u00f3n previstas en los numerales 1, 2 y 4 del art\u00edculo 230 del C\u00f3digo Procesal Penal, consistentes en Garant\u00eda Econ\u00f3mica, impedimento de salida del pa\u00eds y Presentaci\u00f3n Peri\u00f3dica.<\/p>\n\n\n\n<p>En ese sentido, la garant\u00eda econ\u00f3mica ser\u00e1 de RD$25,000.00, impedimento de salida sin la debida autorizaci\u00f3n de un juez y la obligatoriedad de presentarse los d\u00edas 30 de cada mes ante el fiscal investigador.<\/p>\n\n\n\n<p>Cabe resaltar que, al momento de la detenci\u00f3n Reyes P\u00e9rez ten\u00eda en su poder el carnet de la empresa a pesar de llevar un tiempo desvinculado, as\u00ed como otros materiales y equipos procedentes de la distribuidora.<\/p>\n\n\n\n<p>La solicitud de medida de coerci\u00f3n fue presentada por el licenciado Waldimir Reynoso Cabrera en representaci\u00f3n del procurador fiscal, licenciado Corintio Torres Hern\u00e1ndez.<\/p>\n\n\n\n<p>Edeeste reiter\u00f3 su compromiso con el cumplimiento de las normas \u00e9ticas y de transparencia que rigen a la empresa frente a casos similares que involucren a colaboradores o exempleados de esta.<\/p>\n\n\n\n<p>Por \u00faltimo, Edeeste aprovech\u00f3 para recordar que el fraude el\u00e9ctrico en detrimento del sistema el\u00e9ctrico nacional est\u00e1 tipificado como delito en la Ley General de Electricidad y en el C\u00f3digo Penal Dominicano, raz\u00f3n por la que llama a la ciudadan\u00eda en general a denunciar a quienes se hacen pasar por empleados o contratistas de la compa\u00f1\u00eda el\u00e9ctrica con la finalidad de recibir dinero proveniente de este tipo de acciones en perjuicio del Estado y la distribuidora.<\/p>\n","protected":false},"excerpt":{"rendered":"<p>La Oficina Judicial de Servicios de Atenci\u00f3n Permanente del Distrito Judicial de Santo Domingo Este impuso medida de coerci\u00f3n en contra de un exempleado de la Empresa Distribuidora de Electricidad&hellip;<\/p>\n","protected":false},"author":10,"featured_media":53050,"comment_status":"open","ping_status":"open","sticky":false,"template":"","format":"standard","meta":{"content-type":"","jetpack_post_was_ever_published":false,"_jetpack_newsletter_access":"","_jetpack_dont_email_post_to_subs":false,"_jetpack_newsletter_tier_id":0,"_jetpack_memberships_contains_paywalled_content":false,"_jetpack_memberships_contains_paid_content":false,"footnotes":""},"categories":[289],"tags":[1339,657,30991,30992,1757],"class_list":["post-124083","post","type-post","status-publish","format-standard","has-post-thumbnail","hentry","category-justicia","tag-coercion","tag-edeeste","tag-exempleado","tag-robo-de-equipos","tag-tribunal"],"jetpack_featured_media_url":"https:\/\/lasprimeras.com.do\/wp-content\/uploads\/2023\/06\/Mallete.jpg","jetpack-related-posts":[{"id":123767,"url":"https:\/\/lasprimeras.com.do\/index.php\/2026\/03\/05\/dictan-medida-de-coercion-por-robo-de-energia-a-edeeste\/","url_meta":{"origin":124083,"position":0},"title":"Dictan medida de coerci\u00f3n por robo de energ\u00eda a Edeeste","author":"Nelson Feliz","date":"5 de marzo de 2026","format":false,"excerpt":"La Oficina Judicial de Servicio de Atenci\u00f3n Permanente del Distrito Judicial La Altagracia impuso medida de coerci\u00f3n consistente en presentaci\u00f3n peri\u00f3dica en contra de un ciudadano encontrado en fraglante por agentes policiales realizando una conexi\u00f3n ilegal en una residencial del sector El Tamarindo, municipio San Rafael del Yuma de la\u2026","rel":"","context":"En \u00abJUSTICIA\u00bb","block_context":{"text":"JUSTICIA","link":"https:\/\/lasprimeras.com.do\/index.php\/category\/justicia\/"},"img":{"alt_text":"","src":"https:\/\/i0.wp.com\/lasprimeras.com.do\/wp-content\/uploads\/2026\/03\/JUSTICIA-1.jpg?resize=350%2C200&ssl=1","width":350,"height":200,"srcset":"https:\/\/i0.wp.com\/lasprimeras.com.do\/wp-content\/uploads\/2026\/03\/JUSTICIA-1.jpg?resize=350%2C200&ssl=1 1x, https:\/\/i0.wp.com\/lasprimeras.com.do\/wp-content\/uploads\/2026\/03\/JUSTICIA-1.jpg?resize=525%2C300&ssl=1 1.5x, https:\/\/i0.wp.com\/lasprimeras.com.do\/wp-content\/uploads\/2026\/03\/JUSTICIA-1.jpg?resize=700%2C400&ssl=1 2x"},"classes":[]},{"id":113065,"url":"https:\/\/lasprimeras.com.do\/index.php\/2025\/10\/29\/tribunal-manda-a-prision-a-machetico-por-robo-de-medidores-propiedad-de-edeeste\/","url_meta":{"origin":124083,"position":1},"title":"Tribunal manda a prisi\u00f3n a \u201cMachetico\u201d por robo de medidores propiedad de Edeeste","author":"Nelson Feliz","date":"29 de octubre de 2025","format":false,"excerpt":"La empresa record\u00f3 que el fraude el\u00e9ctrico, el robo y atentado al sistema el\u00e9ctrico nacional est\u00e1 tipificado como delito en la Ley General de Electricidad y en el c\u00f3digo penal dominicano. La Oficina Judicial de Servicios de Atenci\u00f3n Permanente del Distrito Judicial de Santo Domingo Este, impuso prisi\u00f3n preventiva en\u2026","rel":"","context":"En \u00abJUSTICIA\u00bb","block_context":{"text":"JUSTICIA","link":"https:\/\/lasprimeras.com.do\/index.php\/category\/justicia\/"},"img":{"alt_text":"","src":"https:\/\/i0.wp.com\/lasprimeras.com.do\/wp-content\/uploads\/2025\/10\/CONTADOR.jpeg?resize=350%2C200&ssl=1","width":350,"height":200,"srcset":"https:\/\/i0.wp.com\/lasprimeras.com.do\/wp-content\/uploads\/2025\/10\/CONTADOR.jpeg?resize=350%2C200&ssl=1 1x, https:\/\/i0.wp.com\/lasprimeras.com.do\/wp-content\/uploads\/2025\/10\/CONTADOR.jpeg?resize=525%2C300&ssl=1 1.5x, https:\/\/i0.wp.com\/lasprimeras.com.do\/wp-content\/uploads\/2025\/10\/CONTADOR.jpeg?resize=700%2C400&ssl=1 2x"},"classes":[]},{"id":104641,"url":"https:\/\/lasprimeras.com.do\/index.php\/2025\/07\/25\/imponen-prision-preventiva-a-acusado-de-atentado-contra-el-sistema-electrico-en-la-romana\/","url_meta":{"origin":124083,"position":2},"title":"Imponen prisi\u00f3n preventiva a acusado de atentado contra el sistema el\u00e9ctrico en La Romana","author":"Nelson Feliz","date":"25 de julio de 2025","format":false,"excerpt":"La Oficina Judicial de Servicios de Atenci\u00f3n Permanente del Juzgado de la Instrucci\u00f3n de La Romana impuso medida de coerci\u00f3n contra un hombre acusado de pr\u00e1cticas fraudulentas en perjuicio del Estado y de la Empresa Distribuidora de Electricidad del Este (Edeeste). Al acusado identificado como Leuci Jean alias El Chino,\u2026","rel":"","context":"En \u00abJUSTICIA\u00bb","block_context":{"text":"JUSTICIA","link":"https:\/\/lasprimeras.com.do\/index.php\/category\/justicia\/"},"img":{"alt_text":"","src":"https:\/\/i0.wp.com\/lasprimeras.com.do\/wp-content\/uploads\/2025\/07\/edeeste.jpg?resize=350%2C200&ssl=1","width":350,"height":200,"srcset":"https:\/\/i0.wp.com\/lasprimeras.com.do\/wp-content\/uploads\/2025\/07\/edeeste.jpg?resize=350%2C200&ssl=1 1x, https:\/\/i0.wp.com\/lasprimeras.com.do\/wp-content\/uploads\/2025\/07\/edeeste.jpg?resize=525%2C300&ssl=1 1.5x, https:\/\/i0.wp.com\/lasprimeras.com.do\/wp-content\/uploads\/2025\/07\/edeeste.jpg?resize=700%2C400&ssl=1 2x"},"classes":[]},{"id":92205,"url":"https:\/\/lasprimeras.com.do\/index.php\/2024\/12\/31\/exempleados-de-edeeste-no-cenaran-este-31-tras-negarsele-el-bono-navideno-que-corresponde-por-ley\/","url_meta":{"origin":124083,"position":3},"title":"Exempleados de Edeeste no cenar\u00e1n este 31 tras negarsele el Bono Navide\u00f1o que corresponde por ley","author":"Nelson Feliz","date":"31 de diciembre de 2024","format":false,"excerpt":"Decenas de empleados desvinculados de la Empresa Distribuidora de Electricidad del Este (Edeeste), denuncian que no podr\u00e1n llevar la cena a la mesa en su casa este 31 de diciembre, tras la instituci\u00f3n haberle negado el Bono Navide\u00f1o que por ley le corresponde. Precisaron que esta situaci\u00f3n se da en\u2026","rel":"","context":"En \u00abECONOM\u00cdA\u00bb","block_context":{"text":"ECONOM\u00cdA","link":"https:\/\/lasprimeras.com.do\/index.php\/category\/economia\/"},"img":{"alt_text":"","src":"https:\/\/i0.wp.com\/lasprimeras.com.do\/wp-content\/uploads\/2025\/01\/ede.jpg?resize=350%2C200&ssl=1","width":350,"height":200},"classes":[]},{"id":67580,"url":"https:\/\/lasprimeras.com.do\/index.php\/2023\/11\/16\/ratifican-medidas-de-coercion-a-imputados-de-matar-a-nino-de-9-anos-tras-arribar-al-pais-desde-ee-uu\/","url_meta":{"origin":124083,"position":4},"title":"Ratifican medidas de coerci\u00f3n a imputados de matar a ni\u00f1o de 9 a\u00f1os tras arribar al pa\u00eds desde EE.UU.","author":"Nelson Feliz","date":"16 de noviembre de 2023","format":false,"excerpt":"Por Roberto P\u00e9rez El juez de la Oficina Judicial de Servicios de Atenci\u00f3n Permanente de este distrito judicial, acogi\u00f3 la solicitud de la Fiscal\u00eda de Santiago y ratific\u00f3 la prisi\u00f3n preventiva a los seis hombres imputados de matar a tiros a un ni\u00f1o de 9 a\u00f1os de edad. El ni\u00f1o\u2026","rel":"","context":"En \u00abJUSTICIA\u00bb","block_context":{"text":"JUSTICIA","link":"https:\/\/lasprimeras.com.do\/index.php\/category\/justicia\/"},"img":{"alt_text":"","src":"","width":0,"height":0},"classes":[]},{"id":118962,"url":"https:\/\/lasprimeras.com.do\/index.php\/2026\/01\/05\/mp-solicita-coercion-para-hombre-imputado-de-agredir-con-arma-blanca-a-otro-en-la-cienega\/","url_meta":{"origin":124083,"position":5},"title":"MP solicita coerci\u00f3n para hombre imputado de agredir con arma blanca a otro en La Ci\u00e9nega","author":"Nelson Feliz","date":"5 de enero de 2026","format":false,"excerpt":"El Ministerio P\u00fablico solicit\u00f3 la imposici\u00f3n de prisi\u00f3n preventiva, como medida de coerci\u00f3n, contra un hombre imputado de agredir con un arma blanca a otro ciudadano, en un hecho ocurrido el 8 de diciembre de 2025, en el sector La Ci\u00e9nega, del Distrito Nacional. El imputado fue identificado como C\u00e9sar\u2026","rel":"","context":"En \u00abJUSTICIA\u00bb","block_context":{"text":"JUSTICIA","link":"https:\/\/lasprimeras.com.do\/index.php\/category\/justicia\/"},"img":{"alt_text":"","src":"https:\/\/i0.wp.com\/lasprimeras.com.do\/wp-content\/uploads\/2025\/04\/mallete.png?resize=350%2C200&ssl=1","width":350,"height":200,"srcset":"https:\/\/i0.wp.com\/lasprimeras.com.do\/wp-content\/uploads\/2025\/04\/mallete.png?resize=350%2C200&ssl=1 1x, https:\/\/i0.wp.com\/lasprimeras.com.do\/wp-content\/uploads\/2025\/04\/mallete.png?resize=525%2C300&ssl=1 1.5x, https:\/\/i0.wp.com\/lasprimeras.com.do\/wp-content\/uploads\/2025\/04\/mallete.png?resize=700%2C400&ssl=1 2x"},"classes":[]}],"jetpack_sharing_enabled":true,"_links":{"self":[{"href":"https:\/\/lasprimeras.com.do\/index.php\/wp-json\/wp\/v2\/posts\/124083","targetHints":{"allow":["GET"]}}],"collection":[{"href":"https:\/\/lasprimeras.com.do\/index.php\/wp-json\/wp\/v2\/posts"}],"about":[{"href":"https:\/\/lasprimeras.com.do\/index.php\/wp-json\/wp\/v2\/types\/post"}],"author":[{"embeddable":true,"href":"https:\/\/lasprimeras.com.do\/index.php\/wp-json\/wp\/v2\/users\/10"}],"replies":[{"embeddable":true,"href":"https:\/\/lasprimeras.com.do\/index.php\/wp-json\/wp\/v2\/comments?post=124083"}],"version-history":[{"count":1,"href":"https:\/\/lasprimeras.com.do\/index.php\/wp-json\/wp\/v2\/posts\/124083\/revisions"}],"predecessor-version":[{"id":124084,"href":"https:\/\/lasprimeras.com.do\/index.php\/wp-json\/wp\/v2\/posts\/124083\/revisions\/124084"}],"wp:featuredmedia":[{"embeddable":true,"href":"https:\/\/lasprimeras.com.do\/index.php\/wp-json\/wp\/v2\/media\/53050"}],"wp:attachment":[{"href":"https:\/\/lasprimeras.com.do\/index.php\/wp-json\/wp\/v2\/media?parent=124083"}],"wp:term":[{"taxonomy":"category","embeddable":true,"href":"https:\/\/lasprimeras.com.do\/index.php\/wp-json\/wp\/v2\/categories?post=124083"},{"taxonomy":"post_tag","embeddable":true,"href":"https:\/\/lasprimeras.com.do\/index.php\/wp-json\/wp\/v2\/tags?post=124083"}],"curies":[{"name":"wp","href":"https:\/\/api.w.org\/{rel}","templated":true}]}}