{"id":124089,"date":"2026-03-08T15:16:58","date_gmt":"2026-03-08T19:16:58","guid":{"rendered":"https:\/\/lasprimeras.com.do\/?p=124089"},"modified":"2026-03-08T15:17:00","modified_gmt":"2026-03-08T19:17:00","slug":"marzo-es-el-mes-de-la-concientizacion-del-cancer-de-cuello-uterino-y-hpv","status":"publish","type":"post","link":"https:\/\/lasprimeras.com.do\/index.php\/2026\/03\/08\/marzo-es-el-mes-de-la-concientizacion-del-cancer-de-cuello-uterino-y-hpv\/","title":{"rendered":"Marzo es el mes de la concientizaci\u00f3n del C\u00e1ncer de cuello uterino y HPV"},"content":{"rendered":"\n<p>Cada mes de marzo se conmemora el D\u00eda Mundial de Concienciaci\u00f3n sobre el Virus del Papiloma Humano (HPV), una fecha que busca recordar la importancia de la prevenci\u00f3n de una de las infecciones m\u00e1s comunes en el mundo y su relaci\u00f3n con varios tipos de c\u00e1ncer.<\/p>\n\n\n\n<p>El virus del papiloma humano es una infecci\u00f3n muy frecuente. De hecho, se estima que la mayor\u00eda de las personas tendr\u00e1 contacto con el virus en alg\u00fan momento de su vida. <\/p>\n\n\n\n<p>En muchos casos el sistema inmunol\u00f3gico logra eliminarlo de forma espont\u00e1nea. Sin embargo, algunos tipos de HPV pueden persistir en el organismo y, con el tiempo, causar c\u00e1ncer.<\/p>\n\n\n<div class=\"wp-block-image\">\n<figure class=\"alignleft size-full is-resized\"><img decoding=\"async\" width=\"900\" height=\"569\" src=\"https:\/\/lasprimeras.com.do\/wp-content\/uploads\/2026\/03\/Cuello-Uterino.jpg\" alt=\"\" class=\"wp-image-124091\" style=\"aspect-ratio:1.5817625261801191;width:298px;height:auto\" srcset=\"https:\/\/lasprimeras.com.do\/wp-content\/uploads\/2026\/03\/Cuello-Uterino.jpg 900w, https:\/\/lasprimeras.com.do\/wp-content\/uploads\/2026\/03\/Cuello-Uterino-300x190.jpg 300w, https:\/\/lasprimeras.com.do\/wp-content\/uploads\/2026\/03\/Cuello-Uterino-768x486.jpg 768w\" sizes=\"(max-width: 900px) 100vw, 900px\" \/><\/figure>\n<\/div>\n\n\n<p>El c\u00e1ncer de cuello uterino es el ejemplo m\u00e1s conocido. En la gran mayor\u00eda de los casos est\u00e1 relacionado con la infecci\u00f3n persistente por ciertos tipos de HPV considerados de alto riesgo.<\/p>\n\n\n\n<p>A nivel mundial, el c\u00e1ncer de cuello uterino sigue siendo un problema importante de salud p\u00fablica, especialmente en pa\u00edses donde el acceso a programas de prevenci\u00f3n es limitado. <\/p>\n\n\n\n<p>A diferencia de muchos otros tipos de c\u00e1ncer, este tiene una caracter\u00edstica particular: puede prevenirse y detectarse de manera temprana.<\/p>\n\n\n\n<p>De acuerdo con la Dra. Jazm\u00edn Garc\u00eda Radionc\u00f3loga del Centro de Radioterapia Integral (RADONIC), la prevenci\u00f3n se basa en tres pilares fundamentales El primero es la vacunaci\u00f3n contra el HPV, una herramienta segura y eficaz que protege contra los tipos del virus que con mayor frecuencia causan c\u00e1ncer.<\/p>\n\n\n\n<p>La vacunaci\u00f3n se recomienda principalmente antes del inicio de la vida sexual, aunque tambi\u00e9n puede tener beneficios en otras edades seg\u00fan la evaluaci\u00f3n m\u00e9dica.<\/p>\n\n\n\n<p>El segundo pilar es el tamizaje, mediante pruebas como el Papanicolaou o la prueba de HPV, que permiten detectar cambios en las c\u00e9lulas del cuello uterino antes de que se conviertan en c\u00e1ncer. <\/p>\n\n\n\n<p>Estas pruebas han demostrado reducir de forma significativa la mortalidad cuando se realizan de forma peri\u00f3dica.<\/p>\n\n\n\n<p>El tercer elemento es el seguimiento adecuado de las lesiones precancerosas, lo que permite tratarlas a tiempo y evitar su progresi\u00f3n.<\/p>\n\n\n\n<p>Gracias a estas estrategias, varios pa\u00edses han logrado disminuir de forma notable la incidencia del c\u00e1ncer de cuello uterino. <\/p>\n\n\n\n<p>Sin embargo, en muchas regiones de Am\u00e9rica Latina todav\u00eda persisten desaf\u00edos relacionados con el acceso a la vacunaci\u00f3n, el diagn\u00f3stico temprano y la educaci\u00f3n en salud.<\/p>\n\n\n\n<p>En el D\u00eda Mundial del HPV, el mensaje principal es claro: el c\u00e1ncer de cuello uterino es uno de los pocos c\u00e1nceres que realmente podemos prevenir. Informarse, vacunarse y realizar los controles m\u00e9dicos recomendados son pasos fundamentales para proteger la salud.<\/p>\n","protected":false},"excerpt":{"rendered":"<p>Cada mes de marzo se conmemora el D\u00eda Mundial de Concienciaci\u00f3n sobre el Virus del Papiloma Humano (HPV), una fecha que busca recordar la importancia de la prevenci\u00f3n de una&hellip;<\/p>\n","protected":false},"author":10,"featured_media":124090,"comment_status":"open","ping_status":"open","sticky":false,"template":"","format":"standard","meta":{"content-type":"","jetpack_post_was_ever_published":false,"_jetpack_newsletter_access":"","_jetpack_dont_email_post_to_subs":false,"_jetpack_newsletter_tier_id":0,"_jetpack_memberships_contains_paywalled_content":false,"_jetpack_memberships_contains_paid_content":false,"footnotes":""},"categories":[16558],"tags":[30995,8668,15797],"class_list":["post-124089","post","type-post","status-publish","format-standard","has-post-thumbnail","hentry","category-salud","tag-cancer-de-cuello-uterino","tag-concientizacion","tag-marzo"],"jetpack_featured_media_url":"https:\/\/lasprimeras.com.do\/wp-content\/uploads\/2026\/03\/Dra.-Jazmin-Garcia-Radioncologa.jpeg","jetpack-related-posts":[{"id":95503,"url":"https:\/\/lasprimeras.com.do\/index.php\/2025\/03\/14\/salud-publica-los-ninos-entre-9-y-14-anos-ya-podran-vacunarse-contra-el-virus-del-papiloma\/","url_meta":{"origin":124089,"position":0},"title":"Salud P\u00fablica: Los ni\u00f1os entre 9 y 14 a\u00f1os ya podr\u00e1n vacunarse contra el virus del papiloma","author":"Nelson Feliz","date":"14 de marzo de 2025","format":false,"excerpt":"El Ministerio de Salud P\u00fablica, a trav\u00e9s de la Direcci\u00f3n de Inmunoprevenibles por Vacunas (DIV), inform\u00f3 este jueves que entre los ajustes que se han realizado al esquema nacional de vacunaci\u00f3n se incluy\u00f3 la vacunaci\u00f3n de ni\u00f1os entre 9 y 14 a\u00f1os contra el papiloma humano. \u00abAntes solo vacun\u00e1bamos a\u2026","rel":"","context":"En \u00abSALUD\u00bb","block_context":{"text":"SALUD","link":"https:\/\/lasprimeras.com.do\/index.php\/category\/salud\/"},"img":{"alt_text":"","src":"https:\/\/i0.wp.com\/lasprimeras.com.do\/wp-content\/uploads\/2025\/03\/papiloma.jpg?resize=350%2C200&ssl=1","width":350,"height":200,"srcset":"https:\/\/i0.wp.com\/lasprimeras.com.do\/wp-content\/uploads\/2025\/03\/papiloma.jpg?resize=350%2C200&ssl=1 1x, https:\/\/i0.wp.com\/lasprimeras.com.do\/wp-content\/uploads\/2025\/03\/papiloma.jpg?resize=525%2C300&ssl=1 1.5x, https:\/\/i0.wp.com\/lasprimeras.com.do\/wp-content\/uploads\/2025\/03\/papiloma.jpg?resize=700%2C400&ssl=1 2x"},"classes":[]},{"id":78891,"url":"https:\/\/lasprimeras.com.do\/index.php\/2024\/03\/21\/rd-contara-con-innovadores-equipos-medicos-de-china-para-erradicar-enfermedades\/","url_meta":{"origin":124089,"position":1},"title":"RD contar\u00e1 con innovadores equipos m\u00e9dicos de China para erradicar enfermedades","author":"BIMARY DE JES\u00daS Matos","date":"21 de marzo de 2024","format":false,"excerpt":"Martin Restituyo Distrito Nacional, RD.- Representantes de la empresa Haifu Medical, de la Rep\u00fablica Popular China, presentan en el pa\u00eds detalles de innovadoras maquinarias de tecnolog\u00eda no invasiva, cuyos tratamientos buscan erradicar enfermedades como el c\u00e1ncer de mama, p\u00e1ncreas y de h\u00edgado, y otras ginecol\u00f3gicas como mioma uterino, verrugas genitales\u2026","rel":"","context":"En \u00abNACIONALES\u00bb","block_context":{"text":"NACIONALES","link":"https:\/\/lasprimeras.com.do\/index.php\/category\/nacionales\/"},"img":{"alt_text":"","src":"https:\/\/i0.wp.com\/lasprimeras.com.do\/wp-content\/uploads\/2024\/03\/WhatsApp-Image-2024-03-21-at-11.44.13-AM.jpeg?resize=350%2C200&ssl=1","width":350,"height":200,"srcset":"https:\/\/i0.wp.com\/lasprimeras.com.do\/wp-content\/uploads\/2024\/03\/WhatsApp-Image-2024-03-21-at-11.44.13-AM.jpeg?resize=350%2C200&ssl=1 1x, https:\/\/i0.wp.com\/lasprimeras.com.do\/wp-content\/uploads\/2024\/03\/WhatsApp-Image-2024-03-21-at-11.44.13-AM.jpeg?resize=525%2C300&ssl=1 1.5x, https:\/\/i0.wp.com\/lasprimeras.com.do\/wp-content\/uploads\/2024\/03\/WhatsApp-Image-2024-03-21-at-11.44.13-AM.jpeg?resize=700%2C400&ssl=1 2x, https:\/\/i0.wp.com\/lasprimeras.com.do\/wp-content\/uploads\/2024\/03\/WhatsApp-Image-2024-03-21-at-11.44.13-AM.jpeg?resize=1050%2C600&ssl=1 3x"},"classes":[]},{"id":125123,"url":"https:\/\/lasprimeras.com.do\/index.php\/2026\/03\/19\/junta-de-retiro-conmemora-el-%c2%a8dia-internacional-de-la-mujer%c2%a8-con-charla-sobre-salud-y-prevencion\/","url_meta":{"origin":124089,"position":2},"title":"Junta de Retiro conmemora el \u00a8D\u00eda Internacional de la Mujer\u00a8 con charla sobre salud y prevenci\u00f3n","author":"Nelson Feliz","date":"19 de marzo de 2026","format":false,"excerpt":"En el marco del D\u00eda Internacional de la Mujer, la Junta de Retiro y Fondo de Pensiones de las Fuerzas Armadas, dependencia del Ministerio de Defensa (MIDE), realiz\u00f3 la charla \u201cC\u00e1ncer de C\u00e9rvix: Inf\u00f3rmate, Previene y Protege tu Salud\u201d, con el objetivo de orientar y concienciar sobre la importancia de\u2026","rel":"","context":"En \u00abSALUD\u00bb","block_context":{"text":"SALUD","link":"https:\/\/lasprimeras.com.do\/index.php\/category\/salud\/"},"img":{"alt_text":"","src":"https:\/\/i0.wp.com\/lasprimeras.com.do\/wp-content\/uploads\/2026\/03\/portada-2.jpg?resize=350%2C200&ssl=1","width":350,"height":200,"srcset":"https:\/\/i0.wp.com\/lasprimeras.com.do\/wp-content\/uploads\/2026\/03\/portada-2.jpg?resize=350%2C200&ssl=1 1x, https:\/\/i0.wp.com\/lasprimeras.com.do\/wp-content\/uploads\/2026\/03\/portada-2.jpg?resize=525%2C300&ssl=1 1.5x, https:\/\/i0.wp.com\/lasprimeras.com.do\/wp-content\/uploads\/2026\/03\/portada-2.jpg?resize=700%2C400&ssl=1 2x"},"classes":[]},{"id":80727,"url":"https:\/\/lasprimeras.com.do\/index.php\/2024\/04\/11\/instituto-oncologico-presenta-programa-vacunacion-para-sus-pacientes\/","url_meta":{"origin":124089,"position":3},"title":"Instituto Oncol\u00f3gico presenta programa vacunaci\u00f3n para sus pacientes","author":"BIMARY DE JES\u00daS Matos","date":"11 de abril de 2024","format":false,"excerpt":"Santo Domingo.- Durante una actividad realizada en sus instalaciones, el Instituto de Oncolog\u00eda \u201cDr. Heriberto Pieter\u201d (IOHP) present\u00f3 su Programa de Vacunaci\u00f3n Contra el Virus del Papiloma Humano (VPH), dirigido a ni\u00f1os a partir de los 9 a\u00f1os de edad de su servicio de Pediatr\u00eda Oncol\u00f3gica. En la actividad particip\u00f3\u2026","rel":"","context":"En \u00abNACIONALES\u00bb","block_context":{"text":"NACIONALES","link":"https:\/\/lasprimeras.com.do\/index.php\/category\/nacionales\/"},"img":{"alt_text":"","src":"https:\/\/i0.wp.com\/lasprimeras.com.do\/wp-content\/uploads\/2024\/04\/WhatsApp-Image-2024-04-11-at-12.49.11-PM.jpeg?resize=350%2C200&ssl=1","width":350,"height":200,"srcset":"https:\/\/i0.wp.com\/lasprimeras.com.do\/wp-content\/uploads\/2024\/04\/WhatsApp-Image-2024-04-11-at-12.49.11-PM.jpeg?resize=350%2C200&ssl=1 1x, https:\/\/i0.wp.com\/lasprimeras.com.do\/wp-content\/uploads\/2024\/04\/WhatsApp-Image-2024-04-11-at-12.49.11-PM.jpeg?resize=525%2C300&ssl=1 1.5x, https:\/\/i0.wp.com\/lasprimeras.com.do\/wp-content\/uploads\/2024\/04\/WhatsApp-Image-2024-04-11-at-12.49.11-PM.jpeg?resize=700%2C400&ssl=1 2x, https:\/\/i0.wp.com\/lasprimeras.com.do\/wp-content\/uploads\/2024\/04\/WhatsApp-Image-2024-04-11-at-12.49.11-PM.jpeg?resize=1050%2C600&ssl=1 3x, https:\/\/i0.wp.com\/lasprimeras.com.do\/wp-content\/uploads\/2024\/04\/WhatsApp-Image-2024-04-11-at-12.49.11-PM.jpeg?resize=1400%2C800&ssl=1 4x"},"classes":[]},{"id":86558,"url":"https:\/\/lasprimeras.com.do\/index.php\/2024\/07\/27\/mas-de-un-millon-de-personas-fallece-cada-ano-en-el-mundo-por-hepatitis\/","url_meta":{"origin":124089,"position":4},"title":"M\u00e1s de un mill\u00f3n de personas fallece cada a\u00f1o en el mundo por hepatitis","author":"Nelson Feliz","date":"27 de julio de 2024","format":false,"excerpt":"Autoridades de salud mundial luchan para la erradicaci\u00f3n en 2030 La gastroenter\u00f3loga internista de los Centros de Diagn\u00f3stico y Medicina Avanzada y de Conferencias M\u00e9dicas y Telemedicina (CEDIMAT), doctora Fabiolina S\u00e1nchez sostuvo que las hepatitis es la segunda causa infecciosa de muerte en el mundo. S\u00e1nchez, cit\u00f3 datos de la\u2026","rel":"","context":"En \u00abPORTADA\u00bb","block_context":{"text":"PORTADA","link":"https:\/\/lasprimeras.com.do\/index.php\/category\/portada\/"},"img":{"alt_text":"Dra. Fabiolina S\u00e1nchez. Gastroenter\u00f3loga","src":"https:\/\/i0.wp.com\/lasprimeras.com.do\/wp-content\/uploads\/2024\/07\/Dra.-Fabiolina-Sanchez.-Gastroenterologa.jpg?resize=350%2C200&ssl=1","width":350,"height":200,"srcset":"https:\/\/i0.wp.com\/lasprimeras.com.do\/wp-content\/uploads\/2024\/07\/Dra.-Fabiolina-Sanchez.-Gastroenterologa.jpg?resize=350%2C200&ssl=1 1x, https:\/\/i0.wp.com\/lasprimeras.com.do\/wp-content\/uploads\/2024\/07\/Dra.-Fabiolina-Sanchez.-Gastroenterologa.jpg?resize=525%2C300&ssl=1 1.5x, https:\/\/i0.wp.com\/lasprimeras.com.do\/wp-content\/uploads\/2024\/07\/Dra.-Fabiolina-Sanchez.-Gastroenterologa.jpg?resize=700%2C400&ssl=1 2x"},"classes":[]},{"id":112386,"url":"https:\/\/lasprimeras.com.do\/index.php\/2025\/10\/21\/propeep-imparte-charla-a-sus-colaboradoras-sobre-concientizacion-y-prevencion-del-cancer-de-mama\/","url_meta":{"origin":124089,"position":5},"title":"Propeep imparte charla a sus colaboradoras sobre concientizaci\u00f3n y prevenci\u00f3n del c\u00e1ncer de mama","author":"Nelson Feliz","date":"21 de octubre de 2025","format":false,"excerpt":"En el marco del Mes de la Lucha contra el C\u00e1ncer de Mama, la Direcci\u00f3n de Proyectos Estrat\u00e9gicos y Especiales de la Presidencia (Propeep) imparti\u00f3 este martes una charla de concientizaci\u00f3n y prevenci\u00f3n del c\u00e1ncer de mama a sus colaboradoras, a fin de promover la detecci\u00f3n temprana y fomentar una\u2026","rel":"","context":"En \u00abNACIONALES\u00bb","block_context":{"text":"NACIONALES","link":"https:\/\/lasprimeras.com.do\/index.php\/category\/nacionales\/"},"img":{"alt_text":"","src":"https:\/\/i0.wp.com\/lasprimeras.com.do\/wp-content\/uploads\/2025\/10\/propeep-1.jpg?resize=350%2C200&ssl=1","width":350,"height":200,"srcset":"https:\/\/i0.wp.com\/lasprimeras.com.do\/wp-content\/uploads\/2025\/10\/propeep-1.jpg?resize=350%2C200&ssl=1 1x, https:\/\/i0.wp.com\/lasprimeras.com.do\/wp-content\/uploads\/2025\/10\/propeep-1.jpg?resize=525%2C300&ssl=1 1.5x, https:\/\/i0.wp.com\/lasprimeras.com.do\/wp-content\/uploads\/2025\/10\/propeep-1.jpg?resize=700%2C400&ssl=1 2x"},"classes":[]}],"jetpack_sharing_enabled":true,"_links":{"self":[{"href":"https:\/\/lasprimeras.com.do\/index.php\/wp-json\/wp\/v2\/posts\/124089","targetHints":{"allow":["GET"]}}],"collection":[{"href":"https:\/\/lasprimeras.com.do\/index.php\/wp-json\/wp\/v2\/posts"}],"about":[{"href":"https:\/\/lasprimeras.com.do\/index.php\/wp-json\/wp\/v2\/types\/post"}],"author":[{"embeddable":true,"href":"https:\/\/lasprimeras.com.do\/index.php\/wp-json\/wp\/v2\/users\/10"}],"replies":[{"embeddable":true,"href":"https:\/\/lasprimeras.com.do\/index.php\/wp-json\/wp\/v2\/comments?post=124089"}],"version-history":[{"count":2,"href":"https:\/\/lasprimeras.com.do\/index.php\/wp-json\/wp\/v2\/posts\/124089\/revisions"}],"predecessor-version":[{"id":124093,"href":"https:\/\/lasprimeras.com.do\/index.php\/wp-json\/wp\/v2\/posts\/124089\/revisions\/124093"}],"wp:featuredmedia":[{"embeddable":true,"href":"https:\/\/lasprimeras.com.do\/index.php\/wp-json\/wp\/v2\/media\/124090"}],"wp:attachment":[{"href":"https:\/\/lasprimeras.com.do\/index.php\/wp-json\/wp\/v2\/media?parent=124089"}],"wp:term":[{"taxonomy":"category","embeddable":true,"href":"https:\/\/lasprimeras.com.do\/index.php\/wp-json\/wp\/v2\/categories?post=124089"},{"taxonomy":"post_tag","embeddable":true,"href":"https:\/\/lasprimeras.com.do\/index.php\/wp-json\/wp\/v2\/tags?post=124089"}],"curies":[{"name":"wp","href":"https:\/\/api.w.org\/{rel}","templated":true}]}}