{"id":124125,"date":"2026-03-08T19:46:28","date_gmt":"2026-03-08T23:46:28","guid":{"rendered":"https:\/\/lasprimeras.com.do\/?p=124125"},"modified":"2026-03-08T19:46:30","modified_gmt":"2026-03-08T23:46:30","slug":"el-57-de-los-participantes-del-infotep-en-2025-fueron-mujeres","status":"publish","type":"post","link":"https:\/\/lasprimeras.com.do\/index.php\/2026\/03\/08\/el-57-de-los-participantes-del-infotep-en-2025-fueron-mujeres\/","title":{"rendered":"El 57 % de los participantes del INFOTEP en 2025 fueron mujeres"},"content":{"rendered":"\n<p>La Formaci\u00f3n T\u00e9cnico Profesional (FTP) sigue escribiendo una historia de transformaci\u00f3n femenina en la Rep\u00fablica Dominicana. En 2025, el INFOTEP registr\u00f3 868,357 participantes, de los cuales 492,390 fueron mujeres, equivalente al 57 % del total, consolidando una tendencia sostenida de liderazgo femenino en los procesos de capacitaci\u00f3n.<\/p>\n\n\n\n<p>Lejos de ser un dato circunstancial, la participaci\u00f3n femenina responde a una tendencia sostenida en el tiempo. Entre 2016 y 2025, m\u00e1s de 3.8 millones de mujeres se formaron en el INFOTEP, equivalente al 55 % de los m\u00e1s de siete millones de participantes registrados en ese per\u00edodo.<\/p>\n\n\n\n<p>Incluso tras la desaceleraci\u00f3n provocada por la pandemia en 2020, la matr\u00edcula femenina recuper\u00f3 su dinamismo y alcanz\u00f3 en 2025 su nivel m\u00e1s alto. Detr\u00e1s de esta evoluci\u00f3n estad\u00edstica no solo hay crecimiento institucional, sino historias concretas de superaci\u00f3n, emprendimiento y movilidad social que impactan hogares y comunidades en todo el pa\u00eds.<\/p>\n\n\n\n<p>Cada mujer formada significa: mayor autonom\u00eda econ\u00f3mica, reducci\u00f3n de vulnerabilidad social, incremento de productividad y fortalecimiento del tejido familiar y comunitario.<\/p>\n\n\n\n<p>En 2025, m\u00e1s que una cifra, el 57 % representa una se\u00f1al clara: cuando la formaci\u00f3n abre puertas, las mujeres las cruzan y transforman su entorno.<\/p>\n\n\n\n<p><strong>Formaci\u00f3n que cambia destinos<\/strong><\/p>\n\n\n\n<p>Los programas de capacitaci\u00f3n abarcan desde \u00e1reas industriales y tecnol\u00f3gicas hasta servicios, emprendimiento, innovaci\u00f3n y formaci\u00f3n virtual, ampliando las oportunidades de inserci\u00f3n productiva para miles de mujeres en todo el pa\u00eds.<\/p>\n\n\n\n<p>En ese proceso, muchas han logrado acceder a un empleo formal, iniciar peque\u00f1os negocios, mejorar sus ingresos o incorporarse a sectores donde hist\u00f3ricamente su presencia era limitada.<\/p>\n\n\n\n<p>El alcance de esta din\u00e1mica trasciende lo individual. Cuando una mujer se forma y genera ingresos, se fortalece la estabilidad del hogar; cuando emprende o se inserta en el mercado laboral, dinamiza la econom\u00eda de su comunidad; y cuando se integra a \u00e1reas estrat\u00e9gicas, contribuye a ampliar la base de talento calificado que demanda el aparato productivo nacional.<\/p>\n\n\n\n<p>La tasa de egreso, cercana al 80 %, confirma que la mayor\u00eda de quienes inician su proceso formativo logran concluirlo con \u00e9xito, elevando sus posibilidades reales de empleabilidad y crecimiento econ\u00f3mico.<\/p>\n\n\n\n<p>A ello se suma la facultad del INFOTEP para certificar competencias previamente adquiridas, un mecanismo que reconoce saberes acumulados y facilita una inserci\u00f3n laboral m\u00e1s \u00e1gil y formal.<\/p>\n\n\n\n<p><strong>Rompiendo barreras en \u00e1reas no tradicionales<\/strong><\/p>\n\n\n\n<p>Uno de los datos m\u00e1s reveladores de 2025 es el avance femenino en carreras tradicionalmente asociadas al g\u00e9nero masculino. Un total de 2,047 mujeres decidieron formarse en \u00e1reas t\u00e9cnicas vinculadas al sector industrial y de servicios, marcando un hito en la diversificaci\u00f3n de la participaci\u00f3n femenina dentro de la formaci\u00f3n t\u00e9cnico profesional.<\/p>\n\n\n\n<p>Entre las especialidades elegidas figuran instalaci\u00f3n y mantenimiento el\u00e9ctrico, mec\u00e1nica general y mec\u00e1nica automotriz, soldadura, refrigeraci\u00f3n y aire acondicionado, electr\u00f3nica, plomer\u00eda, alba\u00f1iler\u00eda y servicio de transporte, campos estrat\u00e9gicos para el desarrollo productivo nacional donde la presencia femenina contin\u00faa en expansi\u00f3n.<\/p>\n\n\n\n<p>Estos n\u00fameros reflejan un cambio cultural profundo. Cada mujer que ingresa a un taller de soldadura o a un programa de electricidad no solo adquiere una competencia t\u00e9cnica: desaf\u00eda patrones hist\u00f3ricos y ampl\u00eda las fronteras de lo posible para las generaciones que vienen detr\u00e1s.<\/p>\n\n\n\n<p><strong>Liderazgo femenino en todo el territorio<\/strong><\/p>\n\n\n\n<p>El liderazgo femenino en la formaci\u00f3n t\u00e9cnico profesional no se concentra en una sola demarcaci\u00f3n, sino que se distribuye de manera s\u00f3lida en todo el pa\u00eds. En la Regional Metropolitana se registraron 262,613 participantes en 2025, de los cuales 145,856 fueron mujeres, equivalente al 56 %, consolidando una mayor\u00eda femenina en la principal plaza formativa del pa\u00eds.<\/p>\n\n\n\n<p>En la Regional Cibao Norte, una de las m\u00e1s din\u00e1micas por su peso industrial, las mujeres representaron el 51 % de los 219,162 participantes, mientras que en la Regional Oriental alcanzaron el 61 %. En la Regional Cibao Sur, la participaci\u00f3n femenina lleg\u00f3 al 63 %, y en la Regional Sur se elev\u00f3 hasta un 70 %, uno de los porcentajes m\u00e1s altos a nivel nacional. En la Regional Este, la distribuci\u00f3n fue pr\u00e1cticamente equilibrada, con un 50 % de participaci\u00f3n femenina.<\/p>\n\n\n\n<p>Asimismo, los centros nacionales especializados, como los vinculados a innovaci\u00f3n y formaci\u00f3n virtual, tambi\u00e9n muestran mayor\u00eda femenina, con porcentajes que oscilan entre 60 % y 73 %, lo que evidencia que la mujer dominicana no solo se inserta en programas tradicionales, sino tambi\u00e9n en \u00e1reas de innovaci\u00f3n, tecnolog\u00eda y emprendimiento.<\/p>\n\n\n\n<p>Estos indicadores confirman que el crecimiento femenino en el INFOTEP no es focalizado ni circunstancial: es un fen\u00f3meno nacional que atraviesa regiones, sectores productivos y modalidades de capacitaci\u00f3n, consolidando a la mujer como protagonista del desarrollo t\u00e9cnico profesional en la Rep\u00fablica Dominicana.<\/p>\n","protected":false},"excerpt":{"rendered":"<p>La Formaci\u00f3n T\u00e9cnico Profesional (FTP) sigue escribiendo una historia de transformaci\u00f3n femenina en la Rep\u00fablica Dominicana. En 2025, el INFOTEP registr\u00f3 868,357 participantes, de los cuales 492,390 fueron mujeres, equivalente&hellip;<\/p>\n","protected":false},"author":10,"featured_media":124126,"comment_status":"open","ping_status":"open","sticky":false,"template":"","format":"standard","meta":{"content-type":"","jetpack_post_was_ever_published":false,"_jetpack_newsletter_access":"","_jetpack_dont_email_post_to_subs":false,"_jetpack_newsletter_tier_id":0,"_jetpack_memberships_contains_paywalled_content":false,"_jetpack_memberships_contains_paid_content":false,"footnotes":""},"categories":[35],"tags":[17918,1880,836,1226],"class_list":["post-124125","post","type-post","status-publish","format-standard","has-post-thumbnail","hentry","category-nacionales","tag-dia-internacional-de-la-mujer","tag-infotep","tag-mujeres","tag-republica-dominicana"],"jetpack_featured_media_url":"https:\/\/lasprimeras.com.do\/wp-content\/uploads\/2026\/03\/infotep-1.jpg","jetpack-related-posts":[{"id":116899,"url":"https:\/\/lasprimeras.com.do\/index.php\/2025\/12\/04\/infotep-gradua-1416-nuevos-tecnicos-docentes-y-especialistas-en-la-region-sur\/","url_meta":{"origin":124125,"position":0},"title":"Infotep grad\u00faa 1,416 nuevos t\u00e9cnicos, docentes y especialistas en la regi\u00f3n Sur","author":"Nelson Feliz","date":"4 de diciembre de 2025","format":false,"excerpt":"Rafael Santos Bad\u00eda declar\u00f3 que entre 2020 y 2025, en San Juan y El\u00edas Pi\u00f1a, se han capacitado m\u00e1s de 125,345 personas. El Instituto Nacional de Formaci\u00f3n T\u00e9cnico Profesional (Infotep) gradu\u00f3 1,416 nuevos t\u00e9cnicos, docentes y especialistas en 17 ocupaciones de alta demanda, en la ceremonia ordinaria correspondiente a la\u2026","rel":"","context":"En \u00abNACIONALES\u00bb","block_context":{"text":"NACIONALES","link":"https:\/\/lasprimeras.com.do\/index.php\/category\/nacionales\/"},"img":{"alt_text":"","src":"https:\/\/i0.wp.com\/lasprimeras.com.do\/wp-content\/uploads\/2025\/12\/Infotep.jpg?resize=350%2C200&ssl=1","width":350,"height":200,"srcset":"https:\/\/i0.wp.com\/lasprimeras.com.do\/wp-content\/uploads\/2025\/12\/Infotep.jpg?resize=350%2C200&ssl=1 1x, https:\/\/i0.wp.com\/lasprimeras.com.do\/wp-content\/uploads\/2025\/12\/Infotep.jpg?resize=525%2C300&ssl=1 1.5x, https:\/\/i0.wp.com\/lasprimeras.com.do\/wp-content\/uploads\/2025\/12\/Infotep.jpg?resize=700%2C400&ssl=1 2x"},"classes":[]},{"id":90207,"url":"https:\/\/lasprimeras.com.do\/index.php\/2024\/10\/15\/plan-estrategico-del-infotep-2025-2028-proyecta-capacitar-un-millon-744-mil-tecnicos-2\/","url_meta":{"origin":124125,"position":1},"title":"Plan estrat\u00e9gico del INFOTEP 2025-2028 proyecta capacitar un mill\u00f3n 744 mil t\u00e9cnicos","author":"Nelson Feliz","date":"15 de octubre de 2024","format":false,"excerpt":"\u00b7-. En el taller sobre el Plan Estrat\u00e9gico Institucional participaron como expositores Luis Miguel de Camps y Lorenzo Guadamuz El director general del Instituto Nacional de Formaci\u00f3n T\u00e9cnico Profesional (INFOTEP), Rafael Santos Bad\u00eda, inform\u00f3 que se proyecta capacitar 70 mil t\u00e9cnicos medios (niveles III y IV); m\u00e1s de 1.4 millones\u2026","rel":"","context":"En \u00abNACIONALES\u00bb","block_context":{"text":"NACIONALES","link":"https:\/\/lasprimeras.com.do\/index.php\/category\/nacionales\/"},"img":{"alt_text":"","src":"https:\/\/i0.wp.com\/lasprimeras.com.do\/wp-content\/uploads\/2024\/10\/infotep-4.jpg?resize=350%2C200&ssl=1","width":350,"height":200,"srcset":"https:\/\/i0.wp.com\/lasprimeras.com.do\/wp-content\/uploads\/2024\/10\/infotep-4.jpg?resize=350%2C200&ssl=1 1x, https:\/\/i0.wp.com\/lasprimeras.com.do\/wp-content\/uploads\/2024\/10\/infotep-4.jpg?resize=525%2C300&ssl=1 1.5x"},"classes":[]},{"id":110902,"url":"https:\/\/lasprimeras.com.do\/index.php\/2025\/10\/02\/luis-abinader-infotep-como-motor-fundamental-en-la-transformacion-social-y-economica-del-pais\/","url_meta":{"origin":124125,"position":2},"title":"Luis Abinader: INFOTEP como motor fundamental en la transformaci\u00f3n social y econ\u00f3mica del pa\u00eds","author":"Nelson Feliz","date":"2 de octubre de 2025","format":false,"excerpt":"Pilar clave en la lucha contra el desempleo, la pobreza y la desigualdad en la Rep\u00fablica Dominicana En el marco de la 20\u00aa Reuni\u00f3n Regional de las Am\u00e9ricas de la Organizaci\u00f3n Internacional del Trabajo (OIT), el presidente Luis Abinader destac\u00f3 el papel estrat\u00e9gico del Instituto Nacional de Formaci\u00f3n T\u00e9cnico Profesional\u2026","rel":"","context":"En \u00abNACIONALES\u00bb","block_context":{"text":"NACIONALES","link":"https:\/\/lasprimeras.com.do\/index.php\/category\/nacionales\/"},"img":{"alt_text":"","src":"https:\/\/i0.wp.com\/lasprimeras.com.do\/wp-content\/uploads\/2025\/10\/Luis-Abinader.jpg?resize=350%2C200&ssl=1","width":350,"height":200,"srcset":"https:\/\/i0.wp.com\/lasprimeras.com.do\/wp-content\/uploads\/2025\/10\/Luis-Abinader.jpg?resize=350%2C200&ssl=1 1x, https:\/\/i0.wp.com\/lasprimeras.com.do\/wp-content\/uploads\/2025\/10\/Luis-Abinader.jpg?resize=525%2C300&ssl=1 1.5x, https:\/\/i0.wp.com\/lasprimeras.com.do\/wp-content\/uploads\/2025\/10\/Luis-Abinader.jpg?resize=700%2C400&ssl=1 2x"},"classes":[]},{"id":89975,"url":"https:\/\/lasprimeras.com.do\/index.php\/2024\/10\/10\/plan-estrategico-del-infotep-2025-2028-proyecta-capacitar-un-millon-744-mil-tecnicos\/","url_meta":{"origin":124125,"position":3},"title":"Plan estrat\u00e9gico del INFOTEP 2025-2028 proyecta capacitar un mill\u00f3n 744 mil t\u00e9cnicos","author":"Nelson Feliz","date":"10 de octubre de 2024","format":false,"excerpt":"\u00b7 En el taller sobre el Plan Estrat\u00e9gico Institucional participaron como expositores Luis Miguel de Camps y Lorenzo Guadamuz El director general del Instituto Nacional de Formaci\u00f3n T\u00e9cnico Profesional (INFOTEP), Rafael Santos Bad\u00eda, inform\u00f3 que se proyecta capacitar 70 mil t\u00e9cnicos medios (niveles III y IV); m\u00e1s de 1.4 millones\u2026","rel":"","context":"En \u00abNACIONALES\u00bb","block_context":{"text":"NACIONALES","link":"https:\/\/lasprimeras.com.do\/index.php\/category\/nacionales\/"},"img":{"alt_text":"","src":"https:\/\/i0.wp.com\/lasprimeras.com.do\/wp-content\/uploads\/2024\/10\/infotepp.jpg?resize=350%2C200&ssl=1","width":350,"height":200,"srcset":"https:\/\/i0.wp.com\/lasprimeras.com.do\/wp-content\/uploads\/2024\/10\/infotepp.jpg?resize=350%2C200&ssl=1 1x, https:\/\/i0.wp.com\/lasprimeras.com.do\/wp-content\/uploads\/2024\/10\/infotepp.jpg?resize=525%2C300&ssl=1 1.5x"},"classes":[]},{"id":115168,"url":"https:\/\/lasprimeras.com.do\/index.php\/2025\/11\/19\/prodominicana-presenta-6ta-edicion-del-estudio-mujeres-en-exportacion-2025-destacandose-un-26-de-crecimiento\/","url_meta":{"origin":124125,"position":4},"title":"ProDominicana presenta 6ta edici\u00f3n del estudio \u201cMujeres en Exportaci\u00f3n 2025\u201d destac\u00e1ndose un 26% de crecimiento","author":"Nelson Feliz","date":"19 de noviembre de 2025","format":false,"excerpt":"En el marco de la presentaci\u00f3n de los avances hist\u00f3ricos del liderazgo femenino se reconocieron empresas ejemplares lideradas por mujeres Con la presencia de la vicepresidenta de la Rep\u00fablica Dominicana, Raquel Pe\u00f1a; el ministro de Industria, Comercio y Mipymes, V\u00edctor Bison\u00f3; y la directora ejecutiva del Centro de Exportaci\u00f3n e\u2026","rel":"","context":"En \u00abECONOM\u00cdA\u00bb","block_context":{"text":"ECONOM\u00cdA","link":"https:\/\/lasprimeras.com.do\/index.php\/category\/economia\/"},"img":{"alt_text":"","src":"https:\/\/i0.wp.com\/lasprimeras.com.do\/wp-content\/uploads\/2025\/11\/prodominicana-1.jpg?resize=350%2C200&ssl=1","width":350,"height":200,"srcset":"https:\/\/i0.wp.com\/lasprimeras.com.do\/wp-content\/uploads\/2025\/11\/prodominicana-1.jpg?resize=350%2C200&ssl=1 1x, https:\/\/i0.wp.com\/lasprimeras.com.do\/wp-content\/uploads\/2025\/11\/prodominicana-1.jpg?resize=525%2C300&ssl=1 1.5x, https:\/\/i0.wp.com\/lasprimeras.com.do\/wp-content\/uploads\/2025\/11\/prodominicana-1.jpg?resize=700%2C400&ssl=1 2x"},"classes":[]},{"id":116132,"url":"https:\/\/lasprimeras.com.do\/index.php\/2025\/11\/27\/infotep-incorpora-2097-nuevos-tecnicos-al-mercado-laboral-impulsando-sectores-estrategicos-de-la-economia-dominicana\/","url_meta":{"origin":124125,"position":5},"title":"INFOTEP incorpora 2,097 nuevos t\u00e9cnicos al mercado laboral, impulsando sectores estrat\u00e9gicos de la econom\u00eda dominicana","author":"Nelson Feliz","date":"27 de noviembre de 2025","format":false,"excerpt":"El Instituto Nacional de Formaci\u00f3n T\u00e9cnico Profesional (INFOTEP) realiz\u00f3 la Graduaci\u00f3n Ordinaria del Gran Santo Domingo, entregando 2,097 nuevos t\u00e9cnicos formados en m\u00e1s de 60 \u00e1reas de alta demanda, un aporte que su director general, Rafael Santos Bad\u00eda, defini\u00f3 como \u201cuna inyecci\u00f3n directa de productividad, innovaci\u00f3n y dinamismo para la\u2026","rel":"","context":"En \u00abNACIONALES\u00bb","block_context":{"text":"NACIONALES","link":"https:\/\/lasprimeras.com.do\/index.php\/category\/nacionales\/"},"img":{"alt_text":"","src":"https:\/\/i0.wp.com\/lasprimeras.com.do\/wp-content\/uploads\/2025\/11\/INFOTEP.jpg?resize=350%2C200&ssl=1","width":350,"height":200,"srcset":"https:\/\/i0.wp.com\/lasprimeras.com.do\/wp-content\/uploads\/2025\/11\/INFOTEP.jpg?resize=350%2C200&ssl=1 1x, https:\/\/i0.wp.com\/lasprimeras.com.do\/wp-content\/uploads\/2025\/11\/INFOTEP.jpg?resize=525%2C300&ssl=1 1.5x, https:\/\/i0.wp.com\/lasprimeras.com.do\/wp-content\/uploads\/2025\/11\/INFOTEP.jpg?resize=700%2C400&ssl=1 2x"},"classes":[]}],"jetpack_sharing_enabled":true,"_links":{"self":[{"href":"https:\/\/lasprimeras.com.do\/index.php\/wp-json\/wp\/v2\/posts\/124125","targetHints":{"allow":["GET"]}}],"collection":[{"href":"https:\/\/lasprimeras.com.do\/index.php\/wp-json\/wp\/v2\/posts"}],"about":[{"href":"https:\/\/lasprimeras.com.do\/index.php\/wp-json\/wp\/v2\/types\/post"}],"author":[{"embeddable":true,"href":"https:\/\/lasprimeras.com.do\/index.php\/wp-json\/wp\/v2\/users\/10"}],"replies":[{"embeddable":true,"href":"https:\/\/lasprimeras.com.do\/index.php\/wp-json\/wp\/v2\/comments?post=124125"}],"version-history":[{"count":1,"href":"https:\/\/lasprimeras.com.do\/index.php\/wp-json\/wp\/v2\/posts\/124125\/revisions"}],"predecessor-version":[{"id":124127,"href":"https:\/\/lasprimeras.com.do\/index.php\/wp-json\/wp\/v2\/posts\/124125\/revisions\/124127"}],"wp:featuredmedia":[{"embeddable":true,"href":"https:\/\/lasprimeras.com.do\/index.php\/wp-json\/wp\/v2\/media\/124126"}],"wp:attachment":[{"href":"https:\/\/lasprimeras.com.do\/index.php\/wp-json\/wp\/v2\/media?parent=124125"}],"wp:term":[{"taxonomy":"category","embeddable":true,"href":"https:\/\/lasprimeras.com.do\/index.php\/wp-json\/wp\/v2\/categories?post=124125"},{"taxonomy":"post_tag","embeddable":true,"href":"https:\/\/lasprimeras.com.do\/index.php\/wp-json\/wp\/v2\/tags?post=124125"}],"curies":[{"name":"wp","href":"https:\/\/api.w.org\/{rel}","templated":true}]}}