{"id":124128,"date":"2026-03-08T19:52:29","date_gmt":"2026-03-08T23:52:29","guid":{"rendered":"https:\/\/lasprimeras.com.do\/?p=124128"},"modified":"2026-03-08T19:52:31","modified_gmt":"2026-03-08T23:52:31","slug":"8-de-marzo-la-lucha-historica-que-abrio-camino-a-las-mujeres","status":"publish","type":"post","link":"https:\/\/lasprimeras.com.do\/index.php\/2026\/03\/08\/8-de-marzo-la-lucha-historica-que-abrio-camino-a-las-mujeres\/","title":{"rendered":"8 de marzo: la lucha hist\u00f3rica que abri\u00f3 camino a las mujeres"},"content":{"rendered":"\n<p>Por Edwin DeLaCruz<\/p>\n\n\n\n<p>A principios del siglo XX, miles de mujeres trabajadoras comenzaron a alzar su voz en defensa de sus derechos, uno de los episodios m\u00e1s recordados ocurri\u00f3 en 1908, cuando alrededor de 15 mil mujeres marcharon por las calles de Nueva York, en Estados Unidos, reclamando mejores condiciones laborales, reducci\u00f3n de la jornada de trabajo, salarios justos y el derecho al voto.<\/p>\n\n\n\n<p>Aquella manifestaci\u00f3n, protagonizada en gran medida por trabajadoras del sector textil, marc\u00f3 un momento decisivo en la historia de las reivindicaciones de las mujeres.<\/p>\n\n\n\n<p>Ese esp\u00edritu de lucha no tard\u00f3 en trascender fronteras. Movimientos similares comenzaron a surgir en distintos pa\u00edses de Europa, donde mujeres trabajadoras y organizaciones sociales impulsaron iniciativas en favor de la igualdad de derechos.<\/p>\n\n\n\n<p>A partir de esas acciones, y de los debates internacionales que se desarrollaban en torno al papel de la mujer en la sociedad y en el mundo laboral, fue tomando forma lo que hoy conocemos como el D\u00eda Internacional de la Mujer.<\/p>\n\n\n\n<p>Con el paso del tiempo, esta fecha se convirti\u00f3 en un s\u00edmbolo global de la lucha por la dignidad, la igualdad y el reconocimiento del aporte de las mujeres en todos los \u00e1mbitos de la vida social, econ\u00f3mica y pol\u00edtica.<\/p>\n\n\n\n<p>Cada avance alcanzado ha sido resultado de la determinaci\u00f3n de generaciones de mujeres que se negaron a aceptar la exclusi\u00f3n como destino.<\/p>\n\n\n\n<p>La Rep\u00fablica Dominicana tambi\u00e9n tiene una historia profundamente marcada por el valor y la contribuci\u00f3n de sus mujeres.<\/p>\n\n\n\n<p>Desde momentos decisivos en la vida nacional hasta el esfuerzo cotidiano de miles de trabajadoras, profesionales, emprendedoras y l\u00edderes comunitarias, la presencia femenina ha sido esencial en la construcci\u00f3n del pa\u00eds que hoy conocemos.<\/p>\n\n\n\n<p>Las mujeres dominicanas participan activamente en la empresa, en la ciencia, en la comunicaci\u00f3n, en la pol\u00edtica, en la formaci\u00f3n t\u00e9cnico profesional y en m\u00faltiples espacios de liderazgo social.<\/p>\n\n\n\n<p>Su trabajo y su talento contin\u00faan transformando la sociedad y abriendo nuevas oportunidades para las generaciones que vienen.<\/p>\n\n\n\n<p>Sin embargo, la conmemoraci\u00f3n del 8 de marzo tambi\u00e9n invita a reflexionar sobre los desaf\u00edos que a\u00fan persisten.<\/p>\n\n\n\n<p>Las brechas de oportunidades, las desigualdades laborales y las distintas formas de violencia que todav\u00eda afectan a muchas mujeres nos recuerdan que la tarea de construir una sociedad m\u00e1s justa sigue siendo un compromiso permanente.<\/p>\n","protected":false},"excerpt":{"rendered":"<p>Por Edwin DeLaCruz A principios del siglo XX, miles de mujeres trabajadoras comenzaron a alzar su voz en defensa de sus derechos, uno de los episodios m\u00e1s recordados ocurri\u00f3 en&hellip;<\/p>\n","protected":false},"author":10,"featured_media":124129,"comment_status":"open","ping_status":"open","sticky":false,"template":"","format":"standard","meta":{"content-type":"","jetpack_post_was_ever_published":false,"_jetpack_newsletter_access":"","_jetpack_dont_email_post_to_subs":false,"_jetpack_newsletter_tier_id":0,"_jetpack_memberships_contains_paywalled_content":false,"_jetpack_memberships_contains_paid_content":false,"footnotes":""},"categories":[95],"tags":[31007],"class_list":["post-124128","post","type-post","status-publish","format-standard","has-post-thumbnail","hentry","category-opinion","tag-la-lucha-historica-que-abrio-camino-a-las-mujeres"],"jetpack_featured_media_url":"https:\/\/lasprimeras.com.do\/wp-content\/uploads\/2026\/03\/Edwin-DeLaCruz.jpg","jetpack-related-posts":[{"id":95001,"url":"https:\/\/lasprimeras.com.do\/index.php\/2025\/03\/07\/conmemora-el-dia-internacional-de-la-mujer-con-la-caminata-por-la-salud-de-la-mujer\/","url_meta":{"origin":124128,"position":0},"title":"Conmemora el D\u00eda Internacional de la Mujer con la caminata \u2018Por la Salud de la Mujer\u2019","author":"Nelson Feliz","date":"7 de marzo de 2025","format":false,"excerpt":"El C\u00edrculo Dominicano de M\u00e9dicas, en colaboraci\u00f3n con la Secretar\u00eda de Deportes y la Secretar\u00eda de la Mujer del Colegio M\u00e9dico Dominicano (CMD), conmemora el D\u00eda Internacional de la Mujer con la caminata titulada \u201cPor la Salud de la Mujer\u201d. Esta actividad busca generar conciencia sobre la importancia de empoderar\u2026","rel":"","context":"En \u00abNACIONALES\u00bb","block_context":{"text":"NACIONALES","link":"https:\/\/lasprimeras.com.do\/index.php\/category\/nacionales\/"},"img":{"alt_text":"","src":"https:\/\/i0.wp.com\/lasprimeras.com.do\/wp-content\/uploads\/2025\/03\/caminata.jpg?resize=350%2C200&ssl=1","width":350,"height":200,"srcset":"https:\/\/i0.wp.com\/lasprimeras.com.do\/wp-content\/uploads\/2025\/03\/caminata.jpg?resize=350%2C200&ssl=1 1x, https:\/\/i0.wp.com\/lasprimeras.com.do\/wp-content\/uploads\/2025\/03\/caminata.jpg?resize=525%2C300&ssl=1 1.5x"},"classes":[]},{"id":53158,"url":"https:\/\/lasprimeras.com.do\/index.php\/2023\/06\/23\/gobiernos-de-rd-y-espana-firman-acuerdo-de-lucha-por-los-derechos-de-la-mujer\/","url_meta":{"origin":124128,"position":1},"title":"Gobiernos de RD y Espa\u00f1a firman acuerdo de lucha por los derechos de la mujer","author":"Nelson Feliz","date":"23 de junio de 2023","format":false,"excerpt":"El Memorando de Entendimiento pone en el centro los cuidados y las sociedades de cuidados; la educaci\u00f3n y sensibilizaci\u00f3n en igualdad; la salud integral; las autonom\u00edas de las mujeres; y otras. La ministra de la Mujer en Rep\u00fablica Dominicana, Maira Jim\u00e9nez, y la ministra de la Igualdad en Espa\u00f1a, Irene\u2026","rel":"","context":"En \u00abNACIONALES\u00bb","block_context":{"text":"NACIONALES","link":"https:\/\/lasprimeras.com.do\/index.php\/category\/nacionales\/"},"img":{"alt_text":"","src":"https:\/\/i0.wp.com\/lasprimeras.com.do\/wp-content\/uploads\/2023\/06\/ministra.jpeg?resize=350%2C200&ssl=1","width":350,"height":200,"srcset":"https:\/\/i0.wp.com\/lasprimeras.com.do\/wp-content\/uploads\/2023\/06\/ministra.jpeg?resize=350%2C200&ssl=1 1x, https:\/\/i0.wp.com\/lasprimeras.com.do\/wp-content\/uploads\/2023\/06\/ministra.jpeg?resize=525%2C300&ssl=1 1.5x, https:\/\/i0.wp.com\/lasprimeras.com.do\/wp-content\/uploads\/2023\/06\/ministra.jpeg?resize=700%2C400&ssl=1 2x"},"classes":[]},{"id":50406,"url":"https:\/\/lasprimeras.com.do\/index.php\/2023\/05\/19\/jce-llama-a-no-retroceder-en-la-lucha-por-la-paridad\/","url_meta":{"origin":124128,"position":2},"title":"JCE llama a no retroceder en la lucha por la paridad","author":"prenxa100","date":"19 de mayo de 2023","format":false,"excerpt":"Concluye II Cumbre Nacional de Mujeres Pol\u00edticas 2023. JCE pone a disposici\u00f3n dos gu\u00edas: una de cobertura electoral inclusiva y con perspectiva de g\u00e9nero y otra para enfrentar la violencia pol\u00edtica contra las mujeres.\u00a0 Santo Domingo. \u2013 El Pleno de la Junta Central Electoral (JCE), a trav\u00e9s de la Comisi\u00f3n\u2026","rel":"","context":"En \u00abNACIONALES\u00bb","block_context":{"text":"NACIONALES","link":"https:\/\/lasprimeras.com.do\/index.php\/category\/nacionales\/"},"img":{"alt_text":"","src":"","width":0,"height":0},"classes":[]},{"id":86590,"url":"https:\/\/lasprimeras.com.do\/index.php\/2024\/07\/28\/psoe-constituye-ejecutiva-en-rd-y-reitera-apoyo-a-derechos-y-democracia\/","url_meta":{"origin":124128,"position":3},"title":"PSOE constituye Ejecutiva en RD y reitera apoyo a derechos y democracia","author":"Nelson Feliz","date":"28 de julio de 2024","format":false,"excerpt":"La nueva secretaria general es la joven pol\u00edtica Julia Mu\u00f1oz Alegre y hace historia en toda Am\u00e9rica con apenas 33 a\u00f1os. El anuncio lo hace Pilar Cancela, secretaria del PSOE Exterior. El Partido Socialista Obrero Espa\u00f1ol (PSOE) abre una nueva etapa constituyendo su nueva directiva en Rep\u00fablica Dominicana, encabezada por\u2026","rel":"","context":"En \u00abPORTADA\u00bb","block_context":{"text":"PORTADA","link":"https:\/\/lasprimeras.com.do\/index.php\/category\/portada\/"},"img":{"alt_text":"La Comisi\u00f3n Ejecutiva del PSOE en el pa\u00eds, Katy Guzm\u00e1n Iv\u00e1n Armengou, (Pilar Cancela, directiva nacional del PSOE), Julia Mu\u00f1oz Alegre, Rafael D\u00edaz Cabral de y \u00c1ngel Pina.","src":"https:\/\/i0.wp.com\/lasprimeras.com.do\/wp-content\/uploads\/2024\/07\/La-comision-ejecutiva-de-PSOE-en-Republica-Dominiana-y-Pilar-Cancela-tercera-desde-la-izquierda-copia.png?resize=350%2C200&ssl=1","width":350,"height":200,"srcset":"https:\/\/i0.wp.com\/lasprimeras.com.do\/wp-content\/uploads\/2024\/07\/La-comision-ejecutiva-de-PSOE-en-Republica-Dominiana-y-Pilar-Cancela-tercera-desde-la-izquierda-copia.png?resize=350%2C200&ssl=1 1x, https:\/\/i0.wp.com\/lasprimeras.com.do\/wp-content\/uploads\/2024\/07\/La-comision-ejecutiva-de-PSOE-en-Republica-Dominiana-y-Pilar-Cancela-tercera-desde-la-izquierda-copia.png?resize=525%2C300&ssl=1 1.5x"},"classes":[]},{"id":106339,"url":"https:\/\/lasprimeras.com.do\/index.php\/2025\/08\/13\/mujeres-activas-de-la-cnus-apoyan-lucha-reivindicativa-para-trabajadores-de-la-salud\/","url_meta":{"origin":124128,"position":4},"title":"Mujeres activas de la CNUS apoyan lucha reivindicativa para trabajadores de la salud","author":"Nelson Feliz","date":"13 de agosto de 2025","format":false,"excerpt":"La\u00a0 Unidad Sindical de Mujeres Activas de la Confederaci\u00f3n Nacional de Unidad Sindical (CNUS), anunci\u00f3 hoy su respalda a la lucha de las\/os trabajadores de la salud que se realiza a trav\u00e9s\u00a0 del Sindicato Nacional de Enfermer\u00eda (SINATRAE),\u00a0 y la coordinadora intersectorial, por m\u00e1s y mejores reivindicaciones para este sector,\u2026","rel":"","context":"En \u00abSALUD\u00bb","block_context":{"text":"SALUD","link":"https:\/\/lasprimeras.com.do\/index.php\/category\/salud\/"},"img":{"alt_text":"","src":"https:\/\/i0.wp.com\/lasprimeras.com.do\/wp-content\/uploads\/2025\/08\/cnus.jpg?resize=350%2C200&ssl=1","width":350,"height":200,"srcset":"https:\/\/i0.wp.com\/lasprimeras.com.do\/wp-content\/uploads\/2025\/08\/cnus.jpg?resize=350%2C200&ssl=1 1x, https:\/\/i0.wp.com\/lasprimeras.com.do\/wp-content\/uploads\/2025\/08\/cnus.jpg?resize=525%2C300&ssl=1 1.5x, https:\/\/i0.wp.com\/lasprimeras.com.do\/wp-content\/uploads\/2025\/08\/cnus.jpg?resize=700%2C400&ssl=1 2x"},"classes":[]},{"id":58013,"url":"https:\/\/lasprimeras.com.do\/index.php\/2023\/08\/18\/betania-figueroa-desafia-politica-tradicional-en-su-camino-a-la-diputacion\/","url_meta":{"origin":124128,"position":5},"title":"Betania Figueroa desaf\u00eda pol\u00edtica tradicional en su camino a la diputaci\u00f3n","author":"Nelson Feliz","date":"18 de agosto de 2023","format":false,"excerpt":"En una entrevista realizada en el programa \"Pa\u00eds 2024\", la candidata a diputada por Opci\u00f3n Democr\u00e1tica en la circunscripci\u00f3n 1 de Santo Domingo Este, Betania Figueroa, coment\u00f3 que busca desafiar la pol\u00edtica tradicional con una candidatura ciudadana que represente con honestidad y compromiso a la ciudadan\u00eda. Figueroa, conocida como pastora\u2026","rel":"","context":"En \u00abSin categor\u00eda\u00bb","block_context":{"text":"Sin categor\u00eda","link":"https:\/\/lasprimeras.com.do\/index.php\/category\/sin-categoria\/"},"img":{"alt_text":"Betania Figueroa","src":"https:\/\/i0.wp.com\/lasprimeras.com.do\/wp-content\/uploads\/2023\/08\/Betania-Figueroa.jpg?resize=350%2C200&ssl=1","width":350,"height":200,"srcset":"https:\/\/i0.wp.com\/lasprimeras.com.do\/wp-content\/uploads\/2023\/08\/Betania-Figueroa.jpg?resize=350%2C200&ssl=1 1x, https:\/\/i0.wp.com\/lasprimeras.com.do\/wp-content\/uploads\/2023\/08\/Betania-Figueroa.jpg?resize=525%2C300&ssl=1 1.5x, https:\/\/i0.wp.com\/lasprimeras.com.do\/wp-content\/uploads\/2023\/08\/Betania-Figueroa.jpg?resize=700%2C400&ssl=1 2x"},"classes":[]}],"jetpack_sharing_enabled":true,"_links":{"self":[{"href":"https:\/\/lasprimeras.com.do\/index.php\/wp-json\/wp\/v2\/posts\/124128","targetHints":{"allow":["GET"]}}],"collection":[{"href":"https:\/\/lasprimeras.com.do\/index.php\/wp-json\/wp\/v2\/posts"}],"about":[{"href":"https:\/\/lasprimeras.com.do\/index.php\/wp-json\/wp\/v2\/types\/post"}],"author":[{"embeddable":true,"href":"https:\/\/lasprimeras.com.do\/index.php\/wp-json\/wp\/v2\/users\/10"}],"replies":[{"embeddable":true,"href":"https:\/\/lasprimeras.com.do\/index.php\/wp-json\/wp\/v2\/comments?post=124128"}],"version-history":[{"count":1,"href":"https:\/\/lasprimeras.com.do\/index.php\/wp-json\/wp\/v2\/posts\/124128\/revisions"}],"predecessor-version":[{"id":124130,"href":"https:\/\/lasprimeras.com.do\/index.php\/wp-json\/wp\/v2\/posts\/124128\/revisions\/124130"}],"wp:featuredmedia":[{"embeddable":true,"href":"https:\/\/lasprimeras.com.do\/index.php\/wp-json\/wp\/v2\/media\/124129"}],"wp:attachment":[{"href":"https:\/\/lasprimeras.com.do\/index.php\/wp-json\/wp\/v2\/media?parent=124128"}],"wp:term":[{"taxonomy":"category","embeddable":true,"href":"https:\/\/lasprimeras.com.do\/index.php\/wp-json\/wp\/v2\/categories?post=124128"},{"taxonomy":"post_tag","embeddable":true,"href":"https:\/\/lasprimeras.com.do\/index.php\/wp-json\/wp\/v2\/tags?post=124128"}],"curies":[{"name":"wp","href":"https:\/\/api.w.org\/{rel}","templated":true}]}}