{"id":124134,"date":"2026-03-08T20:06:50","date_gmt":"2026-03-09T00:06:50","guid":{"rendered":"https:\/\/lasprimeras.com.do\/?p=124134"},"modified":"2026-03-08T20:06:51","modified_gmt":"2026-03-09T00:06:51","slug":"periodista-resalta-rol-femenino-en-la-familia","status":"publish","type":"post","link":"https:\/\/lasprimeras.com.do\/index.php\/2026\/03\/08\/periodista-resalta-rol-femenino-en-la-familia\/","title":{"rendered":"Periodista resalta rol femenino en la familia"},"content":{"rendered":"\n<p><strong>Jacqueline Morrobel dice que el D\u00eda Internacional de la Mujer debe conmemorarse cada ma\u00f1ana que Dios permite la vida\u201d<\/strong><\/p>\n\n\n\n<p>El D\u00eda Internacional de la Mujer es una fecha digna de conmemorar en estos momentos, donde \u00e9ste ser, se destaca en diferentes \u00e1reas del vivir, como son: salud, econom\u00eda, pol\u00edtica, deportes y justicia, entre otros espacios, pero su rol principal es la uni\u00f3n familiar y la responsabilidad que muestra al dirigir un hogar.<br>&nbsp;<br>As\u00ed lo expres\u00f3 la periodista Jacqueline Morrobel, qui\u00e9n dijo que ejemplos de mujeres valientes sobran, pero m\u00e1s que resaltar el trabajo que ejercer la mujer profesionalmente hablando, se debe destacar a la mujer en su rol sobresaliente al lado de un hombre, de un compa\u00f1ero de vida y el sost\u00e9n que brinda a su pareja emocionalmente, reforzando la seguridad de un hogar y de sus integrantes.<br>&nbsp;<br>Destac\u00f3 que, en un hogar conformado por un hombre y una mujer, \u00e9sta da estabilidad familiar, ya que juega su rol femenino en administraci\u00f3n, organizaci\u00f3n y responsabilidad, pero adem\u00e1s es la imagen de amor familiar, educaci\u00f3n, cari\u00f1o, uni\u00f3n y compromiso.<br>&nbsp;<br>\u201cEn un hogar, la figura femenina es primordial, y muchas veces su decisi\u00f3n es s\u00faper importante para emprender proyectos que beneficiar\u00e1n a los hijos, a su pareja y a otros familiares cercanos\u201d.<br>&nbsp;<br>Pero, adem\u00e1s, record\u00f3 que, la mujer es una gu\u00eda de crianza, de fe y sabidur\u00eda que se necesita para dirigir un hogar, y cuando ese ser est\u00e1 lleno de amor que aprendi\u00f3 de sus padres, ese aprendizaje se refleja en el hogar que conforma con su pareja.<br>&nbsp;<br>Morrobel, quien tambi\u00e9n es la directora ejecutiva de la plataforma digital ahoramismo . com.do, dijo que este D\u00eda Internacional de la Mujer es propicia la ocasi\u00f3n para reforzar el amor, la muestra de cari\u00f1o, el agradecimiento, la confianza, la inteligencia, valent\u00eda, el sosiego, la comprensi\u00f3n y la lealtad, de la mujer.<br>&nbsp;<br>Sostuvo que el D\u00eda Internacional de la Mujer debe ser \u201ctodos los d\u00edas, debe conmemorarse cada ma\u00f1ana que Dios permite tu vida, &nbsp;ya que la mujer es resiliencia, confianza y seguridad\u201d.<\/p>\n","protected":false},"excerpt":{"rendered":"<p>Jacqueline Morrobel dice que el D\u00eda Internacional de la Mujer debe conmemorarse cada ma\u00f1ana que Dios permite la vida\u201d El D\u00eda Internacional de la Mujer es una fecha digna de&hellip;<\/p>\n","protected":false},"author":10,"featured_media":124135,"comment_status":"open","ping_status":"open","sticky":false,"template":"","format":"standard","meta":{"content-type":"","jetpack_post_was_ever_published":false,"_jetpack_newsletter_access":"","_jetpack_dont_email_post_to_subs":false,"_jetpack_newsletter_tier_id":0,"_jetpack_memberships_contains_paywalled_content":false,"_jetpack_memberships_contains_paid_content":false,"footnotes":""},"categories":[35],"tags":[2649,1398,8759,604,31010],"class_list":["post-124134","post","type-post","status-publish","format-standard","has-post-thumbnail","hentry","category-nacionales","tag-familia","tag-hogar","tag-jacqueline-morrobel","tag-periodista","tag-rol-femenino"],"jetpack_featured_media_url":"https:\/\/lasprimeras.com.do\/wp-content\/uploads\/2026\/03\/jacq.jpg","jetpack-related-posts":[{"id":127026,"url":"https:\/\/lasprimeras.com.do\/index.php\/2026\/04\/07\/el-cdp-dn-reconoce-a-la-periodista-jacqueline-morrobel\/","url_meta":{"origin":124134,"position":0},"title":"El CDP-DN reconoce a la periodista Jacqueline Morrobel","author":"Nelson Feliz","date":"7 de abril de 2026","format":false,"excerpt":"El Colegio Dominicano de Periodistas y su seccional del Distrito Nacional (CDP-DN) reconoci\u00f3 este martes a la periodista Jacqueline Morrobel por su trayectoria de m\u00e1s de 31 a\u00f1os ejerciendo la profesi\u00f3n, en un acto realizado en la Sala A\u00edda Bonnelly del Teatro Nacional Eduardo Brito. Jacqueline Morrobel recibi\u00f3 con aplausos\u2026","rel":"","context":"En \u00abENTRETENIMIENTO\u00bb","block_context":{"text":"ENTRETENIMIENTO","link":"https:\/\/lasprimeras.com.do\/index.php\/category\/entretenimiento\/"},"img":{"alt_text":"Jacqueline Morrobel","src":"https:\/\/i0.wp.com\/lasprimeras.com.do\/wp-content\/uploads\/2026\/04\/Jacqueline-Morrobel.jpg?resize=350%2C200&ssl=1","width":350,"height":200,"srcset":"https:\/\/i0.wp.com\/lasprimeras.com.do\/wp-content\/uploads\/2026\/04\/Jacqueline-Morrobel.jpg?resize=350%2C200&ssl=1 1x, https:\/\/i0.wp.com\/lasprimeras.com.do\/wp-content\/uploads\/2026\/04\/Jacqueline-Morrobel.jpg?resize=525%2C300&ssl=1 1.5x, https:\/\/i0.wp.com\/lasprimeras.com.do\/wp-content\/uploads\/2026\/04\/Jacqueline-Morrobel.jpg?resize=700%2C400&ssl=1 2x"},"classes":[]},{"id":64648,"url":"https:\/\/lasprimeras.com.do\/index.php\/2023\/10\/22\/el-periodico-ahora-mismo-cumple-12-anos\/","url_meta":{"origin":124134,"position":1},"title":"El peri\u00f3dico ahora-mismo cumple 12 a\u00f1os","author":"Nelson Feliz","date":"22 de octubre de 2023","format":false,"excerpt":"Con una mirada visionaria del avance de los medios de comunicaci\u00f3n digital nace el peri\u00f3dico ahoramismo.com.do, en octubre del 2011, de las manos de la periodista Jacqueline Morrobel. \u201cEra una idea que ten\u00eda siempre en mi mente y gracias a colaboradores que me ayudaron a darle forma, me dise\u00f1aron este\u2026","rel":"","context":"En \u00abENTRETENIMIENTO\u00bb","block_context":{"text":"ENTRETENIMIENTO","link":"https:\/\/lasprimeras.com.do\/index.php\/category\/entretenimiento\/"},"img":{"alt_text":"Jacqueline Morrobel","src":"https:\/\/i0.wp.com\/lasprimeras.com.do\/wp-content\/uploads\/2023\/10\/Jacqueline-Morrobel-1.jpg?resize=350%2C200&ssl=1","width":350,"height":200,"srcset":"https:\/\/i0.wp.com\/lasprimeras.com.do\/wp-content\/uploads\/2023\/10\/Jacqueline-Morrobel-1.jpg?resize=350%2C200&ssl=1 1x, https:\/\/i0.wp.com\/lasprimeras.com.do\/wp-content\/uploads\/2023\/10\/Jacqueline-Morrobel-1.jpg?resize=525%2C300&ssl=1 1.5x"},"classes":[]},{"id":127257,"url":"https:\/\/lasprimeras.com.do\/index.php\/2026\/04\/09\/cdp-distingue-a-destacadas-integrantes-de-cipesa\/","url_meta":{"origin":124134,"position":2},"title":"CDP distingue a destacadas integrantes de CIPESA","author":"Nelson Feliz","date":"9 de abril de 2026","format":false,"excerpt":"CDP entrega reconocimiento a la prensa celebrada en el Teatro Nacional. El Colegio Dominicano de Periodistas, seccional Distrito Nacional (CDP-DN), reconoci\u00f3 a 40 periodistas durante la tercera Gala de Reconocimiento a la Prensa, celebrada en la Sala A\u00edda Bonnelly del Teatro Nacional Eduardo Brito, en el marco de las actividades\u2026","rel":"","context":"En \u00abENTRETENIMIENTO\u00bb","block_context":{"text":"ENTRETENIMIENTO","link":"https:\/\/lasprimeras.com.do\/index.php\/category\/entretenimiento\/"},"img":{"alt_text":"","src":"https:\/\/i0.wp.com\/lasprimeras.com.do\/wp-content\/uploads\/2026\/04\/cdp.jpg?resize=350%2C200&ssl=1","width":350,"height":200,"srcset":"https:\/\/i0.wp.com\/lasprimeras.com.do\/wp-content\/uploads\/2026\/04\/cdp.jpg?resize=350%2C200&ssl=1 1x, https:\/\/i0.wp.com\/lasprimeras.com.do\/wp-content\/uploads\/2026\/04\/cdp.jpg?resize=525%2C300&ssl=1 1.5x, https:\/\/i0.wp.com\/lasprimeras.com.do\/wp-content\/uploads\/2026\/04\/cdp.jpg?resize=700%2C400&ssl=1 2x"},"classes":[]},{"id":95004,"url":"https:\/\/lasprimeras.com.do\/index.php\/2025\/03\/07\/mescyt-resalta-aportes-al-conmemorarse-el-dia-internacional-de-la-mujer\/","url_meta":{"origin":124134,"position":3},"title":"MESCyT resalta aportes al conmemorarse el D\u00eda Internacional de la Mujer","author":"Nelson Feliz","date":"7 de marzo de 2025","format":false,"excerpt":"El Ministerio de Educaci\u00f3n Superior, Ciencia y Tecnolog\u00eda (MESCyT) conmemor\u00f3 este viernes el D\u00eda Internacional de la Mujer (8 de marzo), fecha que se celebra alrededor del mundo para hacer consciencia sobre la importancia de empoderar a las mujeres en los sectores productivos, con motivo de preservar sus derechos y\u2026","rel":"","context":"En \u00abNACIONALES\u00bb","block_context":{"text":"NACIONALES","link":"https:\/\/lasprimeras.com.do\/index.php\/category\/nacionales\/"},"img":{"alt_text":"","src":"https:\/\/i0.wp.com\/lasprimeras.com.do\/wp-content\/uploads\/2025\/03\/mescyt.jpg?resize=350%2C200&ssl=1","width":350,"height":200,"srcset":"https:\/\/i0.wp.com\/lasprimeras.com.do\/wp-content\/uploads\/2025\/03\/mescyt.jpg?resize=350%2C200&ssl=1 1x, https:\/\/i0.wp.com\/lasprimeras.com.do\/wp-content\/uploads\/2025\/03\/mescyt.jpg?resize=525%2C300&ssl=1 1.5x"},"classes":[]},{"id":124145,"url":"https:\/\/lasprimeras.com.do\/index.php\/2026\/03\/08\/fuerza-del-pueblo-impulsa-formacion-para-fortalecer-liderazgo-femenino\/","url_meta":{"origin":124134,"position":4},"title":"Fuerza del Pueblo impulsa formaci\u00f3n para fortalecer liderazgo femenino","author":"Nelson Feliz","date":"8 de marzo de 2026","format":false,"excerpt":"Secretar\u00eda de la Mujer inicia agenda nacional de conferencias. En el marco del D\u00eda Internacional de la Mujer, que se conmemora cada 8 de marzo, la Secretar\u00eda de la Mujer del partido Fuerza del Pueblo inici\u00f3 una agenda nacional de formaci\u00f3n orientada a fortalecer el liderazgo pol\u00edtico femenino con la\u2026","rel":"","context":"En \u00abPOLITICA\u00bb","block_context":{"text":"POLITICA","link":"https:\/\/lasprimeras.com.do\/index.php\/category\/politica\/"},"img":{"alt_text":"","src":"https:\/\/i0.wp.com\/lasprimeras.com.do\/wp-content\/uploads\/2026\/03\/Fuerza.jpg?resize=350%2C200&ssl=1","width":350,"height":200,"srcset":"https:\/\/i0.wp.com\/lasprimeras.com.do\/wp-content\/uploads\/2026\/03\/Fuerza.jpg?resize=350%2C200&ssl=1 1x, https:\/\/i0.wp.com\/lasprimeras.com.do\/wp-content\/uploads\/2026\/03\/Fuerza.jpg?resize=525%2C300&ssl=1 1.5x, https:\/\/i0.wp.com\/lasprimeras.com.do\/wp-content\/uploads\/2026\/03\/Fuerza.jpg?resize=700%2C400&ssl=1 2x"},"classes":[]},{"id":126751,"url":"https:\/\/lasprimeras.com.do\/index.php\/2026\/04\/05\/victor-manuel-terrero-felicita-a-los-periodistas-dominicanos-en-su-dia-destaca-su-rol-en-la-democracia\/","url_meta":{"origin":124134,"position":5},"title":"V\u00edctor Manuel Terrero felicita a los periodistas dominicanos en su d\u00eda; destaca su rol en la democracia","author":"Nelson Feliz","date":"5 de abril de 2026","format":false,"excerpt":"El miembro del Comit\u00e9 Central del Partido de la Liberaci\u00f3n Dominicana (PLD), doctor V\u00edctor Manuel Terrero, extendi\u00f3 hoy un caluroso mensaje de felicitaci\u00f3n a todos los periodistas dominicanos, al conmemorarse este domingo 5 de abril el\u00a0D\u00eda Nacional del Periodista. Terrero manifest\u00f3 su reconocimiento a los hombres y mujeres que ejercen\u2026","rel":"","context":"En \u00abPOLITICA\u00bb","block_context":{"text":"POLITICA","link":"https:\/\/lasprimeras.com.do\/index.php\/category\/politica\/"},"img":{"alt_text":"","src":"https:\/\/i0.wp.com\/lasprimeras.com.do\/wp-content\/uploads\/2026\/04\/Dia-del-periodista.jpg?resize=350%2C200&ssl=1","width":350,"height":200,"srcset":"https:\/\/i0.wp.com\/lasprimeras.com.do\/wp-content\/uploads\/2026\/04\/Dia-del-periodista.jpg?resize=350%2C200&ssl=1 1x, https:\/\/i0.wp.com\/lasprimeras.com.do\/wp-content\/uploads\/2026\/04\/Dia-del-periodista.jpg?resize=525%2C300&ssl=1 1.5x, https:\/\/i0.wp.com\/lasprimeras.com.do\/wp-content\/uploads\/2026\/04\/Dia-del-periodista.jpg?resize=700%2C400&ssl=1 2x"},"classes":[]}],"jetpack_sharing_enabled":true,"_links":{"self":[{"href":"https:\/\/lasprimeras.com.do\/index.php\/wp-json\/wp\/v2\/posts\/124134","targetHints":{"allow":["GET"]}}],"collection":[{"href":"https:\/\/lasprimeras.com.do\/index.php\/wp-json\/wp\/v2\/posts"}],"about":[{"href":"https:\/\/lasprimeras.com.do\/index.php\/wp-json\/wp\/v2\/types\/post"}],"author":[{"embeddable":true,"href":"https:\/\/lasprimeras.com.do\/index.php\/wp-json\/wp\/v2\/users\/10"}],"replies":[{"embeddable":true,"href":"https:\/\/lasprimeras.com.do\/index.php\/wp-json\/wp\/v2\/comments?post=124134"}],"version-history":[{"count":1,"href":"https:\/\/lasprimeras.com.do\/index.php\/wp-json\/wp\/v2\/posts\/124134\/revisions"}],"predecessor-version":[{"id":124136,"href":"https:\/\/lasprimeras.com.do\/index.php\/wp-json\/wp\/v2\/posts\/124134\/revisions\/124136"}],"wp:featuredmedia":[{"embeddable":true,"href":"https:\/\/lasprimeras.com.do\/index.php\/wp-json\/wp\/v2\/media\/124135"}],"wp:attachment":[{"href":"https:\/\/lasprimeras.com.do\/index.php\/wp-json\/wp\/v2\/media?parent=124134"}],"wp:term":[{"taxonomy":"category","embeddable":true,"href":"https:\/\/lasprimeras.com.do\/index.php\/wp-json\/wp\/v2\/categories?post=124134"},{"taxonomy":"post_tag","embeddable":true,"href":"https:\/\/lasprimeras.com.do\/index.php\/wp-json\/wp\/v2\/tags?post=124134"}],"curies":[{"name":"wp","href":"https:\/\/api.w.org\/{rel}","templated":true}]}}