{"id":124137,"date":"2026-03-08T20:24:49","date_gmt":"2026-03-09T00:24:49","guid":{"rendered":"https:\/\/lasprimeras.com.do\/?p=124137"},"modified":"2026-03-08T20:24:51","modified_gmt":"2026-03-09T00:24:51","slug":"victor-eddy-mateo-denuncia-auge-descontrolado-de-marcas-blancas-en-supermercados","status":"publish","type":"post","link":"https:\/\/lasprimeras.com.do\/index.php\/2026\/03\/08\/victor-eddy-mateo-denuncia-auge-descontrolado-de-marcas-blancas-en-supermercados\/","title":{"rendered":"V\u00edctor Eddy Mateo denuncia auge descontrolado de marcas blancas en supermercados"},"content":{"rendered":"\n<p>Por Jesus Feliz<\/p>\n\n\n\n<p>El abogado y dirigente pol\u00edtico V\u00edctor Eddy Mateo V\u00e1squez calific\u00f3 como una situaci\u00f3n de &#8220;descuido total&#8221; por parte de las autoridades la proliferaci\u00f3n de &#8220;marcas blancas&#8221; en los supermercados dominicanos que operan sin registros sanitarios definitivos, poniendo en riesgo la salud de la poblaci\u00f3n.<\/p>\n\n\n\n<p>Mateo V\u00e1squez, dijo que a nivel regional estos productos ocupan cerca del 5% del mercado, mientras que en la Rep\u00fablica Dominicana la cifra se ha disparado hasta alcanzar un 25% o 27%.<\/p>\n\n\n\n<p>El jurista advirti\u00f3 que este crecimiento no ha sido acompa\u00f1ado por una vigilancia adecuada de las entidades reguladoras.<\/p>\n\n\n\n<p>La denuncia principal se centra en la presencia de un sinn\u00famero de productos cuyo *registro sanitario figura como &#8220;en proceso&#8221;* en lugar de estar formalmente aprobado.<\/p>\n\n\n\n<p>Mateo V\u00e1squez enfatiz\u00f3 que un producto en esta condici\u00f3n no deber\u00eda estar disponible para el consumo humano, ya que no existe una garant\u00eda oficial de que cumpla con los est\u00e1ndares requeridos.<\/p>\n\n\n\n<p>&#8220;\u00bfC\u00f3mo sabemos si el producto cumple o no cumple si no tenemos todav\u00eda un registro oficial?&#8221;, cuestion\u00f3 el dirigente, se\u00f1alando que Pro-consumidor ha actuado de manera &#8220;muy ambigua&#8221; ante este fen\u00f3meno que lleva m\u00e1s de 15 a\u00f1os en el mercado local.<\/p>\n\n\n\n<p>Como soluci\u00f3n a esta problem\u00e1tica, Mateo V\u00e1squez reiter\u00f3 la urgencia de realizar una *revisi\u00f3n profunda a la Ley 358-05* (Ley General de Protecci\u00f3n de los Derechos del Consumidor o Usuario). El objetivo es clarificar la *potestad sancionadora de Proconsumidor*, la cual actualmente se encuentra en una situaci\u00f3n de incertidumbre jur\u00eddica sobre si requiere o no autorizaci\u00f3n judicial para actuar.<\/p>\n\n\n\n<p>El abogado inst\u00f3 al Gobierno a fortalecer a Proconsumidor en sus vertientes operativa, econ\u00f3mica y administrativa, dotando a la instituci\u00f3n de las *&#8221;garras&#8221; necesarias para perseguir estas malas pr\u00e1cticas* y asegurar que el Estado no siga &#8220;cediendo&#8221; ante los intereses particulares en detrimento de la salud ciudadana.<\/p>\n","protected":false},"excerpt":{"rendered":"<p>Por Jesus Feliz El abogado y dirigente pol\u00edtico V\u00edctor Eddy Mateo V\u00e1squez calific\u00f3 como una situaci\u00f3n de &#8220;descuido total&#8221; por parte de las autoridades la proliferaci\u00f3n de &#8220;marcas blancas&#8221; en&hellip;<\/p>\n","protected":false},"author":10,"featured_media":92424,"comment_status":"open","ping_status":"open","sticky":false,"template":"","format":"standard","meta":{"content-type":"","jetpack_post_was_ever_published":false,"_jetpack_newsletter_access":"","_jetpack_dont_email_post_to_subs":false,"_jetpack_newsletter_tier_id":0,"_jetpack_memberships_contains_paywalled_content":false,"_jetpack_memberships_contains_paid_content":false,"footnotes":""},"categories":[39,25],"tags":[],"class_list":["post-124137","post","type-post","status-publish","format-standard","has-post-thumbnail","hentry","category-economia","category-portada"],"jetpack_featured_media_url":"https:\/\/lasprimeras.com.do\/wp-content\/uploads\/2025\/01\/Victor-Eddy-Mateo-Vasquez.jpg","jetpack-related-posts":[{"id":124459,"url":"https:\/\/lasprimeras.com.do\/index.php\/2026\/03\/12\/denuncian-venta-masiva-de-productos-sin-registro-sanitario-en-supermercados\/","url_meta":{"origin":124137,"position":0},"title":"Denuncian venta masiva de productos sin registro sanitario en supermercados","author":"Nelson Feliz","date":"12 de marzo de 2026","format":false,"excerpt":"Dice Pro-Consumidor est\u00e1 trabajando de manera muy ambigua y negligente tras el auge de las marcas blancas. Por Alex Montero El Abogado e Investigador V\u00edctor Eddy Mateo V\u00e1squez, denuncio este mi\u00e9rcoles sobre el aumento de los productos importados o marcas blancas y que son colocadas en las g\u00f3ndolas de las\u2026","rel":"","context":"En \u00abECONOM\u00cdA\u00bb","block_context":{"text":"ECONOM\u00cdA","link":"https:\/\/lasprimeras.com.do\/index.php\/category\/economia\/"},"img":{"alt_text":"V\u00edctor Eddy Mateo V\u00e1squez","src":"https:\/\/i0.wp.com\/lasprimeras.com.do\/wp-content\/uploads\/2025\/01\/Victor-Eddy-Mateo-Vasquez.jpg?resize=350%2C200&ssl=1","width":350,"height":200,"srcset":"https:\/\/i0.wp.com\/lasprimeras.com.do\/wp-content\/uploads\/2025\/01\/Victor-Eddy-Mateo-Vasquez.jpg?resize=350%2C200&ssl=1 1x, https:\/\/i0.wp.com\/lasprimeras.com.do\/wp-content\/uploads\/2025\/01\/Victor-Eddy-Mateo-Vasquez.jpg?resize=525%2C300&ssl=1 1.5x, https:\/\/i0.wp.com\/lasprimeras.com.do\/wp-content\/uploads\/2025\/01\/Victor-Eddy-Mateo-Vasquez.jpg?resize=700%2C400&ssl=1 2x"},"classes":[]},{"id":124139,"url":"https:\/\/lasprimeras.com.do\/index.php\/2026\/03\/08\/abogado-denuncia-productos-de-marcas-blancas-se-venden-en-supermercados-de-forma-irregular\/","url_meta":{"origin":124137,"position":1},"title":"Abogado denuncia productos de &#8220;marcas blancas\u201d se venden en supermercados de forma irregular","author":"Nelson Feliz","date":"8 de marzo de 2026","format":false,"excerpt":"Abdias Estrella El abogado, pol\u00edtico dominicano miembros del Partido de la Liberaci\u00f3n Dominicano, V\u00edctor Eddy Mateo Vasquez, ha manifestado una situaci\u00f3n alarmante sobre las \" marcas blancas\u201d lo cual est\u00e1n siendo expendidas en los supermercados de forma irregular. Mateo Vasquez, manifest\u00f3 que estas marcas que no est\u00e1n siendo supervisadas por\u2026","rel":"","context":"En \u00abECONOM\u00cdA\u00bb","block_context":{"text":"ECONOM\u00cdA","link":"https:\/\/lasprimeras.com.do\/index.php\/category\/economia\/"},"img":{"alt_text":"","src":"https:\/\/i0.wp.com\/lasprimeras.com.do\/wp-content\/uploads\/2026\/03\/gondolas.jpg?resize=350%2C200&ssl=1","width":350,"height":200,"srcset":"https:\/\/i0.wp.com\/lasprimeras.com.do\/wp-content\/uploads\/2026\/03\/gondolas.jpg?resize=350%2C200&ssl=1 1x, https:\/\/i0.wp.com\/lasprimeras.com.do\/wp-content\/uploads\/2026\/03\/gondolas.jpg?resize=525%2C300&ssl=1 1.5x"},"classes":[]},{"id":125252,"url":"https:\/\/lasprimeras.com.do\/index.php\/2026\/03\/20\/victor-mateo-denuncia-gobierno-impone-reforma-fiscal-encubierta-via-combustibles\/","url_meta":{"origin":124137,"position":2},"title":"V\u00edctor Mateo denuncia Gobierno impone reforma fiscal encubierta v\u00eda combustibles","author":"Nelson Feliz","date":"20 de marzo de 2026","format":false,"excerpt":"El abogado V\u00edctor Mateo V\u00e1squez calific\u00f3 como una \"reforma fiscal por la izquierda\" la decisi\u00f3n del Gobierno dominicano de mantener los precios de los combustibles en niveles m\u00e1ximos, incluso cuando el precio del petr\u00f3leo a nivel internacional mostraba bajas significativas por debajo de los 85 d\u00f3lares. Mateo V\u00e1squez explic\u00f3 que,\u2026","rel":"","context":"En \u00abECONOM\u00cdA\u00bb","block_context":{"text":"ECONOM\u00cdA","link":"https:\/\/lasprimeras.com.do\/index.php\/category\/economia\/"},"img":{"alt_text":"V\u00edctor Eddy Mateo V\u00e1squez","src":"https:\/\/i0.wp.com\/lasprimeras.com.do\/wp-content\/uploads\/2025\/01\/Victor-Eddy-Mateo-Vasquez.jpg?resize=350%2C200&ssl=1","width":350,"height":200,"srcset":"https:\/\/i0.wp.com\/lasprimeras.com.do\/wp-content\/uploads\/2025\/01\/Victor-Eddy-Mateo-Vasquez.jpg?resize=350%2C200&ssl=1 1x, https:\/\/i0.wp.com\/lasprimeras.com.do\/wp-content\/uploads\/2025\/01\/Victor-Eddy-Mateo-Vasquez.jpg?resize=525%2C300&ssl=1 1.5x, https:\/\/i0.wp.com\/lasprimeras.com.do\/wp-content\/uploads\/2025\/01\/Victor-Eddy-Mateo-Vasquez.jpg?resize=700%2C400&ssl=1 2x"},"classes":[]},{"id":114976,"url":"https:\/\/lasprimeras.com.do\/index.php\/2025\/11\/18\/victor-eddy-mateo-el-coba-debe-ser-convertido-en-una-ley-organica-y-no-seguir-funcionando-como-un-decreto-inconstitucional\/","url_meta":{"origin":124137,"position":3},"title":"V\u00edctor Eddy Mateo: &#8220;El COBA debe ser convertido en una Ley Org\u00e1nica y no seguir funcionando como un Decreto Inconstitucional&#8221;","author":"Nelson Feliz","date":"18 de noviembre de 2025","format":false,"excerpt":"El reconocido abogado y doctor en Derecho, V\u00edctor Eddy Mateo V\u00e1squez, ha generado controversia al declarar que el Programa de Control de Bebidas Alcoh\u00f3licas (COBA), que opera bajo el Decreto 308-06, es inconstitucional y debe ser elevado a rango de Ley Org\u00e1nica. Las declaraciones fueron ofrecidas durante su participaci\u00f3n en\u2026","rel":"","context":"En \u00abNACIONALES\u00bb","block_context":{"text":"NACIONALES","link":"https:\/\/lasprimeras.com.do\/index.php\/category\/nacionales\/"},"img":{"alt_text":"","src":"","width":0,"height":0},"classes":[]},{"id":125339,"url":"https:\/\/lasprimeras.com.do\/index.php\/2026\/03\/22\/eddy-mateo-vasquez-dice-barahona-se-identifica-con-el-pld\/","url_meta":{"origin":124137,"position":4},"title":"Eddy Mateo V\u00e1squez dice Barahona se identifica con el PLD","author":"Nelson Feliz","date":"22 de marzo de 2026","format":false,"excerpt":"El ex Senador resalta la resiliencia del Partido de la Liberaci\u00f3n Dominicana como fuerza pol\u00edtica. El ex senador del Partido de la Liberaci\u00f3n Dominicana por Barahona, Eddy Mateo V\u00e1squez, dijo que ese partido recuper\u00f3 la plaza en esa provincia, al tiempo que valor\u00f3 el legado de obras ejecutadas durante los\u2026","rel":"","context":"En \u00abPOLITICA\u00bb","block_context":{"text":"POLITICA","link":"https:\/\/lasprimeras.com.do\/index.php\/category\/politica\/"},"img":{"alt_text":"","src":"https:\/\/i0.wp.com\/lasprimeras.com.do\/wp-content\/uploads\/2026\/03\/Eddy-Mateo-Vasquez.jpg?resize=350%2C200&ssl=1","width":350,"height":200,"srcset":"https:\/\/i0.wp.com\/lasprimeras.com.do\/wp-content\/uploads\/2026\/03\/Eddy-Mateo-Vasquez.jpg?resize=350%2C200&ssl=1 1x, https:\/\/i0.wp.com\/lasprimeras.com.do\/wp-content\/uploads\/2026\/03\/Eddy-Mateo-Vasquez.jpg?resize=525%2C300&ssl=1 1.5x, https:\/\/i0.wp.com\/lasprimeras.com.do\/wp-content\/uploads\/2026\/03\/Eddy-Mateo-Vasquez.jpg?resize=700%2C400&ssl=1 2x"},"classes":[]},{"id":92423,"url":"https:\/\/lasprimeras.com.do\/index.php\/2025\/01\/04\/reflexiones-en-cuanto-al-orden-hipocresia-o-realidad\/","url_meta":{"origin":124137,"position":5},"title":"Reflexiones en cuanto al orden: \u00bfhipocres\u00eda o realidad?","author":"Nelson Feliz","date":"4 de enero de 2025","format":false,"excerpt":"Por V\u00edctor Eddy Mateo V\u00e1squez Ahora le llaman \u201cformalista\u201d e \u201cidealista\u201d al que cree en el Estado de Derecho. Todo es bueno hasta que nos toca. Nadie est\u00e1 en contra de que se ponga \u201corden\u201d, pero ese \u201corden\u201d debe respetar la jerarqu\u00eda normativa. Se quejan de Trujillo, pero nadie m\u00e1s\u2026","rel":"","context":"En \u00abOPINI\u00d3N\u00bb","block_context":{"text":"OPINI\u00d3N","link":"https:\/\/lasprimeras.com.do\/index.php\/category\/opinion\/"},"img":{"alt_text":"V\u00edctor Eddy Mateo V\u00e1squez","src":"https:\/\/i0.wp.com\/lasprimeras.com.do\/wp-content\/uploads\/2025\/01\/Victor-Eddy-Mateo-Vasquez.jpg?resize=350%2C200&ssl=1","width":350,"height":200,"srcset":"https:\/\/i0.wp.com\/lasprimeras.com.do\/wp-content\/uploads\/2025\/01\/Victor-Eddy-Mateo-Vasquez.jpg?resize=350%2C200&ssl=1 1x, https:\/\/i0.wp.com\/lasprimeras.com.do\/wp-content\/uploads\/2025\/01\/Victor-Eddy-Mateo-Vasquez.jpg?resize=525%2C300&ssl=1 1.5x, https:\/\/i0.wp.com\/lasprimeras.com.do\/wp-content\/uploads\/2025\/01\/Victor-Eddy-Mateo-Vasquez.jpg?resize=700%2C400&ssl=1 2x"},"classes":[]}],"jetpack_sharing_enabled":true,"_links":{"self":[{"href":"https:\/\/lasprimeras.com.do\/index.php\/wp-json\/wp\/v2\/posts\/124137","targetHints":{"allow":["GET"]}}],"collection":[{"href":"https:\/\/lasprimeras.com.do\/index.php\/wp-json\/wp\/v2\/posts"}],"about":[{"href":"https:\/\/lasprimeras.com.do\/index.php\/wp-json\/wp\/v2\/types\/post"}],"author":[{"embeddable":true,"href":"https:\/\/lasprimeras.com.do\/index.php\/wp-json\/wp\/v2\/users\/10"}],"replies":[{"embeddable":true,"href":"https:\/\/lasprimeras.com.do\/index.php\/wp-json\/wp\/v2\/comments?post=124137"}],"version-history":[{"count":1,"href":"https:\/\/lasprimeras.com.do\/index.php\/wp-json\/wp\/v2\/posts\/124137\/revisions"}],"predecessor-version":[{"id":124138,"href":"https:\/\/lasprimeras.com.do\/index.php\/wp-json\/wp\/v2\/posts\/124137\/revisions\/124138"}],"wp:featuredmedia":[{"embeddable":true,"href":"https:\/\/lasprimeras.com.do\/index.php\/wp-json\/wp\/v2\/media\/92424"}],"wp:attachment":[{"href":"https:\/\/lasprimeras.com.do\/index.php\/wp-json\/wp\/v2\/media?parent=124137"}],"wp:term":[{"taxonomy":"category","embeddable":true,"href":"https:\/\/lasprimeras.com.do\/index.php\/wp-json\/wp\/v2\/categories?post=124137"},{"taxonomy":"post_tag","embeddable":true,"href":"https:\/\/lasprimeras.com.do\/index.php\/wp-json\/wp\/v2\/tags?post=124137"}],"curies":[{"name":"wp","href":"https:\/\/api.w.org\/{rel}","templated":true}]}}