{"id":124142,"date":"2026-03-08T20:50:39","date_gmt":"2026-03-09T00:50:39","guid":{"rendered":"https:\/\/lasprimeras.com.do\/?p=124142"},"modified":"2026-03-08T20:50:41","modified_gmt":"2026-03-09T00:50:41","slug":"banreservas-realizara-su-tercera-feria-inmobiliaria-en-estados-unidos","status":"publish","type":"post","link":"https:\/\/lasprimeras.com.do\/index.php\/2026\/03\/08\/banreservas-realizara-su-tercera-feria-inmobiliaria-en-estados-unidos\/","title":{"rendered":"Banreservas realizar\u00e1 su tercera feria inmobiliaria en Estados Unidos"},"content":{"rendered":"\n<p><strong>La instituci\u00f3n bancaria ofrecer\u00e1 atractivas tasas con financiamiento de hasta el 90 % del valor del inmueble y plazos de hasta 20 a\u00f1os<\/strong><\/p>\n\n\n\n<p>El Banco de Reservas realizar\u00e1 su tercera feria inmobiliaria del 18 al 20 de marzo en Nueva York, y del 21 al 22 en Lawrence, Massachusetts, dirigida a la di\u00e1spora dominicana y a inversionistas de otras nacionalidades interesados en adquirir una vivienda en la Rep\u00fablica Dominicana.<\/p>\n\n\n\n<p>La entidad financiera inform\u00f3 que dispondr\u00e1 de atractivas tasas de inter\u00e9s, con financiamiento de hasta el 90 % del valor del inmueble y plazos de hasta 20 a\u00f1os, condiciones dise\u00f1adas para facilitar el acceso a soluciones habitacionales en el pa\u00eds.<\/p>\n\n\n\n<p>El presidente ejecutivo de Banreservas, doctor Leonardo Aguilera, destac\u00f3 que esta iniciativa forma parte del compromiso de la instituci\u00f3n con los dominicanos residentes en el exterior y con el fortalecimiento de los v\u00ednculos econ\u00f3micos entre la di\u00e1spora y la Rep\u00fablica Dominicana.<\/p>\n\n\n\n<p>\u201cPara Banreservas, la di\u00e1spora dominicana representa un pilar fundamental de nuestra econom\u00eda y de nuestra identidad como naci\u00f3n. Con esta tercera feria inmobiliaria en Estados Unidos reafirmamos nuestro compromiso de acercar oportunidades de inversi\u00f3n y financiamiento a nuestros compatriotas que desean adquirir una vivienda en su tierra\u201d, expres\u00f3 Aguilera.<\/p>\n\n\n\n<p>El ejecutivo explic\u00f3 que en esta edici\u00f3n se ofertar\u00e1n m\u00e1s de 6,000 unidades habitacionales, entre apartamentos, casas y villas, adem\u00e1s de solares, con la participaci\u00f3n de m\u00e1s de 30 desarrolladores, constructores e inmobiliarias, quienes brindar\u00e1n asesor\u00eda especializada a los interesados.<\/p>\n\n\n\n<p>\u201cEn esta feria pondremos a disposici\u00f3n proyectos inmobiliarios en distintas regiones del pa\u00eds, junto a desarrolladores de gran prestigio en el sector de la construcci\u00f3n, ofreciendo condiciones financieras atractivas que permitir\u00e1n a muchos dominicanos hacer realidad el sue\u00f1o de tener su casa en la Rep\u00fablica Dominicana\u201d, indic\u00f3.<\/p>\n\n\n\n<p>La feria se desarrollar\u00e1 de 10:00 de la ma\u00f1ana a 7:00 de la noche, en el Radio Hotel, piso 12, 500 West 181st Street, New York, NY 10033, y en el Parthum School Complex, 255 E. Haverhill St., Lawrence.<\/p>\n\n\n\n<p>Los interesados pueden agendar su cita y precalificarse llamando al tel\u00e9fono 1-332-456-2922 o visitando el sitio web: https:\/\/banreservas.com\/feriainmobiliarianewyork<\/p>\n\n\n\n<p>Aguilera se\u00f1al\u00f3 que estas iniciativas forman parte de la estrategia de internacionalizaci\u00f3n de la instituci\u00f3n, apoyada en las oficinas de representaci\u00f3n de Banreservas en Madrid, Nueva York y Miami, las cuales facilitan el acceso de los dominicanos en el exterior a servicios bancarios, financiamientos y asesor\u00eda especializada.<\/p>\n\n\n\n<p>\u201cQueremos que cada dominicano que vive fuera tenga la oportunidad de invertir con seguridad en su pa\u00eds y mantener vivo el v\u00ednculo con su tierra. Nuestro objetivo es seguir siendo el banco que acompa\u00f1a a los dominicanos, dondequiera que se encuentren\u201d, afirm\u00f3.<\/p>\n\n\n\n<p>Con esta feria, Banreservas reafirma su liderazgo en el financiamiento del sector inmobiliario y su compromiso con la comunidad dominicana residente en el exterior, promoviendo oportunidades de inversi\u00f3n que contribuyen al desarrollo econ\u00f3mico del pa\u00eds.<\/p>\n","protected":false},"excerpt":{"rendered":"<p>La instituci\u00f3n bancaria ofrecer\u00e1 atractivas tasas con financiamiento de hasta el 90 % del valor del inmueble y plazos de hasta 20 a\u00f1os El Banco de Reservas realizar\u00e1 su tercera&hellip;<\/p>\n","protected":false},"author":10,"featured_media":124143,"comment_status":"open","ping_status":"open","sticky":false,"template":"","format":"standard","meta":{"content-type":"","jetpack_post_was_ever_published":false,"_jetpack_newsletter_access":"","_jetpack_dont_email_post_to_subs":false,"_jetpack_newsletter_tier_id":0,"_jetpack_memberships_contains_paywalled_content":false,"_jetpack_memberships_contains_paid_content":false,"footnotes":""},"categories":[39,25],"tags":[726,98,19265],"class_list":["post-124142","post","type-post","status-publish","format-standard","has-post-thumbnail","hentry","category-economia","category-portada","tag-banreservas","tag-estados-unidos","tag-feria-inmobiliaria"],"jetpack_featured_media_url":"https:\/\/lasprimeras.com.do\/wp-content\/uploads\/2026\/03\/Leonardo-Aguilera.jpg","jetpack-related-posts":[{"id":124808,"url":"https:\/\/lasprimeras.com.do\/index.php\/2026\/03\/17\/todo-listo-para-la-tercera-feria-inmobiliaria-banreservas-en-estados-unidos\/","url_meta":{"origin":124142,"position":0},"title":"Todo listo para la Tercera Feria Inmobiliaria Banreservas en Estados Unidos","author":"Nelson Feliz","date":"17 de marzo de 2026","format":false,"excerpt":"Por Ram\u00f3n Mercedes NUEVA YORK.- Todo est\u00e1 listo para el inicio de la Tercera Feria Inmobiliaria Banreservas en esta ciudad, as\u00ed como en Lawrence, Massachusetts. Se trata de un evento dirigido a la di\u00e1spora dominicana interesada en adquirir y financiar su propio hogar en la Rep\u00fablica Dominicana. Dominicanos residentes en\u2026","rel":"","context":"En \u00abECONOM\u00cdA\u00bb","block_context":{"text":"ECONOM\u00cdA","link":"https:\/\/lasprimeras.com.do\/index.php\/category\/economia\/"},"img":{"alt_text":"Banreservas","src":"https:\/\/i0.wp.com\/lasprimeras.com.do\/wp-content\/uploads\/2025\/12\/Banreservas-1-2.jpg?resize=350%2C200&ssl=1","width":350,"height":200,"srcset":"https:\/\/i0.wp.com\/lasprimeras.com.do\/wp-content\/uploads\/2025\/12\/Banreservas-1-2.jpg?resize=350%2C200&ssl=1 1x, https:\/\/i0.wp.com\/lasprimeras.com.do\/wp-content\/uploads\/2025\/12\/Banreservas-1-2.jpg?resize=525%2C300&ssl=1 1.5x, https:\/\/i0.wp.com\/lasprimeras.com.do\/wp-content\/uploads\/2025\/12\/Banreservas-1-2.jpg?resize=700%2C400&ssl=1 2x"},"classes":[]},{"id":124972,"url":"https:\/\/lasprimeras.com.do\/index.php\/2026\/03\/18\/banreservas-inaugura-tercera-feria-inmobiliaria-en-nueva-york-y-lawrence-con-tasas-desde-9-50\/","url_meta":{"origin":124142,"position":1},"title":"Banreservas inaugura tercera Feria Inmobiliaria en Nueva York y Lawrence con tasas desde 9.50%","author":"Nelson Feliz","date":"18 de marzo de 2026","format":false,"excerpt":"Leonardo Aguilera entrega las primeras llaves a clientes durante el evento, que se extender\u00e1 hasta el 22 de marzo Nueva York.\u2013 El Banco de Reservas de la Rep\u00fablica Dominicana inaugur\u00f3 este mi\u00e9rcoles su tercera Feria Inmobiliaria en Nueva York y Lawrence, con tasas desde 9.50%, con el objetivo de facilitar\u2026","rel":"","context":"En \u00abECONOM\u00cdA\u00bb","block_context":{"text":"ECONOM\u00cdA","link":"https:\/\/lasprimeras.com.do\/index.php\/category\/economia\/"},"img":{"alt_text":"","src":"https:\/\/i0.wp.com\/lasprimeras.com.do\/wp-content\/uploads\/2026\/03\/IMG-20260318-WA0557.jpg?resize=350%2C200&ssl=1","width":350,"height":200,"srcset":"https:\/\/i0.wp.com\/lasprimeras.com.do\/wp-content\/uploads\/2026\/03\/IMG-20260318-WA0557.jpg?resize=350%2C200&ssl=1 1x, https:\/\/i0.wp.com\/lasprimeras.com.do\/wp-content\/uploads\/2026\/03\/IMG-20260318-WA0557.jpg?resize=525%2C300&ssl=1 1.5x, https:\/\/i0.wp.com\/lasprimeras.com.do\/wp-content\/uploads\/2026\/03\/IMG-20260318-WA0557.jpg?resize=700%2C400&ssl=1 2x, https:\/\/i0.wp.com\/lasprimeras.com.do\/wp-content\/uploads\/2026\/03\/IMG-20260318-WA0557.jpg?resize=1050%2C600&ssl=1 3x"},"classes":[]},{"id":125077,"url":"https:\/\/lasprimeras.com.do\/index.php\/2026\/03\/19\/alta-asistencia-de-dominicanos-a-feria-inmobiliaria-banreservas-en-el-alto-manhattan\/","url_meta":{"origin":124142,"position":2},"title":"Alta asistencia de dominicanos a Feria Inmobiliaria Banreservas en Manhattan","author":"Nelson Feliz","date":"19 de marzo de 2026","format":false,"excerpt":"https:\/\/www.youtube.com\/watch?v=sH7fTxeOAIU Por Ram\u00f3n Mercedes NUEVA YORK.- Cerca de dos mil dominicanos residentes en esta ciudad, as\u00ed como en Nueva Jersey, Connecticut y Pensilvania, asistieron este mi\u00e9rcoles a la inauguraci\u00f3n de la Tercera Feria Inmobiliaria Banreservas, celebrada Radio Hotel, en el Alto Manhattan. Los asistentes manifestaron que acudieron motivados por las\u2026","rel":"","context":"En \u00abECONOM\u00cdA\u00bb","block_context":{"text":"ECONOM\u00cdA","link":"https:\/\/lasprimeras.com.do\/index.php\/category\/economia\/"},"img":{"alt_text":"","src":"https:\/\/i0.wp.com\/lasprimeras.com.do\/wp-content\/uploads\/2026\/03\/IMG-20260319-WA0050.jpg?resize=350%2C200&ssl=1","width":350,"height":200},"classes":[]},{"id":124927,"url":"https:\/\/lasprimeras.com.do\/index.php\/2026\/03\/18\/leonardo-aguilera-resalta-compromiso-de-banreservas-con-la-vivienda-de-la-diaspora-previo-a-feria-en-nueva-york\/","url_meta":{"origin":124142,"position":3},"title":"Leonardo Aguilera resalta compromiso de Banreservas con la vivienda de la di\u00e1spora previo a feria en Nueva York","author":"Nelson Feliz","date":"18 de marzo de 2026","format":false,"excerpt":"Leonardo Aguilera","rel":"","context":"En \u00abECONOM\u00cdA\u00bb","block_context":{"text":"ECONOM\u00cdA","link":"https:\/\/lasprimeras.com.do\/index.php\/category\/economia\/"},"img":{"alt_text":"","src":"https:\/\/i0.wp.com\/lasprimeras.com.do\/wp-content\/uploads\/2026\/03\/IMG-20260317-WA1255.jpg?resize=350%2C200&ssl=1","width":350,"height":200,"srcset":"https:\/\/i0.wp.com\/lasprimeras.com.do\/wp-content\/uploads\/2026\/03\/IMG-20260317-WA1255.jpg?resize=350%2C200&ssl=1 1x, https:\/\/i0.wp.com\/lasprimeras.com.do\/wp-content\/uploads\/2026\/03\/IMG-20260317-WA1255.jpg?resize=525%2C300&ssl=1 1.5x, https:\/\/i0.wp.com\/lasprimeras.com.do\/wp-content\/uploads\/2026\/03\/IMG-20260317-WA1255.jpg?resize=700%2C400&ssl=1 2x"},"classes":[]},{"id":125274,"url":"https:\/\/lasprimeras.com.do\/index.php\/2026\/03\/21\/banreservas-inicia-segunda-etapa-de-su-feria-inmobiliaria-en-lawrence\/","url_meta":{"origin":124142,"position":4},"title":"Banreservas inicia segunda etapa de su Feria Inmobiliaria en Lawrence","author":"Nelson Feliz","date":"21 de marzo de 2026","format":false,"excerpt":"Henry Ogando, Pablo de la Rosa, Pavel Payano , Brian de Pe\u00f1a, Alieska D\u00edaz, Ysidro Garc\u00eda, Antonio Almonte, Celin\u00e9s Toribio, Rafael Madera y Miguel Ramos","rel":"","context":"En \u00abECONOM\u00cdA\u00bb","block_context":{"text":"ECONOM\u00cdA","link":"https:\/\/lasprimeras.com.do\/index.php\/category\/economia\/"},"img":{"alt_text":"Henry Ogando, Pablo de la Rosa, Pavel Payano , Brian de Pe\u00f1a, Alieska D\u00edaz, Ysidro Garc\u00eda, Antonio Almonte, Celin\u00e9s Toribio, Rafael Madera y Miguel Ramos","src":"https:\/\/i0.wp.com\/lasprimeras.com.do\/wp-content\/uploads\/2026\/03\/feria-bareservas-eeuu.jpg?resize=350%2C200&ssl=1","width":350,"height":200,"srcset":"https:\/\/i0.wp.com\/lasprimeras.com.do\/wp-content\/uploads\/2026\/03\/feria-bareservas-eeuu.jpg?resize=350%2C200&ssl=1 1x, https:\/\/i0.wp.com\/lasprimeras.com.do\/wp-content\/uploads\/2026\/03\/feria-bareservas-eeuu.jpg?resize=525%2C300&ssl=1 1.5x, https:\/\/i0.wp.com\/lasprimeras.com.do\/wp-content\/uploads\/2026\/03\/feria-bareservas-eeuu.jpg?resize=700%2C400&ssl=1 2x"},"classes":[]},{"id":125548,"url":"https:\/\/lasprimeras.com.do\/index.php\/2026\/03\/24\/valora-inversion-de-dominicanos-en-el-exterior-durante-3ra-feria-inmobiliaria-banreservas-en-ee-uu\/","url_meta":{"origin":124142,"position":5},"title":"Valora inversi\u00f3n de dominicanos en el exterior durante 3ra Feria Inmobiliaria Banreservas en EE. UU.","author":"Nelson Feliz","date":"24 de marzo de 2026","format":false,"excerpt":"Por Ram\u00f3n Mercedes NUEVA YORK.- El gerente general de la prestigiosa \u201cInmobiliaria KW Dominicana\u201d, subsidiaria de \u201cKW Inmobiliaria de los Estados Unidos\u201d, con oficinas en m\u00faltiples estados del territorio estadounidense y en 56 pa\u00edses, valora la inversi\u00f3n que hicieron cientos de dominicanos para adquirir propiedades durante la 3ra Feria Inmobiliaria\u2026","rel":"","context":"En \u00abECONOM\u00cdA\u00bb","block_context":{"text":"ECONOM\u00cdA","link":"https:\/\/lasprimeras.com.do\/index.php\/category\/economia\/"},"img":{"alt_text":"","src":"https:\/\/i0.wp.com\/lasprimeras.com.do\/wp-content\/uploads\/2026\/03\/IMG-20260324-WA0061.jpg?resize=350%2C200&ssl=1","width":350,"height":200,"srcset":"https:\/\/i0.wp.com\/lasprimeras.com.do\/wp-content\/uploads\/2026\/03\/IMG-20260324-WA0061.jpg?resize=350%2C200&ssl=1 1x, https:\/\/i0.wp.com\/lasprimeras.com.do\/wp-content\/uploads\/2026\/03\/IMG-20260324-WA0061.jpg?resize=525%2C300&ssl=1 1.5x"},"classes":[]}],"jetpack_sharing_enabled":true,"_links":{"self":[{"href":"https:\/\/lasprimeras.com.do\/index.php\/wp-json\/wp\/v2\/posts\/124142","targetHints":{"allow":["GET"]}}],"collection":[{"href":"https:\/\/lasprimeras.com.do\/index.php\/wp-json\/wp\/v2\/posts"}],"about":[{"href":"https:\/\/lasprimeras.com.do\/index.php\/wp-json\/wp\/v2\/types\/post"}],"author":[{"embeddable":true,"href":"https:\/\/lasprimeras.com.do\/index.php\/wp-json\/wp\/v2\/users\/10"}],"replies":[{"embeddable":true,"href":"https:\/\/lasprimeras.com.do\/index.php\/wp-json\/wp\/v2\/comments?post=124142"}],"version-history":[{"count":1,"href":"https:\/\/lasprimeras.com.do\/index.php\/wp-json\/wp\/v2\/posts\/124142\/revisions"}],"predecessor-version":[{"id":124144,"href":"https:\/\/lasprimeras.com.do\/index.php\/wp-json\/wp\/v2\/posts\/124142\/revisions\/124144"}],"wp:featuredmedia":[{"embeddable":true,"href":"https:\/\/lasprimeras.com.do\/index.php\/wp-json\/wp\/v2\/media\/124143"}],"wp:attachment":[{"href":"https:\/\/lasprimeras.com.do\/index.php\/wp-json\/wp\/v2\/media?parent=124142"}],"wp:term":[{"taxonomy":"category","embeddable":true,"href":"https:\/\/lasprimeras.com.do\/index.php\/wp-json\/wp\/v2\/categories?post=124142"},{"taxonomy":"post_tag","embeddable":true,"href":"https:\/\/lasprimeras.com.do\/index.php\/wp-json\/wp\/v2\/tags?post=124142"}],"curies":[{"name":"wp","href":"https:\/\/api.w.org\/{rel}","templated":true}]}}