{"id":124151,"date":"2026-03-09T07:26:16","date_gmt":"2026-03-09T11:26:16","guid":{"rendered":"https:\/\/lasprimeras.com.do\/?p=124151"},"modified":"2026-03-09T07:26:18","modified_gmt":"2026-03-09T11:26:18","slug":"vaguada-continuara-incidiendo-sobre-diferentes-regiones-del-pais","status":"publish","type":"post","link":"https:\/\/lasprimeras.com.do\/index.php\/2026\/03\/09\/vaguada-continuara-incidiendo-sobre-diferentes-regiones-del-pais\/","title":{"rendered":"Vaguada continuar\u00e1 incidiendo sobre diferentes regiones del pa\u00eds"},"content":{"rendered":"\n<p>9 provincias en alerta meteorol\u00f3gica y una en aviso, oleaje y viento peligro el algunos sectores de las costas dominicana.<\/p>\n\n\n\n<p>El centro de pron\u00f3stico del Instituto Dominicano de Meteorogia inform\u00f3 hoy lunes, que las condiciones meteorologicas permanecer\u00e1n influenciadas por la vaguada, el viento moderado del este y los efectos locales, propios del territorio dominicano.<\/p>\n\n\n\n<p>En consecuencia, desde tempranas horas del d\u00eda, se producir\u00e1n precipitaciones d\u00e9biles a moderadas en ocasiones con tronadas aisladas y r\u00e1fagas de viento sobre distintos poblados de las regiones noreste, sureste, Cordillera Central y el norte.<\/p>\n\n\n\n<p>Sin embargo, en la tarde los an\u00e1lisis meteorol\u00f3gicos y los modelos de lluvias indican, una mayor concentraci\u00f3n de las mismas, siendo moderadas a fuertes con tormentas el\u00e9ctricas, posibles granizadas aisladas y r\u00e1fagas de viento en diferentes comunidades y municipios del Santo Domingo, Mar\u00eda Trinidad S\u00e1nchez, San Crist\u00f3bal, San Jos\u00e9 de Ocoa, Duarte, Monse\u00f1or Nouel, La Vega, Saman\u00e1, Monte Plata, S\u00e1nchez Ram\u00edrez, La Altagracia, Santiago, San Juan y El\u00edas Pi\u00f1a,entre otras.<\/p>\n\n\n\n<p>Ma\u00f1ana martes,desde tempranas horas, se pronostican chubascos dispersos hacia distintas localidades de la costa atl\u00e1ntica, provocados por el viento moderado del este.<\/p>\n\n\n\n<p>En la tarde, la presencia de la vaguada en varios niveles de la troposfera permitir\u00e1 el desarrollo de nubes significativas generadoras de aguaceros moderados a fuertes en ocasiones, tormentas el\u00e9ctricas, posibles granizadas aisladas) y r\u00e1fagas de viento hasta las primeras horas de la noche en diferentes municipios y comunidades de las provincias; el Gran Santo Domingo, Monte Plata, Monse\u00f1or Nouel, S\u00e1nchez Ram\u00edrez, San Crist\u00f3bal, La Vega, Santiago, Azua, San Juan y El\u00edas Pi\u00f1a, dichas precipitaciones podr\u00edan extenderse paulatinamente hacia otras localidades del noreste, suroeste y la Cordillera Central.<\/p>\n\n\n\n<p>Mantenemos vigentes los niveles deALERTA y AVISOmeteorol\u00f3gico, ante el riesgo de inundaciones urbanas para las siguientes provincias:<\/p>\n\n\n\n<p>A<\/p>\n\n\n\n<p>B<\/p>\n\n\n\n<p>C<\/p>\n\n\n\n<p>D<\/p>\n\n\n\n<figure class=\"wp-block-table\"><table class=\"has-fixed-layout\"><tbody><tr><td colspan=\"4\">NIVELES DE AVISOS Y ALERTAS METEOROL\u00d3GICAS<\/td><\/tr><tr><td colspan=\"2\">ALERTAS<\/td><td>AVISOS<\/td><td>DESCONTINUADAS<\/td><\/tr><tr><td>Santo Domingo<\/td><td>Mar\u00eda Trinidad S\u00e1nchez<\/td><td>San Crist\u00f3bal<\/td><td><\/td><\/tr><tr><td>San Jos\u00e9 de Ocoa<\/td><td>Duarte<\/td><td><\/td><td><\/td><\/tr><tr><td>Monse\u00f1or Nouel<\/td><td>La Vega<\/td><td><\/td><td><\/td><\/tr><tr><td>Saman\u00e1<\/td><td>Monte Plata<\/td><td><\/td><td><\/td><\/tr><tr><td>S\u00e1nchez Ram\u00edrez<\/td><td><\/td><td><\/td><td><\/td><\/tr><tr><td colspan=\"2\">TOTAL: 9<\/td><td>TOTAL: 1<\/td><td>TOTAL: 0<\/td><\/tr><\/tbody><\/table><\/figure>\n\n\n\n<p>1<\/p>\n\n\n\n<p>2<\/p>\n\n\n\n<p>3<\/p>\n\n\n\n<p>4<\/p>\n\n\n\n<p>5<\/p>\n\n\n\n<p>6<\/p>\n\n\n\n<p>7<\/p>\n\n\n\n<p>8<\/p>\n\n\n\n<p>En algunos sectores de las costas atl\u00e1ntica y caribe\u00f1a, recomendamos a los operadores de las fr\u00e1giles, peque\u00f1as y medianas embarcaciones permanecer en puerto, debido a vientos fuertes y olas anormales.<\/p>\n\n\n\n<p>Distrito Nacional:tarde y noche cielo medio nublado a nublado con aguaceros moderados a fuertes, tronadas y r\u00e1fagas de viento.<\/p>\n\n\n\n<p>Santo Domingo Norte:nublado con aguaceros moderados a fuertes, tronadas y r\u00e1fagas de viento hasta las primeras horas de la noche.<\/p>\n\n\n\n<p>Santo Domingo Este:medio nublado a nublado en ocasiones. Aguaceros moderados a fuertes por momentos, tronadas y r\u00e1fagas de viento hasta las primeras horas de la noche.<\/p>\n\n\n\n<p>Santo Domingo Oeste:nublado con aguaceros moderados a fuertes, tronadas y r\u00e1fagas de viento hasta las primeras horas de la noche.<\/p>\n\n\n\n<p>Temperaturas:m\u00ednimas entre 20 \u00b0C y 22 \u00b0C, y m\u00e1ximas entre 29 \u00b0C y 31 \u00b0C.<\/p>\n","protected":false},"excerpt":{"rendered":"<p>9 provincias en alerta meteorol\u00f3gica y una en aviso, oleaje y viento peligro el algunos sectores de las costas dominicana. El centro de pron\u00f3stico del Instituto Dominicano de Meteorogia inform\u00f3&hellip;<\/p>\n","protected":false},"author":10,"featured_media":62436,"comment_status":"open","ping_status":"open","sticky":false,"template":"","format":"standard","meta":{"content-type":"","jetpack_post_was_ever_published":false,"_jetpack_newsletter_access":"","_jetpack_dont_email_post_to_subs":false,"_jetpack_newsletter_tier_id":0,"_jetpack_memberships_contains_paywalled_content":false,"_jetpack_memberships_contains_paid_content":false,"footnotes":""},"categories":[23530,25],"tags":[13553,2401,1518],"class_list":["post-124151","post","type-post","status-publish","format-standard","has-post-thumbnail","hentry","category-clima","category-portada","tag-indomet","tag-lluvia","tag-vaguada"],"jetpack_featured_media_url":"https:\/\/lasprimeras.com.do\/wp-content\/uploads\/2023\/10\/WhatsApp-Image-2023-10-04-at-5.20.12-PM-2.webp","jetpack-related-posts":[{"id":84259,"url":"https:\/\/lasprimeras.com.do\/index.php\/2024\/06\/04\/vaguada-y-onda-tropical-seguiran-provocando-lluvias-y-fuertes-vientos-hoy\/","url_meta":{"origin":124151,"position":0},"title":"Vaguada y onda tropical seguir\u00e1n provocando lluvias y fuertes vientos hoy","author":"Nelson Feliz","date":"4 de junio de 2024","format":false,"excerpt":"En su \u00faltimo bolet\u00edn, el Centro de Operaciones de Emergencias (COE) inform\u00f3 que hay 13 provincias bajo alerta amarilla, mientras el resto del pa\u00eds se mantiene en alerta verde. La Oficina Nacional de Meteorolog\u00eda (ONAMET) inform\u00f3 que para este martes se mantendr\u00e1n las lluvias acompa\u00f1adas de r\u00e1fagas de viento debido\u2026","rel":"","context":"En \u00abNACIONALES\u00bb","block_context":{"text":"NACIONALES","link":"https:\/\/lasprimeras.com.do\/index.php\/category\/nacionales\/"},"img":{"alt_text":"","src":"https:\/\/i0.wp.com\/lasprimeras.com.do\/wp-content\/uploads\/2023\/07\/lluvias-1.jpg?resize=350%2C200&ssl=1","width":350,"height":200,"srcset":"https:\/\/i0.wp.com\/lasprimeras.com.do\/wp-content\/uploads\/2023\/07\/lluvias-1.jpg?resize=350%2C200&ssl=1 1x, https:\/\/i0.wp.com\/lasprimeras.com.do\/wp-content\/uploads\/2023\/07\/lluvias-1.jpg?resize=525%2C300&ssl=1 1.5x"},"classes":[]},{"id":91124,"url":"https:\/\/lasprimeras.com.do\/index.php\/2024\/11\/10\/onda-tropical-y-vaguada-produciran-aguaceros-tormentas-electricas-en-las-proximas-24-a-48-horas\/","url_meta":{"origin":124151,"position":1},"title":"Onda Tropical y Vaguada producir\u00e1n aguaceros, tormentas el\u00e9ctricas en las pr\u00f3ximas 24 a 48 horas","author":"Nelson Feliz","date":"10 de noviembre de 2024","format":false,"excerpt":"Varias provincias en alertas y avisos meteorol\u00f3gicos. El Instituto Dominicano de Meteorolog\u00eda (INDOMET) informo hoy producto de la inestabilidad de la vaguada y la humedad de la onda tropical, desde la madrugada ocurren nublados con lluvias, tronadas y aisladas r\u00e1fagas de viento, en puntos del sureste caribe\u00f1o y nordeste Atl\u00e1ntico;\u2026","rel":"","context":"En \u00abNACIONALES\u00bb","block_context":{"text":"NACIONALES","link":"https:\/\/lasprimeras.com.do\/index.php\/category\/nacionales\/"},"img":{"alt_text":"","src":"https:\/\/i0.wp.com\/lasprimeras.com.do\/wp-content\/uploads\/2023\/07\/lluvias-1.jpg?resize=350%2C200&ssl=1","width":350,"height":200,"srcset":"https:\/\/i0.wp.com\/lasprimeras.com.do\/wp-content\/uploads\/2023\/07\/lluvias-1.jpg?resize=350%2C200&ssl=1 1x, https:\/\/i0.wp.com\/lasprimeras.com.do\/wp-content\/uploads\/2023\/07\/lluvias-1.jpg?resize=525%2C300&ssl=1 1.5x"},"classes":[]},{"id":84374,"url":"https:\/\/lasprimeras.com.do\/index.php\/2024\/06\/07\/onamet-mantiene-provincias-en-niveles-de-alerta-meteorologicas\/","url_meta":{"origin":124151,"position":2},"title":"ONAMET mantiene provincias en niveles de alerta meteorol\u00f3gicas","author":"Nelson Feliz","date":"7 de junio de 2024","format":false,"excerpt":"Aguaceros moderados con tormentas el\u00e9ctricas y r\u00e1fagas de viento. La Oficina Nacional de Meteorolog\u00eda\u00a0inform\u00f3 que los aguaceros moderados con tormentas el\u00e9ctricas y r\u00e1fagas de viento mantienen provincias en niveles de alerta meteorol\u00f3gicas. Por la humedad reinante y los efectos de la inestabilidad de la vaguada, se presentan nublados con aguaceros\u2026","rel":"","context":"En \u00abNACIONALES\u00bb","block_context":{"text":"NACIONALES","link":"https:\/\/lasprimeras.com.do\/index.php\/category\/nacionales\/"},"img":{"alt_text":"ONAMET","src":"https:\/\/i0.wp.com\/lasprimeras.com.do\/wp-content\/uploads\/2024\/05\/ONAMET.jpeg?resize=350%2C200&ssl=1","width":350,"height":200},"classes":[]},{"id":58622,"url":"https:\/\/lasprimeras.com.do\/index.php\/2023\/08\/26\/onamet-vaguada-genera-aguaceros-tormentas-electricas-y-rafagas-de-viento\/","url_meta":{"origin":124151,"position":3},"title":"ONAMET: Vaguada genera aguaceros, tormentas el\u00e9ctricas y r\u00e1fagas de viento","author":"Nelson Feliz","date":"26 de agosto de 2023","format":false,"excerpt":"Avisos y alertas meteorol\u00f3gicas vigentes en la costa atl\u00e1ntica precauci\u00f3n. La Oficina Nacional de Meteorolog\u00eda (ONAMET) mantiene vigente los niveles de avisos y alertas meteorol\u00f3gicos, debidos a las lluvias ocurridas y las que se esperan, ante posibles crecidas repentinas de r\u00edos, arroyos y ca\u00f1adas, generadores de inundaciones urbanas y\/o rurales,\u2026","rel":"","context":"En \u00abNACIONALES\u00bb","block_context":{"text":"NACIONALES","link":"https:\/\/lasprimeras.com.do\/index.php\/category\/nacionales\/"},"img":{"alt_text":"onamet","src":"https:\/\/i0.wp.com\/lasprimeras.com.do\/wp-content\/uploads\/2023\/08\/onamet-1.jpg?resize=350%2C200&ssl=1","width":350,"height":200,"srcset":"https:\/\/i0.wp.com\/lasprimeras.com.do\/wp-content\/uploads\/2023\/08\/onamet-1.jpg?resize=350%2C200&ssl=1 1x, https:\/\/i0.wp.com\/lasprimeras.com.do\/wp-content\/uploads\/2023\/08\/onamet-1.jpg?resize=525%2C300&ssl=1 1.5x"},"classes":[]},{"id":126519,"url":"https:\/\/lasprimeras.com.do\/index.php\/2026\/04\/02\/indomet-emite-alerta-meteorologica-por-la-incidencia-de-una-vaguada\/","url_meta":{"origin":124151,"position":4},"title":"INDOMET emite alerta meteorol\u00f3gica por la incidencia de una vaguada","author":"Nelson Feliz","date":"2 de abril de 2026","format":false,"excerpt":"El Centro Nacional de Pron\u00f3sticos del INDOMET emite el nivel de ALERTA meteorol\u00f3gica, ante el riesgo de inundaciones urbanas este\/noreste y la incidencia de una vaguada. El INDOMET observa nubosidad generadora de aguaceros moderados a fuertes localmente, con tronadas aisladas y r\u00e1fagas de viento en provincias como el Gran Santo\u2026","rel":"","context":"En \u00abCLIMA\u00bb","block_context":{"text":"CLIMA","link":"https:\/\/lasprimeras.com.do\/index.php\/category\/clima\/"},"img":{"alt_text":"","src":"","width":0,"height":0},"classes":[]},{"id":86796,"url":"https:\/\/lasprimeras.com.do\/index.php\/2024\/08\/01\/activa-onda-tropical-y-vaguada-provocaran-aguaceros-y-tormentas-electricas-en-varias-provincias\/","url_meta":{"origin":124151,"position":5},"title":"Activa onda tropical y vaguada provocaran aguaceros y tormentas el\u00e9ctricas en varias provincias","author":"Nelson Feliz","date":"1 de agosto de 2024","format":false,"excerpt":"El Instituto Dominicano de Meteorolog\u00eda -INDOMET-, inform\u00f3 este jueves sobre los incrementos significativos de la nubosidad sobre diferentes regiones del territorio nacional, producto de la incidencia de una activa onda tropical en la porci\u00f3n oriental del pa\u00eds y una vaguada en altura. En consecuencia, ambos sistemas meteorol\u00f3gicos se mantendr\u00e1n originando\u2026","rel":"","context":"En \u00abNACIONALES\u00bb","block_context":{"text":"NACIONALES","link":"https:\/\/lasprimeras.com.do\/index.php\/category\/nacionales\/"},"img":{"alt_text":"","src":"https:\/\/i0.wp.com\/lasprimeras.com.do\/wp-content\/uploads\/2023\/10\/WhatsApp-Image-2023-10-04-at-5.20.12-PM-2.webp?resize=350%2C200&ssl=1","width":350,"height":200,"srcset":"https:\/\/i0.wp.com\/lasprimeras.com.do\/wp-content\/uploads\/2023\/10\/WhatsApp-Image-2023-10-04-at-5.20.12-PM-2.webp?resize=350%2C200&ssl=1 1x, https:\/\/i0.wp.com\/lasprimeras.com.do\/wp-content\/uploads\/2023\/10\/WhatsApp-Image-2023-10-04-at-5.20.12-PM-2.webp?resize=525%2C300&ssl=1 1.5x, https:\/\/i0.wp.com\/lasprimeras.com.do\/wp-content\/uploads\/2023\/10\/WhatsApp-Image-2023-10-04-at-5.20.12-PM-2.webp?resize=700%2C400&ssl=1 2x, https:\/\/i0.wp.com\/lasprimeras.com.do\/wp-content\/uploads\/2023\/10\/WhatsApp-Image-2023-10-04-at-5.20.12-PM-2.webp?resize=1050%2C600&ssl=1 3x"},"classes":[]}],"jetpack_sharing_enabled":true,"_links":{"self":[{"href":"https:\/\/lasprimeras.com.do\/index.php\/wp-json\/wp\/v2\/posts\/124151","targetHints":{"allow":["GET"]}}],"collection":[{"href":"https:\/\/lasprimeras.com.do\/index.php\/wp-json\/wp\/v2\/posts"}],"about":[{"href":"https:\/\/lasprimeras.com.do\/index.php\/wp-json\/wp\/v2\/types\/post"}],"author":[{"embeddable":true,"href":"https:\/\/lasprimeras.com.do\/index.php\/wp-json\/wp\/v2\/users\/10"}],"replies":[{"embeddable":true,"href":"https:\/\/lasprimeras.com.do\/index.php\/wp-json\/wp\/v2\/comments?post=124151"}],"version-history":[{"count":1,"href":"https:\/\/lasprimeras.com.do\/index.php\/wp-json\/wp\/v2\/posts\/124151\/revisions"}],"predecessor-version":[{"id":124152,"href":"https:\/\/lasprimeras.com.do\/index.php\/wp-json\/wp\/v2\/posts\/124151\/revisions\/124152"}],"wp:featuredmedia":[{"embeddable":true,"href":"https:\/\/lasprimeras.com.do\/index.php\/wp-json\/wp\/v2\/media\/62436"}],"wp:attachment":[{"href":"https:\/\/lasprimeras.com.do\/index.php\/wp-json\/wp\/v2\/media?parent=124151"}],"wp:term":[{"taxonomy":"category","embeddable":true,"href":"https:\/\/lasprimeras.com.do\/index.php\/wp-json\/wp\/v2\/categories?post=124151"},{"taxonomy":"post_tag","embeddable":true,"href":"https:\/\/lasprimeras.com.do\/index.php\/wp-json\/wp\/v2\/tags?post=124151"}],"curies":[{"name":"wp","href":"https:\/\/api.w.org\/{rel}","templated":true}]}}