{"id":124153,"date":"2026-03-09T07:36:25","date_gmt":"2026-03-09T11:36:25","guid":{"rendered":"https:\/\/lasprimeras.com.do\/?p=124153"},"modified":"2026-03-09T07:36:28","modified_gmt":"2026-03-09T11:36:28","slug":"mescyt-llama-a-los-623-nuevos-profesionales-que-se-invistieron-en-uteco-a-seguir-preparandose-para-la-cuarta-revolucion-industrial","status":"publish","type":"post","link":"https:\/\/lasprimeras.com.do\/index.php\/2026\/03\/09\/mescyt-llama-a-los-623-nuevos-profesionales-que-se-invistieron-en-uteco-a-seguir-preparandose-para-la-cuarta-revolucion-industrial\/","title":{"rendered":"MESCyT llama a los 623 nuevos profesionales que se invistieron en UTECO a seguir prepar\u00e1ndose para la Cuarta Revoluci\u00f3n Industrial"},"content":{"rendered":"\n<p>El ministro de Educaci\u00f3n Superior, Ciencia y Tecnolog\u00eda (MESCYT), Rafael Evaristo Santos Bad\u00eda, al encabezar la Cuadrag\u00e9sima Sexta Graduaci\u00f3n XLVI de la Universidad Tecnol\u00f3gica del Cibao Oriental (UTECO), llam\u00f3 a los 623 nuevos profesionales a prepararse para la llegada de la Cuarta Revoluci\u00f3n Industrial, porque seg\u00fan estudios, por el avance de la tecnolog\u00eda, cerca de 90 millones de actividades laborales dejar\u00e1n de ser realizadas por mano de obra humana.<\/p>\n\n\n\n<p>El funcionario alert\u00f3 que, dentro de 5 a 10 a\u00f1os, actividades como la extracci\u00f3n de recursos mineros no ser\u00e1n llevadas a cabo por humanos, sino que se har\u00e1n con el uso de la rob\u00f3tica.<\/p>\n\n\n\n<p>Por lo que se deben sentar las bases para que los dominicanos est\u00e9n a la vanguardia de estos cambios, como parte de las transformaciones de la educaci\u00f3n que impulsa el Gobierno del presidente Luis Abinader.<\/p>\n\n\n\n<p>&#8220;Dijo el presidente: no solo con leyes se desarrolla un pa\u00eds; vamos a impulsar una transformaci\u00f3n de la escuela dominicana para preparar el capital humano que permita duplicar el tama\u00f1o de la econom\u00eda al a\u00f1o 2036&#8221;, expres\u00f3 el ministro en alusi\u00f3n a la rendici\u00f3n de cuentas el pasado 27 de febrero.<\/p>\n\n\n\n<p>Resalt\u00f3 la necesidad imperante de fomentar un redise\u00f1o de la ruta de la educaci\u00f3n, de forma tal que la tecnolog\u00eda sea una aliada en el proceso de desarrollo de la econom\u00eda nacional.<\/p>\n\n\n\n<p>Para tales fines, es necesaria una reforma de las leyes de Educaci\u00f3n Superior (139-01) y la de Educaci\u00f3n (66-97), as\u00ed como del curr\u00edculo docente.<\/p>\n\n\n\n<p>Al tiempo de resaltar que, tal y como dijo el gobernante, tiene que ser un proceso fruto del consenso y la concertaci\u00f3n.<\/p>\n\n\n\n<p>El ministro record\u00f3 la gran importancia hist\u00f3rica de la provincia S\u00e1nchez Ram\u00edrez y la gran capacidad que representa para el desarrollo nacional, no solo por la ubicaci\u00f3n geogr\u00e1fica y estrat\u00e9gica, sino tambi\u00e9n por los recursos naturales que posee.<\/p>\n\n\n\n<p>Ofreci\u00f3 el apoyo del MESCYT con la inclusi\u00f3n del doctorado en educaci\u00f3n para ser impartido en UTECO, &#8220;pero adem\u00e1s me comprometo, a trav\u00e9s de esta universidad y de otras que est\u00e9n en la capacidad de aplicarlo, a unas 5 mil becas de lenguas extranjeras&#8221;, manifest\u00f3.<\/p>\n\n\n\n<p>Motiv\u00f3 a los nuevos profesionales a aprender un nuevo idioma, especialmente ingl\u00e9s, por la importancia que reviste en un mundo cada vez m\u00e1s competitivo.<\/p>\n\n\n\n<p>&#8220;En los Call Center de zonas francas, tenemos cerca de 16 mil empleos donde las personas se ganan m\u00ednimo 2 mil d\u00f3lares mensuales&#8221;, refiri\u00f3.<\/p>\n\n\n\n<p>Afirm\u00f3 que la universidad UTECO naci\u00f3 para desarrollar el Cibao Central, ya que est\u00e1 enclavada en el centro de la isla y en una zona rica en minerales.<\/p>\n\n\n\n<p>Sobre la graduaci\u00f3n<\/p>\n\n\n\n<p>La rectora de UTECO, Marilyn D\u00edaz, destac\u00f3 las acciones de la universidad para aumentar la oferta curricular y resalt\u00f3 la importancia de las alianzas estrat\u00e9gicas entre universidades, sector productivo y gobierno para el desarrollo.<\/p>\n\n\n\n<p>En ese tenor, refiri\u00f3 el firme compromiso de la alta casa de estudios con la excelencia acad\u00e9mica, la innovaci\u00f3n pedag\u00f3gica y el desarrollo sostenible de la Rep\u00fablica Dominicana.<\/p>\n\n\n\n<p>Indic\u00f3 que UTECO da pasos orientados al desarrollo de la producci\u00f3n nacional impulsando carreras como la Ingenier\u00eda en Geolog\u00eda, maestr\u00eda en Prevenci\u00f3n de Riesgos Laborales, Educaci\u00f3n Especial, Educaci\u00f3n Ambiental, licenciatura en Lenguas Extranjeras menci\u00f3n ingl\u00e9s, entre otras.<\/p>\n\n\n\n<p>&#8220;En ese contexto prefiero destacar el reciente acuerdo firmado entre UTECO y Barrick Pueblo Viejo para impulsar los programas de formaci\u00f3n t\u00e9cnica&#8221;, dijo la rectora.<\/p>\n\n\n\n<p>Entre los presentes en el evento se encontraban el viceministro de Ciencia y Tecnolog\u00eda, Genaro Rodr\u00edguez; el viceministro de Evaluaci\u00f3n y Acreditaci\u00f3n, Juan Francisco Viloria Santos; el presidente del Senado, Ricardo de los Santos; la presidenta de Barrick Pueblo Viejo, Juana Barcel\u00f3 (o Gissel Valera, seg\u00fan el texto); y el diputado Jos\u00e9 Alberto Jim\u00e9nez.<\/p>\n","protected":false},"excerpt":{"rendered":"<p>El ministro de Educaci\u00f3n Superior, Ciencia y Tecnolog\u00eda (MESCYT), Rafael Evaristo Santos Bad\u00eda, al encabezar la Cuadrag\u00e9sima Sexta Graduaci\u00f3n XLVI de la Universidad Tecnol\u00f3gica del Cibao Oriental (UTECO), llam\u00f3 a&hellip;<\/p>\n","protected":false},"author":10,"featured_media":124154,"comment_status":"open","ping_status":"open","sticky":false,"template":"","format":"standard","meta":{"content-type":"","jetpack_post_was_ever_published":false,"_jetpack_newsletter_access":"","_jetpack_dont_email_post_to_subs":false,"_jetpack_newsletter_tier_id":0,"_jetpack_memberships_contains_paywalled_content":false,"_jetpack_memberships_contains_paid_content":false,"footnotes":""},"categories":[35],"tags":[13274,1641,1736,8751],"class_list":["post-124153","post","type-post","status-publish","format-standard","has-post-thumbnail","hentry","category-nacionales","tag-cuarta-revolucion-industrial","tag-graduacion","tag-mescyt","tag-uteco"],"jetpack_featured_media_url":"https:\/\/lasprimeras.com.do\/wp-content\/uploads\/2026\/03\/IMG-20260309-WA0066.jpg","jetpack-related-posts":[{"id":90340,"url":"https:\/\/lasprimeras.com.do\/index.php\/2024\/10\/19\/senador-ricardo-de-los-santos-felicita-graduandos-universidad-uteco\/","url_meta":{"origin":124153,"position":0},"title":"Senador Ricardo De Los Santos felicita graduandos Universidad UTECO","author":"Nelson Feliz","date":"19 de octubre de 2024","format":false,"excerpt":"Destaca que m\u00e1s del 30% de estos pertenecen al Programa de Becas Mescyt - Oficina Senatorial S\u00e1nchez Ram\u00edrez. El senador de la provincia S\u00e1nchez Ram\u00edrez, Ricardo de Los Santos, felicit\u00f3 a los estudiantes que hoy forman parte de la XLIII graduaci\u00f3n ordinaria de la Universidad Tecnol\u00f3gica del Cibao Oriental (UTECO).\u2026","rel":"","context":"En \u00abNACIONALES\u00bb","block_context":{"text":"NACIONALES","link":"https:\/\/lasprimeras.com.do\/index.php\/category\/nacionales\/"},"img":{"alt_text":"","src":"","width":0,"height":0},"classes":[]},{"id":122702,"url":"https:\/\/lasprimeras.com.do\/index.php\/2026\/02\/20\/ministro-del-mescyt-destaca-la-necesidad-de-reformar-la-educacion-superior-ante-desafios-de-la-revolucion-industrial\/","url_meta":{"origin":124153,"position":1},"title":"Ministro del MESCyT destaca la necesidad de reformar la educaci\u00f3n superior ante desaf\u00edos de la revoluci\u00f3n industrial","author":"Nelson Feliz","date":"20 de febrero de 2026","format":false,"excerpt":"El ministro de Educaci\u00f3n Superior, Ciencia y Tecnolog\u00eda (MESCyT), Rafael Evaristo Santos Bad\u00eda, afirm\u00f3 que la humanidad vive una \u00e9poca de profundos cambios. Se\u00f1ala que el siglo XXI podr\u00eda definirse no solo como el siglo del algoritmo, sino tambi\u00e9n como el siglo del humanismo, durante su participaci\u00f3n en el Foro\u2026","rel":"","context":"En \u00abNACIONALES\u00bb","block_context":{"text":"NACIONALES","link":"https:\/\/lasprimeras.com.do\/index.php\/category\/nacionales\/"},"img":{"alt_text":"","src":"https:\/\/i0.wp.com\/lasprimeras.com.do\/wp-content\/uploads\/2026\/02\/IMG-20260220-WA0491.jpg?resize=350%2C200&ssl=1","width":350,"height":200,"srcset":"https:\/\/i0.wp.com\/lasprimeras.com.do\/wp-content\/uploads\/2026\/02\/IMG-20260220-WA0491.jpg?resize=350%2C200&ssl=1 1x, https:\/\/i0.wp.com\/lasprimeras.com.do\/wp-content\/uploads\/2026\/02\/IMG-20260220-WA0491.jpg?resize=525%2C300&ssl=1 1.5x, https:\/\/i0.wp.com\/lasprimeras.com.do\/wp-content\/uploads\/2026\/02\/IMG-20260220-WA0491.jpg?resize=700%2C400&ssl=1 2x, https:\/\/i0.wp.com\/lasprimeras.com.do\/wp-content\/uploads\/2026\/02\/IMG-20260220-WA0491.jpg?resize=1050%2C600&ssl=1 3x, https:\/\/i0.wp.com\/lasprimeras.com.do\/wp-content\/uploads\/2026\/02\/IMG-20260220-WA0491.jpg?resize=1400%2C800&ssl=1 4x"},"classes":[]},{"id":94711,"url":"https:\/\/lasprimeras.com.do\/index.php\/2025\/03\/01\/ricardo-de-los-santos-asiste-a-graduacion-ordinaria-de-uteco\/","url_meta":{"origin":124153,"position":2},"title":"Ricardo de los Santos asiste a graduaci\u00f3n ordinaria de UTECO","author":"Nelson Feliz","date":"1 de marzo de 2025","format":false,"excerpt":"Cotu\u00ed.- El presidente del Senado de la Rep\u00fablica, Ricardo de los Santos, particip\u00f3 este s\u00e1bado en la cuadrag\u00e9sima cuarta graduaci\u00f3n ordinaria de la Universidad Tecnol\u00f3gica del Cibao Oriental (UTECO). En el solemne acto de investidura, el representante de la provincia S\u00e1nchez Ram\u00edrez ante la c\u00e1mara alta, en un emotivo gesto\u2026","rel":"","context":"En \u00abSin categor\u00eda\u00bb","block_context":{"text":"Sin categor\u00eda","link":"https:\/\/lasprimeras.com.do\/index.php\/category\/sin-categoria\/"},"img":{"alt_text":"Ricardo de los Santos","src":"https:\/\/i0.wp.com\/lasprimeras.com.do\/wp-content\/uploads\/2025\/03\/Ricardo-de-los-Santos-1.jpg?resize=350%2C200&ssl=1","width":350,"height":200,"srcset":"https:\/\/i0.wp.com\/lasprimeras.com.do\/wp-content\/uploads\/2025\/03\/Ricardo-de-los-Santos-1.jpg?resize=350%2C200&ssl=1 1x, https:\/\/i0.wp.com\/lasprimeras.com.do\/wp-content\/uploads\/2025\/03\/Ricardo-de-los-Santos-1.jpg?resize=525%2C300&ssl=1 1.5x"},"classes":[]},{"id":85368,"url":"https:\/\/lasprimeras.com.do\/index.php\/2024\/06\/28\/mescyt-lanza-cuarto-diplomado-de-internacionalizacion-de-las-ies-dominicanas\/","url_meta":{"origin":124153,"position":3},"title":"MESCyT lanza cuarto diplomado de Internacionalizaci\u00f3n de las IES dominicanas","author":"Nelson Feliz","date":"28 de junio de 2024","format":false,"excerpt":"La actividad formativa busca fomentar el turismo educativo en la Rep\u00fablica Dominicana. El Ministerio de Educaci\u00f3n Superior, Ciencia y Tecnolog\u00eda (MESCYT), a trav\u00e9s de su viceministerio de Relaciones Internacionales, lanz\u00f3 el cuarto \u201cDiplomado Internacionalizaci\u00f3n de las Instituciones de Educaci\u00f3n Superior (IES): Estrategias para la movilidad de docentes, estudiantes e investigadores\u201d,\u2026","rel":"","context":"En \u00abNACIONALES\u00bb","block_context":{"text":"NACIONALES","link":"https:\/\/lasprimeras.com.do\/index.php\/category\/nacionales\/"},"img":{"alt_text":"Franklin Garc\u00eda Ferm\u00edn","src":"https:\/\/i0.wp.com\/lasprimeras.com.do\/wp-content\/uploads\/2024\/06\/Franklin-Garcia-Fermin-1.jpg?resize=350%2C200&ssl=1","width":350,"height":200,"srcset":"https:\/\/i0.wp.com\/lasprimeras.com.do\/wp-content\/uploads\/2024\/06\/Franklin-Garcia-Fermin-1.jpg?resize=350%2C200&ssl=1 1x, https:\/\/i0.wp.com\/lasprimeras.com.do\/wp-content\/uploads\/2024\/06\/Franklin-Garcia-Fermin-1.jpg?resize=525%2C300&ssl=1 1.5x"},"classes":[]},{"id":110180,"url":"https:\/\/lasprimeras.com.do\/index.php\/2025\/09\/26\/gobierno-apoya-desarrollo-economico-rural-de-sanchez-ramirez-y-firma-acuerdo-con-la-uteco-y-el-jica\/","url_meta":{"origin":124153,"position":4},"title":"Gobierno apoya desarrollo econ\u00f3mico rural de S\u00e1nchez Ram\u00edrez y firma acuerdo con la UTECO y el JICA","author":"Nelson Feliz","date":"26 de septiembre de 2025","format":false,"excerpt":"Rep\u00fablica Dominicana y Jap\u00f3n impulsan proyecto de sexta industrializaci\u00f3n en S\u00e1nchez Ram\u00edrez. El gobierno dominicano a trav\u00e9s del Ministerio de la Presidencia; Ministerio de Educaci\u00f3n Superior, Ciencia y Tecnolog\u00eda (MESCyT), Universidad Tecnol\u00f3gica del Cibao Oriental (UTECO) y la Agencia de Cooperaci\u00f3n Internacional del Jap\u00f3n (JICA), iniciaron una iniciativa que busca\u2026","rel":"","context":"En \u00abNACIONALES\u00bb","block_context":{"text":"NACIONALES","link":"https:\/\/lasprimeras.com.do\/index.php\/category\/nacionales\/"},"img":{"alt_text":"","src":"https:\/\/i0.wp.com\/lasprimeras.com.do\/wp-content\/uploads\/2025\/09\/MESCyT-1.jpg?resize=350%2C200&ssl=1","width":350,"height":200,"srcset":"https:\/\/i0.wp.com\/lasprimeras.com.do\/wp-content\/uploads\/2025\/09\/MESCyT-1.jpg?resize=350%2C200&ssl=1 1x, https:\/\/i0.wp.com\/lasprimeras.com.do\/wp-content\/uploads\/2025\/09\/MESCyT-1.jpg?resize=525%2C300&ssl=1 1.5x, https:\/\/i0.wp.com\/lasprimeras.com.do\/wp-content\/uploads\/2025\/09\/MESCyT-1.jpg?resize=700%2C400&ssl=1 2x"},"classes":[]},{"id":83340,"url":"https:\/\/lasprimeras.com.do\/index.php\/2024\/05\/14\/mescyt-inaugura-galeria-de-pasados-ministros\/","url_meta":{"origin":124153,"position":5},"title":"MESCYT inaugura galer\u00eda de pasados ministros","author":"Nelson Feliz","date":"14 de mayo de 2024","format":false,"excerpt":"Por Martin Restituyo El Ministerio de Educaci\u00f3n Superior, Ciencia y Tecnolog\u00eda (MESCyT), inaugur\u00f3 su galer\u00eda de pasados ministros, en un acto donde se devel\u00f3 tres ilustres retratos de exministros de la instituci\u00f3n, Alejandrina Germ\u00e1n Mej\u00eda, Ligia Amada Melo y Andr\u00e9s Reyes Rodr\u00edguez, quienes han desempe\u00f1ado la m\u00e1xima autoridad de la\u2026","rel":"","context":"En \u00abNACIONALES\u00bb","block_context":{"text":"NACIONALES","link":"https:\/\/lasprimeras.com.do\/index.php\/category\/nacionales\/"},"img":{"alt_text":"","src":"https:\/\/i0.wp.com\/lasprimeras.com.do\/wp-content\/uploads\/2024\/05\/MESCYT-1.jpg?resize=350%2C200&ssl=1","width":350,"height":200,"srcset":"https:\/\/i0.wp.com\/lasprimeras.com.do\/wp-content\/uploads\/2024\/05\/MESCYT-1.jpg?resize=350%2C200&ssl=1 1x, https:\/\/i0.wp.com\/lasprimeras.com.do\/wp-content\/uploads\/2024\/05\/MESCYT-1.jpg?resize=525%2C300&ssl=1 1.5x, https:\/\/i0.wp.com\/lasprimeras.com.do\/wp-content\/uploads\/2024\/05\/MESCYT-1.jpg?resize=700%2C400&ssl=1 2x"},"classes":[]}],"jetpack_sharing_enabled":true,"_links":{"self":[{"href":"https:\/\/lasprimeras.com.do\/index.php\/wp-json\/wp\/v2\/posts\/124153","targetHints":{"allow":["GET"]}}],"collection":[{"href":"https:\/\/lasprimeras.com.do\/index.php\/wp-json\/wp\/v2\/posts"}],"about":[{"href":"https:\/\/lasprimeras.com.do\/index.php\/wp-json\/wp\/v2\/types\/post"}],"author":[{"embeddable":true,"href":"https:\/\/lasprimeras.com.do\/index.php\/wp-json\/wp\/v2\/users\/10"}],"replies":[{"embeddable":true,"href":"https:\/\/lasprimeras.com.do\/index.php\/wp-json\/wp\/v2\/comments?post=124153"}],"version-history":[{"count":1,"href":"https:\/\/lasprimeras.com.do\/index.php\/wp-json\/wp\/v2\/posts\/124153\/revisions"}],"predecessor-version":[{"id":124155,"href":"https:\/\/lasprimeras.com.do\/index.php\/wp-json\/wp\/v2\/posts\/124153\/revisions\/124155"}],"wp:featuredmedia":[{"embeddable":true,"href":"https:\/\/lasprimeras.com.do\/index.php\/wp-json\/wp\/v2\/media\/124154"}],"wp:attachment":[{"href":"https:\/\/lasprimeras.com.do\/index.php\/wp-json\/wp\/v2\/media?parent=124153"}],"wp:term":[{"taxonomy":"category","embeddable":true,"href":"https:\/\/lasprimeras.com.do\/index.php\/wp-json\/wp\/v2\/categories?post=124153"},{"taxonomy":"post_tag","embeddable":true,"href":"https:\/\/lasprimeras.com.do\/index.php\/wp-json\/wp\/v2\/tags?post=124153"}],"curies":[{"name":"wp","href":"https:\/\/api.w.org\/{rel}","templated":true}]}}