{"id":124162,"date":"2026-03-09T08:34:03","date_gmt":"2026-03-09T12:34:03","guid":{"rendered":"https:\/\/lasprimeras.com.do\/?p=124162"},"modified":"2026-03-09T08:34:05","modified_gmt":"2026-03-09T12:34:05","slug":"ignorancia-constitucional-o-rebelion-institucional","status":"publish","type":"post","link":"https:\/\/lasprimeras.com.do\/index.php\/2026\/03\/09\/ignorancia-constitucional-o-rebelion-institucional\/","title":{"rendered":"\u00bfIgnorancia constitucional o rebeli\u00f3n institucional?"},"content":{"rendered":"\n<p>Dr. Isa\u00edas Ramos<\/p>\n\n\n\n<p>\u00bfPuede el Congreso aprobar una ley que contradiga, en la pr\u00e1ctica, una sentencia vinculante del Tribunal Constitucional? Esa es la pregunta que hoy enfrenta la Rep\u00fablica Dominicana tras la aprobaci\u00f3n en primera lectura en el Senado de un proyecto que eliminar\u00eda las candidaturas independientes.<\/p>\n\n\n\n<p>M\u00e1s all\u00e1 de las diferencias pol\u00edticas que puedan existir sobre el modelo electoral, lo que est\u00e1 en discusi\u00f3n es algo mucho m\u00e1s profundo: el respeto a la Constituci\u00f3n de la Rep\u00fablica Dominicana, a los derechos pol\u00edticos de los ciudadanos y a las decisiones vinculantes del m\u00e1ximo \u00f3rgano de control constitucional del pa\u00eds.<\/p>\n\n\n\n<p>En diciembre de 2024, el Tribunal Constitucional declar\u00f3 inconstitucionales diversas disposiciones de la legislaci\u00f3n electoral que impon\u00edan trabas desproporcionadas a las candidaturas independientes.<\/p>\n\n\n\n<p>La decisi\u00f3n procur\u00f3 garantizar que el derecho de los ciudadanos a elegir y ser elegidos no quedara condicionado exclusivamente a la estructura de los partidos pol\u00edticos.<\/p>\n\n\n\n<p>Sin embargo, lo ocurrido en el Congreso parece avanzar en direcci\u00f3n contraria.<\/p>\n\n\n\n<p>La aprobaci\u00f3n de un proyecto que, en la pr\u00e1ctica, eliminar\u00eda las candidaturas independientes plantea un choque evidente entre la voluntad legislativa y una sentencia vinculante del m\u00e1ximo int\u00e9rprete de la Constituci\u00f3n.<\/p>\n\n\n\n<p>La gravedad del momento institucional se acent\u00faa a\u00fan m\u00e1s cuando se observa que la decisi\u00f3n fue adoptada de manera pr\u00e1cticamente un\u00e1nime por los senadores.<\/p>\n\n\n\n<p>Resulta leg\u00edtimo preguntarse si todos los legisladores han reflexionado plenamente sobre el alcance constitucional de la decisi\u00f3n adoptada o si estamos ante una reacci\u00f3n pol\u00edtica frente a una sentencia que algunos sectores preferir\u00edan ignorar.<\/p>\n\n\n\n<p>Algunos constitucionalistas, como Eduardo Jorge Prats, han descrito esta reacci\u00f3n como una \u201crabieta institucional hiperpartidista disfrazada de defensa de los partidos\u201d.<\/p>\n\n\n\n<p>M\u00e1s all\u00e1 de la dureza de esa expresi\u00f3n, la advertencia merece una reflexi\u00f3n seria.<\/p>\n\n\n\n<p>Cuando las decisiones de un tribunal constitucional comienzan a ser relativizadas o neutralizadas mediante decisiones pol\u00edticas, el equilibrio institucional de una democracia empieza a resentirse.<\/p>\n\n\n\n<p>La Constituci\u00f3n dominicana es clara en este punto.<\/p>\n\n\n\n<p>El art\u00edculo 6 establece que todas las personas y los \u00f3rganos que ejercen potestades p\u00fablicas est\u00e1n sujetos a la Constituci\u00f3n.<\/p>\n\n\n\n<p>El art\u00edculo 68 dispone que corresponde al Estado garantizar la efectividad de los derechos fundamentales; no basta con reconocerlos en el texto constitucional, es necesario hacerlos posibles en la realidad.<\/p>\n\n\n\n<p>El art\u00edculo 73 establece la nulidad de pleno derecho de los actos contrarios a la Constituci\u00f3n.<\/p>\n\n\n\n<p>El art\u00edculo 74 consagra el car\u00e1cter progresivo de los derechos fundamentales. Y el art\u00edculo 184 reconoce al Tribunal Constitucional como el \u00f3rgano encargado de garantizar la supremac\u00eda de la Carta Magna.<\/p>\n\n\n\n<p>A la luz de esos principios, la iniciativa aprobada en primera lectura adquiere una dimensi\u00f3n particularmente sensible para el orden constitucional.<\/p>\n\n\n\n<p>Lo que est\u00e1 en juego es una posible tensi\u00f3n institucional con el Tribunal Constitucional si una ley terminara reproduciendo, en la pr\u00e1ctica, las mismas restricciones que el propio tribunal declar\u00f3 inconstitucionales.<\/p>\n\n\n\n<p>Una situaci\u00f3n as\u00ed podr\u00eda tener consecuencias graves para el orden constitucional.<\/p>\n\n\n\n<p>El art\u00edculo 68 de la Constituci\u00f3n no es una disposici\u00f3n abstracta: es la garant\u00eda de que los derechos fundamentales tengan contenido real y efectivo.<\/p>\n\n\n\n<p>Cuando el Estado limita injustificadamente v\u00edas de participaci\u00f3n pol\u00edtica, no solo restringe un derecho; tambi\u00e9n debilita la confianza del ciudadano en las instituciones llamadas a protegerlo.<\/p>\n\n\n\n<p>Este no es un debate sobre simpat\u00edas o antipat\u00edas hacia las candidaturas independientes, ni sobre la importancia de los partidos pol\u00edticos.<\/p>\n\n\n\n<p>Los partidos son pilares fundamentales de la democracia. Pero reconocer su importancia no significa convertirlos en los \u00fanicos canales posibles de participaci\u00f3n pol\u00edtica.<\/p>\n\n\n\n<p>La democracia dominicana debe abrir puertas al ciudadano, no cerrarlas.<\/p>\n\n\n\n<p>Si la Constituci\u00f3n reconoce derechos pol\u00edticos a los ciudadanos, surge entonces una pregunta de fondo: \u00bfqui\u00e9n puede leg\u00edtimamente restringirlos? Los derechos pol\u00edticos pertenecen al pueblo dominicano.<\/p>\n\n\n\n<p>Los partidos son uno \u2014pero no el \u00fanico\u2014 de los canales para ejercerlos.<\/p>\n\n\n\n<p>Las democracias se sostienen sobre un principio simple pero esencial: la Constituci\u00f3n es la norma suprema del Estado y todos los poderes p\u00fablicos est\u00e1n sometidos a ella.<\/p>\n\n\n\n<p>Cuando ese principio comienza a relativizarse, la confianza institucional se erosiona y el sistema democr\u00e1tico se vuelve m\u00e1s fr\u00e1gil.<\/p>\n\n\n\n<p>Nuestro deber como naci\u00f3n \u2014y particularmente de quienes ejercen responsabilidades p\u00fablicas\u2014 es proteger la Constituci\u00f3n incluso cuando hacerlo resulte inc\u00f3modo o pol\u00edticamente inconveniente. El respeto al orden constitucional no es una opci\u00f3n circunstancial: es la base misma sobre la cual descansa la estabilidad institucional de la Rep\u00fablica.<\/p>\n\n\n\n<p>La estabilidad democr\u00e1tica que hoy disfruta la Rep\u00fablica Dominicana no es un accidente hist\u00f3rico.<\/p>\n\n\n\n<p>Tampoco ha sido un proceso perfecto: a lo largo del tiempo ha habido episodios de indiferencia frente a los deberes y mandatos constitucionales.<\/p>\n\n\n\n<p>Pero precisamente por esa experiencia acumulada sabemos que debilitar las reglas del juego institucional solo aumenta los riesgos para el orden democr\u00e1tico en un mundo marcado por crecientes tensiones geopol\u00edticas y desaf\u00edos globales.<\/p>\n\n\n\n<p>Desde el Foro C\u00edvico y Social y el Frente C\u00edvico y Social creemos firmemente que a\u00fan hay espacio para la reflexi\u00f3n institucional.<\/p>\n\n\n\n<p>Por ello hacemos un llamado respetuoso pero firme a los honorables senadores para que, antes de la segunda lectura de este proyecto, revisen con serenidad el alcance constitucional de la decisi\u00f3n que se est\u00e1 tomando.<\/p>\n\n\n\n<p>Tambi\u00e9n est\u00e1 en juego el mensaje institucional que el Congreso env\u00eda al pa\u00eds.<\/p>\n\n\n\n<p>Cuando un poder del Estado parece actuar en contradicci\u00f3n con la Constituci\u00f3n o con una sentencia vinculante del Tribunal Constitucional, el mensaje hacia la ciudadan\u00eda y hacia las instituciones p\u00fablicas es institucionalmente delicado.<\/p>\n\n\n\n<p>En una democracia constitucional, los derechos pol\u00edticos del ciudadano no dependen de la voluntad de los partidos ni de las mayor\u00edas circunstanciales del Congresos.<\/p>\n\n\n\n<p>Dependen de la Constituci\u00f3n. Porque cuando una democracia olvida que la Constituci\u00f3n es su l\u00edmite, no se debilitan los partidos: se debilita la Rep\u00fablica.<\/p>\n\n\n\n<p>Despierta RD!<\/p>\n","protected":false},"excerpt":{"rendered":"<p>Dr. Isa\u00edas Ramos \u00bfPuede el Congreso aprobar una ley que contradiga, en la pr\u00e1ctica, una sentencia vinculante del Tribunal Constitucional? Esa es la pregunta que hoy enfrenta la Rep\u00fablica Dominicana&hellip;<\/p>\n","protected":false},"author":10,"featured_media":107903,"comment_status":"open","ping_status":"open","sticky":false,"template":"","format":"standard","meta":{"content-type":"","jetpack_post_was_ever_published":false,"_jetpack_newsletter_access":"","_jetpack_dont_email_post_to_subs":false,"_jetpack_newsletter_tier_id":0,"_jetpack_memberships_contains_paywalled_content":false,"_jetpack_memberships_contains_paid_content":false,"footnotes":""},"categories":[95],"tags":[31014],"class_list":["post-124162","post","type-post","status-publish","format-standard","has-post-thumbnail","hentry","category-opinion","tag-ignorancia-constitucional-o-rebelion-institucional"],"jetpack_featured_media_url":"https:\/\/lasprimeras.com.do\/wp-content\/uploads\/2025\/09\/Isaias-Ramos.jpg","jetpack-related-posts":[{"id":59187,"url":"https:\/\/lasprimeras.com.do\/index.php\/2023\/08\/31\/fp-designa-comision-que-asistira-a-cumbre-convocada-por-jce\/","url_meta":{"origin":124162,"position":0},"title":"FP designa comisi\u00f3n que asistir\u00e1 a cumbre convocada por JCE","author":"Nelson Feliz","date":"31 de agosto de 2023","format":false,"excerpt":"El partido Fuerza del Pueblo (FP) inform\u00f3 que asistir\u00e1 a la \u201cCumbre sobre el marco regulatorio de la precampa\u00f1a y campa\u00f1a electoral\u201d, convocada por la Junta Central Electoral para el martes 5 de septiembre. La Fuerza del Pueblo se har\u00e1 representar en la Cumbre, por una comisi\u00f3n encabezada por el\u2026","rel":"","context":"En \u00abPORTADA\u00bb","block_context":{"text":"PORTADA","link":"https:\/\/lasprimeras.com.do\/index.php\/category\/portada\/"},"img":{"alt_text":"","src":"https:\/\/i0.wp.com\/lasprimeras.com.do\/wp-content\/uploads\/2023\/06\/fp-elegira-candidatos-por-encuestas-y-asamblea-de-dirigentes.jpg?resize=350%2C200&ssl=1","width":350,"height":200,"srcset":"https:\/\/i0.wp.com\/lasprimeras.com.do\/wp-content\/uploads\/2023\/06\/fp-elegira-candidatos-por-encuestas-y-asamblea-de-dirigentes.jpg?resize=350%2C200&ssl=1 1x, https:\/\/i0.wp.com\/lasprimeras.com.do\/wp-content\/uploads\/2023\/06\/fp-elegira-candidatos-por-encuestas-y-asamblea-de-dirigentes.jpg?resize=525%2C300&ssl=1 1.5x, https:\/\/i0.wp.com\/lasprimeras.com.do\/wp-content\/uploads\/2023\/06\/fp-elegira-candidatos-por-encuestas-y-asamblea-de-dirigentes.jpg?resize=700%2C400&ssl=1 2x"},"classes":[]},{"id":55386,"url":"https:\/\/lasprimeras.com.do\/index.php\/2023\/07\/20\/ray-guevara-tc-no-recibe-ordenes-ni-acepta-presiones\/","url_meta":{"origin":124162,"position":1},"title":"Ray Guevara: TC no recibe \u00f3rdenes ni acepta presiones","author":"Nelson Feliz","date":"20 de julio de 2023","format":false,"excerpt":"El presidente del Tribunal Constitucional, Milton Ray Guevara, afirm\u00f3 en la XXVIII Edici\u00f3n del World Law Congress que se realiza en la ciudad de Nueva York, que esta alta corte ha realizado un ejercicio responsable de independencia, gracias al esfuerzo y sentido de responsabilidad de los jueces que hasta ahora\u2026","rel":"","context":"En \u00abNACIONALES\u00bb","block_context":{"text":"NACIONALES","link":"https:\/\/lasprimeras.com.do\/index.php\/category\/nacionales\/"},"img":{"alt_text":"Milton Ray Guevara","src":"https:\/\/i0.wp.com\/lasprimeras.com.do\/wp-content\/uploads\/2023\/07\/Milton-Ray-Guevara-1.jpeg?resize=350%2C200&ssl=1","width":350,"height":200,"srcset":"https:\/\/i0.wp.com\/lasprimeras.com.do\/wp-content\/uploads\/2023\/07\/Milton-Ray-Guevara-1.jpeg?resize=350%2C200&ssl=1 1x, https:\/\/i0.wp.com\/lasprimeras.com.do\/wp-content\/uploads\/2023\/07\/Milton-Ray-Guevara-1.jpeg?resize=525%2C300&ssl=1 1.5x, https:\/\/i0.wp.com\/lasprimeras.com.do\/wp-content\/uploads\/2023\/07\/Milton-Ray-Guevara-1.jpeg?resize=700%2C400&ssl=1 2x, https:\/\/i0.wp.com\/lasprimeras.com.do\/wp-content\/uploads\/2023\/07\/Milton-Ray-Guevara-1.jpeg?resize=1050%2C600&ssl=1 3x, https:\/\/i0.wp.com\/lasprimeras.com.do\/wp-content\/uploads\/2023\/07\/Milton-Ray-Guevara-1.jpeg?resize=1400%2C800&ssl=1 4x"},"classes":[]},{"id":113987,"url":"https:\/\/lasprimeras.com.do\/index.php\/2025\/11\/09\/carlos-manzano-considera-improcedente-propuesta-de-jueza-del-tc-para-que-militares-voten\/","url_meta":{"origin":124162,"position":2},"title":"Carlos Manzano considera improcedente propuesta de jueza del TC para que militares voten","author":"Nelson Feliz","date":"9 de noviembre de 2025","format":false,"excerpt":"El titular de la Secretar\u00eda de Administraci\u00f3n P\u00fablica del Partido de la Liberaci\u00f3n Dominicana (PLD), Carlos Manzanos, consider\u00f3 como desafortunadas, impropias y preocupantes las declaraciones emitidas por la juez del Tribunal Constitucional, Sonia D\u00edaz Inoa, quien en un acto p\u00fablico hizo un llamado para que los miembros de las Fuerzas\u2026","rel":"","context":"En \u00abPOLITICA\u00bb","block_context":{"text":"POLITICA","link":"https:\/\/lasprimeras.com.do\/index.php\/category\/politica\/"},"img":{"alt_text":"","src":"https:\/\/i0.wp.com\/lasprimeras.com.do\/wp-content\/uploads\/2025\/11\/Carlos-Manzano-vang.png?resize=350%2C200&ssl=1","width":350,"height":200},"classes":[]},{"id":58990,"url":"https:\/\/lasprimeras.com.do\/index.php\/2023\/08\/29\/yvan-lorenzo-la-jce-debe-actuar-con-responsabilidad-y-equilibrio\/","url_meta":{"origin":124162,"position":3},"title":"Yv\u00e1n Lorenzo: La JCE debe actuar con responsabilidad y equilibrio","author":"Nelson Feliz","date":"29 de agosto de 2023","format":false,"excerpt":"El PRM y Luis Abinader se han pasado tres a\u00f1os en las calles, colocando vallas gigantescas en todo el pa\u00eds con los recursos del Estado y la JCE no ha dicho nada. El vocero del Partido de la Liberaci\u00f3n Dominicana ante el Senado de la Rep\u00fablica, Yv\u00e1n Lorenzo, exhort\u00f3 a\u2026","rel":"","context":"En \u00abPORTADA\u00bb","block_context":{"text":"PORTADA","link":"https:\/\/lasprimeras.com.do\/index.php\/category\/portada\/"},"img":{"alt_text":"Yv\u00e1n Lorenzo","src":"https:\/\/i0.wp.com\/lasprimeras.com.do\/wp-content\/uploads\/2023\/08\/Yvan-Lorenzo.jpg?resize=350%2C200&ssl=1","width":350,"height":200,"srcset":"https:\/\/i0.wp.com\/lasprimeras.com.do\/wp-content\/uploads\/2023\/08\/Yvan-Lorenzo.jpg?resize=350%2C200&ssl=1 1x, https:\/\/i0.wp.com\/lasprimeras.com.do\/wp-content\/uploads\/2023\/08\/Yvan-Lorenzo.jpg?resize=525%2C300&ssl=1 1.5x, https:\/\/i0.wp.com\/lasprimeras.com.do\/wp-content\/uploads\/2023\/08\/Yvan-Lorenzo.jpg?resize=700%2C400&ssl=1 2x"},"classes":[]},{"id":58699,"url":"https:\/\/lasprimeras.com.do\/index.php\/2023\/08\/27\/leonel-asegura-que-la-jce-estaria-violando-la-constitucion-con-el-comunicado-de-admonicion\/","url_meta":{"origin":124162,"position":4},"title":"Leonel asegura que la JCE estar\u00eda violando la Constituci\u00f3n con el comunicado de admonici\u00f3n","author":"Nelson Feliz","date":"27 de agosto de 2023","format":false,"excerpt":"LF dice que el gobierno no conf\u00eda en que pueden ganar, por eso insisten en comprar alcaldes La Junta Central Electoral (JCE) estar\u00eda chocando con preceptos constitucionales si insiste en limitar las actividades de campa\u00f1a, asegur\u00f3 Leonel Fern\u00e1ndez, presidente del partido Fuerza del Pueblo. Fern\u00e1ndez habl\u00f3 en estos t\u00e9rminos durante\u2026","rel":"","context":"En \u00abPORTADA\u00bb","block_context":{"text":"PORTADA","link":"https:\/\/lasprimeras.com.do\/index.php\/category\/portada\/"},"img":{"alt_text":"Leonel Fern\u00e1ndez","src":"https:\/\/i0.wp.com\/lasprimeras.com.do\/wp-content\/uploads\/2023\/08\/Leonel-Fernandez-2-2.jpg?resize=350%2C200&ssl=1","width":350,"height":200,"srcset":"https:\/\/i0.wp.com\/lasprimeras.com.do\/wp-content\/uploads\/2023\/08\/Leonel-Fernandez-2-2.jpg?resize=350%2C200&ssl=1 1x, https:\/\/i0.wp.com\/lasprimeras.com.do\/wp-content\/uploads\/2023\/08\/Leonel-Fernandez-2-2.jpg?resize=525%2C300&ssl=1 1.5x, https:\/\/i0.wp.com\/lasprimeras.com.do\/wp-content\/uploads\/2023\/08\/Leonel-Fernandez-2-2.jpg?resize=700%2C400&ssl=1 2x"},"classes":[]},{"id":72612,"url":"https:\/\/lasprimeras.com.do\/index.php\/2024\/01\/01\/el-tse-si-tiene-competencia-en-amparo-en-las-elecciones-del-card\/","url_meta":{"origin":124162,"position":5},"title":"El TSE si tiene competencia en amparo en las elecciones del CARD","author":"Nelson Feliz","date":"1 de enero de 2024","format":false,"excerpt":"La comunidad jur\u00eddica y toda la opini\u00f3n p\u00fablica se ha hecho eco del cuestionamiento a la decisi\u00f3n o medida precautoria dictada por el Tribunal Superior Electoral (TSE) que suspende los efectos de la juramentaci\u00f3n de Trajano Vidal Potentini como electo Presidente del Colegio Dominicano de Abogados de la Rep\u00fablica Dominicana\u2026","rel":"","context":"En \u00abOPINI\u00d3N\u00bb","block_context":{"text":"OPINI\u00d3N","link":"https:\/\/lasprimeras.com.do\/index.php\/category\/opinion\/"},"img":{"alt_text":"Carlos Mesa","src":"https:\/\/i0.wp.com\/lasprimeras.com.do\/wp-content\/uploads\/2023\/08\/Carlos-Mesa.jpg?resize=350%2C200&ssl=1","width":350,"height":200,"srcset":"https:\/\/i0.wp.com\/lasprimeras.com.do\/wp-content\/uploads\/2023\/08\/Carlos-Mesa.jpg?resize=350%2C200&ssl=1 1x, https:\/\/i0.wp.com\/lasprimeras.com.do\/wp-content\/uploads\/2023\/08\/Carlos-Mesa.jpg?resize=525%2C300&ssl=1 1.5x"},"classes":[]}],"jetpack_sharing_enabled":true,"_links":{"self":[{"href":"https:\/\/lasprimeras.com.do\/index.php\/wp-json\/wp\/v2\/posts\/124162","targetHints":{"allow":["GET"]}}],"collection":[{"href":"https:\/\/lasprimeras.com.do\/index.php\/wp-json\/wp\/v2\/posts"}],"about":[{"href":"https:\/\/lasprimeras.com.do\/index.php\/wp-json\/wp\/v2\/types\/post"}],"author":[{"embeddable":true,"href":"https:\/\/lasprimeras.com.do\/index.php\/wp-json\/wp\/v2\/users\/10"}],"replies":[{"embeddable":true,"href":"https:\/\/lasprimeras.com.do\/index.php\/wp-json\/wp\/v2\/comments?post=124162"}],"version-history":[{"count":1,"href":"https:\/\/lasprimeras.com.do\/index.php\/wp-json\/wp\/v2\/posts\/124162\/revisions"}],"predecessor-version":[{"id":124163,"href":"https:\/\/lasprimeras.com.do\/index.php\/wp-json\/wp\/v2\/posts\/124162\/revisions\/124163"}],"wp:featuredmedia":[{"embeddable":true,"href":"https:\/\/lasprimeras.com.do\/index.php\/wp-json\/wp\/v2\/media\/107903"}],"wp:attachment":[{"href":"https:\/\/lasprimeras.com.do\/index.php\/wp-json\/wp\/v2\/media?parent=124162"}],"wp:term":[{"taxonomy":"category","embeddable":true,"href":"https:\/\/lasprimeras.com.do\/index.php\/wp-json\/wp\/v2\/categories?post=124162"},{"taxonomy":"post_tag","embeddable":true,"href":"https:\/\/lasprimeras.com.do\/index.php\/wp-json\/wp\/v2\/tags?post=124162"}],"curies":[{"name":"wp","href":"https:\/\/api.w.org\/{rel}","templated":true}]}}