{"id":124164,"date":"2026-03-09T08:44:06","date_gmt":"2026-03-09T12:44:06","guid":{"rendered":"https:\/\/lasprimeras.com.do\/?p=124164"},"modified":"2026-03-09T08:44:08","modified_gmt":"2026-03-09T12:44:08","slug":"oro-energia-y-la-nueva-geopolitica-mundial","status":"publish","type":"post","link":"https:\/\/lasprimeras.com.do\/index.php\/2026\/03\/09\/oro-energia-y-la-nueva-geopolitica-mundial\/","title":{"rendered":"Oro, energ\u00eda y la nueva geopol\u00edtica mundial"},"content":{"rendered":"\n<p>Por Tito Olivo<\/p>\n\n\n\n<p>El mundo atraviesa una fase de profundas transformaciones geopol\u00edticas.<\/p>\n\n\n\n<p>Las tensiones entre las grandes potencias, los conflictos en Medio Oriente y la creciente competencia por recursos estrat\u00e9gicos est\u00e1n configurando un nuevo escenario internacional que tendr\u00e1 importantes consecuencias econ\u00f3micas y pol\u00edticas.<\/p>\n\n\n\n<p>En este contexto, dos factores han vuelto a ocupar un lugar central en la econom\u00eda global: el oro y la energ\u00eda.<\/p>\n\n\n\n<p>Durante d\u00e9cadas, el sistema financiero internacional ha estado dominado por el d\u00f3lar de Estados Unidos como principal moneda de reserva.<\/p>\n\n\n\n<p>Sin embargo, en los \u00faltimos a\u00f1os varios pa\u00edses han comenzado a incrementar sus reservas de oro como mecanismo de protecci\u00f3n frente a la volatilidad financiera y las tensiones geopol\u00edticas.<\/p>\n\n\n\n<p>Econom\u00edas emergentes como China y Rusia han aumentado significativamente sus reservas de oro, mientras que algunos acuerdos comerciales internacionales comienzan a realizarse en monedas distintas al d\u00f3lar.<\/p>\n\n\n\n<p>Paralelamente, la energ\u00eda contin\u00faa siendo uno de los principales factores que determinan el equilibrio del poder mundial.<\/p>\n\n\n\n<p>El control de recursos energ\u00e9ticos, rutas de transporte y tecnolog\u00edas asociadas a la transici\u00f3n energ\u00e9tica se ha convertido en un elemento central de la competencia entre las grandes potencias.<\/p>\n\n\n\n<p>Las tensiones entre Israel y Ir\u00e1n ilustran claramente la fragilidad del equilibrio energ\u00e9tico global.<\/p>\n\n\n\n<p>Una escalada militar en esta regi\u00f3n tendr\u00eda efectos inmediatos sobre los precios del petr\u00f3leo y, en consecuencia, sobre la econom\u00eda mundial.<\/p>\n\n\n\n<p>Para pa\u00edses importadores de energ\u00eda como Rep\u00fablica Dominicana, comprender estas din\u00e1micas resulta fundamental.<\/p>\n\n\n\n<p>Las fluctuaciones en los mercados energ\u00e9ticos internacionales pueden tener un impacto directo en los costos de producci\u00f3n, la inflaci\u00f3n y la estabilidad econ\u00f3mica.<\/p>\n\n\n\n<p>El mundo se dirige hacia un sistema internacional m\u00e1s complejo y multipolar, en el que el poder econ\u00f3mico estar\u00e1 cada vez m\u00e1s vinculado al control del conocimiento tecnol\u00f3gico, los recursos energ\u00e9ticos y los activos financieros estrat\u00e9gicos.<\/p>\n\n\n\n<p>Frente a esta realidad, los pa\u00edses del Caribe y de Am\u00e9rica Latina deben desarrollar una visi\u00f3n estrat\u00e9gica que les permita adaptarse a las transformaciones del sistema internacional y aprovechar las oportunidades que surgen en este nuevo escenario global.<\/p>\n","protected":false},"excerpt":{"rendered":"<p>Por Tito Olivo El mundo atraviesa una fase de profundas transformaciones geopol\u00edticas. Las tensiones entre las grandes potencias, los conflictos en Medio Oriente y la creciente competencia por recursos estrat\u00e9gicos&hellip;<\/p>\n","protected":false},"author":10,"featured_media":120886,"comment_status":"open","ping_status":"open","sticky":false,"template":"","format":"standard","meta":{"content-type":"","jetpack_post_was_ever_published":false,"_jetpack_newsletter_access":"","_jetpack_dont_email_post_to_subs":false,"_jetpack_newsletter_tier_id":0,"_jetpack_memberships_contains_paywalled_content":false,"_jetpack_memberships_contains_paid_content":false,"footnotes":""},"categories":[95],"tags":[7784],"class_list":["post-124164","post","type-post","status-publish","format-standard","has-post-thumbnail","hentry","category-opinion","tag-oro"],"jetpack_featured_media_url":"https:\/\/lasprimeras.com.do\/wp-content\/uploads\/2026\/01\/oro.jpg","jetpack-related-posts":[{"id":123547,"url":"https:\/\/lasprimeras.com.do\/index.php\/2026\/03\/02\/oro-en-maximos-y-petroleo-en-tension-la-guerra-que-reconfigura-el-mercado-global\/","url_meta":{"origin":124164,"position":0},"title":"Oro en M\u00e1ximos y Petr\u00f3leo en Tensi\u00f3n: La Guerra que Reconfigura el Mercado Global","author":"Nelson Feliz","date":"2 de marzo de 2026","format":false,"excerpt":"Por Tito Olivo El enfrentamiento entre Estados Unidos, Israel e Ir\u00e1n ha cambiado el pulso del sistema econ\u00f3mico internacional. El oro ha escalado a niveles hist\u00f3ricos superiores a los 5,300 d\u00f3lares por onza, reflejando lo que los mercados financieros interpretan como una nueva fase de incertidumbre estructural. Cuando las potencias\u2026","rel":"","context":"En \u00abOPINI\u00d3N\u00bb","block_context":{"text":"OPINI\u00d3N","link":"https:\/\/lasprimeras.com.do\/index.php\/category\/opinion\/"},"img":{"alt_text":"","src":"https:\/\/i0.wp.com\/lasprimeras.com.do\/wp-content\/uploads\/2026\/01\/oro.jpg?resize=350%2C200&ssl=1","width":350,"height":200,"srcset":"https:\/\/i0.wp.com\/lasprimeras.com.do\/wp-content\/uploads\/2026\/01\/oro.jpg?resize=350%2C200&ssl=1 1x, https:\/\/i0.wp.com\/lasprimeras.com.do\/wp-content\/uploads\/2026\/01\/oro.jpg?resize=525%2C300&ssl=1 1.5x, https:\/\/i0.wp.com\/lasprimeras.com.do\/wp-content\/uploads\/2026\/01\/oro.jpg?resize=700%2C400&ssl=1 2x"},"classes":[]},{"id":123057,"url":"https:\/\/lasprimeras.com.do\/index.php\/2026\/02\/25\/petroleo-oro-e-inteligencia-artificial-la-nueva-arquitectura-del-poder-global\/","url_meta":{"origin":124164,"position":1},"title":"Petr\u00f3leo, Oro e Inteligencia Artificial: La Nueva Arquitectura del Poder Global","author":"Nelson Feliz","date":"25 de febrero de 2026","format":false,"excerpt":"Por Jos\u00e9 Ren\u00e9 (Tito) Olivo El sistema econ\u00f3mico internacional atraviesa una transformaci\u00f3n estructural que combina tres fuerzas simult\u00e1neas: volatilidad energ\u00e9tica, revalorizaci\u00f3n de activos estrat\u00e9gicos y disrupci\u00f3n tecnol\u00f3gica acelerada. Mientras el petr\u00f3leo contin\u00faa siendo el principal factor de vulnerabilidad macroecon\u00f3mica \u2014especialmente ante tensiones en el Medio Oriente y riesgos en el\u2026","rel":"","context":"En \u00abOPINI\u00d3N\u00bb","block_context":{"text":"OPINI\u00d3N","link":"https:\/\/lasprimeras.com.do\/index.php\/category\/opinion\/"},"img":{"alt_text":"","src":"https:\/\/i0.wp.com\/lasprimeras.com.do\/wp-content\/uploads\/2026\/01\/oro.jpg?resize=350%2C200&ssl=1","width":350,"height":200,"srcset":"https:\/\/i0.wp.com\/lasprimeras.com.do\/wp-content\/uploads\/2026\/01\/oro.jpg?resize=350%2C200&ssl=1 1x, https:\/\/i0.wp.com\/lasprimeras.com.do\/wp-content\/uploads\/2026\/01\/oro.jpg?resize=525%2C300&ssl=1 1.5x, https:\/\/i0.wp.com\/lasprimeras.com.do\/wp-content\/uploads\/2026\/01\/oro.jpg?resize=700%2C400&ssl=1 2x"},"classes":[]},{"id":122383,"url":"https:\/\/lasprimeras.com.do\/index.php\/2026\/02\/17\/oro-y-petroleo-corrigen-pero-el-riesgo-global-permanece\/","url_meta":{"origin":124164,"position":2},"title":"Oro y petr\u00f3leo corrigen, pero el riesgo global permanece","author":"Nelson Feliz","date":"17 de febrero de 2026","format":false,"excerpt":"Por: Jos\u00e9 Ren\u00e9 Olivo Tito Olivo El oro se cotiza hoy en US$ 4,932.36 la onza, registrando una ligera correcci\u00f3n tras haber superado la barrera psicol\u00f3gica de los cinco mil d\u00f3lares. De igual manera, el petr\u00f3leo Brent Crude se ubica en US$ 68.32 por barril, mostrando una moderaci\u00f3n en comparaci\u00f3n\u2026","rel":"","context":"En \u00abOPINI\u00d3N\u00bb","block_context":{"text":"OPINI\u00d3N","link":"https:\/\/lasprimeras.com.do\/index.php\/category\/opinion\/"},"img":{"alt_text":"","src":"https:\/\/i0.wp.com\/lasprimeras.com.do\/wp-content\/uploads\/2026\/01\/oro.jpg?resize=350%2C200&ssl=1","width":350,"height":200,"srcset":"https:\/\/i0.wp.com\/lasprimeras.com.do\/wp-content\/uploads\/2026\/01\/oro.jpg?resize=350%2C200&ssl=1 1x, https:\/\/i0.wp.com\/lasprimeras.com.do\/wp-content\/uploads\/2026\/01\/oro.jpg?resize=525%2C300&ssl=1 1.5x, https:\/\/i0.wp.com\/lasprimeras.com.do\/wp-content\/uploads\/2026\/01\/oro.jpg?resize=700%2C400&ssl=1 2x"},"classes":[]},{"id":121376,"url":"https:\/\/lasprimeras.com.do\/index.php\/2026\/02\/03\/oro-bajo-presion-y-petroleo-en-retroceso-una-oportunidad-estrategica-para-la-republica-dominicana\/","url_meta":{"origin":124164,"position":3},"title":"Oro bajo presi\u00f3n y petr\u00f3leo en retroceso: una oportunidad estrat\u00e9gica para la Rep\u00fablica Dominicana","author":"Nelson Feliz","date":"3 de febrero de 2026","format":false,"excerpt":"Por Tito Olivo El mercado global atraviesa una fase de reacomodo entre activos refugio y energ\u00eda, en un momento donde el oro cotiza en torno a los 4,916 d\u00f3lares la onza, intentando recuperar la barrera psicol\u00f3gica de los 5,000 d\u00f3lares, pero enfrentando una resistencia t\u00e9cnica fuerte cerca de los 4,936.\u2026","rel":"","context":"En \u00abOPINI\u00d3N\u00bb","block_context":{"text":"OPINI\u00d3N","link":"https:\/\/lasprimeras.com.do\/index.php\/category\/opinion\/"},"img":{"alt_text":"","src":"https:\/\/i0.wp.com\/lasprimeras.com.do\/wp-content\/uploads\/2026\/01\/oro.jpg?resize=350%2C200&ssl=1","width":350,"height":200,"srcset":"https:\/\/i0.wp.com\/lasprimeras.com.do\/wp-content\/uploads\/2026\/01\/oro.jpg?resize=350%2C200&ssl=1 1x, https:\/\/i0.wp.com\/lasprimeras.com.do\/wp-content\/uploads\/2026\/01\/oro.jpg?resize=525%2C300&ssl=1 1.5x, https:\/\/i0.wp.com\/lasprimeras.com.do\/wp-content\/uploads\/2026\/01\/oro.jpg?resize=700%2C400&ssl=1 2x"},"classes":[]},{"id":121783,"url":"https:\/\/lasprimeras.com.do\/index.php\/2026\/02\/10\/analisis-economico-semanal\/","url_meta":{"origin":124164,"position":4},"title":"An\u00e1lisis Econ\u00f3mico Semanal","author":"Nelson Feliz","date":"10 de febrero de 2026","format":false,"excerpt":"Panorama Global y Perspectivas para la Rep\u00fablica Dominicana Por Tito Olivo La econom\u00eda global inicia la semana marcada por una combinaci\u00f3n de alta incertidumbre geopol\u00edtica, presiones inflacionarias moderadas y reacomodos en los mercados financieros, con impactos directos en las econom\u00edas emergentes, incluida la Rep\u00fablica Dominicana. En los mercados internacionales, el\u2026","rel":"","context":"En \u00abOPINI\u00d3N\u00bb","block_context":{"text":"OPINI\u00d3N","link":"https:\/\/lasprimeras.com.do\/index.php\/category\/opinion\/"},"img":{"alt_text":"","src":"https:\/\/i0.wp.com\/lasprimeras.com.do\/wp-content\/uploads\/2026\/02\/IMG-20260203-WA1143.jpg?resize=350%2C200&ssl=1","width":350,"height":200,"srcset":"https:\/\/i0.wp.com\/lasprimeras.com.do\/wp-content\/uploads\/2026\/02\/IMG-20260203-WA1143.jpg?resize=350%2C200&ssl=1 1x, https:\/\/i0.wp.com\/lasprimeras.com.do\/wp-content\/uploads\/2026\/02\/IMG-20260203-WA1143.jpg?resize=525%2C300&ssl=1 1.5x, https:\/\/i0.wp.com\/lasprimeras.com.do\/wp-content\/uploads\/2026\/02\/IMG-20260203-WA1143.jpg?resize=700%2C400&ssl=1 2x"},"classes":[]},{"id":121873,"url":"https:\/\/lasprimeras.com.do\/index.php\/2026\/02\/11\/oro-en-alza-y-criptomonedas-en-caida-una-senal-del-nuevo-orden-financiero\/","url_meta":{"origin":124164,"position":5},"title":"Oro en alza y criptomonedas en ca\u00edda: una se\u00f1al del nuevo orden financiero","author":"Nelson Feliz","date":"11 de febrero de 2026","format":false,"excerpt":"Por Tito Olivo El fortalecimiento del oro y la reciente ca\u00edda de las criptomonedas reflejan un cambio estructural en las preferencias del capital global. Mientras el oro consolida su rol hist\u00f3rico como activo refugio, reserva de valor y herramienta de soberan\u00eda, las criptomonedas evidencian su alta vulnerabilidad a la volatilidad,\u2026","rel":"","context":"En \u00abOPINI\u00d3N\u00bb","block_context":{"text":"OPINI\u00d3N","link":"https:\/\/lasprimeras.com.do\/index.php\/category\/opinion\/"},"img":{"alt_text":"","src":"https:\/\/i0.wp.com\/lasprimeras.com.do\/wp-content\/uploads\/2026\/02\/IMG-20260203-WA1143.jpg?resize=350%2C200&ssl=1","width":350,"height":200,"srcset":"https:\/\/i0.wp.com\/lasprimeras.com.do\/wp-content\/uploads\/2026\/02\/IMG-20260203-WA1143.jpg?resize=350%2C200&ssl=1 1x, https:\/\/i0.wp.com\/lasprimeras.com.do\/wp-content\/uploads\/2026\/02\/IMG-20260203-WA1143.jpg?resize=525%2C300&ssl=1 1.5x, https:\/\/i0.wp.com\/lasprimeras.com.do\/wp-content\/uploads\/2026\/02\/IMG-20260203-WA1143.jpg?resize=700%2C400&ssl=1 2x"},"classes":[]}],"jetpack_sharing_enabled":true,"_links":{"self":[{"href":"https:\/\/lasprimeras.com.do\/index.php\/wp-json\/wp\/v2\/posts\/124164","targetHints":{"allow":["GET"]}}],"collection":[{"href":"https:\/\/lasprimeras.com.do\/index.php\/wp-json\/wp\/v2\/posts"}],"about":[{"href":"https:\/\/lasprimeras.com.do\/index.php\/wp-json\/wp\/v2\/types\/post"}],"author":[{"embeddable":true,"href":"https:\/\/lasprimeras.com.do\/index.php\/wp-json\/wp\/v2\/users\/10"}],"replies":[{"embeddable":true,"href":"https:\/\/lasprimeras.com.do\/index.php\/wp-json\/wp\/v2\/comments?post=124164"}],"version-history":[{"count":1,"href":"https:\/\/lasprimeras.com.do\/index.php\/wp-json\/wp\/v2\/posts\/124164\/revisions"}],"predecessor-version":[{"id":124165,"href":"https:\/\/lasprimeras.com.do\/index.php\/wp-json\/wp\/v2\/posts\/124164\/revisions\/124165"}],"wp:featuredmedia":[{"embeddable":true,"href":"https:\/\/lasprimeras.com.do\/index.php\/wp-json\/wp\/v2\/media\/120886"}],"wp:attachment":[{"href":"https:\/\/lasprimeras.com.do\/index.php\/wp-json\/wp\/v2\/media?parent=124164"}],"wp:term":[{"taxonomy":"category","embeddable":true,"href":"https:\/\/lasprimeras.com.do\/index.php\/wp-json\/wp\/v2\/categories?post=124164"},{"taxonomy":"post_tag","embeddable":true,"href":"https:\/\/lasprimeras.com.do\/index.php\/wp-json\/wp\/v2\/tags?post=124164"}],"curies":[{"name":"wp","href":"https:\/\/api.w.org\/{rel}","templated":true}]}}