{"id":124170,"date":"2026-03-09T09:32:44","date_gmt":"2026-03-09T13:32:44","guid":{"rendered":"https:\/\/lasprimeras.com.do\/?p=124170"},"modified":"2026-03-09T09:32:47","modified_gmt":"2026-03-09T13:32:47","slug":"abinader-desvincula-17-viceconsules-en-diferentes-consulados-rd-en-el-mundo-entre-ellos-dos-de-ny","status":"publish","type":"post","link":"https:\/\/lasprimeras.com.do\/index.php\/2026\/03\/09\/abinader-desvincula-17-viceconsules-en-diferentes-consulados-rd-en-el-mundo-entre-ellos-dos-de-ny\/","title":{"rendered":"Abinader desvincula 17 vicec\u00f3nsules en diferentes consulados RD en el mundo; entre ellos dos de NY"},"content":{"rendered":"\n<p>Por Ram\u00f3n Mercedes<\/p>\n\n\n\n<p>NUEVA YORK.- El presidente Luis Abinader desvincul\u00f3 el pasado mi\u00e9rcoles, mediante el decreto 149-26, la cantidad de 17 vicec\u00f3nsules que prestaban servicios en diferentes consulados dominicanos diseminados por el mundo.<\/p>\n\n\n\n<p>Entre los cesanteados figuran dos pertenecientes a Nueva York; Francisco Antonio B\u00e1ez Mar\u00ed\u00f1ez auxiliar consular en NY, y Edgar N\u00fa\u00f1ez Ag\u00fcero, miembro de la seccional PRM-NY, y vicec\u00f3nsul en Montreal, Canad\u00e1, donde Lucilo de los Santos, presidente de la seccional del partido en Nueva Jersey, es el actual c\u00f3nsul.<\/p>\n\n\n\n<p>Asimismo, Gerlin Rosario Lara, vicec\u00f3nsul en R\u00edo de Janeiro, Brasil; Bol\u00edvar Medina Guerrero, en Sao Paulo, Brasil; Giovanny Mendoza P\u00e9rez, en La Habana, Cuba; Miguel Rodr\u00edguez Fuello, auxiliar consular en Madrid, Espa\u00f1a; Roger Rinc\u00f3n Pichardo, vicec\u00f3nsul en Miami; y Maya Denis Fern\u00e1ndez, en Saint John,Antigua y Barbuda. Yul\u00edn Mateo es el actual c\u00f3nsul all\u00ed.<\/p>\n\n\n\n<p>Tambi\u00e9n, a Ram\u00f3n Alexis Hern\u00e1ndez Marte, vicec\u00f3nsul en Aruba; Francisco Mateo Ram\u00edrez, en San Pedro Sula, Honduras; M\u00e1ximo Alberto Restituyo, en Atenas; Jos\u00e9 Mar\u00eda Hern\u00e1ndez Carias, en Mil\u00e1n, Italia.<\/p>\n\n\n\n<p>Adem\u00e1s, a Ezequiel Rodr\u00edguez L\u00f3pez, en San Juan, Puerto Rico; Gabriella Ariza Gonz\u00e1lez, en Orlando, Florida; y Luis Mercedes Perreras Terrero, en Philipsburg, San Mart\u00edn.<\/p>\n","protected":false},"excerpt":{"rendered":"<p>Por Ram\u00f3n Mercedes NUEVA YORK.- El presidente Luis Abinader desvincul\u00f3 el pasado mi\u00e9rcoles, mediante el decreto 149-26, la cantidad de 17 vicec\u00f3nsules que prestaban servicios en diferentes consulados dominicanos diseminados&hellip;<\/p>\n","protected":false},"author":10,"featured_media":120446,"comment_status":"open","ping_status":"open","sticky":false,"template":"","format":"standard","meta":{"content-type":"","jetpack_post_was_ever_published":false,"_jetpack_newsletter_access":"","_jetpack_dont_email_post_to_subs":false,"_jetpack_newsletter_tier_id":0,"_jetpack_memberships_contains_paywalled_content":false,"_jetpack_memberships_contains_paid_content":false,"footnotes":""},"categories":[35,25],"tags":[67,104,31016],"class_list":["post-124170","post","type-post","status-publish","format-standard","has-post-thumbnail","hentry","category-nacionales","category-portada","tag-luis-abinader","tag-nueva-york","tag-viceconsules"],"jetpack_featured_media_url":"https:\/\/lasprimeras.com.do\/wp-content\/uploads\/2026\/01\/Luis-Abinader-2.jpg","jetpack-related-posts":[{"id":121825,"url":"https:\/\/lasprimeras.com.do\/index.php\/2026\/02\/10\/emotiva-ceremonia-traspaso-consular-rd-en-miami-deja-claro-continuidad-trabajo-en-favor-diaspora\/","url_meta":{"origin":124170,"position":0},"title":"Emotiva ceremonia traspaso Consular RD en Miami deja claro continuidad trabajo en favor di\u00e1spora","author":"Nelson Feliz","date":"10 de febrero de 2026","format":false,"excerpt":"-La sede de manera transitoria estar\u00e1 a cargo del vicec\u00f3nsul Gilberto Minaya, quien fue designado Encargado Interino del Consulado General de Rep\u00fablica Dominicana. -Geanilda V\u00e1squez, fue despedida en un ambiente donde no faltaron l\u00e1grimas de emociones y se le entregaron varias placas de reconocimiento Miami, Florida. - El Consulado General\u2026","rel":"","context":"En \u00abINTERNACIONALES\u00bb","block_context":{"text":"INTERNACIONALES","link":"https:\/\/lasprimeras.com.do\/index.php\/category\/sin-categoria\/internacionales\/"},"img":{"alt_text":"","src":"https:\/\/i0.wp.com\/lasprimeras.com.do\/wp-content\/uploads\/2026\/02\/gea.jpg?resize=350%2C200&ssl=1","width":350,"height":200,"srcset":"https:\/\/i0.wp.com\/lasprimeras.com.do\/wp-content\/uploads\/2026\/02\/gea.jpg?resize=350%2C200&ssl=1 1x, https:\/\/i0.wp.com\/lasprimeras.com.do\/wp-content\/uploads\/2026\/02\/gea.jpg?resize=525%2C300&ssl=1 1.5x, https:\/\/i0.wp.com\/lasprimeras.com.do\/wp-content\/uploads\/2026\/02\/gea.jpg?resize=700%2C400&ssl=1 2x"},"classes":[]},{"id":75318,"url":"https:\/\/lasprimeras.com.do\/index.php\/2024\/01\/31\/subsecretario-del-prm-ny-henry-almonte-reunio-lideres-politicos-en-nueva-york\/","url_meta":{"origin":124170,"position":1},"title":"Subsecretario del PRM-NY, Henry Almonte, reuni\u00f3 l\u00edderes pol\u00edticos en Nueva York","author":"BIMARY DE JES\u00daS Matos","date":"31 de enero de 2024","format":false,"excerpt":"NUEVA YORK. \u2013 El subsecretario del Partido Revolucionario Moderno, seccional Nueva York (PRM-NY), Henrry Almonte, logr\u00f3 reunir 28 de enero familiares, amigos, y compa\u00f1eros de partido para celebrar el arribo de sus 48 a\u00f1os. \u201c En esta ocasi\u00f3n hemos tenido la oportunidad no solo te reunirnos sino que hemos compartido\u2026","rel":"","context":"En \u00abSin categor\u00eda\u00bb","block_context":{"text":"Sin categor\u00eda","link":"https:\/\/lasprimeras.com.do\/index.php\/category\/sin-categoria\/"},"img":{"alt_text":"","src":"https:\/\/i0.wp.com\/lasprimeras.com.do\/wp-content\/uploads\/2024\/01\/1-millon-de-jovenes-votaran-en-las-elecciones-municipales-3-3-scaled.jpg?resize=350%2C200&ssl=1","width":350,"height":200,"srcset":"https:\/\/i0.wp.com\/lasprimeras.com.do\/wp-content\/uploads\/2024\/01\/1-millon-de-jovenes-votaran-en-las-elecciones-municipales-3-3-scaled.jpg?resize=350%2C200&ssl=1 1x, https:\/\/i0.wp.com\/lasprimeras.com.do\/wp-content\/uploads\/2024\/01\/1-millon-de-jovenes-votaran-en-las-elecciones-municipales-3-3-scaled.jpg?resize=525%2C300&ssl=1 1.5x, https:\/\/i0.wp.com\/lasprimeras.com.do\/wp-content\/uploads\/2024\/01\/1-millon-de-jovenes-votaran-en-las-elecciones-municipales-3-3-scaled.jpg?resize=700%2C400&ssl=1 2x, https:\/\/i0.wp.com\/lasprimeras.com.do\/wp-content\/uploads\/2024\/01\/1-millon-de-jovenes-votaran-en-las-elecciones-municipales-3-3-scaled.jpg?resize=1050%2C600&ssl=1 3x, https:\/\/i0.wp.com\/lasprimeras.com.do\/wp-content\/uploads\/2024\/01\/1-millon-de-jovenes-votaran-en-las-elecciones-municipales-3-3-scaled.jpg?resize=1400%2C800&ssl=1 4x"},"classes":[]},{"id":88600,"url":"https:\/\/lasprimeras.com.do\/index.php\/2024\/08\/31\/prm-ny-despide-a-eligio-jaquez-y-da-bienvenida-a-nuevo-consul-jesus-vazquez\/","url_meta":{"origin":124170,"position":2},"title":"PRM- NY despide a Eligio Jaquez y da bienvenida a nuevo c\u00f3nsul Jes\u00fas V\u00e1zquez","author":"Nelson Feliz","date":"31 de agosto de 2024","format":false,"excerpt":"Por Tom\u00e1s Aybar NUEVA YORK. -El Partido Revolucionario Moderno sessional Nueva York (PRM-NY), presidido por Julio C\u00e9sar (Yulin) Mateo, realiz\u00f3 un acto especial la noche de este s\u00e1bado para despedir a Eligio Jaquez y dar la bienvenida oficial a Jes\u00fas \u201c Chu \u201c V\u00e1zquez Mart\u00ednez que asume como nuevo C\u00f3nsul\u2026","rel":"","context":"En \u00abSin categor\u00eda\u00bb","block_context":{"text":"Sin categor\u00eda","link":"https:\/\/lasprimeras.com.do\/index.php\/category\/sin-categoria\/"},"img":{"alt_text":"","src":"https:\/\/i0.wp.com\/lasprimeras.com.do\/wp-content\/uploads\/2024\/08\/jesus-vasquez.jpg?resize=350%2C200&ssl=1","width":350,"height":200,"srcset":"https:\/\/i0.wp.com\/lasprimeras.com.do\/wp-content\/uploads\/2024\/08\/jesus-vasquez.jpg?resize=350%2C200&ssl=1 1x, https:\/\/i0.wp.com\/lasprimeras.com.do\/wp-content\/uploads\/2024\/08\/jesus-vasquez.jpg?resize=525%2C300&ssl=1 1.5x"},"classes":[]},{"id":124265,"url":"https:\/\/lasprimeras.com.do\/index.php\/2026\/03\/10\/enterate-ny-34\/","url_meta":{"origin":124170,"position":3},"title":"Ent\u00e9rate NY","author":"Nelson Feliz","date":"10 de marzo de 2026","format":false,"excerpt":"PERIODISMO INFORMATIVO Y CR\u00cdTICO AL SERVICIO DE LA COMUNIDAD Por Ram\u00f3n Mercedes \u25baVuelve y vuelve: El autor de esta columna tom\u00f3 vacaciones prolongadas por recomendaci\u00f3n de su cardi\u00f3logo en el Westchester Medical Center, el Dr. Radham\u00e9s Arturo Rojas. Luego de examinarme (la primera semana de diciembre de 2025), determin\u00f3 taquicardia\u2026","rel":"","context":"En \u00abOPINI\u00d3N\u00bb","block_context":{"text":"OPINI\u00d3N","link":"https:\/\/lasprimeras.com.do\/index.php\/category\/opinion\/"},"img":{"alt_text":"","src":"https:\/\/i0.wp.com\/lasprimeras.com.do\/wp-content\/uploads\/2026\/03\/WhatsApp-Image-2026-03-09-at-9.27.12-AM.jpeg?resize=350%2C200&ssl=1","width":350,"height":200},"classes":[]},{"id":99269,"url":"https:\/\/lasprimeras.com.do\/index.php\/2025\/05\/19\/perremeistas-ny-se-pondran-en-pie-de-lucha-al-ser-pensionado-inconsultamente-por-el-consul\/","url_meta":{"origin":124170,"position":4},"title":"Perreme\u00edstas NY se pondr\u00e1n en pie de lucha al ser pensionado inconsultamente por el C\u00f3nsul","author":"Nelson Feliz","date":"19 de mayo de 2025","format":false,"excerpt":"Por Ram\u00f3n Mercedes NUEVA YORK.- Decenas de dirigentes de la seccional del Partido Revolucionario Moderno (PRM-NY) que trabajan en el consulado dominicano en esta ciudad, se pondr\u00e1n en pie de lucha al ser pensionados por el c\u00f3nsul Jes\u00fas -Chu- V\u00e1squez, sin ser consultados. El decreto 199-25, de fecha 10 de\u2026","rel":"","context":"En \u00abPOLITICA\u00bb","block_context":{"text":"POLITICA","link":"https:\/\/lasprimeras.com.do\/index.php\/category\/politica\/"},"img":{"alt_text":"Perreme\u00edstas NY","src":"https:\/\/i0.wp.com\/lasprimeras.com.do\/wp-content\/uploads\/2025\/05\/WhatsApp-Image-2025-05-19-at-6.34.23-AM-3.jpeg?resize=350%2C200&ssl=1","width":350,"height":200,"srcset":"https:\/\/i0.wp.com\/lasprimeras.com.do\/wp-content\/uploads\/2025\/05\/WhatsApp-Image-2025-05-19-at-6.34.23-AM-3.jpeg?resize=350%2C200&ssl=1 1x, https:\/\/i0.wp.com\/lasprimeras.com.do\/wp-content\/uploads\/2025\/05\/WhatsApp-Image-2025-05-19-at-6.34.23-AM-3.jpeg?resize=525%2C300&ssl=1 1.5x, https:\/\/i0.wp.com\/lasprimeras.com.do\/wp-content\/uploads\/2025\/05\/WhatsApp-Image-2025-05-19-at-6.34.23-AM-3.jpeg?resize=700%2C400&ssl=1 2x"},"classes":[]},{"id":53191,"url":"https:\/\/lasprimeras.com.do\/index.php\/2023\/06\/24\/roberto-angel-anuncia-gobierno-establecera-red-de-centros-culturales-en-el-exterior\/","url_meta":{"origin":124170,"position":5},"title":"Roberto \u00c1ngel anuncia Gobierno establecer\u00e1 Red de Centros Culturales en el Exterior","author":"Nelson Feliz","date":"24 de junio de 2023","format":false,"excerpt":"El director de Propeep dijo que el punto de partida de estos centros son los m\u00e1s de 2 millones de dominicanos que residen fuera del pa\u00eds y una manera del Gobierno llevar acciones e impactar la di\u00e1spora Nueva York, EE.UU.- El Gobierno dominicano dio los pasos iniciales en esta ciudad\u2026","rel":"","context":"En \u00abECONOM\u00cdA\u00bb","block_context":{"text":"ECONOM\u00cdA","link":"https:\/\/lasprimeras.com.do\/index.php\/category\/economia\/"},"img":{"alt_text":"Roberto \u00c1ngel Salcedo","src":"https:\/\/i0.wp.com\/lasprimeras.com.do\/wp-content\/uploads\/2023\/06\/Robertico-en-NY.jpg?resize=350%2C200&ssl=1","width":350,"height":200,"srcset":"https:\/\/i0.wp.com\/lasprimeras.com.do\/wp-content\/uploads\/2023\/06\/Robertico-en-NY.jpg?resize=350%2C200&ssl=1 1x, https:\/\/i0.wp.com\/lasprimeras.com.do\/wp-content\/uploads\/2023\/06\/Robertico-en-NY.jpg?resize=525%2C300&ssl=1 1.5x, https:\/\/i0.wp.com\/lasprimeras.com.do\/wp-content\/uploads\/2023\/06\/Robertico-en-NY.jpg?resize=700%2C400&ssl=1 2x"},"classes":[]}],"jetpack_sharing_enabled":true,"_links":{"self":[{"href":"https:\/\/lasprimeras.com.do\/index.php\/wp-json\/wp\/v2\/posts\/124170","targetHints":{"allow":["GET"]}}],"collection":[{"href":"https:\/\/lasprimeras.com.do\/index.php\/wp-json\/wp\/v2\/posts"}],"about":[{"href":"https:\/\/lasprimeras.com.do\/index.php\/wp-json\/wp\/v2\/types\/post"}],"author":[{"embeddable":true,"href":"https:\/\/lasprimeras.com.do\/index.php\/wp-json\/wp\/v2\/users\/10"}],"replies":[{"embeddable":true,"href":"https:\/\/lasprimeras.com.do\/index.php\/wp-json\/wp\/v2\/comments?post=124170"}],"version-history":[{"count":1,"href":"https:\/\/lasprimeras.com.do\/index.php\/wp-json\/wp\/v2\/posts\/124170\/revisions"}],"predecessor-version":[{"id":124171,"href":"https:\/\/lasprimeras.com.do\/index.php\/wp-json\/wp\/v2\/posts\/124170\/revisions\/124171"}],"wp:featuredmedia":[{"embeddable":true,"href":"https:\/\/lasprimeras.com.do\/index.php\/wp-json\/wp\/v2\/media\/120446"}],"wp:attachment":[{"href":"https:\/\/lasprimeras.com.do\/index.php\/wp-json\/wp\/v2\/media?parent=124170"}],"wp:term":[{"taxonomy":"category","embeddable":true,"href":"https:\/\/lasprimeras.com.do\/index.php\/wp-json\/wp\/v2\/categories?post=124170"},{"taxonomy":"post_tag","embeddable":true,"href":"https:\/\/lasprimeras.com.do\/index.php\/wp-json\/wp\/v2\/tags?post=124170"}],"curies":[{"name":"wp","href":"https:\/\/api.w.org\/{rel}","templated":true}]}}