{"id":124173,"date":"2026-03-09T09:46:09","date_gmt":"2026-03-09T13:46:09","guid":{"rendered":"https:\/\/lasprimeras.com.do\/?p=124173"},"modified":"2026-03-09T09:46:12","modified_gmt":"2026-03-09T13:46:12","slug":"nyc-no-descarta-ampliar-estacionamientos-con-parquimetros-dominicanos-serian-afectados","status":"publish","type":"post","link":"https:\/\/lasprimeras.com.do\/index.php\/2026\/03\/09\/nyc-no-descarta-ampliar-estacionamientos-con-parquimetros-dominicanos-serian-afectados\/","title":{"rendered":"NYC no descarta ampliar estacionamientos con parqu\u00edmetros; dominicanos ser\u00edan afectados"},"content":{"rendered":"\n<p>Por Ram\u00f3n Mercedes<\/p>\n\n\n\n<p>NUEVA YORK.- Las autoridades de esta ciudad no descartan ampliar los estacionamientos y cobrar m\u00e1s a los conductores por estacionarse en las calles de la Gran Manzana. Decenas de miles de choferes dominicanos se ver\u00edan afectados.<\/p>\n\n\n\n<p>El primer vicealcalde, Dean Fuleihan, dijo que es una de las posibles medidas para aumentar los ingresos que la administraci\u00f3n est\u00e1 considerando, con el fin de ayudar a cerrar una brecha presupuestaria considerable y financiar sus prioridades.<\/p>\n\n\n\n<p>La propuesta del Centro para un Urbano Futuro, adem\u00e1s, exige implementar estacionamiento din\u00e1mico y crear un sistema de permisos residenciales.<\/p>\n\n\n\n<p>En su propuesta, el grupo de expertos afirma que NYC actualmente mide solo 80,000 de sus tres millones de plazas de estacionamiento en la calle, lo que genera 258 millones de d\u00f3lares anuales, una realidad que califican como una &#8220;costosa oportunidad perdida&#8221;.<\/p>\n\n\n\n<p>El grupo argumenta que, si la ciudad midiera solo el 25 % de sus plazas de estacionamiento gratuitas actuales, generar\u00eda al menos 1,21 mil millones de d\u00f3lares en ingresos anuales adicionales.<\/p>\n\n\n\n<p>Tambi\u00e9n recomienda que la ciudad introduzca un sistema de precios din\u00e1micos para los parqu\u00edmetros. Bajo este modelo, se aumentar\u00edan las tarifas de los parqu\u00edmetros durante las horas punta, como la hora punta de la ma\u00f1ana, y se reducir\u00edan en las horas de menor demanda, para recaudar m\u00e1s fondos.<\/p>\n\n\n\n<p>Adem\u00e1s, sugieren implementar un sistema de permisos para estacionamiento residencial como otra forma de generar m\u00e1s dinero.<\/p>\n","protected":false},"excerpt":{"rendered":"<p>Por Ram\u00f3n Mercedes NUEVA YORK.- Las autoridades de esta ciudad no descartan ampliar los estacionamientos y cobrar m\u00e1s a los conductores por estacionarse en las calles de la Gran Manzana.&hellip;<\/p>\n","protected":false},"author":10,"featured_media":124174,"comment_status":"open","ping_status":"open","sticky":false,"template":"","format":"standard","meta":{"content-type":"","jetpack_post_was_ever_published":false,"_jetpack_newsletter_access":"","_jetpack_dont_email_post_to_subs":false,"_jetpack_newsletter_tier_id":0,"_jetpack_memberships_contains_paywalled_content":false,"_jetpack_memberships_contains_paid_content":false,"footnotes":""},"categories":[16289],"tags":[487,104,31017],"class_list":["post-124173","post","type-post","status-publish","format-standard","has-post-thumbnail","hentry","category-internacionales","tag-dominicanos","tag-nueva-york","tag-parquimetros"],"jetpack_featured_media_url":"https:\/\/lasprimeras.com.do\/wp-content\/uploads\/2026\/03\/IMG-20260309-WA0386.jpg","jetpack-related-posts":[{"id":100501,"url":"https:\/\/lasprimeras.com.do\/index.php\/2025\/06\/07\/advierte-sobre-estafas-en-parquimetros-nyc\/","url_meta":{"origin":124173,"position":0},"title":"Advierte sobre estafas en parqu\u00edmetros NYC","author":"Nelson Feliz","date":"7 de junio de 2025","format":false,"excerpt":"Por Ram\u00f3n Mercedes NUEVA YORK.- El Departamento de Transporte de NYC (DOT) advierte a los conductores en esta ciudad sobre estafas en parqu\u00edmetros en los diferentes condados. \u00abTengan cuidado al intentar pagar los parqu\u00edmetros en NYC\u00bb, sostiene la agencia municipal. En una nueva estafa, se est\u00e1n pegando pegatinas QR en\u2026","rel":"","context":"En \u00abECONOM\u00cdA\u00bb","block_context":{"text":"ECONOM\u00cdA","link":"https:\/\/lasprimeras.com.do\/index.php\/category\/economia\/"},"img":{"alt_text":"","src":"https:\/\/i0.wp.com\/lasprimeras.com.do\/wp-content\/uploads\/2025\/06\/WhatsApp-Image-2025-06-07-at-8.56.12-AM-1.jpeg?resize=350%2C200&ssl=1","width":350,"height":200,"srcset":"https:\/\/i0.wp.com\/lasprimeras.com.do\/wp-content\/uploads\/2025\/06\/WhatsApp-Image-2025-06-07-at-8.56.12-AM-1.jpeg?resize=350%2C200&ssl=1 1x, https:\/\/i0.wp.com\/lasprimeras.com.do\/wp-content\/uploads\/2025\/06\/WhatsApp-Image-2025-06-07-at-8.56.12-AM-1.jpeg?resize=525%2C300&ssl=1 1.5x, https:\/\/i0.wp.com\/lasprimeras.com.do\/wp-content\/uploads\/2025\/06\/WhatsApp-Image-2025-06-07-at-8.56.12-AM-1.jpeg?resize=700%2C400&ssl=1 2x"},"classes":[]},{"id":65970,"url":"https:\/\/lasprimeras.com.do\/index.php\/2023\/11\/02\/piden-parquimetros-en-vistas-publicas\/","url_meta":{"origin":124173,"position":1},"title":"Piden parqu\u00edmetros en vistas p\u00fablicas","author":"BIMARY DE JES\u00daS Matos","date":"2 de noviembre de 2023","format":false,"excerpt":"Santiago. En medio de quejas por el caos en el casco urbano debido a la falta de parqueos, diversos sectores participaron de las vistas p\u00fablicas convocadas por la Alcald\u00eda de Santiago de los Caballeros donde se debati\u00f3 la incorporaci\u00f3n del sistema integrado de parqu\u00edmetros. Durante la audiencia celebrada en el\u2026","rel":"","context":"En \u00abNACIONALES\u00bb","block_context":{"text":"NACIONALES","link":"https:\/\/lasprimeras.com.do\/index.php\/category\/nacionales\/"},"img":{"alt_text":"","src":"https:\/\/i0.wp.com\/lasprimeras.com.do\/wp-content\/uploads\/2023\/11\/WhatsApp-Image-2023-10-31-at-11.41.17-AM.jpeg?resize=350%2C200&ssl=1","width":350,"height":200,"srcset":"https:\/\/i0.wp.com\/lasprimeras.com.do\/wp-content\/uploads\/2023\/11\/WhatsApp-Image-2023-10-31-at-11.41.17-AM.jpeg?resize=350%2C200&ssl=1 1x, https:\/\/i0.wp.com\/lasprimeras.com.do\/wp-content\/uploads\/2023\/11\/WhatsApp-Image-2023-10-31-at-11.41.17-AM.jpeg?resize=525%2C300&ssl=1 1.5x"},"classes":[]},{"id":105335,"url":"https:\/\/lasprimeras.com.do\/index.php\/2025\/08\/01\/fallas-trenes-nyc-afecta-miles-de-pasajeros-entre-ellos-cientos-de-dominicanos\/","url_meta":{"origin":124173,"position":2},"title":"Fallas trenes NYC afecta miles de pasajeros, entre ellos cientos de dominicanos","author":"Nelson Feliz","date":"1 de agosto de 2025","format":false,"excerpt":"Por Ram\u00f3n Mercedes NUEVA YORK.- Dos diferentes cortes de energ\u00eda el\u00e9ctrica ocurridos en las \u00faltimas 72 horas en varias estaciones de trenes en Manhattan, han dejado varados a cientos de miles de pasajeros, entre ellos a miles de dominicanos, entre otras etnias. El martes fue en las estaciones de Spring\u2026","rel":"","context":"En \u00abINTERNACIONALES\u00bb","block_context":{"text":"INTERNACIONALES","link":"https:\/\/lasprimeras.com.do\/index.php\/category\/sin-categoria\/internacionales\/"},"img":{"alt_text":"","src":"https:\/\/i0.wp.com\/lasprimeras.com.do\/wp-content\/uploads\/2025\/08\/WhatsApp-Image-2025-08-01-at-5.43.22-AM-1.jpeg?resize=350%2C200&ssl=1","width":350,"height":200,"srcset":"https:\/\/i0.wp.com\/lasprimeras.com.do\/wp-content\/uploads\/2025\/08\/WhatsApp-Image-2025-08-01-at-5.43.22-AM-1.jpeg?resize=350%2C200&ssl=1 1x, https:\/\/i0.wp.com\/lasprimeras.com.do\/wp-content\/uploads\/2025\/08\/WhatsApp-Image-2025-08-01-at-5.43.22-AM-1.jpeg?resize=525%2C300&ssl=1 1.5x, https:\/\/i0.wp.com\/lasprimeras.com.do\/wp-content\/uploads\/2025\/08\/WhatsApp-Image-2025-08-01-at-5.43.22-AM-1.jpeg?resize=700%2C400&ssl=1 2x"},"classes":[]},{"id":98317,"url":"https:\/\/lasprimeras.com.do\/index.php\/2025\/05\/06\/reitera-peticion-de-doble-parqueo-para-taxistas-recoger-y-dejar-pasajeros-con-discapacidades-en-nyc\/","url_meta":{"origin":124173,"position":3},"title":"Reitera petici\u00f3n de doble parqueo para taxistas recoger y dejar pasajeros con discapacidades en NYC","author":"Nelson Feliz","date":"6 de mayo de 2025","format":false,"excerpt":"Por Ram\u00f3n Mercedes NUEVA YORK.- El presidente del Consorcio High Class en esta ciudad, Antonio Cabrera (Tuly), que aglutina cientos de taxistas, reiter\u00f3 a las autoridades neoyorkinas permitirles a todos conductores de este tipo en los cinco condados estacionarse en doble l\u00ednea o utilizar moment\u00e1neamente los carriles de autobuses para\u2026","rel":"","context":"En \u00abINTERNACIONALES\u00bb","block_context":{"text":"INTERNACIONALES","link":"https:\/\/lasprimeras.com.do\/index.php\/category\/sin-categoria\/internacionales\/"},"img":{"alt_text":"","src":"https:\/\/i0.wp.com\/lasprimeras.com.do\/wp-content\/uploads\/2025\/05\/WhatsApp-Image-2025-05-06-at-5.22.38-AM-2.jpeg?resize=350%2C200&ssl=1","width":350,"height":200,"srcset":"https:\/\/i0.wp.com\/lasprimeras.com.do\/wp-content\/uploads\/2025\/05\/WhatsApp-Image-2025-05-06-at-5.22.38-AM-2.jpeg?resize=350%2C200&ssl=1 1x, https:\/\/i0.wp.com\/lasprimeras.com.do\/wp-content\/uploads\/2025\/05\/WhatsApp-Image-2025-05-06-at-5.22.38-AM-2.jpeg?resize=525%2C300&ssl=1 1.5x, https:\/\/i0.wp.com\/lasprimeras.com.do\/wp-content\/uploads\/2025\/05\/WhatsApp-Image-2025-05-06-at-5.22.38-AM-2.jpeg?resize=700%2C400&ssl=1 2x"},"classes":[]},{"id":96062,"url":"https:\/\/lasprimeras.com.do\/index.php\/2025\/03\/25\/llama-evitar-doble-parqueo-nyc-espera-autoridades-permitan-a-taxistas-hacerlo-en-horas-de-trabajo\/","url_meta":{"origin":124173,"position":4},"title":"Llama evitar doble parqueo NYC; espera autoridades permitan a taxistas hacerlo en horas de trabajo","author":"Nelson Feliz","date":"25 de marzo de 2025","format":false,"excerpt":"Por Ram\u00f3n Mercedes NUEVA YORK.- Antonio Cabrera, presidente del Consorcio High Class y de la Federaci\u00f3n de Taxista del estado de NY (NYSFTD) hizo un llamado a los taxistas miembros de las organizaciones y a choferes particulares para que eviten estacionarse en doble parqueo en esta ciudad para reducir la\u2026","rel":"","context":"En \u00abINTERNACIONALES\u00bb","block_context":{"text":"INTERNACIONALES","link":"https:\/\/lasprimeras.com.do\/index.php\/category\/sin-categoria\/internacionales\/"},"img":{"alt_text":"Llama evitar doble parqueo NYC","src":"https:\/\/i0.wp.com\/lasprimeras.com.do\/wp-content\/uploads\/2025\/03\/WhatsApp-Image-2025-03-25-at-7.22.00-AM-1.jpeg?resize=350%2C200&ssl=1","width":350,"height":200,"srcset":"https:\/\/i0.wp.com\/lasprimeras.com.do\/wp-content\/uploads\/2025\/03\/WhatsApp-Image-2025-03-25-at-7.22.00-AM-1.jpeg?resize=350%2C200&ssl=1 1x, https:\/\/i0.wp.com\/lasprimeras.com.do\/wp-content\/uploads\/2025\/03\/WhatsApp-Image-2025-03-25-at-7.22.00-AM-1.jpeg?resize=525%2C300&ssl=1 1.5x"},"classes":[]},{"id":97943,"url":"https:\/\/lasprimeras.com.do\/index.php\/2025\/04\/29\/acusan-hispano-violar-cadaver-humano-en-tren-nyc-presuntamente-es-dominicano\/","url_meta":{"origin":124173,"position":5},"title":"Acusan hispano violar cad\u00e1ver humano en tren NYC; presuntamente es dominicano","author":"Nelson Feliz","date":"29 de abril de 2025","format":false,"excerpt":"Por Ram\u00f3n Mercedes NUEVA YORK.- El hispano F\u00e9lix Rojas, de 44 a\u00f1os, residente en Brooklyn y presuntamente dominicano, apresado el pasado domingo, fue acusado de violar un cad\u00e1ver humano en un vag\u00f3n del tren R en la estaci\u00f3n de la calle Whitehall-Manhattan. La instituci\u00f3n del orden ven\u00eda d\u00e1ndole seguimiento, desde\u2026","rel":"","context":"En \u00abINTERNACIONALES\u00bb","block_context":{"text":"INTERNACIONALES","link":"https:\/\/lasprimeras.com.do\/index.php\/category\/sin-categoria\/internacionales\/"},"img":{"alt_text":"Apresan y acusan hispano violar cad\u00e1ver humano en tren NYC","src":"https:\/\/i0.wp.com\/lasprimeras.com.do\/wp-content\/uploads\/2025\/04\/WhatsApp-Image-2025-04-29-at-5.43.41-AM.jpeg?resize=350%2C200&ssl=1","width":350,"height":200,"srcset":"https:\/\/i0.wp.com\/lasprimeras.com.do\/wp-content\/uploads\/2025\/04\/WhatsApp-Image-2025-04-29-at-5.43.41-AM.jpeg?resize=350%2C200&ssl=1 1x, https:\/\/i0.wp.com\/lasprimeras.com.do\/wp-content\/uploads\/2025\/04\/WhatsApp-Image-2025-04-29-at-5.43.41-AM.jpeg?resize=525%2C300&ssl=1 1.5x"},"classes":[]}],"jetpack_sharing_enabled":true,"_links":{"self":[{"href":"https:\/\/lasprimeras.com.do\/index.php\/wp-json\/wp\/v2\/posts\/124173","targetHints":{"allow":["GET"]}}],"collection":[{"href":"https:\/\/lasprimeras.com.do\/index.php\/wp-json\/wp\/v2\/posts"}],"about":[{"href":"https:\/\/lasprimeras.com.do\/index.php\/wp-json\/wp\/v2\/types\/post"}],"author":[{"embeddable":true,"href":"https:\/\/lasprimeras.com.do\/index.php\/wp-json\/wp\/v2\/users\/10"}],"replies":[{"embeddable":true,"href":"https:\/\/lasprimeras.com.do\/index.php\/wp-json\/wp\/v2\/comments?post=124173"}],"version-history":[{"count":1,"href":"https:\/\/lasprimeras.com.do\/index.php\/wp-json\/wp\/v2\/posts\/124173\/revisions"}],"predecessor-version":[{"id":124175,"href":"https:\/\/lasprimeras.com.do\/index.php\/wp-json\/wp\/v2\/posts\/124173\/revisions\/124175"}],"wp:featuredmedia":[{"embeddable":true,"href":"https:\/\/lasprimeras.com.do\/index.php\/wp-json\/wp\/v2\/media\/124174"}],"wp:attachment":[{"href":"https:\/\/lasprimeras.com.do\/index.php\/wp-json\/wp\/v2\/media?parent=124173"}],"wp:term":[{"taxonomy":"category","embeddable":true,"href":"https:\/\/lasprimeras.com.do\/index.php\/wp-json\/wp\/v2\/categories?post=124173"},{"taxonomy":"post_tag","embeddable":true,"href":"https:\/\/lasprimeras.com.do\/index.php\/wp-json\/wp\/v2\/tags?post=124173"}],"curies":[{"name":"wp","href":"https:\/\/api.w.org\/{rel}","templated":true}]}}