{"id":124179,"date":"2026-03-09T11:08:58","date_gmt":"2026-03-09T15:08:58","guid":{"rendered":"https:\/\/lasprimeras.com.do\/?p=124179"},"modified":"2026-03-09T11:09:00","modified_gmt":"2026-03-09T15:09:00","slug":"index-promueve-en-ny-cine-dominicano-en-diversas-jornadas-culturales","status":"publish","type":"post","link":"https:\/\/lasprimeras.com.do\/index.php\/2026\/03\/09\/index-promueve-en-ny-cine-dominicano-en-diversas-jornadas-culturales\/","title":{"rendered":"INDEX promueve en NY cine dominicano en diversas jornadas culturales"},"content":{"rendered":"\n<p>Por Ram\u00f3n Mercedes<\/p>\n\n\n\n<p>NUEVA YORK.- La embajadora y directora ejecutiva del Instituto del Dominicanos(as) en el Exterior (INDEX), Celin\u00e9s Toribio, promueve el cine dominicano en el exterior en diversas jornadas culturales.<\/p>\n\n\n\n<p>La semana pasada, el cine dominicano fue el eje central de una jornada cultural celebrada en El Bronx, respaldada por el asamble\u00edsta del Distrito 78 de dicho condado, George \u00c1lvarez.<\/p>\n\n\n\n<p>La actividad, dirigida a la comunidad dominicana y a otros grupos \u00e9tnicos residentes en El Bronx, busca destacar el crecimiento que ha experimentado la industria cinematogr\u00e1fica del pa\u00eds en los \u00faltimos a\u00f1os, al tiempo que abri\u00f3 un espacio de encuentro cultural donde ni\u00f1os, j\u00f3venes y adultos compartieron una experiencia art\u00edstica vinculada a la identidad nacional.<\/p>\n\n\n\n<p>El INDEX promueve el talento cinematogr\u00e1fico de la RD con la proyecci\u00f3n de la pel\u00edcula animada \u201cCapit\u00e1n Avispa\u201d, una iniciativa que reuni\u00f3 a decenas de familias interesadas en conocer y apoyar el desarrollo del s\u00e9ptimo arte dominicano.<\/p>\n\n\n\n<p>Por su parte, el director del INDEX-NY, John S\u00e1nchez, explic\u00f3 que promover el cine dominicano en la di\u00e1spora forma parte de los esfuerzos institucionales por acercar las expresiones culturales del pa\u00eds a las nuevas generaciones que viven fuera del territorio nacional.<\/p>\n\n\n\n<p>\u201cDesde el INDEX trabajamos para que nuestra di\u00e1spora pueda conocer, apreciar y respaldar las producciones que reflejan nuestras historias, nuestra creatividad y nuestra identidad\u201d, expres\u00f3.<\/p>\n\n\n\n<p>Por su parte, el asamble\u00edsta \u00c1lvarez destac\u00f3 la importancia de apoyar propuestas culturales que acerquen el arte y el entretenimiento a las comunidades.<\/p>\n\n\n\n<p>Valor\u00f3 el impacto que tiene el cine como herramienta para fortalecer la identidad cultural y promover valores positivos entre las nuevas generaciones, destacando que producciones como \u201cCapit\u00e1n Avispa\u201d, inspirada en el universo creativo del cantautor Juan Luis Guerra, contribuyen a resaltar la creatividad y el talento dominicano, puntualiz\u00f3 \u00c1lvarez.<\/p>\n","protected":false},"excerpt":{"rendered":"<p>Por Ram\u00f3n Mercedes NUEVA YORK.- La embajadora y directora ejecutiva del Instituto del Dominicanos(as) en el Exterior (INDEX), Celin\u00e9s Toribio, promueve el cine dominicano en el exterior en diversas jornadas&hellip;<\/p>\n","protected":false},"author":10,"featured_media":124180,"comment_status":"open","ping_status":"open","sticky":false,"template":"","format":"standard","meta":{"content-type":"","jetpack_post_was_ever_published":false,"_jetpack_newsletter_access":"","_jetpack_dont_email_post_to_subs":false,"_jetpack_newsletter_tier_id":0,"_jetpack_memberships_contains_paywalled_content":false,"_jetpack_memberships_contains_paid_content":false,"footnotes":""},"categories":[84],"tags":[11613,176,31018,104],"class_list":["post-124179","post","type-post","status-publish","format-standard","has-post-thumbnail","hentry","category-entretenimiento","tag-cine-dominicano","tag-index","tag-jornadas-culturales","tag-nueva-york"],"jetpack_featured_media_url":"https:\/\/lasprimeras.com.do\/wp-content\/uploads\/2026\/03\/IMG-20260309-WA0388.jpg","jetpack-related-posts":[{"id":122080,"url":"https:\/\/lasprimeras.com.do\/index.php\/2026\/02\/13\/seleccionan-a-roberto-rojas-gran-mariscal-de-la-parada-dominicana-2026-en-el-bronx\/","url_meta":{"origin":124179,"position":0},"title":"Seleccionan a Roberto Rojas Gran Mariscal de la Parada Dominicana 2026 en El Bronx","author":"Nelson Feliz","date":"13 de febrero de 2026","format":false,"excerpt":"Por Ram\u00f3n Mercedes NUEVA YORK.- La Gran Parada Dominicana de El Bronx se prestigiar\u00e1 y distinguir\u00e1 m\u00e1s en este 2026 al seleccionar al reconocido empresario, comunitario y fil\u00e1ntropo, Roberto Rojas, como el Gran Mariscal de la trig\u00e9sima s\u00e9ptima edici\u00f3n (37) del emblem\u00e1tico desfille a celebrarse el pr\u00f3ximo 26 de julio\u2026","rel":"","context":"En \u00abSin categor\u00eda\u00bb","block_context":{"text":"Sin categor\u00eda","link":"https:\/\/lasprimeras.com.do\/index.php\/category\/sin-categoria\/"},"img":{"alt_text":"","src":"https:\/\/i0.wp.com\/lasprimeras.com.do\/wp-content\/uploads\/2026\/02\/Seleccionan-a-Roberto-Rojas-como-Gran-Mariscal-de-la-Parada-Dominicana-2026-en-El-Bronx.jpg?resize=350%2C200&ssl=1","width":350,"height":200},"classes":[]},{"id":121269,"url":"https:\/\/lasprimeras.com.do\/index.php\/2026\/02\/02\/dan-a-conocer-programa-docente-y-actividades-de-cultura-dominicana-en-nueva-york-y-nueva-jersey\/","url_meta":{"origin":124179,"position":1},"title":"Dan a conocer programa docente y actividades de Cultura Dominicana en Nueva York y Nueva Jersey","author":"Nelson Feliz","date":"2 de febrero de 2026","format":false,"excerpt":"NUEVA YORK. \u2013 En el marco de la celebraci\u00f3n del Mes de la Patria Dominicana, la Direcci\u00f3n de Cultura Dominicana en el Exterior dio a conocer un amplio programa docente y agenda de actividades culturales a desarrollarse en sus sedes de Nueva York y Nueva Jersey, en su firme compromiso\u2026","rel":"","context":"En \u00abENTRETENIMIENTO\u00bb","block_context":{"text":"ENTRETENIMIENTO","link":"https:\/\/lasprimeras.com.do\/index.php\/category\/entretenimiento\/"},"img":{"alt_text":"Cultura Dominicana","src":"https:\/\/i0.wp.com\/lasprimeras.com.do\/wp-content\/uploads\/2026\/02\/Cultura-Dominicana.jpg?resize=350%2C200&ssl=1","width":350,"height":200,"srcset":"https:\/\/i0.wp.com\/lasprimeras.com.do\/wp-content\/uploads\/2026\/02\/Cultura-Dominicana.jpg?resize=350%2C200&ssl=1 1x, https:\/\/i0.wp.com\/lasprimeras.com.do\/wp-content\/uploads\/2026\/02\/Cultura-Dominicana.jpg?resize=525%2C300&ssl=1 1.5x, https:\/\/i0.wp.com\/lasprimeras.com.do\/wp-content\/uploads\/2026\/02\/Cultura-Dominicana.jpg?resize=700%2C400&ssl=1 2x"},"classes":[]},{"id":121401,"url":"https:\/\/lasprimeras.com.do\/index.php\/2026\/02\/04\/periodista-jose-manuel-duarte-pone-en-circulacion-el-periodico-ultima-jornada\/","url_meta":{"origin":124179,"position":2},"title":"Periodista Jos\u00e9 Manuel Duarte pone en circulaci\u00f3n el peri\u00f3dico \u00daltima Jornada","author":"Nelson Feliz","date":"4 de febrero de 2026","format":false,"excerpt":"El periodista Jos\u00e9 Manuel Duarte puso en circulaci\u00f3n el peri\u00f3dico impreso \u00daltima Jornada, un nuevo rotativo concebido como un espacio informativo para abordar las principales noticias de inter\u00e9s nacional e internacional, con un enfoque especial en la cotidianidad social, la cultura y el arte de las distintas provincias que conforman\u2026","rel":"","context":"En \u00abENTRETENIMIENTO\u00bb","block_context":{"text":"ENTRETENIMIENTO","link":"https:\/\/lasprimeras.com.do\/index.php\/category\/entretenimiento\/"},"img":{"alt_text":"","src":"https:\/\/i0.wp.com\/lasprimeras.com.do\/wp-content\/uploads\/2026\/02\/IMG-20260204-WA0080.jpg?resize=350%2C200&ssl=1","width":350,"height":200,"srcset":"https:\/\/i0.wp.com\/lasprimeras.com.do\/wp-content\/uploads\/2026\/02\/IMG-20260204-WA0080.jpg?resize=350%2C200&ssl=1 1x, https:\/\/i0.wp.com\/lasprimeras.com.do\/wp-content\/uploads\/2026\/02\/IMG-20260204-WA0080.jpg?resize=525%2C300&ssl=1 1.5x, https:\/\/i0.wp.com\/lasprimeras.com.do\/wp-content\/uploads\/2026\/02\/IMG-20260204-WA0080.jpg?resize=700%2C400&ssl=1 2x, https:\/\/i0.wp.com\/lasprimeras.com.do\/wp-content\/uploads\/2026\/02\/IMG-20260204-WA0080.jpg?resize=1050%2C600&ssl=1 3x"},"classes":[]},{"id":87456,"url":"https:\/\/lasprimeras.com.do\/index.php\/2024\/08\/12\/propeep-index-y-cultura-inauguran-en-nueva-york-primer-centro-cultural-e-innovacion-para-dominicanos-en-el-exterior\/","url_meta":{"origin":124179,"position":3},"title":"Propeep, Index y Cultura inauguran en Nueva York primer Centro Cultural e Innovaci\u00f3n para dominicanos en el exterior","author":"Nelson Feliz","date":"12 de agosto de 2024","format":false,"excerpt":"Nueva York .- La Direcci\u00f3n de Proyectos Estrat\u00e9gicos y Especiales de la Presidencia (Propeep), el Ministerio de Cultura y el Instituto para los Dominicanos y Dominicanas en el Exterior (Index) inauguraron el primer Centro de Cultura e Innovaci\u00f3n para los Dominicanos en el Exterior (Cidex), ubicado en el 2406 de\u2026","rel":"","context":"En \u00abPORTADA\u00bb","block_context":{"text":"PORTADA","link":"https:\/\/lasprimeras.com.do\/index.php\/category\/portada\/"},"img":{"alt_text":"cidex","src":"https:\/\/i0.wp.com\/lasprimeras.com.do\/wp-content\/uploads\/2024\/08\/cidex.jpeg?resize=350%2C200&ssl=1","width":350,"height":200,"srcset":"https:\/\/i0.wp.com\/lasprimeras.com.do\/wp-content\/uploads\/2024\/08\/cidex.jpeg?resize=350%2C200&ssl=1 1x, https:\/\/i0.wp.com\/lasprimeras.com.do\/wp-content\/uploads\/2024\/08\/cidex.jpeg?resize=525%2C300&ssl=1 1.5x, https:\/\/i0.wp.com\/lasprimeras.com.do\/wp-content\/uploads\/2024\/08\/cidex.jpeg?resize=700%2C400&ssl=1 2x"},"classes":[]},{"id":118538,"url":"https:\/\/lasprimeras.com.do\/index.php\/2025\/12\/30\/defensor-del-pueblo-jce-e-index-las-tres-instituciones-gubernamentales-mas-transparentes-y-eficientes-en-rd\/","url_meta":{"origin":124179,"position":4},"title":"Defensor del Pueblo, JCE e INDEX las tres instituciones gubernamentales m\u00e1s transparentes y eficientes en RD","author":"Nelson Feliz","date":"30 de diciembre de 2025","format":false,"excerpt":"Por Ram\u00f3n Mercedes NUEVA YORK.- La oficina del Defensor del Pueblo, la Junta Central Electoral (JCE) y el Instituto del Dominicanos(as) en el Exterior (INDEX) son las instituciones gubernamentales en RD m\u00e1s transparentes y eficientes, seg\u00fan un sondeo realizado por el \u00abEquipo los 6\u00bb entre quisqueyanos residentes en esta ciudad.\u2026","rel":"","context":"En \u00abINTERNACIONALES\u00bb","block_context":{"text":"INTERNACIONALES","link":"https:\/\/lasprimeras.com.do\/index.php\/category\/sin-categoria\/internacionales\/"},"img":{"alt_text":"","src":"https:\/\/i0.wp.com\/lasprimeras.com.do\/wp-content\/uploads\/2025\/12\/inst.jpg?resize=350%2C200&ssl=1","width":350,"height":200,"srcset":"https:\/\/i0.wp.com\/lasprimeras.com.do\/wp-content\/uploads\/2025\/12\/inst.jpg?resize=350%2C200&ssl=1 1x, https:\/\/i0.wp.com\/lasprimeras.com.do\/wp-content\/uploads\/2025\/12\/inst.jpg?resize=525%2C300&ssl=1 1.5x"},"classes":[]},{"id":127787,"url":"https:\/\/lasprimeras.com.do\/index.php\/2026\/04\/16\/zoe-saldana-es-reconocida-por-la-revista-time-entre-las-100-personas-mas-influyentes-de-2026\/","url_meta":{"origin":124179,"position":5},"title":"Zo\u00e9 Salda\u00f1a es reconocida por la revista Time entre las 100 personas m\u00e1s influyentes de 2026","author":"Nelson Feliz","date":"16 de abril de 2026","format":false,"excerpt":"La actriz dominicana Zo\u00e9 Salda\u00f1a fue reconocida este mi\u00e9rcoles por la revista Time como una de las 100 personas m\u00e1s influyentes de 2026. Zo\u00e9 figura entre las cuatro personalidades destacadas en la portada de esta edici\u00f3n especial, la cual resalta su impacto en el cine global. La dominicana destaca su\u2026","rel":"","context":"En \u00abENTRETENIMIENTO\u00bb","block_context":{"text":"ENTRETENIMIENTO","link":"https:\/\/lasprimeras.com.do\/index.php\/category\/entretenimiento\/"},"img":{"alt_text":"","src":"https:\/\/i0.wp.com\/lasprimeras.com.do\/wp-content\/uploads\/2025\/03\/Zoe-Saldana-1.png?resize=350%2C200&ssl=1","width":350,"height":200,"srcset":"https:\/\/i0.wp.com\/lasprimeras.com.do\/wp-content\/uploads\/2025\/03\/Zoe-Saldana-1.png?resize=350%2C200&ssl=1 1x, https:\/\/i0.wp.com\/lasprimeras.com.do\/wp-content\/uploads\/2025\/03\/Zoe-Saldana-1.png?resize=525%2C300&ssl=1 1.5x, https:\/\/i0.wp.com\/lasprimeras.com.do\/wp-content\/uploads\/2025\/03\/Zoe-Saldana-1.png?resize=700%2C400&ssl=1 2x"},"classes":[]}],"jetpack_sharing_enabled":true,"_links":{"self":[{"href":"https:\/\/lasprimeras.com.do\/index.php\/wp-json\/wp\/v2\/posts\/124179","targetHints":{"allow":["GET"]}}],"collection":[{"href":"https:\/\/lasprimeras.com.do\/index.php\/wp-json\/wp\/v2\/posts"}],"about":[{"href":"https:\/\/lasprimeras.com.do\/index.php\/wp-json\/wp\/v2\/types\/post"}],"author":[{"embeddable":true,"href":"https:\/\/lasprimeras.com.do\/index.php\/wp-json\/wp\/v2\/users\/10"}],"replies":[{"embeddable":true,"href":"https:\/\/lasprimeras.com.do\/index.php\/wp-json\/wp\/v2\/comments?post=124179"}],"version-history":[{"count":1,"href":"https:\/\/lasprimeras.com.do\/index.php\/wp-json\/wp\/v2\/posts\/124179\/revisions"}],"predecessor-version":[{"id":124181,"href":"https:\/\/lasprimeras.com.do\/index.php\/wp-json\/wp\/v2\/posts\/124179\/revisions\/124181"}],"wp:featuredmedia":[{"embeddable":true,"href":"https:\/\/lasprimeras.com.do\/index.php\/wp-json\/wp\/v2\/media\/124180"}],"wp:attachment":[{"href":"https:\/\/lasprimeras.com.do\/index.php\/wp-json\/wp\/v2\/media?parent=124179"}],"wp:term":[{"taxonomy":"category","embeddable":true,"href":"https:\/\/lasprimeras.com.do\/index.php\/wp-json\/wp\/v2\/categories?post=124179"},{"taxonomy":"post_tag","embeddable":true,"href":"https:\/\/lasprimeras.com.do\/index.php\/wp-json\/wp\/v2\/tags?post=124179"}],"curies":[{"name":"wp","href":"https:\/\/api.w.org\/{rel}","templated":true}]}}