{"id":124182,"date":"2026-03-09T11:18:18","date_gmt":"2026-03-09T15:18:18","guid":{"rendered":"https:\/\/lasprimeras.com.do\/?p=124182"},"modified":"2026-03-09T11:18:20","modified_gmt":"2026-03-09T15:18:20","slug":"dirigente-deportivo-tanto-en-ny-como-en-rd-celebra-victoria-dominicana-en-el-clasico-mundial-en-miami","status":"publish","type":"post","link":"https:\/\/lasprimeras.com.do\/index.php\/2026\/03\/09\/dirigente-deportivo-tanto-en-ny-como-en-rd-celebra-victoria-dominicana-en-el-clasico-mundial-en-miami\/","title":{"rendered":"Dirigente deportivo, tanto en NY como en RD, celebra victoria dominicana en el Cl\u00e1sico Mundial en Miami"},"content":{"rendered":"\n<p>Por Ram\u00f3n Mercedes<\/p>\n\n\n\n<p>NUEVA YORK.- El reconocido dirigente deportivo y comunitario, tanto en esta ciudad como en Quisqueya, el empresario Roberto Rojas, manifest\u00f3 celebrar, como si hubiese sido el nacimiento de uno de sus hijos, la victoria de la selecci\u00f3n de b\u00e9isbol de la Rep\u00fablica Dominicana durante su participaci\u00f3n en el Cl\u00e1sico Mundial de B\u00e9isbol 2026.<\/p>\n\n\n\n<p>Rojas, al asistir de manera presencial al Cl\u00e1sico, destac\u00f3 el orgullo que siente la comunidad dominicana en Estados Unidos y otras partes del mundo al ver el desempe\u00f1o del equipo nacional, se\u00f1alando que cada triunfo en el torneo se convierte en un motivo de unidad para los connacionales dentro y fuera del pa\u00eds caribe\u00f1o.<\/p>\n\n\n\n<p>\u201cEl b\u00e9isbol es parte de nuestra identidad nacional; es parte de mi vida\u201d, precis\u00f3.<\/p>\n\n\n\n<p>\u201cVer a nuestros jugadores representar al pa\u00eds con tanta pasi\u00f3n nos llena de orgullo y fortalece el sentido de comunidad entre los dominicanos en el exterior\u201d, expres\u00f3 al reaccionar al resultado del partido celebrado en el loanDepot Park, en Miami, con capacidad para 36,742 espectadores.<\/p>\n\n\n\n<p>En el encuentro, el conjunto dominicano volvi\u00f3 a demostrar su poder ofensivo y su fortaleza desde el mont\u00edculo, dominando el juego desde el inicio con una actuaci\u00f3n s\u00f3lida del lanzador Luis Severino, quien abri\u00f3 el partido con tres entradas de control absoluto frente a la ofensiva neerlandesa.<\/p>\n\n\n\n<p>La ofensiva dominicana respondi\u00f3 con fuerza, logrando cuatro cuadrangulares, incluyendo batazos de Vladimir Guerrero Jr., Junior Caminero y Austin Wells, que ampliaron la ventaja y encendieron el ambiente entre los miles de fan\u00e1ticos dominicanos presentes en el estadio.<\/p>\n\n\n\n<p>El momento m\u00e1s electrizante lleg\u00f3 en la s\u00e9ptima entrada, cuando Juan Soto conect\u00f3 un jonr\u00f3n de dos carreras, que llev\u00f3 la pizarra a 12-1 y activ\u00f3 la regla del nocaut, sellando una tarde ofensiva memorable para el equipo caribe\u00f1o.<\/p>\n\n\n\n<p>Rojas destaca que el desempe\u00f1o del conjunto dominicano refleja el talento y la disciplina que han convertido al pa\u00eds en una potencia mundial del b\u00e9isbol, destacando adem\u00e1s el liderazgo del dirigente Albert Pujols al frente del equipo.<\/p>\n\n\n\n<p>Con esta victoria, la selecci\u00f3n dominicana coloca su r\u00e9cord en 2-0 en el Grupo D del torneo, acerc\u00e1ndose a la clasificaci\u00f3n a la siguiente ronda y consolidando su posici\u00f3n como uno de los equipos favoritos para conquistar el campeonato.<\/p>\n\n\n\n<p>\u201cCada triunfo de nuestra selecci\u00f3n es una celebraci\u00f3n para todos nuestros compatriotas. El pa\u00eds est\u00e1 bien representado, y confiamos en que seguir\u00e1n avanzando con la misma determinaci\u00f3n\u201d, concluy\u00f3 Rojas.<\/p>\n","protected":false},"excerpt":{"rendered":"<p>Por Ram\u00f3n Mercedes NUEVA YORK.- El reconocido dirigente deportivo y comunitario, tanto en esta ciudad como en Quisqueya, el empresario Roberto Rojas, manifest\u00f3 celebrar, como si hubiese sido el nacimiento&hellip;<\/p>\n","protected":false},"author":10,"featured_media":124183,"comment_status":"open","ping_status":"open","sticky":false,"template":"","format":"standard","meta":{"content-type":"","jetpack_post_was_ever_published":false,"_jetpack_newsletter_access":"","_jetpack_dont_email_post_to_subs":false,"_jetpack_newsletter_tier_id":0,"_jetpack_memberships_contains_paywalled_content":false,"_jetpack_memberships_contains_paid_content":false,"footnotes":""},"categories":[630],"tags":[17811,31019,31020,104,8006,1413],"class_list":["post-124182","post","type-post","status-publish","format-standard","has-post-thumbnail","hentry","category-deportes","tag-clasico-mundial-de-beisbol","tag-dirigentes-deportivos","tag-festejan","tag-nueva-york","tag-republica-dominicana-3","tag-triunfo"],"jetpack_featured_media_url":"https:\/\/lasprimeras.com.do\/wp-content\/uploads\/2026\/03\/IMG-20260309-WA0389.jpg","jetpack-related-posts":[{"id":117270,"url":"https:\/\/lasprimeras.com.do\/index.php\/2025\/12\/09\/albert-pujols-y-nelson-cruz-anunciaran-la-alineacion-y-roster-del-clasico-mundial-de-beisbol-2026\/","url_meta":{"origin":124182,"position":0},"title":"Albert Pujols y Nelson Cruz anunciaran la alineaci\u00f3n y roster del Cl\u00e1sico Mundial de B\u00e9isbol 2026","author":"Nelson Feliz","date":"9 de diciembre de 2025","format":false,"excerpt":"Orlando, La Florida.- El m\u00e1nager del equipo dominicano, Albert Pujols, y el gerente general, Nelson Cruz, aseguraron que los fan\u00e1ticos \u201cse sentir\u00e1n orgullosos de la alineaci\u00f3n y del roster\u201d que ser\u00e1 anunciado oportunamente para el Cl\u00e1sico Mundial de B\u00e9isbol 2026. Ambos emitieron estas declaraciones durante una rueda de prensa en\u2026","rel":"","context":"En \u00abDEPORTES\u00bb","block_context":{"text":"DEPORTES","link":"https:\/\/lasprimeras.com.do\/index.php\/category\/deportes\/"},"img":{"alt_text":"","src":"","width":0,"height":0},"classes":[]},{"id":117273,"url":"https:\/\/lasprimeras.com.do\/index.php\/2025\/12\/08\/la-seleccion-de-rd-y-los-tigres-de-detroit-jugaran-dos-juegos-en-el-estadio-quisqueya-juan-marichal\/","url_meta":{"origin":124182,"position":1},"title":"La Selecci\u00f3n de RD y los Tigres de Detroit jugar\u00e1n dos juegos en el Estadio Quisqueya Juan Marichal","author":"Nelson Feliz","date":"8 de diciembre de 2025","format":false,"excerpt":"El evento se realizar\u00e1 en memoria de las v\u00edctimas del 8 de abril en Santo Domingo, a beneficio de la Cruz Roja Dominicana. \u200bORLANDO. World Baseball Classic, Inc. anunci\u00f3 hoy que la Selecci\u00f3n Nacional de Rep\u00fablica Dominicana jugar\u00e1 una serie de dos juegos contra los Tigres de Detroit como parte\u2026","rel":"","context":"En \u00abSin categor\u00eda\u00bb","block_context":{"text":"Sin categor\u00eda","link":"https:\/\/lasprimeras.com.do\/index.php\/category\/sin-categoria\/"},"img":{"alt_text":"","src":"https:\/\/i0.wp.com\/lasprimeras.com.do\/wp-content\/uploads\/2025\/12\/medina.jpg?resize=350%2C200&ssl=1","width":350,"height":200,"srcset":"https:\/\/i0.wp.com\/lasprimeras.com.do\/wp-content\/uploads\/2025\/12\/medina.jpg?resize=350%2C200&ssl=1 1x, https:\/\/i0.wp.com\/lasprimeras.com.do\/wp-content\/uploads\/2025\/12\/medina.jpg?resize=525%2C300&ssl=1 1.5x, https:\/\/i0.wp.com\/lasprimeras.com.do\/wp-content\/uploads\/2025\/12\/medina.jpg?resize=700%2C400&ssl=1 2x"},"classes":[]},{"id":124006,"url":"https:\/\/lasprimeras.com.do\/index.php\/2026\/03\/06\/presidente-abinader-asiste-a-juego-inaugural-de-rd-en-clasico-mundial-de-beisbol-en-miami-y-lanza-primera-bola\/","url_meta":{"origin":124182,"position":2},"title":"Presidente Abinader asiste a juego inaugural de RD en Cl\u00e1sico Mundial de B\u00e9isbol en Miami y lanza primera bola","author":"Nelson Feliz","date":"6 de marzo de 2026","format":false,"excerpt":"Este evento ocurre previo a la cumbre de alto nivel convocada por el presidente de Estados Unidos, Donald Trump para este s\u00e1bado en la ciudad de Miami, donde participar\u00e1 el mandatario dominicano y un grupo de l\u00edderes de Am\u00e9rica Latina y el Caribe MIAMI, Florida.\u2013 El presidente Luis Abinader, asisti\u00f3\u2026","rel":"","context":"En \u00abDEPORTES\u00bb","block_context":{"text":"DEPORTES","link":"https:\/\/lasprimeras.com.do\/index.php\/category\/deportes\/"},"img":{"alt_text":"","src":"https:\/\/i0.wp.com\/lasprimeras.com.do\/wp-content\/uploads\/2026\/03\/Clasico-Mundial-de-Beisbol-en-Miami.jpg?resize=350%2C200&ssl=1","width":350,"height":200,"srcset":"https:\/\/i0.wp.com\/lasprimeras.com.do\/wp-content\/uploads\/2026\/03\/Clasico-Mundial-de-Beisbol-en-Miami.jpg?resize=350%2C200&ssl=1 1x, https:\/\/i0.wp.com\/lasprimeras.com.do\/wp-content\/uploads\/2026\/03\/Clasico-Mundial-de-Beisbol-en-Miami.jpg?resize=525%2C300&ssl=1 1.5x, https:\/\/i0.wp.com\/lasprimeras.com.do\/wp-content\/uploads\/2026\/03\/Clasico-Mundial-de-Beisbol-en-Miami.jpg?resize=700%2C400&ssl=1 2x"},"classes":[]},{"id":124583,"url":"https:\/\/lasprimeras.com.do\/index.php\/2026\/03\/13\/con-un-cuadrangular-de-austin-wells-rd-gana-10-0-a-corea-del-sur-en-semifinales-del-clasico-mundial-de-beisbol\/","url_meta":{"origin":124182,"position":3},"title":"Con un cuadrangular de Austin Wells, RD gana 10-0 a Corea del Sur en semifinales del Cl\u00e1sico Mundial de B\u00e9isbol","author":"Nelson Feliz","date":"13 de marzo de 2026","format":false,"excerpt":"Rep\u00fablica Dominicana le entra a palos a Corea y est\u00e1 en semifinales del Cl\u00e1sico Mundial de B\u00e9isbol Con un enorme cuadrangular que remolc\u00f3 tres carreras en la parte baja del s\u00e9ptimo episodio en el que Austin Wells sell\u00f3 el triunfo por nocaut de la selecci\u00f3n de la Rep\u00fablica Dominicana 10-0\u2026","rel":"","context":"En \u00abDEPORTES\u00bb","block_context":{"text":"DEPORTES","link":"https:\/\/lasprimeras.com.do\/index.php\/category\/deportes\/"},"img":{"alt_text":"","src":"https:\/\/i0.wp.com\/lasprimeras.com.do\/wp-content\/uploads\/2026\/03\/Austin-Wells.jpg?resize=350%2C200&ssl=1","width":350,"height":200,"srcset":"https:\/\/i0.wp.com\/lasprimeras.com.do\/wp-content\/uploads\/2026\/03\/Austin-Wells.jpg?resize=350%2C200&ssl=1 1x, https:\/\/i0.wp.com\/lasprimeras.com.do\/wp-content\/uploads\/2026\/03\/Austin-Wells.jpg?resize=525%2C300&ssl=1 1.5x, https:\/\/i0.wp.com\/lasprimeras.com.do\/wp-content\/uploads\/2026\/03\/Austin-Wells.jpg?resize=700%2C400&ssl=1 2x"},"classes":[]},{"id":123863,"url":"https:\/\/lasprimeras.com.do\/index.php\/2026\/03\/06\/jce-entrega-nueva-cedula-a-integrantes-de-la-seleccion-dominicana-del-clasico-mundial-de-beisbol-2026\/","url_meta":{"origin":124182,"position":4},"title":"JCE entrega nueva c\u00e9dula a integrantes de la selecci\u00f3n dominicana del Cl\u00e1sico Mundial de B\u00e9isbol 2026","author":"Nelson Feliz","date":"6 de marzo de 2026","format":false,"excerpt":"Manny Machado y Austin Wells obtuvieron por primera vez la c\u00e9dula dominicana La Junta Central Electoral (JCE) realiz\u00f3 una jornada especial de captura de datos y entrega inmediata de la nueva c\u00e9dula a los integrantes de la selecci\u00f3n dominicana del Cl\u00e1sico Mundial de B\u00e9isbol previo a los jugadores partir a\u2026","rel":"","context":"En \u00abNACIONALES\u00bb","block_context":{"text":"NACIONALES","link":"https:\/\/lasprimeras.com.do\/index.php\/category\/nacionales\/"},"img":{"alt_text":"","src":"https:\/\/i0.wp.com\/lasprimeras.com.do\/wp-content\/uploads\/2026\/03\/Clasico-12.jpeg?resize=350%2C200&ssl=1","width":350,"height":200,"srcset":"https:\/\/i0.wp.com\/lasprimeras.com.do\/wp-content\/uploads\/2026\/03\/Clasico-12.jpeg?resize=350%2C200&ssl=1 1x, https:\/\/i0.wp.com\/lasprimeras.com.do\/wp-content\/uploads\/2026\/03\/Clasico-12.jpeg?resize=525%2C300&ssl=1 1.5x, https:\/\/i0.wp.com\/lasprimeras.com.do\/wp-content\/uploads\/2026\/03\/Clasico-12.jpeg?resize=700%2C400&ssl=1 2x, https:\/\/i0.wp.com\/lasprimeras.com.do\/wp-content\/uploads\/2026\/03\/Clasico-12.jpeg?resize=1050%2C600&ssl=1 3x"},"classes":[]},{"id":123010,"url":"https:\/\/lasprimeras.com.do\/index.php\/2026\/02\/24\/pujols-define-la-rotacion-abridora-para-el-clasico-mundial-de-beisbol\/","url_meta":{"origin":124182,"position":5},"title":"Pujols define la rotaci\u00f3n abridora para el Cl\u00e1sico Mundial de B\u00e9isbol","author":"Nelson Feliz","date":"24 de febrero de 2026","format":false,"excerpt":"S\u00e1nchez abrir\u00e1 ante Nicaragua y Alc\u00e1ntara cierra frente a Venezuela El m\u00e1nager de la selecci\u00f3n de la Rep\u00fablica Dominicana, Albert Pujols, ha despejado finalmente las dudas sobre el plan de ataque del conjunto quisqueyano para la fase de grupos del Cl\u00e1sico Mundial de B\u00e9isbol 2026. Durante su intervenci\u00f3n en el\u2026","rel":"","context":"En \u00abDEPORTES\u00bb","block_context":{"text":"DEPORTES","link":"https:\/\/lasprimeras.com.do\/index.php\/category\/deportes\/"},"img":{"alt_text":"Albert Pujols","src":"https:\/\/i0.wp.com\/lasprimeras.com.do\/wp-content\/uploads\/2025\/03\/Albert-Pujols-1.jpg?resize=350%2C200&ssl=1","width":350,"height":200,"srcset":"https:\/\/i0.wp.com\/lasprimeras.com.do\/wp-content\/uploads\/2025\/03\/Albert-Pujols-1.jpg?resize=350%2C200&ssl=1 1x, https:\/\/i0.wp.com\/lasprimeras.com.do\/wp-content\/uploads\/2025\/03\/Albert-Pujols-1.jpg?resize=525%2C300&ssl=1 1.5x, https:\/\/i0.wp.com\/lasprimeras.com.do\/wp-content\/uploads\/2025\/03\/Albert-Pujols-1.jpg?resize=700%2C400&ssl=1 2x"},"classes":[]}],"jetpack_sharing_enabled":true,"_links":{"self":[{"href":"https:\/\/lasprimeras.com.do\/index.php\/wp-json\/wp\/v2\/posts\/124182","targetHints":{"allow":["GET"]}}],"collection":[{"href":"https:\/\/lasprimeras.com.do\/index.php\/wp-json\/wp\/v2\/posts"}],"about":[{"href":"https:\/\/lasprimeras.com.do\/index.php\/wp-json\/wp\/v2\/types\/post"}],"author":[{"embeddable":true,"href":"https:\/\/lasprimeras.com.do\/index.php\/wp-json\/wp\/v2\/users\/10"}],"replies":[{"embeddable":true,"href":"https:\/\/lasprimeras.com.do\/index.php\/wp-json\/wp\/v2\/comments?post=124182"}],"version-history":[{"count":1,"href":"https:\/\/lasprimeras.com.do\/index.php\/wp-json\/wp\/v2\/posts\/124182\/revisions"}],"predecessor-version":[{"id":124184,"href":"https:\/\/lasprimeras.com.do\/index.php\/wp-json\/wp\/v2\/posts\/124182\/revisions\/124184"}],"wp:featuredmedia":[{"embeddable":true,"href":"https:\/\/lasprimeras.com.do\/index.php\/wp-json\/wp\/v2\/media\/124183"}],"wp:attachment":[{"href":"https:\/\/lasprimeras.com.do\/index.php\/wp-json\/wp\/v2\/media?parent=124182"}],"wp:term":[{"taxonomy":"category","embeddable":true,"href":"https:\/\/lasprimeras.com.do\/index.php\/wp-json\/wp\/v2\/categories?post=124182"},{"taxonomy":"post_tag","embeddable":true,"href":"https:\/\/lasprimeras.com.do\/index.php\/wp-json\/wp\/v2\/tags?post=124182"}],"curies":[{"name":"wp","href":"https:\/\/api.w.org\/{rel}","templated":true}]}}