{"id":124185,"date":"2026-03-09T11:42:00","date_gmt":"2026-03-09T15:42:00","guid":{"rendered":"https:\/\/lasprimeras.com.do\/?p=124185"},"modified":"2026-03-09T11:42:02","modified_gmt":"2026-03-09T15:42:02","slug":"iran-elige-como-sucesor-al-hijo-de-jamenei-lo-que-apunta-a-mas-guerra-mientras-se-encarece-el-crudo","status":"publish","type":"post","link":"https:\/\/lasprimeras.com.do\/index.php\/2026\/03\/09\/iran-elige-como-sucesor-al-hijo-de-jamenei-lo-que-apunta-a-mas-guerra-mientras-se-encarece-el-crudo\/","title":{"rendered":"Ir\u00e1n elige como sucesor al hijo de Jamenei, lo que apunta a m\u00e1s guerra mientras se encarece el crudo"},"content":{"rendered":"\n<p>POR&nbsp;<a href=\"https:\/\/apnews.com\/author\/jon-gambrell\">JON GAMBRELL<\/a>,<a href=\"https:\/\/apnews.com\/author\/david-rising\">DAVID RISING<\/a>and<a href=\"https:\/\/apnews.com\/author\/samy-magdy\">SAMY MAGDY<\/a><\/p>\n\n\n\n<p>DUB\u00c1I, Emiratos \u00c1rabes Unidos (AP) \u2014 Ir\u00e1n nombr\u00f3 el lunes al ayatol\u00e1 de l\u00ednea dura Mojtaba Jamenei para suceder a su difunto padre como l\u00edder supremo, lo que apunta que no habr\u00e1 tregua en la guerra lanzada por Estados Unidos e Israel.<\/p>\n\n\n\n<p>Los precios del petr\u00f3leo se dispararon mientras Ir\u00e1n atacaba infraestructura energ\u00e9tica regional y Estados Unidos e Israel bombardeaban objetivos en todo Ir\u00e1n.<\/p>\n\n\n\n<p>Tras m\u00e1s de una semana de ataques contra la teocracia iran\u00ed, la Asamblea de Expertos del pa\u00eds eligi\u00f3 al cl\u00e9rigo de 56 a\u00f1os, con estrechos v\u00ednculos con la Guardia Revolucionaria, la fuerza paramilitar del pa\u00eds, como nuevo l\u00edder supremo.<\/p>\n\n\n\n<p>La Guardia ha estado disparando misiles y drones contra Israel y los estados \u00e1rabes del Golfo desde que el ayatol\u00e1 Al\u00ed Jamenei, que hab\u00eda gobernado Ir\u00e1n durante 37 a\u00f1os, fue asesinado durante la primera andanada de la guerra.<\/p>\n\n\n\n<p>El nombramiento era un nuevo gesto de desaf\u00edo por parte del asediado liderazgo de Ir\u00e1n tras m\u00e1s de una semana de intensos bombardeos estadounidenses e israel\u00edes, lo que sugiere que Teher\u00e1n no est\u00e1 cerca de renunciar a lo que considera una lucha por la existencia del pa\u00eds.<\/p>\n\n\n\n<p>Los mercados mundiales se desplomaron tras la noticia, y el crudo Brent, referencia internacional, se dispar\u00f3 a casi 120 d\u00f3lares por barril el lunes, alrededor de un 65 % m\u00e1s que cuando comenz\u00f3 la guerra, antes de retroceder.<\/p>\n\n\n\n<p>Los ataques de Ir\u00e1n en el estrecho de Ormuz tambi\u00e9n han frenado casi por completo el paso de petroleros por la ruta mar\u00edtima clave por donde se transporta una quinta parte del petr\u00f3leo mundial.<\/p>\n\n\n\n<p>Un incendio ard\u00eda en una instalaci\u00f3n petrolera atacada por Ir\u00e1n en Emiratos \u00c1rabes Unidos, la \u00fanica refiner\u00eda de petr\u00f3leo de Bahrein parec\u00eda haber sido alcanzada y Arabia Saud\u00ed dijo que hab\u00eda interceptado varios drones que atacaban el yacimiento petrolero de Shaybah.<\/p>\n\n\n\n<p>En Israel, las sirenas sonaron varias veces el lunes mientras los drones y misiles de Ir\u00e1n eran implacables.<\/p>\n\n\n\n<p>Un hombre muri\u00f3 en el centro de Israel en un ataque con misiles, la primera muerte de este tipo en Israel en una semana, y una mujer result\u00f3 herida.<\/p>\n\n\n\n<p><\/p>\n","protected":false},"excerpt":{"rendered":"<p>POR&nbsp;JON GAMBRELL,DAVID RISINGandSAMY MAGDY DUB\u00c1I, Emiratos \u00c1rabes Unidos (AP) \u2014 Ir\u00e1n nombr\u00f3 el lunes al ayatol\u00e1 de l\u00ednea dura Mojtaba Jamenei para suceder a su difunto padre como l\u00edder supremo,&hellip;<\/p>\n","protected":false},"author":10,"featured_media":0,"comment_status":"open","ping_status":"open","sticky":false,"template":"","format":"standard","meta":{"content-type":"","jetpack_post_was_ever_published":false,"_jetpack_newsletter_access":"","_jetpack_dont_email_post_to_subs":false,"_jetpack_newsletter_tier_id":0,"_jetpack_memberships_contains_paywalled_content":false,"_jetpack_memberships_contains_paid_content":false,"footnotes":""},"categories":[16289],"tags":[2060,31021,15761,16607],"class_list":["post-124185","post","type-post","status-publish","format-standard","hentry","category-internacionales","tag-guerra","tag-hijo-jeminai","tag-iran-2","tag-sucesor"],"jetpack_featured_media_url":"","jetpack-related-posts":[{"id":123704,"url":"https:\/\/lasprimeras.com.do\/index.php\/2026\/03\/04\/un-hijo-del-difunto-lider-supremo-de-iran-candidato-a-reemplazarlo-mientras-arrecia-la-guerra\/","url_meta":{"origin":124185,"position":0},"title":"Un hijo del difunto l\u00edder supremo de Ir\u00e1n, candidato a reemplazarlo mientras arrecia la guerra","author":"Nelson Feliz","date":"4 de marzo de 2026","format":false,"excerpt":"POR JON GAMBRELL DUB\u00c1I, Emiratos \u00c1rabes Unidos (AP) \u2014 Mojtaba Jamenei, hijo del fallecido l\u00edder supremo de Ir\u00e1n, el ayatol\u00e1 Ali Jamenei, ha sido considerado durante mucho tiempo un aspirante al cargo, antes incluso de que un ataque israel\u00ed mat\u00f3 a su padre al inicio de la guerra la semana\u2026","rel":"","context":"En \u00abINTERNACIONALES\u00bb","block_context":{"text":"INTERNACIONALES","link":"https:\/\/lasprimeras.com.do\/index.php\/category\/sin-categoria\/internacionales\/"},"img":{"alt_text":"Mojtaba Jamenei, hijo del difunto ayatol\u00e1 de Ir\u00e1n Ali Jamenei (centro), durante la celebraci\u00f3n anual del Quds, o D\u00eda de Jerusal\u00e9n, en Teher\u00e1n, Ir\u00e1n, el 31 de mayo de 2019. (AP Foto\/Vahid Salemi, archivo)","src":"https:\/\/i0.wp.com\/lasprimeras.com.do\/wp-content\/uploads\/2026\/03\/Mojtaba-Jamenei.jpg?resize=350%2C200&ssl=1","width":350,"height":200,"srcset":"https:\/\/i0.wp.com\/lasprimeras.com.do\/wp-content\/uploads\/2026\/03\/Mojtaba-Jamenei.jpg?resize=350%2C200&ssl=1 1x, https:\/\/i0.wp.com\/lasprimeras.com.do\/wp-content\/uploads\/2026\/03\/Mojtaba-Jamenei.jpg?resize=525%2C300&ssl=1 1.5x, https:\/\/i0.wp.com\/lasprimeras.com.do\/wp-content\/uploads\/2026\/03\/Mojtaba-Jamenei.jpg?resize=700%2C400&ssl=1 2x"},"classes":[]},{"id":84045,"url":"https:\/\/lasprimeras.com.do\/index.php\/2024\/05\/30\/iran-abre-inscripcion-para-las-elecciones-presidenciales-de-junio-tras-la-muerte-de-raisi\/","url_meta":{"origin":124185,"position":1},"title":"Ir\u00e1n abre inscripci\u00f3n para las elecciones presidenciales de junio tras la muerte de Raisi","author":"Nelson Feliz","date":"30 de mayo de 2024","format":false,"excerpt":"POR JON GAMBRELL DUBAI, Emiratos \u00c1rabes Unidos (AP) \u2014 Ir\u00e1n abri\u00f3 el jueves un per\u00edodo de inscripci\u00f3n de cinco d\u00edas para los aspirantes que quieran postularse en las elecciones presidenciales del 28 de junio para reemplazar al fallecido Ebrahim Raisi, quien muri\u00f3 en un accidente de helic\u00f3ptero a principios de\u2026","rel":"","context":"En \u00abSin categor\u00eda\u00bb","block_context":{"text":"Sin categor\u00eda","link":"https:\/\/lasprimeras.com.do\/index.php\/category\/sin-categoria\/"},"img":{"alt_text":"","src":"https:\/\/i0.wp.com\/lasprimeras.com.do\/wp-content\/uploads\/2024\/05\/Elecciones-Iran.jpg?resize=350%2C200&ssl=1","width":350,"height":200,"srcset":"https:\/\/i0.wp.com\/lasprimeras.com.do\/wp-content\/uploads\/2024\/05\/Elecciones-Iran.jpg?resize=350%2C200&ssl=1 1x, https:\/\/i0.wp.com\/lasprimeras.com.do\/wp-content\/uploads\/2024\/05\/Elecciones-Iran.jpg?resize=525%2C300&ssl=1 1.5x, https:\/\/i0.wp.com\/lasprimeras.com.do\/wp-content\/uploads\/2024\/05\/Elecciones-Iran.jpg?resize=700%2C400&ssl=1 2x"},"classes":[]},{"id":85336,"url":"https:\/\/lasprimeras.com.do\/index.php\/2024\/06\/28\/iran-vota-para-sustituir-a-presidente-fallecido-en-un-choque-aereo-en-un-ambiente-de-gran-apatia\/","url_meta":{"origin":124185,"position":2},"title":"Ir\u00e1n vota para sustituir a presidente fallecido en un choque a\u00e9reo en un ambiente de gran apat\u00eda","author":"Nelson Feliz","date":"28 de junio de 2024","format":false,"excerpt":"BY JON GAMBRELL AND NASSER KARIMI DUB\u00c1I, Emiratos \u00c1rabes Unidos (AP) \u2014 Los iran\u00edes participaban el viernes en unas elecciones anticipadas para sustituir al difunto presidente Ebrahim Raisi, fallecido en un accidente a\u00e9reo el mes pasado, mientras la apat\u00eda se ha generalizado en la Rep\u00fablica Isl\u00e1mica luego de a\u00f1os de\u2026","rel":"","context":"En \u00abSin categor\u00eda\u00bb","block_context":{"text":"Sin categor\u00eda","link":"https:\/\/lasprimeras.com.do\/index.php\/category\/sin-categoria\/"},"img":{"alt_text":"","src":"https:\/\/i0.wp.com\/lasprimeras.com.do\/wp-content\/uploads\/2024\/06\/elecciones.jpg?resize=350%2C200&ssl=1","width":350,"height":200,"srcset":"https:\/\/i0.wp.com\/lasprimeras.com.do\/wp-content\/uploads\/2024\/06\/elecciones.jpg?resize=350%2C200&ssl=1 1x, https:\/\/i0.wp.com\/lasprimeras.com.do\/wp-content\/uploads\/2024\/06\/elecciones.jpg?resize=525%2C300&ssl=1 1.5x, https:\/\/i0.wp.com\/lasprimeras.com.do\/wp-content\/uploads\/2024\/06\/elecciones.jpg?resize=700%2C400&ssl=1 2x"},"classes":[]},{"id":125460,"url":"https:\/\/lasprimeras.com.do\/index.php\/2026\/03\/23\/iran-insiste-en-que-no-negocia-con-ee-uu\/","url_meta":{"origin":124185,"position":3},"title":"Ir\u00e1n insiste en que no negocia con EE.UU.","author":"Nelson Feliz","date":"23 de marzo de 2026","format":false,"excerpt":"La Canciller\u00eda del pa\u00eds persa anunci\u00f3 haber recibido la solicitud de Washington de negociar para poner fin a la guerra en Oriente Medio. Ir\u00e1n, RT.-.El portavoz del Ministerio de Exteriores de Ir\u00e1n, Esmail Baghaei, refut\u00f3 este lunes la informaci\u00f3n de que se han celebrado conversaciones con EE.UU., divulgada por el\u2026","rel":"","context":"En \u00abINTERNACIONALES\u00bb","block_context":{"text":"INTERNACIONALES","link":"https:\/\/lasprimeras.com.do\/index.php\/category\/sin-categoria\/internacionales\/"},"img":{"alt_text":"","src":"https:\/\/i0.wp.com\/lasprimeras.com.do\/wp-content\/uploads\/2026\/03\/Iran-insiste-en-que-no-negocia-con-EE.UU_.jpg?resize=350%2C200&ssl=1","width":350,"height":200,"srcset":"https:\/\/i0.wp.com\/lasprimeras.com.do\/wp-content\/uploads\/2026\/03\/Iran-insiste-en-que-no-negocia-con-EE.UU_.jpg?resize=350%2C200&ssl=1 1x, https:\/\/i0.wp.com\/lasprimeras.com.do\/wp-content\/uploads\/2026\/03\/Iran-insiste-en-que-no-negocia-con-EE.UU_.jpg?resize=525%2C300&ssl=1 1.5x, https:\/\/i0.wp.com\/lasprimeras.com.do\/wp-content\/uploads\/2026\/03\/Iran-insiste-en-que-no-negocia-con-EE.UU_.jpg?resize=700%2C400&ssl=1 2x, https:\/\/i0.wp.com\/lasprimeras.com.do\/wp-content\/uploads\/2026\/03\/Iran-insiste-en-que-no-negocia-con-EE.UU_.jpg?resize=1050%2C600&ssl=1 3x"},"classes":[]},{"id":123444,"url":"https:\/\/lasprimeras.com.do\/index.php\/2026\/03\/01\/como-funciona-la-sucesion-en-iran-y-quien-podria-ser-el-proximo-lider-supremo-del-pais\/","url_meta":{"origin":124185,"position":4},"title":"C\u00f3mo funciona la sucesi\u00f3n en Ir\u00e1n y qui\u00e9n podr\u00eda ser el pr\u00f3ximo l\u00edder supremo del pa\u00eds","author":"Nelson Feliz","date":"1 de marzo de 2026","format":false,"excerpt":"POR JON GAMBRELL DUB\u00c1I, Emiratos \u00c1rabes Unidos (AP) \u2014 La muerte del l\u00edder supremo, el ayatol\u00e1 Ali Jamenei, tras casi 37 a\u00f1os en el poder plantea preguntas cruciales sobre el futuro de Ir\u00e1n. Los contornos del complejo proceso de sucesi\u00f3n empezaron a perfilarse la ma\u00f1ana siguiente a la muerte de\u2026","rel":"","context":"En \u00abINTERNACIONALES\u00bb","block_context":{"text":"INTERNACIONALES","link":"https:\/\/lasprimeras.com.do\/index.php\/category\/sin-categoria\/internacionales\/"},"img":{"alt_text":"Foto entregada por el website oficial de la oficina del l\u00edder supremo iran\u00ed, el ayatol\u00e1 Al\u00ed Jamenei, que muestra a Jamenei liderando oraciones con motivo del Eid al-Fitr en la Gran Mezquita Imam Jomeini de Teher\u00e1n, el 31 de marzo del 2025.","src":"https:\/\/i0.wp.com\/lasprimeras.com.do\/wp-content\/uploads\/2026\/03\/FOTOEN1.jpg?resize=350%2C200&ssl=1","width":350,"height":200,"srcset":"https:\/\/i0.wp.com\/lasprimeras.com.do\/wp-content\/uploads\/2026\/03\/FOTOEN1.jpg?resize=350%2C200&ssl=1 1x, https:\/\/i0.wp.com\/lasprimeras.com.do\/wp-content\/uploads\/2026\/03\/FOTOEN1.jpg?resize=525%2C300&ssl=1 1.5x, https:\/\/i0.wp.com\/lasprimeras.com.do\/wp-content\/uploads\/2026\/03\/FOTOEN1.jpg?resize=700%2C400&ssl=1 2x"},"classes":[]},{"id":121120,"url":"https:\/\/lasprimeras.com.do\/index.php\/2026\/02\/01\/el-lider-supremo-de-iran-advierte-que-un-ataque-de-eeuu-iniciaria-una-guerra-regional\/","url_meta":{"origin":124185,"position":5},"title":"El l\u00edder supremo de Ir\u00e1n advierte que un ataque de EEUU iniciar\u00eda una \u201cguerra regional\u201d","author":"Nelson Feliz","date":"1 de febrero de 2026","format":false,"excerpt":"POR JON GAMBRELL DUB\u00c1I, Emiratos \u00c1rabes Unidos (AP) \u2014 El l\u00edder supremo de Ir\u00e1n advirti\u00f3 el domingo que cualquier ataque por parte de Estados Unidos provocar\u00eda una \u201cguerra regional\u201d en Oriente Medio, lo que agrav\u00f3 las tensiones mientras el presidente estadounidense, Donald Trump, amenaza con atacar militarmente a la Rep\u00fablica\u2026","rel":"","context":"En \u00abINTERNACIONALES\u00bb","block_context":{"text":"INTERNACIONALES","link":"https:\/\/lasprimeras.com.do\/index.php\/category\/sin-categoria\/internacionales\/"},"img":{"alt_text":"","src":"https:\/\/i0.wp.com\/lasprimeras.com.do\/wp-content\/uploads\/2026\/02\/SUPREMO.jpg?resize=350%2C200&ssl=1","width":350,"height":200,"srcset":"https:\/\/i0.wp.com\/lasprimeras.com.do\/wp-content\/uploads\/2026\/02\/SUPREMO.jpg?resize=350%2C200&ssl=1 1x, https:\/\/i0.wp.com\/lasprimeras.com.do\/wp-content\/uploads\/2026\/02\/SUPREMO.jpg?resize=525%2C300&ssl=1 1.5x, https:\/\/i0.wp.com\/lasprimeras.com.do\/wp-content\/uploads\/2026\/02\/SUPREMO.jpg?resize=700%2C400&ssl=1 2x"},"classes":[]}],"jetpack_sharing_enabled":true,"_links":{"self":[{"href":"https:\/\/lasprimeras.com.do\/index.php\/wp-json\/wp\/v2\/posts\/124185","targetHints":{"allow":["GET"]}}],"collection":[{"href":"https:\/\/lasprimeras.com.do\/index.php\/wp-json\/wp\/v2\/posts"}],"about":[{"href":"https:\/\/lasprimeras.com.do\/index.php\/wp-json\/wp\/v2\/types\/post"}],"author":[{"embeddable":true,"href":"https:\/\/lasprimeras.com.do\/index.php\/wp-json\/wp\/v2\/users\/10"}],"replies":[{"embeddable":true,"href":"https:\/\/lasprimeras.com.do\/index.php\/wp-json\/wp\/v2\/comments?post=124185"}],"version-history":[{"count":1,"href":"https:\/\/lasprimeras.com.do\/index.php\/wp-json\/wp\/v2\/posts\/124185\/revisions"}],"predecessor-version":[{"id":124186,"href":"https:\/\/lasprimeras.com.do\/index.php\/wp-json\/wp\/v2\/posts\/124185\/revisions\/124186"}],"wp:attachment":[{"href":"https:\/\/lasprimeras.com.do\/index.php\/wp-json\/wp\/v2\/media?parent=124185"}],"wp:term":[{"taxonomy":"category","embeddable":true,"href":"https:\/\/lasprimeras.com.do\/index.php\/wp-json\/wp\/v2\/categories?post=124185"},{"taxonomy":"post_tag","embeddable":true,"href":"https:\/\/lasprimeras.com.do\/index.php\/wp-json\/wp\/v2\/tags?post=124185"}],"curies":[{"name":"wp","href":"https:\/\/api.w.org\/{rel}","templated":true}]}}