{"id":124187,"date":"2026-03-09T12:06:43","date_gmt":"2026-03-09T16:06:43","guid":{"rendered":"https:\/\/lasprimeras.com.do\/?p=124187"},"modified":"2026-03-09T12:06:45","modified_gmt":"2026-03-09T16:06:45","slug":"cuatro-miembros-de-una-familia-mueren-en-un-accidente-de-transito-en-bonao","status":"publish","type":"post","link":"https:\/\/lasprimeras.com.do\/index.php\/2026\/03\/09\/cuatro-miembros-de-una-familia-mueren-en-un-accidente-de-transito-en-bonao\/","title":{"rendered":"Cuatro miembros de una familia mueren en un accidente de tr\u00e1nsito en Bonao"},"content":{"rendered":"\n<p>Cuatro miembros de una misma familia fallecieron la noche del domingo tras un accidente de tr\u00e1nsito ocurrido en la autopista Duarte, pr\u00f3ximo a la entrada de Falcombridge Dominicana, en el municipio de Bonao.<\/p>\n\n\n\n<p>Las v\u00edctimas fueron identificadas como Patricia Mercedes Valdez, de 55 a\u00f1os; Fanni Mercedes Dipl\u00e1n, de 33; Leivi Mart\u00ednez, de 32; y la ni\u00f1a Aila Aura Mart\u00ednez, de 5 a\u00f1os.<\/p>\n\n\n\n<p>De acuerdo con los informes preliminares, el accidente se produjo alrededor de las 7:00 de la noche, cuando dos veh\u00edculos colisionaron en la referida v\u00eda a la altura del kil\u00f3metro 78, en direcci\u00f3n norte-sur, sector La Minita.<\/p>\n\n\n\n<p>La familia resid\u00eda en elsector Cuesta Hermosa, en el municipio de Cotu\u00ed, provincia S\u00e1nchez Ram\u00edrez.<\/p>\n\n\n\n<p>Tras el impacto, al lugar acudieron unidades de emergencia del Sistema Nacional de Atenci\u00f3n a Emergencias y Seguridad 911, cuyos miembros brindaron asistencia a las v\u00edctimas y trasladaron a los heridos al Hospital Pedro Emilio de Marchena (Rodr\u00edguez Marchena)de Bonao, donde recibieron atenci\u00f3n m\u00e9dica.<\/p>\n\n\n\n<p>Luto y consternaci\u00f3n<\/p>\n\n\n\n<p>La tragedia ha causado profundo dolor y consternaci\u00f3n entre los residentes del sector Cuesta Hermosa, quienes desde la noche del accidente han acudido a solidarizarse con los familiares de las v\u00edctimas.<\/p>\n\n\n\n<p>Vecinos y allegados manifestaron su pesar por la p\u00e9rdida de los cuatro miembros de la familia, cuyos restos son velados en su comunidad.<\/p>\n\n\n\n<p>En tanto,las autoridades de la Polic\u00eda Nacional y de la Direcci\u00f3n General de Seguridad de Tr\u00e1nsito y Transporte Terrestre (Digesett)en la provincia Monse\u00f1or Nouel mantienen abiertas las investigaciones para determinar las circunstancias que provocaron el fatal accidente.<\/p>\n","protected":false},"excerpt":{"rendered":"<p>Cuatro miembros de una misma familia fallecieron la noche del domingo tras un accidente de tr\u00e1nsito ocurrido en la autopista Duarte, pr\u00f3ximo a la entrada de Falcombridge Dominicana, en el&hellip;<\/p>\n","protected":false},"author":10,"featured_media":124188,"comment_status":"open","ping_status":"open","sticky":false,"template":"","format":"standard","meta":{"content-type":"","jetpack_post_was_ever_published":false,"_jetpack_newsletter_access":"","_jetpack_dont_email_post_to_subs":false,"_jetpack_newsletter_tier_id":0,"_jetpack_memberships_contains_paywalled_content":false,"_jetpack_memberships_contains_paid_content":false,"footnotes":""},"categories":[35],"tags":[1331,899,1397,686],"class_list":["post-124187","post","type-post","status-publish","format-standard","has-post-thumbnail","hentry","category-nacionales","tag-accidentes","tag-bonao","tag-cuatro","tag-muertos"],"jetpack_featured_media_url":"https:\/\/lasprimeras.com.do\/wp-content\/uploads\/2026\/03\/Familia-fallece-en-accidente.webp","jetpack-related-posts":[{"id":63765,"url":"https:\/\/lasprimeras.com.do\/index.php\/2023\/10\/15\/9-1-1-asiste-autobus-accidentado-de-60-pasajeros-en-el-cruce-de-bonao\/","url_meta":{"origin":124187,"position":0},"title":"9-1-1 asiste autob\u00fas accidentado de 60 pasajeros en El Cruce de Bonao","author":"Nelson Feliz","date":"15 de octubre de 2023","format":false,"excerpt":"Diez unidades llegaron al lugar. El 9-1-1 envi\u00f3 diez unidades de asistencia al Cruce de Sabana del Puerto en el municipio de Bonao, provincia Monse\u00f1or Nouel, tras recibir el reporte de un accidente de tr\u00e1nsito que involucr\u00f3 un autob\u00fas de 60 pasajeros. Las unidades enviadas contin\u00faan brindando asistencia, entre ellas\u2026","rel":"","context":"En \u00abNACIONALES\u00bb","block_context":{"text":"NACIONALES","link":"https:\/\/lasprimeras.com.do\/index.php\/category\/nacionales\/"},"img":{"alt_text":"Accidente en Cruce de Bonao","src":"https:\/\/i0.wp.com\/lasprimeras.com.do\/wp-content\/uploads\/2023\/10\/Accidente-en-Cruce-de-Bonao-15-de-octubre.jpg?resize=350%2C200&ssl=1","width":350,"height":200,"srcset":"https:\/\/i0.wp.com\/lasprimeras.com.do\/wp-content\/uploads\/2023\/10\/Accidente-en-Cruce-de-Bonao-15-de-octubre.jpg?resize=350%2C200&ssl=1 1x, https:\/\/i0.wp.com\/lasprimeras.com.do\/wp-content\/uploads\/2023\/10\/Accidente-en-Cruce-de-Bonao-15-de-octubre.jpg?resize=525%2C300&ssl=1 1.5x, https:\/\/i0.wp.com\/lasprimeras.com.do\/wp-content\/uploads\/2023\/10\/Accidente-en-Cruce-de-Bonao-15-de-octubre.jpg?resize=700%2C400&ssl=1 2x"},"classes":[]},{"id":63806,"url":"https:\/\/lasprimeras.com.do\/index.php\/2023\/10\/15\/autobus-de-pasajeros-sufre-accidente-en-el-cruce-sabana-del-puerto-en-bonao\/","url_meta":{"origin":124187,"position":1},"title":"Autob\u00fas de pasajeros sufre accidente en el cruce Sabana del Puerto en Bonao","author":"Nelson Feliz","date":"15 de octubre de 2023","format":false,"excerpt":"Un autob\u00fas de pasajeros sufri\u00f3 un accidente de tr\u00e1nsito en el cruce Sabana del Puerto, municipio Bonao, provincia Monse\u00f1or Nouel. El hecho dej\u00f3 al mejor 20 personas heridas, informaron fuentes oficiales. El Sistema Nacional de Emergencias 9-1-1 aclar\u00f3 que, hasta el momento, no hab\u00eda personas fallecidas. Dijo que los lesionados\u2026","rel":"","context":"En \u00abNACIONALES\u00bb","block_context":{"text":"NACIONALES","link":"https:\/\/lasprimeras.com.do\/index.php\/category\/nacionales\/"},"img":{"alt_text":"Accidente en Cruce de Bonao","src":"https:\/\/i0.wp.com\/lasprimeras.com.do\/wp-content\/uploads\/2023\/10\/Accidente-en-Cruce-de-Bonao-15-de-octubre.jpg?resize=350%2C200&ssl=1","width":350,"height":200,"srcset":"https:\/\/i0.wp.com\/lasprimeras.com.do\/wp-content\/uploads\/2023\/10\/Accidente-en-Cruce-de-Bonao-15-de-octubre.jpg?resize=350%2C200&ssl=1 1x, https:\/\/i0.wp.com\/lasprimeras.com.do\/wp-content\/uploads\/2023\/10\/Accidente-en-Cruce-de-Bonao-15-de-octubre.jpg?resize=525%2C300&ssl=1 1.5x, https:\/\/i0.wp.com\/lasprimeras.com.do\/wp-content\/uploads\/2023\/10\/Accidente-en-Cruce-de-Bonao-15-de-octubre.jpg?resize=700%2C400&ssl=1 2x"},"classes":[]},{"id":117693,"url":"https:\/\/lasprimeras.com.do\/index.php\/2025\/12\/14\/alcaldias-de-samana-bonao-y-moca-reciben-la-ruta-de-la-limpieza-de-eco5rd\/","url_meta":{"origin":124187,"position":2},"title":"Alcald\u00edas de Saman\u00e1, Bonao y Moca reciben la Ruta de la Limpieza de Eco5RD","author":"Nelson Feliz","date":"14 de diciembre de 2025","format":false,"excerpt":"Esta iniciativa fortalece la recolecci\u00f3n de desechos s\u00f3lidos durante la temporada navide\u00f1a y respalda la gesti\u00f3n municipal La Unidad Ejecutora de la Presidencia Eco5RD implement\u00f3 esta semana la Ruta de la Limpieza Navide\u00f1a en los municipios de Moca, Bonao y Saman\u00e1, con el objetivo de garantizar espacios limpios y ordenados\u2026","rel":"","context":"En \u00abNACIONALES\u00bb","block_context":{"text":"NACIONALES","link":"https:\/\/lasprimeras.com.do\/index.php\/category\/nacionales\/"},"img":{"alt_text":"Ruta de la Limpieza de Eco5RD","src":"https:\/\/i0.wp.com\/lasprimeras.com.do\/wp-content\/uploads\/2025\/12\/Ruta-de-la-Limpieza-de-Eco5RD.jpg?resize=350%2C200&ssl=1","width":350,"height":200,"srcset":"https:\/\/i0.wp.com\/lasprimeras.com.do\/wp-content\/uploads\/2025\/12\/Ruta-de-la-Limpieza-de-Eco5RD.jpg?resize=350%2C200&ssl=1 1x, https:\/\/i0.wp.com\/lasprimeras.com.do\/wp-content\/uploads\/2025\/12\/Ruta-de-la-Limpieza-de-Eco5RD.jpg?resize=525%2C300&ssl=1 1.5x, https:\/\/i0.wp.com\/lasprimeras.com.do\/wp-content\/uploads\/2025\/12\/Ruta-de-la-Limpieza-de-Eco5RD.jpg?resize=700%2C400&ssl=1 2x"},"classes":[]},{"id":67001,"url":"https:\/\/lasprimeras.com.do\/index.php\/2023\/11\/12\/un-hombre-muerto-y-otro-herido-en-accidente-ocurrido-en-bonao\/","url_meta":{"origin":124187,"position":3},"title":"Un hombre muerto y otro herido en accidente ocurrido en Bonao","author":"Nelson Feliz","date":"12 de noviembre de 2023","format":false,"excerpt":"Un hombre perdi\u00f3 la vida, mientras que otro result\u00f3 gravemente herido, tras un aparatoso accidente ocurrido en la comunidad Los Pinos, tramo carretero Maim\u00f3n-Piedra Blanca, en la provincia Monse\u00f1or Nouel. Seg\u00fan los informes preliminares, el accidente se origin\u00f3 cuado un \u00e1rbol se cay\u00f3, impactando el veh\u00edculo. Hasta el momento las\u2026","rel":"","context":"En \u00abNACIONALES\u00bb","block_context":{"text":"NACIONALES","link":"https:\/\/lasprimeras.com.do\/index.php\/category\/nacionales\/"},"img":{"alt_text":"Accidente","src":"https:\/\/i0.wp.com\/lasprimeras.com.do\/wp-content\/uploads\/2023\/11\/Accidente-1.jpg?resize=350%2C200&ssl=1","width":350,"height":200,"srcset":"https:\/\/i0.wp.com\/lasprimeras.com.do\/wp-content\/uploads\/2023\/11\/Accidente-1.jpg?resize=350%2C200&ssl=1 1x, https:\/\/i0.wp.com\/lasprimeras.com.do\/wp-content\/uploads\/2023\/11\/Accidente-1.jpg?resize=525%2C300&ssl=1 1.5x"},"classes":[]},{"id":96744,"url":"https:\/\/lasprimeras.com.do\/index.php\/2025\/04\/06\/dos-muertos-en-accidente-entre-un-carro-y-camion-en-bonao\/","url_meta":{"origin":124187,"position":4},"title":"Dos muertos en accidente entre un carro y cami\u00f3n en Bonao","author":"Nelson Feliz","date":"6 de abril de 2025","format":false,"excerpt":"Un tr\u00e1gico accidente ocurrido la ma\u00f1ana de este domingo en la autopista Ram\u00f3n C\u00e1ceres, en el sector Santa Rosa del municipio de Moca, dej\u00f3 como saldo dos v\u00edctimas mortales. Jairo Antonio Camacho y \u00c1ngela Rodr\u00edguez viajaban a bordo de un autom\u00f3vil Toyota Camry, cuando fueron impactados por un cami\u00f3n, seg\u00fan\u2026","rel":"","context":"En \u00abNACIONALES\u00bb","block_context":{"text":"NACIONALES","link":"https:\/\/lasprimeras.com.do\/index.php\/category\/nacionales\/"},"img":{"alt_text":"","src":"https:\/\/i0.wp.com\/lasprimeras.com.do\/wp-content\/uploads\/2025\/04\/muere.jpg?resize=350%2C200&ssl=1","width":350,"height":200},"classes":[]},{"id":53189,"url":"https:\/\/lasprimeras.com.do\/index.php\/2023\/06\/24\/abel-martinez-tras-accidente-en-la-autopista-duarte-hay-que-trabajar-de-manera-intensa-la-prevencion\/","url_meta":{"origin":124187,"position":5},"title":"Abel Mart\u00ednez tras accidente en la Autopista Duarte: \u00abHay que trabajar de manera intensa la prevenci\u00f3n\u00bb","author":"Nelson Feliz","date":"24 de junio de 2023","format":false,"excerpt":"El candidato presidencial del Partido de la Liberaci\u00f3n Dominicana (PLD) Abel Mart\u00ednez, expres\u00f3 sus condolencias a familiares de las v\u00edctimas del fatal accidente ocurrido el viernes en la Autopista Duarte, con un saldo de cinco personas fallecidas y 29 heridos, hasta el momento. Lament\u00f3 la recurrencia de accidentes de este\u2026","rel":"","context":"En \u00abSin categor\u00eda\u00bb","block_context":{"text":"Sin categor\u00eda","link":"https:\/\/lasprimeras.com.do\/index.php\/category\/sin-categoria\/"},"img":{"alt_text":"","src":"https:\/\/i0.wp.com\/lasprimeras.com.do\/wp-content\/uploads\/2023\/06\/terrero-respalda-propuesta-anunciada-por-abel-martinez.jpg?resize=350%2C200&ssl=1","width":350,"height":200,"srcset":"https:\/\/i0.wp.com\/lasprimeras.com.do\/wp-content\/uploads\/2023\/06\/terrero-respalda-propuesta-anunciada-por-abel-martinez.jpg?resize=350%2C200&ssl=1 1x, https:\/\/i0.wp.com\/lasprimeras.com.do\/wp-content\/uploads\/2023\/06\/terrero-respalda-propuesta-anunciada-por-abel-martinez.jpg?resize=525%2C300&ssl=1 1.5x, https:\/\/i0.wp.com\/lasprimeras.com.do\/wp-content\/uploads\/2023\/06\/terrero-respalda-propuesta-anunciada-por-abel-martinez.jpg?resize=700%2C400&ssl=1 2x, https:\/\/i0.wp.com\/lasprimeras.com.do\/wp-content\/uploads\/2023\/06\/terrero-respalda-propuesta-anunciada-por-abel-martinez.jpg?resize=1050%2C600&ssl=1 3x, https:\/\/i0.wp.com\/lasprimeras.com.do\/wp-content\/uploads\/2023\/06\/terrero-respalda-propuesta-anunciada-por-abel-martinez.jpg?resize=1400%2C800&ssl=1 4x"},"classes":[]}],"jetpack_sharing_enabled":true,"_links":{"self":[{"href":"https:\/\/lasprimeras.com.do\/index.php\/wp-json\/wp\/v2\/posts\/124187","targetHints":{"allow":["GET"]}}],"collection":[{"href":"https:\/\/lasprimeras.com.do\/index.php\/wp-json\/wp\/v2\/posts"}],"about":[{"href":"https:\/\/lasprimeras.com.do\/index.php\/wp-json\/wp\/v2\/types\/post"}],"author":[{"embeddable":true,"href":"https:\/\/lasprimeras.com.do\/index.php\/wp-json\/wp\/v2\/users\/10"}],"replies":[{"embeddable":true,"href":"https:\/\/lasprimeras.com.do\/index.php\/wp-json\/wp\/v2\/comments?post=124187"}],"version-history":[{"count":1,"href":"https:\/\/lasprimeras.com.do\/index.php\/wp-json\/wp\/v2\/posts\/124187\/revisions"}],"predecessor-version":[{"id":124189,"href":"https:\/\/lasprimeras.com.do\/index.php\/wp-json\/wp\/v2\/posts\/124187\/revisions\/124189"}],"wp:featuredmedia":[{"embeddable":true,"href":"https:\/\/lasprimeras.com.do\/index.php\/wp-json\/wp\/v2\/media\/124188"}],"wp:attachment":[{"href":"https:\/\/lasprimeras.com.do\/index.php\/wp-json\/wp\/v2\/media?parent=124187"}],"wp:term":[{"taxonomy":"category","embeddable":true,"href":"https:\/\/lasprimeras.com.do\/index.php\/wp-json\/wp\/v2\/categories?post=124187"},{"taxonomy":"post_tag","embeddable":true,"href":"https:\/\/lasprimeras.com.do\/index.php\/wp-json\/wp\/v2\/tags?post=124187"}],"curies":[{"name":"wp","href":"https:\/\/api.w.org\/{rel}","templated":true}]}}