{"id":124190,"date":"2026-03-09T17:46:58","date_gmt":"2026-03-09T21:46:58","guid":{"rendered":"https:\/\/lasprimeras.com.do\/?p=124190"},"modified":"2026-03-09T17:46:59","modified_gmt":"2026-03-09T21:46:59","slug":"gabinete-de-transporte-iniciara-pago-de-la-tarifa-en-el-corredor-independencia-a-partir-del-martes-10-de-marzo","status":"publish","type":"post","link":"https:\/\/lasprimeras.com.do\/index.php\/2026\/03\/09\/gabinete-de-transporte-iniciara-pago-de-la-tarifa-en-el-corredor-independencia-a-partir-del-martes-10-de-marzo\/","title":{"rendered":"Gabinete de Transporte iniciar\u00e1 pago de la tarifa en el Corredor Independencia a partir del martes 10 de marzo"},"content":{"rendered":"\n<p><strong>La marcha en blanco del sistema concluye este lunes 9 de marzo; el corredor ha movilizado m\u00e1s de 849 mil pasajeros durante su fase de preoperativa.<\/strong><\/p>\n\n\n\n<p>El Gabinete de Transporte inform\u00f3 que este lunes 9 de marzo concluye la fase de marcha en blanco del Corredor Independencia, tras varias semanas de operaci\u00f3n de prueba en las que se evalu\u00f3 el funcionamiento del sistema y la adaptaci\u00f3n de los usuarios.<\/p>\n\n\n\n<p>A partir del martes 10 de marzo de 2026, el servicio iniciar\u00e1 formalmente con el pago de la tarifa por los usuarios, establecida en RD$35.00 por pasaje, como parte de la puesta en marcha comercial del corredor.<\/p>\n\n\n\n<p>Durante el per\u00edodo de marcha en blanco, el Corredor Independencia ha movilizado 849,341 pasajeros, consolid\u00e1ndose como una alternativa de transporte organizada para los ciudadanos que se desplazan a lo largo de esta importante v\u00eda del Distrito Nacional.<\/p>\n\n\n\n<p>Actualmente, el corredor cuenta con 61 autobuses en operaci\u00f3n, que contin\u00faan ofreciendo el servicio en todo su recorrido.<\/p>\n\n\n\n<p>Los usuarios podr\u00e1n realizar el pago del pasaje mediante tarjetas de d\u00e9bito y cr\u00e9dito sin contacto (Visa y Mastercard), tarjeta Metro, tarjeta SD Go, billeteras electr\u00f3nicas como Apple Pay y Google Pay, as\u00ed como en efectivo exacto, facilitando distintas opciones para utilizar el servicio.<\/p>\n\n\n\n<p>Las autoridades indicaron que las tarjetas para el uso del sistema ser\u00e1n distribuidas gratuitamente en el corredor hasta agotar existencia, cada una con una recarga inicial de RD$40 pesos, equivalente a un pasaje.<\/p>\n\n\n<div class=\"wp-block-image\">\n<figure class=\"alignleft size-large is-resized\"><img decoding=\"async\" width=\"802\" height=\"1024\" src=\"https:\/\/lasprimeras.com.do\/wp-content\/uploads\/2026\/03\/WhatsApp-Image-2026-03-09-at-1.51.55-PM-802x1024.jpeg\" alt=\"\" class=\"wp-image-124192\" style=\"aspect-ratio:0.7832079607639053;width:409px;height:auto\" srcset=\"https:\/\/lasprimeras.com.do\/wp-content\/uploads\/2026\/03\/WhatsApp-Image-2026-03-09-at-1.51.55-PM-802x1024.jpeg 802w, https:\/\/lasprimeras.com.do\/wp-content\/uploads\/2026\/03\/WhatsApp-Image-2026-03-09-at-1.51.55-PM-235x300.jpeg 235w, https:\/\/lasprimeras.com.do\/wp-content\/uploads\/2026\/03\/WhatsApp-Image-2026-03-09-at-1.51.55-PM-768x980.jpeg 768w, https:\/\/lasprimeras.com.do\/wp-content\/uploads\/2026\/03\/WhatsApp-Image-2026-03-09-at-1.51.55-PM.jpeg 1003w\" sizes=\"(max-width: 802px) 100vw, 802px\" \/><\/figure>\n<\/div>\n\n\n<p>Puntos de recarga disponibles<\/p>\n\n\n\n<p>El Corredor Independencia contar\u00e1 con puntos de recarga de tarjetas en distintas paradas de la ruta, los cuales estar\u00e1n rotando para facilitar el acceso a los usuarios.<\/p>\n\n\n\n<p>Paradas Oeste \u2013 Este: KM 13, KM 12 con Ave. Isabel Aguiar y parada del Supermercado La Sirena.<\/p>\n\n\n\n<p>Paradas Este \u2013 Oeste: Morgan, Par\u00eds con Juana Saltitopa y Parque Independencia.<\/p>\n\n\n\n<p>Asimismo, los usuarios podr\u00e1n recargar sus tarjetas Metro en estaciones integradas del Metro de Santo Domingo, entre ellas Centro de los H\u00e9roes, Juan Bosch y Mam\u00e1 Ting\u00f3 (L\u00ednea 1), as\u00ed como Mar\u00eda Montez, Pedro Bono, Gregorio Billini, Ulises Espaillat, Pedro Mir, Eduardo Brito y Concepci\u00f3n Bona (L\u00ednea 2).<\/p>\n\n\n\n<p>El Gabinete de Transporte recomend\u00f3 a los ciudadanos recargar sus tarjetas con anticipaci\u00f3n y verificar que tengan saldo disponible antes de abordar. En caso de pagar en efectivo, deber\u00e1n llevar el monto exacto de RD$35.00, ya que no se entregar\u00e1 cambio.<\/p>\n\n\n\n<p>La puesta en marcha comercial del Corredor Independencia forma parte de las acciones impulsadas por el Gobierno dominicano para modernizar el sistema de transporte p\u00fablico, mejorar la movilidad urbana y ofrecer un servicio m\u00e1s organizado y eficiente para la ciudadan\u00eda.<\/p>\n","protected":false},"excerpt":{"rendered":"<p>La marcha en blanco del sistema concluye este lunes 9 de marzo; el corredor ha movilizado m\u00e1s de 849 mil pasajeros durante su fase de preoperativa. El Gabinete de Transporte&hellip;<\/p>\n","protected":false},"author":10,"featured_media":124191,"comment_status":"open","ping_status":"open","sticky":false,"template":"","format":"standard","meta":{"content-type":"","jetpack_post_was_ever_published":false,"_jetpack_newsletter_access":"","_jetpack_dont_email_post_to_subs":false,"_jetpack_newsletter_tier_id":0,"_jetpack_memberships_contains_paywalled_content":false,"_jetpack_memberships_contains_paid_content":false,"footnotes":""},"categories":[39],"tags":[30281,23517,31023,31022],"class_list":["post-124190","post","type-post","status-publish","format-standard","has-post-thumbnail","hentry","category-economia","tag-corredor-independencia","tag-gabinete-de-transporte","tag-martes-10-de-marzo","tag-pago-de-la-tarifa"],"jetpack_featured_media_url":"https:\/\/lasprimeras.com.do\/wp-content\/uploads\/2026\/03\/corredor-independencia-1.jpg","jetpack-related-posts":[{"id":122133,"url":"https:\/\/lasprimeras.com.do\/index.php\/2026\/02\/13\/luis-abinader-pone-en-marcha-corredor-independencia-y-amplia-sistema-integrado-de-transporte\/","url_meta":{"origin":124190,"position":0},"title":"Luis Abinader pone en marcha Corredor Independencia y ampl\u00eda Sistema Integrado de Transporte","author":"Nelson Feliz","date":"13 de febrero de 2026","format":false,"excerpt":"Jos\u00e9 Ignacio Paliza: \u201cen el transcurso de este a\u00f1o el gobierno del presidente Abinader, adem\u00e1s de este corredor, pondr\u00e1 en marcha otras iniciativas para seguir mejorando el transporte Destacan labor del presidente Abinader en favor de proyectos de desarrollo nacional y lo describen como hombre de acci\u00f3n que cumple su\u2026","rel":"","context":"En \u00abNACIONALES\u00bb","block_context":{"text":"NACIONALES","link":"https:\/\/lasprimeras.com.do\/index.php\/category\/nacionales\/"},"img":{"alt_text":"","src":"https:\/\/i0.wp.com\/lasprimeras.com.do\/wp-content\/uploads\/2026\/02\/dos-1.jpg?resize=350%2C200&ssl=1","width":350,"height":200,"srcset":"https:\/\/i0.wp.com\/lasprimeras.com.do\/wp-content\/uploads\/2026\/02\/dos-1.jpg?resize=350%2C200&ssl=1 1x, https:\/\/i0.wp.com\/lasprimeras.com.do\/wp-content\/uploads\/2026\/02\/dos-1.jpg?resize=525%2C300&ssl=1 1.5x, https:\/\/i0.wp.com\/lasprimeras.com.do\/wp-content\/uploads\/2026\/02\/dos-1.jpg?resize=700%2C400&ssl=1 2x"},"classes":[]},{"id":122371,"url":"https:\/\/lasprimeras.com.do\/index.php\/2026\/02\/16\/pasajeros-destacan-ahorro-de-tiempo-y-calidad-de-servicio-con-el-corredor-independencia\/","url_meta":{"origin":124190,"position":1},"title":"Pasajeros destacan ahorro de tiempo y calidad de servicio con el Corredor Independencia","author":"Nelson Feliz","date":"16 de febrero de 2026","format":false,"excerpt":"Usuarios del transporte p\u00fablico que se movilizan por el corredor Independencia han comenzado a percibir mejoras tras su entrada en vigencia, resaltando la reducci\u00f3n en los tiempos de traslado, la calidad en el servicio y una nueva experiencia de viaje. Quienes utilizan esta ruta coinciden en que la organizaci\u00f3n en\u2026","rel":"","context":"En \u00abNACIONALES\u00bb","block_context":{"text":"NACIONALES","link":"https:\/\/lasprimeras.com.do\/index.php\/category\/nacionales\/"},"img":{"alt_text":"","src":"https:\/\/i0.wp.com\/lasprimeras.com.do\/wp-content\/uploads\/2026\/02\/AUTOBUS-2.jpg?resize=350%2C200&ssl=1","width":350,"height":200,"srcset":"https:\/\/i0.wp.com\/lasprimeras.com.do\/wp-content\/uploads\/2026\/02\/AUTOBUS-2.jpg?resize=350%2C200&ssl=1 1x, https:\/\/i0.wp.com\/lasprimeras.com.do\/wp-content\/uploads\/2026\/02\/AUTOBUS-2.jpg?resize=525%2C300&ssl=1 1.5x, https:\/\/i0.wp.com\/lasprimeras.com.do\/wp-content\/uploads\/2026\/02\/AUTOBUS-2.jpg?resize=700%2C400&ssl=1 2x"},"classes":[]},{"id":49942,"url":"https:\/\/lasprimeras.com.do\/index.php\/2023\/05\/15\/intrant-inicia-proceso-de-transformacion-corredor-independencia\/","url_meta":{"origin":124190,"position":2},"title":"Intrant inicia proceso de transformaci\u00f3n Corredor Independencia\u00a0","author":"prenxa100","date":"15 de mayo de 2023","format":false,"excerpt":"Con la presencia del ministro de la Presidencia Joel Santos en la entrega de las nuevas licencias de operaci\u00f3n, el Gobierno muestra su compromiso con la transformaci\u00f3n del transporte en RD. Santo Domingo.- Con la presencia del ministro de la Presidencia, Joel Santos y el director ejecutivo del Instituto Nacional\u2026","rel":"","context":"En \u00abNACIONALES\u00bb","block_context":{"text":"NACIONALES","link":"https:\/\/lasprimeras.com.do\/index.php\/category\/nacionales\/"},"img":{"alt_text":"","src":"","width":0,"height":0},"classes":[]},{"id":122358,"url":"https:\/\/lasprimeras.com.do\/index.php\/2026\/02\/16\/choferes-exigen-prestaciones-laborales-ante-implementacion-del-nuevo-corredor-independencia\/","url_meta":{"origin":124190,"position":3},"title":"Choferes exigen prestaciones laborales ante implementaci\u00f3n del nuevo corredor Independencia","author":"Nelson Feliz","date":"16 de febrero de 2026","format":false,"excerpt":"Adriano F\u00e9lix, chofer de la ruta, explic\u00f3 que los tres mil choferes que pertenecen a la asociaci\u00f3n no se oponen al \u201cproyecto\u201d, sino a retirarse sin recibir ninguna remuneraci\u00f3n por parte de las autoridades. Decenas de conductores de la Asociaci\u00f3n de Choferes de Carro de la Avenida Independencia (Asochocaimde) se\u2026","rel":"","context":"En \u00abNACIONALES\u00bb","block_context":{"text":"NACIONALES","link":"https:\/\/lasprimeras.com.do\/index.php\/category\/nacionales\/"},"img":{"alt_text":"","src":"https:\/\/i0.wp.com\/lasprimeras.com.do\/wp-content\/uploads\/2026\/02\/Adriano-Felix.jpeg?resize=350%2C200&ssl=1","width":350,"height":200,"srcset":"https:\/\/i0.wp.com\/lasprimeras.com.do\/wp-content\/uploads\/2026\/02\/Adriano-Felix.jpeg?resize=350%2C200&ssl=1 1x, https:\/\/i0.wp.com\/lasprimeras.com.do\/wp-content\/uploads\/2026\/02\/Adriano-Felix.jpeg?resize=525%2C300&ssl=1 1.5x, https:\/\/i0.wp.com\/lasprimeras.com.do\/wp-content\/uploads\/2026\/02\/Adriano-Felix.jpeg?resize=700%2C400&ssl=1 2x"},"classes":[]},{"id":89733,"url":"https:\/\/lasprimeras.com.do\/index.php\/2024\/10\/03\/paliza-asegura-sistema-integrado-de-transporte-dignificara-calidad-de-vida-de-los-santiagueros\/","url_meta":{"origin":124190,"position":4},"title":"Paliza asegura Sistema Integrado de Transporte dignificar\u00e1 calidad de vida de los santiagueros","author":"Nelson Feliz","date":"3 de octubre de 2024","format":false,"excerpt":"El ministro de la Presidencia, Jos\u00e9 Ignacio Paliza, realiz\u00f3 una visita de supervisi\u00f3n de los avances y novedades del Sistema Integrado de Transporte P\u00fablico de Santiago (SITP), el cual contribuir\u00e1 a la transformaci\u00f3n de la movilidad y el transporte masivo de la \u201cciudad coraz\u00f3n\u201d. \u201cEste nuevo sistema de transporte dignificar\u00e1\u2026","rel":"","context":"En \u00abNACIONALES\u00bb","block_context":{"text":"NACIONALES","link":"https:\/\/lasprimeras.com.do\/index.php\/category\/nacionales\/"},"img":{"alt_text":"","src":"https:\/\/i0.wp.com\/lasprimeras.com.do\/wp-content\/uploads\/2024\/10\/Jose-Ignacio-Paliza-3.jpg?resize=350%2C200&ssl=1","width":350,"height":200,"srcset":"https:\/\/i0.wp.com\/lasprimeras.com.do\/wp-content\/uploads\/2024\/10\/Jose-Ignacio-Paliza-3.jpg?resize=350%2C200&ssl=1 1x, https:\/\/i0.wp.com\/lasprimeras.com.do\/wp-content\/uploads\/2024\/10\/Jose-Ignacio-Paliza-3.jpg?resize=525%2C300&ssl=1 1.5x, https:\/\/i0.wp.com\/lasprimeras.com.do\/wp-content\/uploads\/2024\/10\/Jose-Ignacio-Paliza-3.jpg?resize=700%2C400&ssl=1 2x"},"classes":[]},{"id":123127,"url":"https:\/\/lasprimeras.com.do\/index.php\/2026\/02\/26\/al-borde-del-choque-alertan-por-desvio-irregular-en-el-corredor-de-la-avenida-independencia\/","url_meta":{"origin":124190,"position":5},"title":"Al borde del choque: alertan por desv\u00edo irregular en el corredor de la avenida Independencia","author":"Nelson Feliz","date":"26 de febrero de 2026","format":false,"excerpt":"La reciente puesta en operaci\u00f3n del corredor de la avenida Independencia ha encendido se\u00f1ales de alerta en el sector transporte, luego de que surgieran denuncias sobre desv\u00edos de unidades fuera de la ruta autorizada por el Instituto Nacional de Tr\u00e1nsito y Transporte Terrestre (Intrant). De acuerdo con reportes provenientes de\u2026","rel":"","context":"En \u00abNACIONALES\u00bb","block_context":{"text":"NACIONALES","link":"https:\/\/lasprimeras.com.do\/index.php\/category\/nacionales\/"},"img":{"alt_text":"","src":"https:\/\/i0.wp.com\/lasprimeras.com.do\/wp-content\/uploads\/2026\/02\/autobus.jpg?resize=350%2C200&ssl=1","width":350,"height":200,"srcset":"https:\/\/i0.wp.com\/lasprimeras.com.do\/wp-content\/uploads\/2026\/02\/autobus.jpg?resize=350%2C200&ssl=1 1x, https:\/\/i0.wp.com\/lasprimeras.com.do\/wp-content\/uploads\/2026\/02\/autobus.jpg?resize=525%2C300&ssl=1 1.5x, https:\/\/i0.wp.com\/lasprimeras.com.do\/wp-content\/uploads\/2026\/02\/autobus.jpg?resize=700%2C400&ssl=1 2x"},"classes":[]}],"jetpack_sharing_enabled":true,"_links":{"self":[{"href":"https:\/\/lasprimeras.com.do\/index.php\/wp-json\/wp\/v2\/posts\/124190","targetHints":{"allow":["GET"]}}],"collection":[{"href":"https:\/\/lasprimeras.com.do\/index.php\/wp-json\/wp\/v2\/posts"}],"about":[{"href":"https:\/\/lasprimeras.com.do\/index.php\/wp-json\/wp\/v2\/types\/post"}],"author":[{"embeddable":true,"href":"https:\/\/lasprimeras.com.do\/index.php\/wp-json\/wp\/v2\/users\/10"}],"replies":[{"embeddable":true,"href":"https:\/\/lasprimeras.com.do\/index.php\/wp-json\/wp\/v2\/comments?post=124190"}],"version-history":[{"count":1,"href":"https:\/\/lasprimeras.com.do\/index.php\/wp-json\/wp\/v2\/posts\/124190\/revisions"}],"predecessor-version":[{"id":124193,"href":"https:\/\/lasprimeras.com.do\/index.php\/wp-json\/wp\/v2\/posts\/124190\/revisions\/124193"}],"wp:featuredmedia":[{"embeddable":true,"href":"https:\/\/lasprimeras.com.do\/index.php\/wp-json\/wp\/v2\/media\/124191"}],"wp:attachment":[{"href":"https:\/\/lasprimeras.com.do\/index.php\/wp-json\/wp\/v2\/media?parent=124190"}],"wp:term":[{"taxonomy":"category","embeddable":true,"href":"https:\/\/lasprimeras.com.do\/index.php\/wp-json\/wp\/v2\/categories?post=124190"},{"taxonomy":"post_tag","embeddable":true,"href":"https:\/\/lasprimeras.com.do\/index.php\/wp-json\/wp\/v2\/tags?post=124190"}],"curies":[{"name":"wp","href":"https:\/\/api.w.org\/{rel}","templated":true}]}}