{"id":124194,"date":"2026-03-09T18:01:22","date_gmt":"2026-03-09T22:01:22","guid":{"rendered":"https:\/\/lasprimeras.com.do\/?p=124194"},"modified":"2026-03-09T18:01:24","modified_gmt":"2026-03-09T22:01:24","slug":"hipolito-mejia-obtiene-su-nueva-licencia-de-conducir","status":"publish","type":"post","link":"https:\/\/lasprimeras.com.do\/index.php\/2026\/03\/09\/hipolito-mejia-obtiene-su-nueva-licencia-de-conducir\/","title":{"rendered":"Hip\u00f3lito Mej\u00eda obtiene su nueva licencia de conducir"},"content":{"rendered":"\n<p>El expresidente de la Rep\u00fablica, Hip\u00f3lito Mej\u00eda, acudi\u00f3 recientemente a las instalaciones correspondientes para realizar el proceso de obtenci\u00f3n de su nueva licencia de conducir.<\/p>\n\n\n\n<p>Durante su visita, el exmandatario cumpli\u00f3 con los protocolos establecidos, integr\u00e1ndose de manera fluida a la din\u00e1mica de atenci\u00f3n al ciudadano.<\/p>\n\n\n\n<p>Tras concluir el tr\u00e1mite, Mej\u00eda manifest\u00f3 su satisfacci\u00f3n con la calidad del servicio recibido.<\/p>\n\n\n\n<p>El exjefe de Estado destac\u00f3 especialmente la limpieza, el orden y la eficiente organizaci\u00f3n que impera en el centro de servicios, calificando la experiencia como positiva y ejemplar.<\/p>\n\n\n\n<p>En el marco de su recorrido, el pol\u00edtico tambi\u00e9n dedic\u00f3 palabras de reconocimiento a la actual administraci\u00f3n del Instituto Nacional de Tr\u00e1nsito y Transporte Terrestre (INTRANT).<\/p>\n\n\n\n<p>Valor\u00f3 el trabajo que se viene realizando para optimizar los procesos institucionales en beneficio de la poblaci\u00f3n dominicana.<\/p>\n\n\n\n<p>De manera particular, resalt\u00f3 la gesti\u00f3n de Milton Morrison, director ejecutivo de la instituci\u00f3n.<\/p>\n\n\n\n<p>Mej\u00eda subray\u00f3 la notable capacidad administrativa y gerencial de Morrison, a quien atribuy\u00f3 las mejoras visibles en la agilizaci\u00f3n y modernizaci\u00f3n de los tr\u00e1mites que all\u00ed se realizan.<\/p>\n\n\n\n<p>Aprovechando su presencia en el lugar, el expresidente hizo un llamado directo a la ciudadan\u00eda para que acudan a renovar su documento de identidad vial.<\/p>\n\n\n\n<p>Con su caracter\u00edstico estilo, exhort\u00f3 a los conductores a mantenerse al d\u00eda para evitar contratiempos con las autoridades de tr\u00e1nsito.<\/p>\n\n\n\n<p>\u201cVengan a renovar para que no los agarre la Digesett despu\u00e9s y tengan que pagar una multa\u201d, expres\u00f3 Mej\u00eda de forma jovial.<\/p>\n\n\n\n<p>Por su parte, el INTRANT reafirm\u00f3 su compromiso de seguir trabajando para ofrecer tr\u00e1mites m\u00e1s organizados, seguros y accesibles para todos los usuarios.<\/p>\n","protected":false},"excerpt":{"rendered":"<p>El expresidente de la Rep\u00fablica, Hip\u00f3lito Mej\u00eda, acudi\u00f3 recientemente a las instalaciones correspondientes para realizar el proceso de obtenci\u00f3n de su nueva licencia de conducir. Durante su visita, el exmandatario&hellip;<\/p>\n","protected":false},"author":10,"featured_media":124195,"comment_status":"open","ping_status":"open","sticky":false,"template":"","format":"standard","meta":{"content-type":"","jetpack_post_was_ever_published":false,"_jetpack_newsletter_access":"","_jetpack_dont_email_post_to_subs":false,"_jetpack_newsletter_tier_id":0,"_jetpack_memberships_contains_paywalled_content":false,"_jetpack_memberships_contains_paid_content":false,"footnotes":""},"categories":[35,25],"tags":[1073,30429],"class_list":["post-124194","post","type-post","status-publish","format-standard","has-post-thumbnail","hentry","category-nacionales","category-portada","tag-hipolito-mejia","tag-licencia-de-conducir"],"jetpack_featured_media_url":"https:\/\/lasprimeras.com.do\/wp-content\/uploads\/2026\/03\/\ud835\udddb\ud835\uddf6\ud835\uddfd\ud835\uddfc\u0301\ud835\uddf9\ud835\uddf6\ud835\ude01\ud835\uddfc-\ud835\udde0\ud835\uddf2\ud835\uddf7\ud835\uddf6\u0301\ud835\uddee-1.jpg","jetpack-related-posts":[{"id":124836,"url":"https:\/\/lasprimeras.com.do\/index.php\/2026\/03\/17\/carolina-mejia-destaca-el-servicio-y-llama-a-obtener-la-nueva-licencia-de-conducir\/","url_meta":{"origin":124194,"position":0},"title":"Carolina Mej\u00eda destaca el servicio y llama a obtener la nueva licencia de conducir","author":"Nelson Feliz","date":"17 de marzo de 2026","format":false,"excerpt":"La alcaldesa del Distrito Nacional, Carolina Mej\u00eda, resalt\u00f3 la eficiencia del servicio ofrecido por el INTRANT, destacando la agilidad del proceso, el trato recibido y la seguridad de la nueva licencia de conducir. Durante su visita, agradeci\u00f3 al director ejecutivo, Milton Morrison, y a su equipo por la calidad en\u2026","rel":"","context":"En \u00abNACIONALES\u00bb","block_context":{"text":"NACIONALES","link":"https:\/\/lasprimeras.com.do\/index.php\/category\/nacionales\/"},"img":{"alt_text":"Carolina Mej\u00eda","src":"https:\/\/i0.wp.com\/lasprimeras.com.do\/wp-content\/uploads\/2026\/03\/Carolina-Mejia-3.jpg?resize=350%2C200&ssl=1","width":350,"height":200,"srcset":"https:\/\/i0.wp.com\/lasprimeras.com.do\/wp-content\/uploads\/2026\/03\/Carolina-Mejia-3.jpg?resize=350%2C200&ssl=1 1x, https:\/\/i0.wp.com\/lasprimeras.com.do\/wp-content\/uploads\/2026\/03\/Carolina-Mejia-3.jpg?resize=525%2C300&ssl=1 1.5x, https:\/\/i0.wp.com\/lasprimeras.com.do\/wp-content\/uploads\/2026\/03\/Carolina-Mejia-3.jpg?resize=700%2C400&ssl=1 2x"},"classes":[]},{"id":122902,"url":"https:\/\/lasprimeras.com.do\/index.php\/2026\/02\/23\/hipolito-mejia-apoya-las-demandas-de-los-profesionales-agropecuarios\/","url_meta":{"origin":124194,"position":1},"title":"Hip\u00f3lito Mej\u00eda apoya las demandas de los profesionales agropecuarios","author":"Nelson Feliz","date":"23 de febrero de 2026","format":false,"excerpt":"Mej\u00eda se compromete a transmitirlas al presidente Luis Abinader. El expresidente de la Rep\u00fablica, Hip\u00f3lito Mej\u00eda, expres\u00f3 este lunes su respaldo a las demandas de los profesionales agropecuarios dominicanos y se comprometi\u00f3 a transmitirlas personalmente al presidente de la Rep\u00fablica, Luis Abinader. La afirmaci\u00f3n fue realizada por el Pleno Nacional\u2026","rel":"","context":"En \u00abPOLITICA\u00bb","block_context":{"text":"POLITICA","link":"https:\/\/lasprimeras.com.do\/index.php\/category\/politica\/"},"img":{"alt_text":"Tito Hern\u00e1ndez","src":"https:\/\/i0.wp.com\/lasprimeras.com.do\/wp-content\/uploads\/2026\/02\/Tito-Hernandez.jpg?resize=350%2C200&ssl=1","width":350,"height":200,"srcset":"https:\/\/i0.wp.com\/lasprimeras.com.do\/wp-content\/uploads\/2026\/02\/Tito-Hernandez.jpg?resize=350%2C200&ssl=1 1x, https:\/\/i0.wp.com\/lasprimeras.com.do\/wp-content\/uploads\/2026\/02\/Tito-Hernandez.jpg?resize=525%2C300&ssl=1 1.5x, https:\/\/i0.wp.com\/lasprimeras.com.do\/wp-content\/uploads\/2026\/02\/Tito-Hernandez.jpg?resize=700%2C400&ssl=1 2x"},"classes":[]},{"id":103649,"url":"https:\/\/lasprimeras.com.do\/index.php\/2025\/07\/17\/anpa-dedicara-su-9no-congreso-al-expresidente-hipolito-mejia\/","url_meta":{"origin":124194,"position":2},"title":"ANPA dedicar\u00e1 su 9no Congreso al expresidente Hip\u00f3lito Mej\u00eda","author":"Nelson Feliz","date":"17 de julio de 2025","format":false,"excerpt":"La Asamblea Nacional de Dirigentes de la Asociaci\u00f3n Nacional de Profesionales Agropecuarios, dedicar\u00e1n 9no Congreso Nacional de la ANPA al expresidente Rep\u00fablica Hip\u00f3lito Mej\u00eda, en reconocimiento a su trayectoria como fundador del gremio y exministro de Agricultura. El presidente de la ANPA, Tito Hern\u00e1ndez, expres\u00f3 que la vida acrisolada de\u2026","rel":"","context":"En \u00abNACIONALES\u00bb","block_context":{"text":"NACIONALES","link":"https:\/\/lasprimeras.com.do\/index.php\/category\/nacionales\/"},"img":{"alt_text":"Tito Hern\u00e1ndez","src":"https:\/\/i0.wp.com\/lasprimeras.com.do\/wp-content\/uploads\/2025\/07\/Tito-Hernandez.jpg?resize=350%2C200&ssl=1","width":350,"height":200,"srcset":"https:\/\/i0.wp.com\/lasprimeras.com.do\/wp-content\/uploads\/2025\/07\/Tito-Hernandez.jpg?resize=350%2C200&ssl=1 1x, https:\/\/i0.wp.com\/lasprimeras.com.do\/wp-content\/uploads\/2025\/07\/Tito-Hernandez.jpg?resize=525%2C300&ssl=1 1.5x, https:\/\/i0.wp.com\/lasprimeras.com.do\/wp-content\/uploads\/2025\/07\/Tito-Hernandez.jpg?resize=700%2C400&ssl=1 2x"},"classes":[]},{"id":110511,"url":"https:\/\/lasprimeras.com.do\/index.php\/2025\/09\/29\/anpa-inaugura-este-martes-su-ix-congreso-nacional-hipolito-mejia\/","url_meta":{"origin":124194,"position":3},"title":"ANPA inaugura este martes su IX Congreso Nacional \u201cHip\u00f3lito Mej\u00eda\u201d","author":"Nelson Feliz","date":"29 de septiembre de 2025","format":false,"excerpt":"La Asociaci\u00f3n Nacional de Profesionales Agropecuarios (ANPA) dejar\u00e1 inaugurado este martes su IX Congreso Nacional \u201cHip\u00f3lito Mej\u00eda\u201d, a celebrarse en el Hotel Coopmarena de Juan Dolio, provincia San Pedro de Macor\u00eds, los d\u00edas 30 de septiembre, 1 y 2 de octubre de 2025. Con el lema \u201cEl agr\u00f3nomo como garante\u2026","rel":"","context":"En \u00abNACIONALES\u00bb","block_context":{"text":"NACIONALES","link":"https:\/\/lasprimeras.com.do\/index.php\/category\/nacionales\/"},"img":{"alt_text":"","src":"https:\/\/i0.wp.com\/lasprimeras.com.do\/wp-content\/uploads\/2025\/09\/Hipolito-Mejia-1.jpg?resize=350%2C200&ssl=1","width":350,"height":200,"srcset":"https:\/\/i0.wp.com\/lasprimeras.com.do\/wp-content\/uploads\/2025\/09\/Hipolito-Mejia-1.jpg?resize=350%2C200&ssl=1 1x, https:\/\/i0.wp.com\/lasprimeras.com.do\/wp-content\/uploads\/2025\/09\/Hipolito-Mejia-1.jpg?resize=525%2C300&ssl=1 1.5x, https:\/\/i0.wp.com\/lasprimeras.com.do\/wp-content\/uploads\/2025\/09\/Hipolito-Mejia-1.jpg?resize=700%2C400&ssl=1 2x"},"classes":[]},{"id":106707,"url":"https:\/\/lasprimeras.com.do\/index.php\/2025\/08\/18\/hipolito-mejia-agradece-la-dedicatoria-del-ix-congreso-nacional-de-la-anpa\/","url_meta":{"origin":124194,"position":4},"title":"Hip\u00f3lito Mej\u00eda agradece la dedicatoria del IX Congreso Nacional de la ANPA","author":"Nelson Feliz","date":"18 de agosto de 2025","format":false,"excerpt":"El expresidente de la Rep\u00fablica Dominicana, agr\u00f3nomo Hip\u00f3lito Mej\u00eda, expres\u00f3 su gratitud a la Asociaci\u00f3n Nacional de Profesionales Agropecuarios (ANPA) por dedicarle el IX Congreso Nacional, el cual se realizar\u00e1 los d\u00edas 23, 24 y 25 de septiembre del presente a\u00f1o. Con una mezcla de nostalgia y orgullo, Mej\u00eda expres\u00f3\u2026","rel":"","context":"En \u00abPOLITICA\u00bb","block_context":{"text":"POLITICA","link":"https:\/\/lasprimeras.com.do\/index.php\/category\/politica\/"},"img":{"alt_text":"","src":"https:\/\/i0.wp.com\/lasprimeras.com.do\/wp-content\/uploads\/2025\/08\/Hipolito-Mejia.jpg?resize=350%2C200&ssl=1","width":350,"height":200,"srcset":"https:\/\/i0.wp.com\/lasprimeras.com.do\/wp-content\/uploads\/2025\/08\/Hipolito-Mejia.jpg?resize=350%2C200&ssl=1 1x, https:\/\/i0.wp.com\/lasprimeras.com.do\/wp-content\/uploads\/2025\/08\/Hipolito-Mejia.jpg?resize=525%2C300&ssl=1 1.5x, https:\/\/i0.wp.com\/lasprimeras.com.do\/wp-content\/uploads\/2025\/08\/Hipolito-Mejia.jpg?resize=700%2C400&ssl=1 2x"},"classes":[]},{"id":104393,"url":"https:\/\/lasprimeras.com.do\/index.php\/2025\/07\/23\/ultiman-a-ivonne-handal-hermana-de-la-nuera-del-expresidente-hipolito-mejia\/","url_meta":{"origin":124194,"position":5},"title":"Ultiman a Ivonne Handal hermana de la nuera del expresidente Hip\u00f3lito Mej\u00eda","author":"Nelson Feliz","date":"23 de julio de 2025","format":false,"excerpt":"El atacante tiene problemas mentales \u201cEnt\u00e9rate de quien se trata\u201d Ivonne Handal, hermana de la nuera del expresidente Hip\u00f3lito Mej\u00eda, fue ultimada en su apartamento de Naco, supuestamente por un vecino que tiene problemas mentales. Ivonne era hermana de Nancy Handal, la esposa de Felipe Mej\u00eda, el hijo mayor del\u2026","rel":"","context":"En \u00abNACIONALES\u00bb","block_context":{"text":"NACIONALES","link":"https:\/\/lasprimeras.com.do\/index.php\/category\/nacionales\/"},"img":{"alt_text":"","src":"https:\/\/i0.wp.com\/lasprimeras.com.do\/wp-content\/uploads\/2023\/07\/Cuchillo.jpg?resize=350%2C200&ssl=1","width":350,"height":200,"srcset":"https:\/\/i0.wp.com\/lasprimeras.com.do\/wp-content\/uploads\/2023\/07\/Cuchillo.jpg?resize=350%2C200&ssl=1 1x, https:\/\/i0.wp.com\/lasprimeras.com.do\/wp-content\/uploads\/2023\/07\/Cuchillo.jpg?resize=525%2C300&ssl=1 1.5x"},"classes":[]}],"jetpack_sharing_enabled":true,"_links":{"self":[{"href":"https:\/\/lasprimeras.com.do\/index.php\/wp-json\/wp\/v2\/posts\/124194","targetHints":{"allow":["GET"]}}],"collection":[{"href":"https:\/\/lasprimeras.com.do\/index.php\/wp-json\/wp\/v2\/posts"}],"about":[{"href":"https:\/\/lasprimeras.com.do\/index.php\/wp-json\/wp\/v2\/types\/post"}],"author":[{"embeddable":true,"href":"https:\/\/lasprimeras.com.do\/index.php\/wp-json\/wp\/v2\/users\/10"}],"replies":[{"embeddable":true,"href":"https:\/\/lasprimeras.com.do\/index.php\/wp-json\/wp\/v2\/comments?post=124194"}],"version-history":[{"count":1,"href":"https:\/\/lasprimeras.com.do\/index.php\/wp-json\/wp\/v2\/posts\/124194\/revisions"}],"predecessor-version":[{"id":124196,"href":"https:\/\/lasprimeras.com.do\/index.php\/wp-json\/wp\/v2\/posts\/124194\/revisions\/124196"}],"wp:featuredmedia":[{"embeddable":true,"href":"https:\/\/lasprimeras.com.do\/index.php\/wp-json\/wp\/v2\/media\/124195"}],"wp:attachment":[{"href":"https:\/\/lasprimeras.com.do\/index.php\/wp-json\/wp\/v2\/media?parent=124194"}],"wp:term":[{"taxonomy":"category","embeddable":true,"href":"https:\/\/lasprimeras.com.do\/index.php\/wp-json\/wp\/v2\/categories?post=124194"},{"taxonomy":"post_tag","embeddable":true,"href":"https:\/\/lasprimeras.com.do\/index.php\/wp-json\/wp\/v2\/tags?post=124194"}],"curies":[{"name":"wp","href":"https:\/\/api.w.org\/{rel}","templated":true}]}}