{"id":124197,"date":"2026-03-09T18:14:21","date_gmt":"2026-03-09T22:14:21","guid":{"rendered":"https:\/\/lasprimeras.com.do\/?p=124197"},"modified":"2026-03-09T18:14:24","modified_gmt":"2026-03-09T22:14:24","slug":"reconocidos-ladrones-mantienen-en-zozobra-al-sector-la-esperanza-de-villa-mella","status":"publish","type":"post","link":"https:\/\/lasprimeras.com.do\/index.php\/2026\/03\/09\/reconocidos-ladrones-mantienen-en-zozobra-al-sector-la-esperanza-de-villa-mella\/","title":{"rendered":"Reconocidos ladrones mantienen en zozobra al sector La Esperanza de Villa Mella"},"content":{"rendered":"\n<p><strong>\u201cViejo\u201d (el hijo) y \u201cChago\u201d (el padre) dos reconocidos ladrones del sector La Esperanza de Villa Mella<\/strong><\/p>\n\n\n\n<p>Residentes de la calle Miguel Ma\u00f1\u00f3n, en el sector La Esperanza de Villa Mella, entrada de los Guaricanos, denuncian vivir en estado de p\u00e1nico ante la presencia de dos delincuentes, lacras sociales \u2014padre e hijo\u2014 que, seg\u00fan afirman, se dedican a robar en cualquier vivienda de la zona, no importando la hora, ante la indiferencia de las autoridades.<\/p>\n\n\n\n<p>De acuerdo con los comunitarios, los individuos, conocidos supuestamente en el sector con los apodos de \u201cViejo\u201d (el hijo) y \u201cChago\u201d (el padre), penetran a los hogares a cualquier hora del d\u00eda, presuntamente armados con pistola o chuchillo, lo que ha generado temor generalizado entre los mun\u00edcipes, quienes aseguran no atreverse a enfrentarlos por miedo a represalias.<\/p>\n\n\n\n<p>Los hogare\u00f1os se\u00f1alan adem\u00e1s que ambos hombres act\u00faan bajo los efectos de sustancias narc\u00f3ticas, situaci\u00f3n que incrementa la preocupaci\u00f3n y el nivel de riesgo en el sector.<\/p>\n\n\n\n<p>Ante esta problem\u00e1tica, los residentes hacen un llamado urgente al comandante policial correspondiente a la jurisdicci\u00f3n de Villa Mella, en Santo Domingo Norte, para que intervenga cuanto antes y refuerce la vigilancia en la zona, a fin de garantizar la seguridad y tranquilidad de las familias afectadas.<\/p>\n\n\n\n<p>Los comunitarios esperan una pronta respuesta de las autoridades para evitar que la situaci\u00f3n pase a mayores.<\/p>\n","protected":false},"excerpt":{"rendered":"<p>\u201cViejo\u201d (el hijo) y \u201cChago\u201d (el padre) dos reconocidos ladrones del sector La Esperanza de Villa Mella Residentes de la calle Miguel Ma\u00f1\u00f3n, en el sector La Esperanza de Villa&hellip;<\/p>\n","protected":false},"author":10,"featured_media":124198,"comment_status":"open","ping_status":"open","sticky":false,"template":"","format":"standard","meta":{"content-type":"","jetpack_post_was_ever_published":false,"_jetpack_newsletter_access":"","_jetpack_dont_email_post_to_subs":false,"_jetpack_newsletter_tier_id":0,"_jetpack_memberships_contains_paywalled_content":false,"_jetpack_memberships_contains_paid_content":false,"footnotes":""},"categories":[35],"tags":[31024,8130,31025,684,1679],"class_list":["post-124197","post","type-post","status-publish","format-standard","has-post-thumbnail","hentry","category-nacionales","tag-ladrones-mantienen","tag-reconocidos","tag-sector-la-esperanza","tag-villa-mella","tag-zozobra"],"jetpack_featured_media_url":"https:\/\/lasprimeras.com.do\/wp-content\/uploads\/2026\/03\/robando-casa-ganzuado-tecnicas-robo-protege-tu-comunidad-con-esvision.jpg","jetpack-related-posts":[{"id":109798,"url":"https:\/\/lasprimeras.com.do\/index.php\/2025\/09\/22\/apresan-uno-de-cinco-antisociales-tras-asalto-a-comercio-en-villa-mella\/","url_meta":{"origin":124197,"position":0},"title":"Apresan uno de cinco antisociales tras asalto a comercio en Villa Mella","author":"Nelson Feliz","date":"22 de septiembre de 2025","format":false,"excerpt":"Agentes de la Polic\u00eda Preventiva y de la Subdirecci\u00f3n Central de Investigaci\u00f3n (DICRIM) apresaron en flagrante delito a uno de cinco antisociales que asaltaron un establecimiento comercial ubicado en la carretera Villa Mella\u2013Yamas\u00e1, sector San Felipe, Santo Domingo Norte. El detenido es Wilford Alexis P\u00e9rez (a) \u201cEl Realdiga\u201d, de 18\u2026","rel":"","context":"En \u00abMILITARES\u00bb","block_context":{"text":"MILITARES","link":"https:\/\/lasprimeras.com.do\/index.php\/category\/militares\/"},"img":{"alt_text":"","src":"https:\/\/i0.wp.com\/lasprimeras.com.do\/wp-content\/uploads\/2025\/09\/El-Realdiga.jpg?resize=350%2C200&ssl=1","width":350,"height":200,"srcset":"https:\/\/i0.wp.com\/lasprimeras.com.do\/wp-content\/uploads\/2025\/09\/El-Realdiga.jpg?resize=350%2C200&ssl=1 1x, https:\/\/i0.wp.com\/lasprimeras.com.do\/wp-content\/uploads\/2025\/09\/El-Realdiga.jpg?resize=525%2C300&ssl=1 1.5x, https:\/\/i0.wp.com\/lasprimeras.com.do\/wp-content\/uploads\/2025\/09\/El-Realdiga.jpg?resize=700%2C400&ssl=1 2x"},"classes":[]},{"id":118725,"url":"https:\/\/lasprimeras.com.do\/index.php\/2026\/01\/02\/policia-activa-busqueda-de-alex-veje-vinculado-a-muerte-de-mujer-en-villa-mella\/","url_meta":{"origin":124197,"position":1},"title":"Polic\u00eda activa b\u00fasqueda de \u201cAlex Veje\u201d vinculado a muerte de mujer en Villa Mella","author":"Nelson Feliz","date":"2 de enero de 2026","format":false,"excerpt":"La Polic\u00eda Nacional activa la localizaci\u00f3n de Alexander Lasen Mat\u00edas, alias \u201cAlex Veje\u201d, de 33 a\u00f1os, se\u00f1alado como presunto implicado en la muerte de una mujer en un hecho registrado en el sector Barrio Nuevo, Villa Mella, la madrugada del domingo 28 de diciembre de 2025. La victima es Carolina\u2026","rel":"","context":"En \u00abMILITARES\u00bb","block_context":{"text":"MILITARES","link":"https:\/\/lasprimeras.com.do\/index.php\/category\/militares\/"},"img":{"alt_text":"dicrim","src":"https:\/\/i0.wp.com\/lasprimeras.com.do\/wp-content\/uploads\/2023\/12\/dicrim.jpeg?resize=350%2C200&ssl=1","width":350,"height":200,"srcset":"https:\/\/i0.wp.com\/lasprimeras.com.do\/wp-content\/uploads\/2023\/12\/dicrim.jpeg?resize=350%2C200&ssl=1 1x, https:\/\/i0.wp.com\/lasprimeras.com.do\/wp-content\/uploads\/2023\/12\/dicrim.jpeg?resize=525%2C300&ssl=1 1.5x, https:\/\/i0.wp.com\/lasprimeras.com.do\/wp-content\/uploads\/2023\/12\/dicrim.jpeg?resize=700%2C400&ssl=1 2x"},"classes":[]},{"id":72213,"url":"https:\/\/lasprimeras.com.do\/index.php\/2023\/12\/27\/apresan-cabecilla-de-banda-mantenia-en-zozobra-a-villa-mella\/","url_meta":{"origin":124197,"position":2},"title":"Apresan cabecilla de banda manten\u00eda en zozobra a Villa Mella","author":"Nelson Feliz","date":"27 de diciembre de 2023","format":false,"excerpt":"Hacen llamado al Procurador Fiscal Milc\u00edades Guzm\u00e1n, de la Zona Oriental a no permitir que el mismo sea puesto en libertad por dinero. Agentes de la Direcci\u00f3n de Investigaciones Criminales de la Polic\u00eda Nacional (DICRIM), divisi\u00f3n Santo Domingo Norte, arrestaron al presunto cabecilla de una banda de asaltantes que se\u2026","rel":"","context":"En \u00abMILITARES\u00bb","block_context":{"text":"MILITARES","link":"https:\/\/lasprimeras.com.do\/index.php\/category\/militares\/"},"img":{"alt_text":"Jos\u00e9 Manuel Mart\u00ednez N\u00fa\u00f1ez","src":"https:\/\/i0.wp.com\/lasprimeras.com.do\/wp-content\/uploads\/2023\/12\/Jose-Manuel-Martinez-Nunez.jpg?resize=350%2C200&ssl=1","width":350,"height":200,"srcset":"https:\/\/i0.wp.com\/lasprimeras.com.do\/wp-content\/uploads\/2023\/12\/Jose-Manuel-Martinez-Nunez.jpg?resize=350%2C200&ssl=1 1x, https:\/\/i0.wp.com\/lasprimeras.com.do\/wp-content\/uploads\/2023\/12\/Jose-Manuel-Martinez-Nunez.jpg?resize=525%2C300&ssl=1 1.5x"},"classes":[]},{"id":115114,"url":"https:\/\/lasprimeras.com.do\/index.php\/2025\/11\/19\/pn-proteje-joven-y-su-hijo-menor-tras-evitar-suicidio-en-puente-el-villa-mella-sdn\/","url_meta":{"origin":124197,"position":3},"title":"PN proteje joven y su hijo menor tras evitar suicidio en puente el Villa Mella, SDN","author":"Nelson Feliz","date":"19 de noviembre de 2025","format":false,"excerpt":"La Polic\u00eda Nacional, a trav\u00e9s del Departamento de Investigaci\u00f3n de Trata y Tr\u00e1fico de Personas y Delitos Conexos contra Menores de Edad, rescat\u00f3 y brind\u00f3 protecci\u00f3n a una joven y a su hijo de un a\u00f1o y ocho meses, luego de impedir que ambos se lanzaran desde el puente de\u2026","rel":"","context":"En \u00abMILITARES\u00bb","block_context":{"text":"MILITARES","link":"https:\/\/lasprimeras.com.do\/index.php\/category\/militares\/"},"img":{"alt_text":"","src":"https:\/\/i0.wp.com\/lasprimeras.com.do\/wp-content\/uploads\/2025\/11\/una-2.jpg?resize=350%2C200&ssl=1","width":350,"height":200,"srcset":"https:\/\/i0.wp.com\/lasprimeras.com.do\/wp-content\/uploads\/2025\/11\/una-2.jpg?resize=350%2C200&ssl=1 1x, https:\/\/i0.wp.com\/lasprimeras.com.do\/wp-content\/uploads\/2025\/11\/una-2.jpg?resize=525%2C300&ssl=1 1.5x, https:\/\/i0.wp.com\/lasprimeras.com.do\/wp-content\/uploads\/2025\/11\/una-2.jpg?resize=700%2C400&ssl=1 2x"},"classes":[]},{"id":112165,"url":"https:\/\/lasprimeras.com.do\/index.php\/2025\/10\/19\/abinader-inaugura-el-polideportivo-club-rafael-osvaldo-mercedes-crom-en-villa-mella\/","url_meta":{"origin":124197,"position":4},"title":"Abinader inaugura el Polideportivo Club Rafael Osvaldo Mercedes \u201cCROM\u201d en Villa Mella","author":"Nelson Feliz","date":"19 de octubre de 2025","format":false,"excerpt":"Indica que, adem\u00e1s de este polideportivo, se han construido techados en Sabana Perdida Norte y Los Guaricanos, como parte de un plan de 30 instalaciones deportivas en el Gran Santo Domingo. El presidente Luis Abinader inaugur\u00f3 el Polideportivo Club Rafael Osvaldo Mercedes \u201cCROM\u201d en Villa Mella, una obra largamente esperada\u2026","rel":"","context":"En \u00abDEPORTES\u00bb","block_context":{"text":"DEPORTES","link":"https:\/\/lasprimeras.com.do\/index.php\/category\/deportes\/"},"img":{"alt_text":"","src":"https:\/\/i0.wp.com\/lasprimeras.com.do\/wp-content\/uploads\/2025\/10\/crom.jpg?resize=350%2C200&ssl=1","width":350,"height":200,"srcset":"https:\/\/i0.wp.com\/lasprimeras.com.do\/wp-content\/uploads\/2025\/10\/crom.jpg?resize=350%2C200&ssl=1 1x, https:\/\/i0.wp.com\/lasprimeras.com.do\/wp-content\/uploads\/2025\/10\/crom.jpg?resize=525%2C300&ssl=1 1.5x, https:\/\/i0.wp.com\/lasprimeras.com.do\/wp-content\/uploads\/2025\/10\/crom.jpg?resize=700%2C400&ssl=1 2x"},"classes":[]},{"id":125902,"url":"https:\/\/lasprimeras.com.do\/index.php\/2026\/03\/27\/fuertes-aguaceros-provocan-caos-en-el-gran-santo-domingo-y-el-dn\/","url_meta":{"origin":124197,"position":5},"title":"Fuertes aguaceros provocan caos en el Gran Santo Domingo y el DN","author":"Nelson Feliz","date":"27 de marzo de 2026","format":false,"excerpt":"Por Abdias Estrella Un fuerte aguacero que azot\u00f3 la ciudad de Santo Domingo ayer jueves provoc\u00f3 desorden y caos en varios sectores, especialmente en el puente que une el Santo Domingo con Villa Mella. El tr\u00e1nsito se vio gravemente afectado, con un enorme tap\u00f3n que se extendi\u00f3 desde la entrada\u2026","rel":"","context":"En \u00abNACIONALES\u00bb","block_context":{"text":"NACIONALES","link":"https:\/\/lasprimeras.com.do\/index.php\/category\/nacionales\/"},"img":{"alt_text":"","src":"https:\/\/i0.wp.com\/lasprimeras.com.do\/wp-content\/uploads\/2026\/03\/IMG-20260327-WA0248-scaled.jpg?resize=350%2C200&ssl=1","width":350,"height":200,"srcset":"https:\/\/i0.wp.com\/lasprimeras.com.do\/wp-content\/uploads\/2026\/03\/IMG-20260327-WA0248-scaled.jpg?resize=350%2C200&ssl=1 1x, https:\/\/i0.wp.com\/lasprimeras.com.do\/wp-content\/uploads\/2026\/03\/IMG-20260327-WA0248-scaled.jpg?resize=525%2C300&ssl=1 1.5x, https:\/\/i0.wp.com\/lasprimeras.com.do\/wp-content\/uploads\/2026\/03\/IMG-20260327-WA0248-scaled.jpg?resize=700%2C400&ssl=1 2x, https:\/\/i0.wp.com\/lasprimeras.com.do\/wp-content\/uploads\/2026\/03\/IMG-20260327-WA0248-scaled.jpg?resize=1050%2C600&ssl=1 3x, https:\/\/i0.wp.com\/lasprimeras.com.do\/wp-content\/uploads\/2026\/03\/IMG-20260327-WA0248-scaled.jpg?resize=1400%2C800&ssl=1 4x"},"classes":[]}],"jetpack_sharing_enabled":true,"_links":{"self":[{"href":"https:\/\/lasprimeras.com.do\/index.php\/wp-json\/wp\/v2\/posts\/124197","targetHints":{"allow":["GET"]}}],"collection":[{"href":"https:\/\/lasprimeras.com.do\/index.php\/wp-json\/wp\/v2\/posts"}],"about":[{"href":"https:\/\/lasprimeras.com.do\/index.php\/wp-json\/wp\/v2\/types\/post"}],"author":[{"embeddable":true,"href":"https:\/\/lasprimeras.com.do\/index.php\/wp-json\/wp\/v2\/users\/10"}],"replies":[{"embeddable":true,"href":"https:\/\/lasprimeras.com.do\/index.php\/wp-json\/wp\/v2\/comments?post=124197"}],"version-history":[{"count":1,"href":"https:\/\/lasprimeras.com.do\/index.php\/wp-json\/wp\/v2\/posts\/124197\/revisions"}],"predecessor-version":[{"id":124199,"href":"https:\/\/lasprimeras.com.do\/index.php\/wp-json\/wp\/v2\/posts\/124197\/revisions\/124199"}],"wp:featuredmedia":[{"embeddable":true,"href":"https:\/\/lasprimeras.com.do\/index.php\/wp-json\/wp\/v2\/media\/124198"}],"wp:attachment":[{"href":"https:\/\/lasprimeras.com.do\/index.php\/wp-json\/wp\/v2\/media?parent=124197"}],"wp:term":[{"taxonomy":"category","embeddable":true,"href":"https:\/\/lasprimeras.com.do\/index.php\/wp-json\/wp\/v2\/categories?post=124197"},{"taxonomy":"post_tag","embeddable":true,"href":"https:\/\/lasprimeras.com.do\/index.php\/wp-json\/wp\/v2\/tags?post=124197"}],"curies":[{"name":"wp","href":"https:\/\/api.w.org\/{rel}","templated":true}]}}