{"id":124200,"date":"2026-03-09T18:24:35","date_gmt":"2026-03-09T22:24:35","guid":{"rendered":"https:\/\/lasprimeras.com.do\/?p=124200"},"modified":"2026-03-09T18:24:37","modified_gmt":"2026-03-09T22:24:37","slug":"lopez-propone-modernizar-la-subdireccion-academica-de-uasd-barahona","status":"publish","type":"post","link":"https:\/\/lasprimeras.com.do\/index.php\/2026\/03\/09\/lopez-propone-modernizar-la-subdireccion-academica-de-uasd-barahona\/","title":{"rendered":"L\u00f3pez propone modernizar la Subdirecci\u00f3n Acad\u00e9mica de UASD Barahona"},"content":{"rendered":"\n<p>El acad\u00e9mico Ram\u00f3n L\u00f3pez Ynoa present\u00f3 formalmente sus aspiraciones a la Subdirecci\u00f3n Acad\u00e9mica de la UASD Recinto Barahona, para el cuatrienio 2026-2030, bajo una plataforma program\u00e1tica que prioriza la humanizaci\u00f3n de la ense\u00f1anza y la modernizaci\u00f3n de los procesos institucionales.<\/p>\n\n\n\n<p>L\u00f3pez Ynoa deline\u00f3 una visi\u00f3n de gesti\u00f3n que trasciende la formaci\u00f3n t\u00e9cnica, apostando por una universidad que &#8220;transforme vidas&#8221; y acompa\u00f1e de cerca a todos los actores de la familia universitaria.<\/p>\n\n\n\n<p>Su propuesta se alinea al proyecto nacional que encabeza el doctor Jorge Asjana David hacia la rector\u00eda de la academia estatal<\/p>\n\n\n\n<p><strong>Ejes principales de su gesti\u00f3n:<\/strong><\/p>\n\n\n\n<p>Excelencia Acad\u00e9mica: Optimizaci\u00f3n de la estructura docente y programas de actualizaci\u00f3n pedag\u00f3gica.<\/p>\n\n\n\n<p>Bienestar Estudiantil: Creaci\u00f3n de sistemas de monitoreo, apoyo acad\u00e9mico y est\u00edmulos al m\u00e9rito.<\/p>\n\n\n\n<p>Investigaci\u00f3n y Extensi\u00f3n: Fomento de la cultura investigativa y mayor v\u00ednculo con la sociedad y egresados.<\/p>\n\n\n\n<p>Tecnolog\u00eda: Modernizaci\u00f3n de la conectividad y adecuaci\u00f3n de espacios para la educaci\u00f3n virtual.<\/p>\n\n\n\n<p>Gesti\u00f3n Humana: Enfoque en la salud mental, gobernanza compartida y reconocimiento al desempe\u00f1o de docentes y administrativos.<\/p>\n\n\n\n<p>&#8220;Creemos en una UASD-Recinto Barahona que inspire satisfacci\u00f3n, que sea un referente institucional y que responda con firmeza a los desaf\u00edos del presente&#8221;, manifest\u00f3 L\u00f3pez Ynoa.<\/p>\n\n\n\n<p>El candidato enfatiz\u00f3 que su gesti\u00f3n se enfocar\u00e1 en la gobernanza compartida y en la atenci\u00f3n focalizada al talento humano, incluyendo apoyos en salud mental y reconocimiento al desempe\u00f1o laboral de los servidores administrativos y docentes.<\/p>\n\n\n\n<p>Con este lanzamiento, la carrera por las posiciones de mando en el centro regional de Barahona toma un nuevo impulso, marcado por una propuesta que busca armonizar la excelencia acad\u00e9mica con el bienestar social de la comunidad universitaria.<\/p>\n","protected":false},"excerpt":{"rendered":"<p>El acad\u00e9mico Ram\u00f3n L\u00f3pez Ynoa present\u00f3 formalmente sus aspiraciones a la Subdirecci\u00f3n Acad\u00e9mica de la UASD Recinto Barahona, para el cuatrienio 2026-2030, bajo una plataforma program\u00e1tica que prioriza la humanizaci\u00f3n&hellip;<\/p>\n","protected":false},"author":10,"featured_media":124201,"comment_status":"open","ping_status":"open","sticky":false,"template":"","format":"standard","meta":{"content-type":"","jetpack_post_was_ever_published":false,"_jetpack_newsletter_access":"","_jetpack_dont_email_post_to_subs":false,"_jetpack_newsletter_tier_id":0,"_jetpack_memberships_contains_paywalled_content":false,"_jetpack_memberships_contains_paid_content":false,"footnotes":""},"categories":[35],"tags":[9608,265,872,1274,29470,14180,31026,2208,1765],"class_list":["post-124200","post","type-post","status-publish","format-standard","has-post-thumbnail","hentry","category-nacionales","tag-academica","tag-barahona","tag-lanza","tag-propuesta","tag-ramon-lopez","tag-recinto","tag-subdireccion","tag-transformar","tag-uasd"],"jetpack_featured_media_url":"https:\/\/lasprimeras.com.do\/wp-content\/uploads\/2026\/03\/Ramon-Lopez.jpg","jetpack-related-posts":[{"id":111562,"url":"https:\/\/lasprimeras.com.do\/index.php\/2025\/10\/10\/candidatura-de-ramon-lopez-ynoa-sigue-concitando-apoyo-entre-los-uasdianos\/","url_meta":{"origin":124200,"position":0},"title":"Candidatura de Ram\u00f3n L\u00f3pez Ynoa sigue concitando apoyo entre los uasdianos","author":"Nelson Feliz","date":"10 de octubre de 2025","format":false,"excerpt":"La candidatura de Ram\u00f3n L\u00f3pez Ynoa para el cargo de Subdirector Acad\u00e9mico, de la UASD Recinto Barahona, para el periodo 2026\u20132030 sigue concitando apoyo entre los uasdianos. Ram\u00f3n L\u00f3pez Ynoa es un hombre de visi\u00f3n y destrezas incomparables, reconocido por su gesti\u00f3n efectiva en cada espacio que ha ocupado. Su\u2026","rel":"","context":"En \u00abNACIONALES\u00bb","block_context":{"text":"NACIONALES","link":"https:\/\/lasprimeras.com.do\/index.php\/category\/nacionales\/"},"img":{"alt_text":"","src":"https:\/\/i0.wp.com\/lasprimeras.com.do\/wp-content\/uploads\/2025\/10\/Ramon-Lopez-Ynoa.jpg?resize=350%2C200&ssl=1","width":350,"height":200,"srcset":"https:\/\/i0.wp.com\/lasprimeras.com.do\/wp-content\/uploads\/2025\/10\/Ramon-Lopez-Ynoa.jpg?resize=350%2C200&ssl=1 1x, https:\/\/i0.wp.com\/lasprimeras.com.do\/wp-content\/uploads\/2025\/10\/Ramon-Lopez-Ynoa.jpg?resize=525%2C300&ssl=1 1.5x, https:\/\/i0.wp.com\/lasprimeras.com.do\/wp-content\/uploads\/2025\/10\/Ramon-Lopez-Ynoa.jpg?resize=700%2C400&ssl=1 2x, https:\/\/i0.wp.com\/lasprimeras.com.do\/wp-content\/uploads\/2025\/10\/Ramon-Lopez-Ynoa.jpg?resize=1050%2C600&ssl=1 3x, https:\/\/i0.wp.com\/lasprimeras.com.do\/wp-content\/uploads\/2025\/10\/Ramon-Lopez-Ynoa.jpg?resize=1400%2C800&ssl=1 4x"},"classes":[]},{"id":114718,"url":"https:\/\/lasprimeras.com.do\/index.php\/2025\/11\/16\/proclaman-candidatos-para-dirigir-uasd-recinto-barahona-2026-2030-en-entusiasta-actividad\/","url_meta":{"origin":124200,"position":1},"title":"Proclaman candidatos para dirigir UASD Recinto Barahona 2026-2030 en entusiasta actividad","author":"Nelson Feliz","date":"16 de noviembre de 2025","format":false,"excerpt":"En un evento marcado por el entusiasmo y la gran concurrencia, el movimiento profesoral \"Unidos por UASD BARAHONA\" proclam\u00f3 oficialmente sus candidaturas para la direcci\u00f3n del Recinto Barahona de la Universidad Aut\u00f3noma de Santo Domingo (UASD) para el cuatrienio 2026-2030. La actividad, que congreg\u00f3 a docentes, personal administrativo y estudiantes,\u2026","rel":"","context":"En \u00abNACIONALES\u00bb","block_context":{"text":"NACIONALES","link":"https:\/\/lasprimeras.com.do\/index.php\/category\/nacionales\/"},"img":{"alt_text":"","src":"","width":0,"height":0},"classes":[]},{"id":126379,"url":"https:\/\/lasprimeras.com.do\/index.php\/2026\/04\/01\/lopez-inoa-llama-a-la-reflexion-y-la-prudencia-en-esta-semana-santa\/","url_meta":{"origin":124200,"position":2},"title":"L\u00f3pez Inoa llama a la reflexi\u00f3n y la prudencia en esta Semana Santa","author":"Nelson Feliz","date":"1 de abril de 2026","format":false,"excerpt":"El Maestro Ram\u00f3n Alberto L\u00f3pez Ynoa, candidato a Subdirector Acad\u00e9mico para el periodo 2026-2030 en la UASD Recinto Barahona, envi\u00f3 un mensaje de unidad y exhortaci\u00f3n preventiva a toda la familia universitaria y a la sociedad de la Regi\u00f3n Enriquillo con motivo de la Semana Mayor. L\u00f3pez Ynoa manifest\u00f3 que\u2026","rel":"","context":"En \u00abNACIONALES\u00bb","block_context":{"text":"NACIONALES","link":"https:\/\/lasprimeras.com.do\/index.php\/category\/nacionales\/"},"img":{"alt_text":"","src":"https:\/\/i0.wp.com\/lasprimeras.com.do\/wp-content\/uploads\/2026\/04\/IMG-20260331-WA0573.jpg?resize=350%2C200&ssl=1","width":350,"height":200},"classes":[]},{"id":119867,"url":"https:\/\/lasprimeras.com.do\/index.php\/2026\/01\/18\/ramon-lopez-la-inauguracion-uasd-neiba-un-hito-para-la-educacion-en-bahoruco\/","url_meta":{"origin":124200,"position":3},"title":"Ram\u00f3n L\u00f3pez la inauguraci\u00f3n UASD Neiba: Un hito para la Educaci\u00f3n en Bahoruco","author":"Nelson Feliz","date":"18 de enero de 2026","format":false,"excerpt":"Ram\u00f3n L\u00f3pez","rel":"","context":"En \u00abNACIONALES\u00bb","block_context":{"text":"NACIONALES","link":"https:\/\/lasprimeras.com.do\/index.php\/category\/nacionales\/"},"img":{"alt_text":"Ram\u00f3n L\u00f3pez","src":"https:\/\/i0.wp.com\/lasprimeras.com.do\/wp-content\/uploads\/2026\/01\/Ramon-Lopez.jpg?resize=350%2C200&ssl=1","width":350,"height":200,"srcset":"https:\/\/i0.wp.com\/lasprimeras.com.do\/wp-content\/uploads\/2026\/01\/Ramon-Lopez.jpg?resize=350%2C200&ssl=1 1x, https:\/\/i0.wp.com\/lasprimeras.com.do\/wp-content\/uploads\/2026\/01\/Ramon-Lopez.jpg?resize=525%2C300&ssl=1 1.5x, https:\/\/i0.wp.com\/lasprimeras.com.do\/wp-content\/uploads\/2026\/01\/Ramon-Lopez.jpg?resize=700%2C400&ssl=1 2x"},"classes":[]},{"id":90690,"url":"https:\/\/lasprimeras.com.do\/index.php\/2024\/10\/27\/destacan-aportes-de-la-uasd-a-la-sociedad-dominicana-al-cumplir-486-anos-de-fundada\/","url_meta":{"origin":124200,"position":4},"title":"Destacan aportes de la UASD a la sociedad dominicana al cumplir 486 a\u00f1os de fundada","author":"Nelson Feliz","date":"27 de octubre de 2024","format":false,"excerpt":"El aspirante a subdirector acad\u00e9mico por la UASD Recinto Barahona, para el per\u00edodo 2026-2030, maestro Ram\u00f3n L\u00f3pez Ynoa, destac\u00f3 los aportes realizado por la Universidad Aut\u00f3noma de Santo Domingo (UASD), en sus 486 a\u00f1os de fundada a la sociedad dominicana en diversos \u00e1mbitos. Lopez Ynoa, destac\u00f3 entre esos aportes, la\u2026","rel":"","context":"En \u00abNACIONALES\u00bb","block_context":{"text":"NACIONALES","link":"https:\/\/lasprimeras.com.do\/index.php\/category\/nacionales\/"},"img":{"alt_text":"Ram\u00f3n L\u00f3pez Ynoa","src":"https:\/\/i0.wp.com\/lasprimeras.com.do\/wp-content\/uploads\/2024\/10\/Ramon-Lopez-Ynoa.jpg?resize=350%2C200&ssl=1","width":350,"height":200,"srcset":"https:\/\/i0.wp.com\/lasprimeras.com.do\/wp-content\/uploads\/2024\/10\/Ramon-Lopez-Ynoa.jpg?resize=350%2C200&ssl=1 1x, https:\/\/i0.wp.com\/lasprimeras.com.do\/wp-content\/uploads\/2024\/10\/Ramon-Lopez-Ynoa.jpg?resize=525%2C300&ssl=1 1.5x, https:\/\/i0.wp.com\/lasprimeras.com.do\/wp-content\/uploads\/2024\/10\/Ramon-Lopez-Ynoa.jpg?resize=700%2C400&ssl=1 2x, https:\/\/i0.wp.com\/lasprimeras.com.do\/wp-content\/uploads\/2024\/10\/Ramon-Lopez-Ynoa.jpg?resize=1050%2C600&ssl=1 3x"},"classes":[]},{"id":86208,"url":"https:\/\/lasprimeras.com.do\/index.php\/2024\/07\/20\/uasd-recinto-barahona-reconoce-padres\/","url_meta":{"origin":124200,"position":5},"title":"UASD Recinto Barahona reconoce padres","author":"Nelson Feliz","date":"20 de julio de 2024","format":false,"excerpt":"Direcci\u00f3n general de la UASD Recinto Barahona, subdirecciones: Acad\u00e9mica y Administrativa, as\u00ed como la coordinaci\u00f3n de Extensi\u00f3n, efectuaron este s\u00e1bado un reconocimiento a los padres, con motivo de celebrarse este \u00faltimo domingo del mes de julio del D\u00eda de los Padres en la Rep\u00fablica Dominicana. El acto lo encabezaron el\u2026","rel":"","context":"En \u00abNACIONALES\u00bb","block_context":{"text":"NACIONALES","link":"https:\/\/lasprimeras.com.do\/index.php\/category\/nacionales\/"},"img":{"alt_text":"","src":"https:\/\/i0.wp.com\/lasprimeras.com.do\/wp-content\/uploads\/2024\/07\/UASD-Barahona.jpg?resize=350%2C200&ssl=1","width":350,"height":200,"srcset":"https:\/\/i0.wp.com\/lasprimeras.com.do\/wp-content\/uploads\/2024\/07\/UASD-Barahona.jpg?resize=350%2C200&ssl=1 1x, https:\/\/i0.wp.com\/lasprimeras.com.do\/wp-content\/uploads\/2024\/07\/UASD-Barahona.jpg?resize=525%2C300&ssl=1 1.5x"},"classes":[]}],"jetpack_sharing_enabled":true,"_links":{"self":[{"href":"https:\/\/lasprimeras.com.do\/index.php\/wp-json\/wp\/v2\/posts\/124200","targetHints":{"allow":["GET"]}}],"collection":[{"href":"https:\/\/lasprimeras.com.do\/index.php\/wp-json\/wp\/v2\/posts"}],"about":[{"href":"https:\/\/lasprimeras.com.do\/index.php\/wp-json\/wp\/v2\/types\/post"}],"author":[{"embeddable":true,"href":"https:\/\/lasprimeras.com.do\/index.php\/wp-json\/wp\/v2\/users\/10"}],"replies":[{"embeddable":true,"href":"https:\/\/lasprimeras.com.do\/index.php\/wp-json\/wp\/v2\/comments?post=124200"}],"version-history":[{"count":1,"href":"https:\/\/lasprimeras.com.do\/index.php\/wp-json\/wp\/v2\/posts\/124200\/revisions"}],"predecessor-version":[{"id":124202,"href":"https:\/\/lasprimeras.com.do\/index.php\/wp-json\/wp\/v2\/posts\/124200\/revisions\/124202"}],"wp:featuredmedia":[{"embeddable":true,"href":"https:\/\/lasprimeras.com.do\/index.php\/wp-json\/wp\/v2\/media\/124201"}],"wp:attachment":[{"href":"https:\/\/lasprimeras.com.do\/index.php\/wp-json\/wp\/v2\/media?parent=124200"}],"wp:term":[{"taxonomy":"category","embeddable":true,"href":"https:\/\/lasprimeras.com.do\/index.php\/wp-json\/wp\/v2\/categories?post=124200"},{"taxonomy":"post_tag","embeddable":true,"href":"https:\/\/lasprimeras.com.do\/index.php\/wp-json\/wp\/v2\/tags?post=124200"}],"curies":[{"name":"wp","href":"https:\/\/api.w.org\/{rel}","templated":true}]}}