{"id":124207,"date":"2026-03-09T18:45:13","date_gmt":"2026-03-09T22:45:13","guid":{"rendered":"https:\/\/lasprimeras.com.do\/?p=124207"},"modified":"2026-03-09T18:45:15","modified_gmt":"2026-03-09T22:45:15","slug":"rd-supera-a-israel-y-ya-esta-en-cuartos-de-final-del-clasico-mundial","status":"publish","type":"post","link":"https:\/\/lasprimeras.com.do\/index.php\/2026\/03\/09\/rd-supera-a-israel-y-ya-esta-en-cuartos-de-final-del-clasico-mundial\/","title":{"rendered":"RD supera a Israel y ya est\u00e1 en cuartos de final del Cl\u00e1sico Mundial"},"content":{"rendered":"\n<p><strong>Fernando Tatis Jr. remolc\u00f3 seis carreras y Brayan Bello luci\u00f3 dominante en el mont\u00edculo<\/strong><\/p>\n\n\n\n<p><strong>Miami, Florida.\u2014 <\/strong>Fernando Tatis Jr. empuj\u00f3 seis carreras, cuatro de ellas con un Grand Slam, mientras que Brayan Bello lanz\u00f3 cinco s\u00f3lidas entradas para conducir este lunes la victoria 8-1 de la Rep\u00fablica Dominicana sobre Israel en el Cl\u00e1sico Mundial de B\u00e9isbol 2026.<\/p>\n\n\n\n<p>Se trat\u00f3 del tercer triunfo de la novena tricolor, que consigui\u00f3 su boleto a los cuartos de final en el Grupo D del certamen mundialista.<\/p>\n\n\n<div class=\"wp-block-image\">\n<figure class=\"alignright size-full is-resized\"><img decoding=\"async\" width=\"900\" height=\"599\" src=\"https:\/\/lasprimeras.com.do\/wp-content\/uploads\/2026\/03\/Clasico-Mundial-1-1.jpg\" alt=\"\" class=\"wp-image-124209\" style=\"aspect-ratio:1.5025110425364554;width:310px;height:auto\" srcset=\"https:\/\/lasprimeras.com.do\/wp-content\/uploads\/2026\/03\/Clasico-Mundial-1-1.jpg 900w, https:\/\/lasprimeras.com.do\/wp-content\/uploads\/2026\/03\/Clasico-Mundial-1-1-300x200.jpg 300w, https:\/\/lasprimeras.com.do\/wp-content\/uploads\/2026\/03\/Clasico-Mundial-1-1-768x511.jpg 768w\" sizes=\"(max-width: 900px) 100vw, 900px\" \/><\/figure>\n<\/div>\n\n\n<p>Tatis Jr. bate\u00f3 un Grand Slam en la segunda entrada y peg\u00f3 un sencillo productor de dos vueltas m\u00e1s en el s\u00e9ptimo inning para respaldar la victoria de Bello, quien apenas permiti\u00f3 un hit (un jonr\u00f3n), ponch\u00f3 a siete bateadores y no concedi\u00f3 boletos para dejar su promedio de carreras limpias permitidas en 1.80.<\/p>\n\n\n\n<p>O\u2019Neal Cruz, quien anot\u00f3 tres veces, tambi\u00e9n dispar\u00f3 un jonr\u00f3n solitario, el noveno de la Rep\u00fablica Dominicana, l\u00edder del certamen en esta categor\u00eda.<\/p>\n\n\n\n<p>El cuadrangular con las bases llenas de Tatis Jr. fue el primero de un jugador dominicano en la historia de este evento y sus seis vueltas impulsadas en el juego tambi\u00e9n son una marca para un jugador dominicano. El r\u00e9cord para el evento lo tiene Ken Griffey Jr., con siete carreras remolcadas.<\/p>\n\n\n<div class=\"wp-block-image\">\n<figure class=\"alignleft size-full is-resized\"><img decoding=\"async\" width=\"900\" height=\"599\" src=\"https:\/\/lasprimeras.com.do\/wp-content\/uploads\/2026\/03\/Clasico-Mundial-2.jpg\" alt=\"\" class=\"wp-image-124210\" style=\"aspect-ratio:1.5025110425364554;width:370px;height:auto\" srcset=\"https:\/\/lasprimeras.com.do\/wp-content\/uploads\/2026\/03\/Clasico-Mundial-2.jpg 900w, https:\/\/lasprimeras.com.do\/wp-content\/uploads\/2026\/03\/Clasico-Mundial-2-300x200.jpg 300w, https:\/\/lasprimeras.com.do\/wp-content\/uploads\/2026\/03\/Clasico-Mundial-2-768x511.jpg 768w\" sizes=\"(max-width: 900px) 100vw, 900px\" \/><\/figure>\n<\/div>\n\n\n<p>Tras el desempe\u00f1o de Bello, los relevistas dominicanos aumentaron a 14 entradas y dos tercios sin permitir anotaciones.<\/p>\n\n\n\n<p>Gregory Soto lanz\u00f3 el sexto episodio con tres ponches; Carlos Est\u00e9vez tir\u00f3 el s\u00e9ptimo, en el que permiti\u00f3 un hit y ponch\u00f3 a uno; Wandy Peralta trabaj\u00f3 el octavo sin dificultades y Seranthony Dom\u00ednguez liquid\u00f3 el noveno sin contratiempos.<\/p>\n\n\n\n<p>Los dominicanos tienen el d\u00eda libre este martes, pero este mi\u00e9rcoles sostendr\u00e1n el esperado duelo ante la representaci\u00f3n de Venezuela, el otro favorito para avanzar en el Grupo D.<\/p>\n\n\n\n<p>El partido contra Israel fue presenciado por 28,728 aficionados, de acuerdo con los organizadores.<\/p>\n\n\n\n<p><strong>Ataque temprano<\/strong><\/p>\n\n\n\n<figure class=\"wp-block-image size-full\"><img decoding=\"async\" width=\"900\" height=\"599\" src=\"https:\/\/lasprimeras.com.do\/wp-content\/uploads\/2026\/03\/Clasico-Mundial-3.jpg\" alt=\"\" class=\"wp-image-124211\" srcset=\"https:\/\/lasprimeras.com.do\/wp-content\/uploads\/2026\/03\/Clasico-Mundial-3.jpg 900w, https:\/\/lasprimeras.com.do\/wp-content\/uploads\/2026\/03\/Clasico-Mundial-3-300x200.jpg 300w, https:\/\/lasprimeras.com.do\/wp-content\/uploads\/2026\/03\/Clasico-Mundial-3-768x511.jpg 768w\" sizes=\"(max-width: 900px) 100vw, 900px\" \/><\/figure>\n\n\n\n<p>La producci\u00f3n de carreras lleg\u00f3 en el segundo episodio con cinco vueltas, cuatro de ellas gracias a un cuadrangular con las bases llenas de Fernando Tatis Jr., despu\u00e9s de dos outs, frente a los env\u00edos del abridor Ryan Prager.<\/p>\n\n\n\n<p>Luego de recibir una primera bola de Prager, Tatis Jr. conect\u00f3 dos fouls seguidos y cay\u00f3 r\u00e1pidamente en conteo adverso, del que sali\u00f3 cuando impact\u00f3 un cambio de velocidad a 74 millas por hora.<\/p>\n\n\n\n<p>El ataque quisqueyano continu\u00f3 en el cuarto episodio, cuando O\u2019Neal Cruz despach\u00f3 su segundo vuelacercas del evento, un batazo entre los jardines central y derecho que coloc\u00f3 el marcador 6-0 para la tropa dirigida por Albert Pujols.<\/p>\n\n\n\n<p>Cruz castig\u00f3 una recta de 94 millas del relevista derecho Zack Weiss en conteo de 0-2, un batazo que recorri\u00f3 400 pies de distancia.<\/p>\n\n\n\n<p>Israel anot\u00f3 su \u00fanica carrera al cierre del quinto inning, cuando Spencer Horwitz dispar\u00f3 un jonr\u00f3n abriendo ese episodio frente al abridor dominicano Brayan Bello.<\/p>\n\n\n<div class=\"wp-block-image\">\n<figure class=\"alignright size-large is-resized\"><img decoding=\"async\" width=\"860\" height=\"1024\" src=\"https:\/\/lasprimeras.com.do\/wp-content\/uploads\/2026\/03\/Clasico-Mundial-4-860x1024.jpg\" alt=\"\" class=\"wp-image-124212\" style=\"aspect-ratio:0.8398552440220516;width:273px;height:auto\" srcset=\"https:\/\/lasprimeras.com.do\/wp-content\/uploads\/2026\/03\/Clasico-Mundial-4-860x1024.jpg 860w, https:\/\/lasprimeras.com.do\/wp-content\/uploads\/2026\/03\/Clasico-Mundial-4-252x300.jpg 252w, https:\/\/lasprimeras.com.do\/wp-content\/uploads\/2026\/03\/Clasico-Mundial-4-768x915.jpg 768w, https:\/\/lasprimeras.com.do\/wp-content\/uploads\/2026\/03\/Clasico-Mundial-4.jpg 900w\" sizes=\"(max-width: 860px) 100vw, 860px\" \/><\/figure>\n<\/div>\n\n\n<p>La Rep\u00fablica Dominicana respondi\u00f3 con otras dos vueltas en el s\u00e9ptimo acto gracias a un imparable de Tatis Jr., que remolc\u00f3 a Cruz y a Geraldo Perdomo para colocar el marcador 8-1.<\/p>\n\n\n\n<p>En la siguiente entrada, Agust\u00edn Ram\u00edrez se encarg\u00f3 de ampliar la pizarra tras batear un rodado a segunda con las bases llenas.<\/p>\n\n\n\n<p>El punto final lo puso Erik Gonz\u00e1lez con un triple remolcador en el noveno acto.<\/p>\n\n\n\n<p>Este fue el segundo triple en la historia de la participaci\u00f3n quisqueyana en el evento, despu\u00e9s del conectado por Jos\u00e9 Reyes en 2013.<\/p>\n","protected":false},"excerpt":{"rendered":"<p>Fernando Tatis Jr. remolc\u00f3 seis carreras y Brayan Bello luci\u00f3 dominante en el mont\u00edculo Miami, Florida.\u2014 Fernando Tatis Jr. empuj\u00f3 seis carreras, cuatro de ellas con un Grand Slam, mientras&hellip;<\/p>\n","protected":false},"author":10,"featured_media":124208,"comment_status":"open","ping_status":"open","sticky":false,"template":"","format":"standard","meta":{"content-type":"","jetpack_post_was_ever_published":false,"_jetpack_newsletter_access":"","_jetpack_dont_email_post_to_subs":false,"_jetpack_newsletter_tier_id":0,"_jetpack_memberships_contains_paywalled_content":false,"_jetpack_memberships_contains_paid_content":false,"footnotes":""},"categories":[630],"tags":[29785,29707,31027],"class_list":["post-124207","post","type-post","status-publish","format-standard","has-post-thumbnail","hentry","category-deportes","tag-clasico-mundial","tag-cuartos-de-final","tag-rd-supera-a-israel"],"jetpack_featured_media_url":"https:\/\/lasprimeras.com.do\/wp-content\/uploads\/2026\/03\/Clasico-Mundial-1.jpg","jetpack-related-posts":[{"id":124429,"url":"https:\/\/lasprimeras.com.do\/index.php\/2026\/03\/12\/rd-supera-a-venezuela-y-se-mantienen-invicto-en-el-cmb\/","url_meta":{"origin":124207,"position":0},"title":"RD supera a Venezuela y se mantienen invicto en el CMB","author":"Nelson Feliz","date":"12 de marzo de 2026","format":false,"excerpt":"Juan Soto, Ketel Marte, Vladimir Guerrero Jr. y Fernando Tatis Jr. batearon un cuadrangular cada uno. Miami, Florida.-Rep\u00fablica Dominicana mont\u00f3 otra vez un festival jonronero en ruta hacia una potente victoria 7-5 frente a Venezuela este mi\u00e9rcoles en el cierre de la fase de grupo del Cl\u00e1sico Mundial de B\u00e9isbol\u2026","rel":"","context":"En \u00abDEPORTES\u00bb","block_context":{"text":"DEPORTES","link":"https:\/\/lasprimeras.com.do\/index.php\/category\/deportes\/"},"img":{"alt_text":"","src":"https:\/\/i0.wp.com\/lasprimeras.com.do\/wp-content\/uploads\/2026\/03\/PHOTO-2026-03-12-05-22-02.jpg?resize=350%2C200&ssl=1","width":350,"height":200,"srcset":"https:\/\/i0.wp.com\/lasprimeras.com.do\/wp-content\/uploads\/2026\/03\/PHOTO-2026-03-12-05-22-02.jpg?resize=350%2C200&ssl=1 1x, https:\/\/i0.wp.com\/lasprimeras.com.do\/wp-content\/uploads\/2026\/03\/PHOTO-2026-03-12-05-22-02.jpg?resize=525%2C300&ssl=1 1.5x, https:\/\/i0.wp.com\/lasprimeras.com.do\/wp-content\/uploads\/2026\/03\/PHOTO-2026-03-12-05-22-02.jpg?resize=700%2C400&ssl=1 2x, https:\/\/i0.wp.com\/lasprimeras.com.do\/wp-content\/uploads\/2026\/03\/PHOTO-2026-03-12-05-22-02.jpg?resize=1050%2C600&ssl=1 3x, https:\/\/i0.wp.com\/lasprimeras.com.do\/wp-content\/uploads\/2026\/03\/PHOTO-2026-03-12-05-22-02.jpg?resize=1400%2C800&ssl=1 4x"},"classes":[]},{"id":123465,"url":"https:\/\/lasprimeras.com.do\/index.php\/2026\/03\/01\/rd-entrena-unida-para-el-clasico-en-miami\/","url_meta":{"origin":124207,"position":1},"title":"RD entrena unida para el Cl\u00e1sico en Miami","author":"Nelson Feliz","date":"1 de marzo de 2026","format":false,"excerpt":"Miami, Florida.\u2013 El equipo dominicano que representar\u00e1 al pa\u00eds en el Cl\u00e1sico Mundial de B\u00e9isbol 2026 realiz\u00f3 este domingo su primera pr\u00e1ctica oficial en conjunto en la ciudad de Miami, marcando el inicio formal de la preparaci\u00f3n colectiva con miras al importante compromiso internacional. La sesi\u00f3n de entrenamientos estuvo encabezada\u2026","rel":"","context":"En \u00abDEPORTES\u00bb","block_context":{"text":"DEPORTES","link":"https:\/\/lasprimeras.com.do\/index.php\/category\/deportes\/"},"img":{"alt_text":"","src":"https:\/\/i0.wp.com\/lasprimeras.com.do\/wp-content\/uploads\/2026\/03\/rd-entrena-unida-para-el-clasico-en-miami.jpg?resize=350%2C200&ssl=1","width":350,"height":200,"srcset":"https:\/\/i0.wp.com\/lasprimeras.com.do\/wp-content\/uploads\/2026\/03\/rd-entrena-unida-para-el-clasico-en-miami.jpg?resize=350%2C200&ssl=1 1x, https:\/\/i0.wp.com\/lasprimeras.com.do\/wp-content\/uploads\/2026\/03\/rd-entrena-unida-para-el-clasico-en-miami.jpg?resize=525%2C300&ssl=1 1.5x, https:\/\/i0.wp.com\/lasprimeras.com.do\/wp-content\/uploads\/2026\/03\/rd-entrena-unida-para-el-clasico-en-miami.jpg?resize=700%2C400&ssl=1 2x"},"classes":[]},{"id":124583,"url":"https:\/\/lasprimeras.com.do\/index.php\/2026\/03\/13\/con-un-cuadrangular-de-austin-wells-rd-gana-10-0-a-corea-del-sur-en-semifinales-del-clasico-mundial-de-beisbol\/","url_meta":{"origin":124207,"position":2},"title":"Con un cuadrangular de Austin Wells, RD gana 10-0 a Corea del Sur en semifinales del Cl\u00e1sico Mundial de B\u00e9isbol","author":"Nelson Feliz","date":"13 de marzo de 2026","format":false,"excerpt":"Rep\u00fablica Dominicana le entra a palos a Corea y est\u00e1 en semifinales del Cl\u00e1sico Mundial de B\u00e9isbol Con un enorme cuadrangular que remolc\u00f3 tres carreras en la parte baja del s\u00e9ptimo episodio en el que Austin Wells sell\u00f3 el triunfo por nocaut de la selecci\u00f3n de la Rep\u00fablica Dominicana 10-0\u2026","rel":"","context":"En \u00abDEPORTES\u00bb","block_context":{"text":"DEPORTES","link":"https:\/\/lasprimeras.com.do\/index.php\/category\/deportes\/"},"img":{"alt_text":"","src":"https:\/\/i0.wp.com\/lasprimeras.com.do\/wp-content\/uploads\/2026\/03\/Austin-Wells.jpg?resize=350%2C200&ssl=1","width":350,"height":200,"srcset":"https:\/\/i0.wp.com\/lasprimeras.com.do\/wp-content\/uploads\/2026\/03\/Austin-Wells.jpg?resize=350%2C200&ssl=1 1x, https:\/\/i0.wp.com\/lasprimeras.com.do\/wp-content\/uploads\/2026\/03\/Austin-Wells.jpg?resize=525%2C300&ssl=1 1.5x, https:\/\/i0.wp.com\/lasprimeras.com.do\/wp-content\/uploads\/2026\/03\/Austin-Wells.jpg?resize=700%2C400&ssl=1 2x"},"classes":[]},{"id":123863,"url":"https:\/\/lasprimeras.com.do\/index.php\/2026\/03\/06\/jce-entrega-nueva-cedula-a-integrantes-de-la-seleccion-dominicana-del-clasico-mundial-de-beisbol-2026\/","url_meta":{"origin":124207,"position":3},"title":"JCE entrega nueva c\u00e9dula a integrantes de la selecci\u00f3n dominicana del Cl\u00e1sico Mundial de B\u00e9isbol 2026","author":"Nelson Feliz","date":"6 de marzo de 2026","format":false,"excerpt":"Manny Machado y Austin Wells obtuvieron por primera vez la c\u00e9dula dominicana La Junta Central Electoral (JCE) realiz\u00f3 una jornada especial de captura de datos y entrega inmediata de la nueva c\u00e9dula a los integrantes de la selecci\u00f3n dominicana del Cl\u00e1sico Mundial de B\u00e9isbol previo a los jugadores partir a\u2026","rel":"","context":"En \u00abNACIONALES\u00bb","block_context":{"text":"NACIONALES","link":"https:\/\/lasprimeras.com.do\/index.php\/category\/nacionales\/"},"img":{"alt_text":"","src":"https:\/\/i0.wp.com\/lasprimeras.com.do\/wp-content\/uploads\/2026\/03\/Clasico-12.jpeg?resize=350%2C200&ssl=1","width":350,"height":200,"srcset":"https:\/\/i0.wp.com\/lasprimeras.com.do\/wp-content\/uploads\/2026\/03\/Clasico-12.jpeg?resize=350%2C200&ssl=1 1x, https:\/\/i0.wp.com\/lasprimeras.com.do\/wp-content\/uploads\/2026\/03\/Clasico-12.jpeg?resize=525%2C300&ssl=1 1.5x, https:\/\/i0.wp.com\/lasprimeras.com.do\/wp-content\/uploads\/2026\/03\/Clasico-12.jpeg?resize=700%2C400&ssl=1 2x, https:\/\/i0.wp.com\/lasprimeras.com.do\/wp-content\/uploads\/2026\/03\/Clasico-12.jpeg?resize=1050%2C600&ssl=1 3x"},"classes":[]},{"id":123010,"url":"https:\/\/lasprimeras.com.do\/index.php\/2026\/02\/24\/pujols-define-la-rotacion-abridora-para-el-clasico-mundial-de-beisbol\/","url_meta":{"origin":124207,"position":4},"title":"Pujols define la rotaci\u00f3n abridora para el Cl\u00e1sico Mundial de B\u00e9isbol","author":"Nelson Feliz","date":"24 de febrero de 2026","format":false,"excerpt":"S\u00e1nchez abrir\u00e1 ante Nicaragua y Alc\u00e1ntara cierra frente a Venezuela El m\u00e1nager de la selecci\u00f3n de la Rep\u00fablica Dominicana, Albert Pujols, ha despejado finalmente las dudas sobre el plan de ataque del conjunto quisqueyano para la fase de grupos del Cl\u00e1sico Mundial de B\u00e9isbol 2026. Durante su intervenci\u00f3n en el\u2026","rel":"","context":"En \u00abDEPORTES\u00bb","block_context":{"text":"DEPORTES","link":"https:\/\/lasprimeras.com.do\/index.php\/category\/deportes\/"},"img":{"alt_text":"Albert Pujols","src":"https:\/\/i0.wp.com\/lasprimeras.com.do\/wp-content\/uploads\/2025\/03\/Albert-Pujols-1.jpg?resize=350%2C200&ssl=1","width":350,"height":200,"srcset":"https:\/\/i0.wp.com\/lasprimeras.com.do\/wp-content\/uploads\/2025\/03\/Albert-Pujols-1.jpg?resize=350%2C200&ssl=1 1x, https:\/\/i0.wp.com\/lasprimeras.com.do\/wp-content\/uploads\/2025\/03\/Albert-Pujols-1.jpg?resize=525%2C300&ssl=1 1.5x, https:\/\/i0.wp.com\/lasprimeras.com.do\/wp-content\/uploads\/2025\/03\/Albert-Pujols-1.jpg?resize=700%2C400&ssl=1 2x"},"classes":[]},{"id":102630,"url":"https:\/\/lasprimeras.com.do\/index.php\/2025\/07\/07\/fernando-tatis-jr-lidera-a-los-padres-en-victoria-4-1-contra-los-rangers\/","url_meta":{"origin":124207,"position":5},"title":"Fernando Tatis Jr. lidera a los Padres en victoria 4-1 contra los Rangers","author":"Nelson Feliz","date":"7 de julio de 2025","format":false,"excerpt":"ARLINGTON, Texas, EE.UU. (AP) \u2014 El All-Star dominicano Fernando Tatis Jr. anot\u00f3 la carrera del empate en la tercera entrada y conect\u00f3 un doble que impuls\u00f3 la carrera de la ventaja en la cuarta para los Padres de San Diego, quienes vencieron a los Rangers de Texas 4-1 el domingo\u2026","rel":"","context":"En \u00abDEPORTES\u00bb","block_context":{"text":"DEPORTES","link":"https:\/\/lasprimeras.com.do\/index.php\/category\/deportes\/"},"img":{"alt_text":"Fernando Tatis Jr., de los Padres de San Diego","src":"https:\/\/i0.wp.com\/lasprimeras.com.do\/wp-content\/uploads\/2025\/07\/Fernando-Tatis-Jr.-de-los-Padres-de-San-Diego.jpg?resize=350%2C200&ssl=1","width":350,"height":200,"srcset":"https:\/\/i0.wp.com\/lasprimeras.com.do\/wp-content\/uploads\/2025\/07\/Fernando-Tatis-Jr.-de-los-Padres-de-San-Diego.jpg?resize=350%2C200&ssl=1 1x, https:\/\/i0.wp.com\/lasprimeras.com.do\/wp-content\/uploads\/2025\/07\/Fernando-Tatis-Jr.-de-los-Padres-de-San-Diego.jpg?resize=525%2C300&ssl=1 1.5x, https:\/\/i0.wp.com\/lasprimeras.com.do\/wp-content\/uploads\/2025\/07\/Fernando-Tatis-Jr.-de-los-Padres-de-San-Diego.jpg?resize=700%2C400&ssl=1 2x"},"classes":[]}],"jetpack_sharing_enabled":true,"_links":{"self":[{"href":"https:\/\/lasprimeras.com.do\/index.php\/wp-json\/wp\/v2\/posts\/124207","targetHints":{"allow":["GET"]}}],"collection":[{"href":"https:\/\/lasprimeras.com.do\/index.php\/wp-json\/wp\/v2\/posts"}],"about":[{"href":"https:\/\/lasprimeras.com.do\/index.php\/wp-json\/wp\/v2\/types\/post"}],"author":[{"embeddable":true,"href":"https:\/\/lasprimeras.com.do\/index.php\/wp-json\/wp\/v2\/users\/10"}],"replies":[{"embeddable":true,"href":"https:\/\/lasprimeras.com.do\/index.php\/wp-json\/wp\/v2\/comments?post=124207"}],"version-history":[{"count":1,"href":"https:\/\/lasprimeras.com.do\/index.php\/wp-json\/wp\/v2\/posts\/124207\/revisions"}],"predecessor-version":[{"id":124213,"href":"https:\/\/lasprimeras.com.do\/index.php\/wp-json\/wp\/v2\/posts\/124207\/revisions\/124213"}],"wp:featuredmedia":[{"embeddable":true,"href":"https:\/\/lasprimeras.com.do\/index.php\/wp-json\/wp\/v2\/media\/124208"}],"wp:attachment":[{"href":"https:\/\/lasprimeras.com.do\/index.php\/wp-json\/wp\/v2\/media?parent=124207"}],"wp:term":[{"taxonomy":"category","embeddable":true,"href":"https:\/\/lasprimeras.com.do\/index.php\/wp-json\/wp\/v2\/categories?post=124207"},{"taxonomy":"post_tag","embeddable":true,"href":"https:\/\/lasprimeras.com.do\/index.php\/wp-json\/wp\/v2\/tags?post=124207"}],"curies":[{"name":"wp","href":"https:\/\/api.w.org\/{rel}","templated":true}]}}