{"id":124214,"date":"2026-03-09T18:58:20","date_gmt":"2026-03-09T22:58:20","guid":{"rendered":"https:\/\/lasprimeras.com.do\/?p=124214"},"modified":"2026-03-09T18:58:21","modified_gmt":"2026-03-09T22:58:21","slug":"yeni-berenice-anuncia-transformacion-del-ministerio-publico","status":"publish","type":"post","link":"https:\/\/lasprimeras.com.do\/index.php\/2026\/03\/09\/yeni-berenice-anuncia-transformacion-del-ministerio-publico\/","title":{"rendered":"Yeni Berenice anuncia transformaci\u00f3n del Ministerio P\u00fablico"},"content":{"rendered":"\n<p>La procuradora general de la Rep\u00fablica, Yeni Berenice Reynoso, destac\u00f3 este lunes la importancia de seguir aunando esfuerzos para lograr un cambio de paradigma institucional, tras se\u00f1alar que el \u201cMinisterio P\u00fablico se transforma teniendo como norte estar centrado en las personas como arquitecto de la paz social\u201d.<\/p>\n\n\n\n<p>\u201cHoy vengo a proponerles un cambio de paradigma, una transformaci\u00f3n profunda para que la sociedad perciba al Ministerio P\u00fablico como: un Arquitecto de la Paz Social\u201d, dijo la procuradora general al pronunciar un discurso durante un acto de izamiento de la Bandera Nacional en el Altar de la Patria con motivo del D\u00eda del Ministerio P\u00fablico y del natalicio del patricio Francisco del Rosario S\u00e1nchez, primer procurador fiscal de la Rep\u00fablica Dominicana.<\/p>\n\n\n<div class=\"wp-block-image\">\n<figure class=\"alignright size-full is-resized\"><img decoding=\"async\" width=\"900\" height=\"600\" src=\"https:\/\/lasprimeras.com.do\/wp-content\/uploads\/2026\/03\/Yeni-Berenice-b.jpg\" alt=\"\" class=\"wp-image-124216\" style=\"aspect-ratio:1.5000151016339969;width:355px;height:auto\" srcset=\"https:\/\/lasprimeras.com.do\/wp-content\/uploads\/2026\/03\/Yeni-Berenice-b.jpg 900w, https:\/\/lasprimeras.com.do\/wp-content\/uploads\/2026\/03\/Yeni-Berenice-b-300x200.jpg 300w, https:\/\/lasprimeras.com.do\/wp-content\/uploads\/2026\/03\/Yeni-Berenice-b-768x512.jpg 768w\" sizes=\"(max-width: 900px) 100vw, 900px\" \/><\/figure>\n<\/div>\n\n\n<p>El acto, que cont\u00f3 con la presencia de miembros del Ministerio P\u00fablico, las Fuerzas Armadas y la Polic\u00eda Nacional, estuvo encabezado adem\u00e1s por el doctor Juan Pablo Uribe, director ejecutivo de la Comisi\u00f3n Permanente de Efem\u00e9rides Patrias, quien destac\u00f3 la importancia de la conmemoraci\u00f3n.<\/p>\n\n\n\n<p>\u201cHoy, cerramos el Mes de la Patria, es una fecha y coincidencia que el D\u00eda del Ministerio P\u00fablico, 9 de marzo, coincida con el natalicio del patricio, del h\u00e9roe febrerista de la proclamaci\u00f3n de la Independencia Nacional en 1844, del h\u00e9roe y m\u00e1rtir restaurador adelantado de julio de 1861, y fiscal de la naci\u00f3n, Francisco del Rosario S\u00e1nchez\u201d, resalt\u00f3.<\/p>\n\n\n\n<p>Uribe destac\u00f3 el apoyo ofrecido por el Ministerio P\u00fablico en los \u00faltimos meses en relaci\u00f3n a la defensa legal constitucional de los s\u00edmbolos patrios.<\/p>\n\n\n\n<figure class=\"wp-block-image size-full\"><img decoding=\"async\" width=\"900\" height=\"600\" src=\"https:\/\/lasprimeras.com.do\/wp-content\/uploads\/2026\/03\/Yeni-Berenice-d.jpg\" alt=\"\" class=\"wp-image-124217\" srcset=\"https:\/\/lasprimeras.com.do\/wp-content\/uploads\/2026\/03\/Yeni-Berenice-d.jpg 900w, https:\/\/lasprimeras.com.do\/wp-content\/uploads\/2026\/03\/Yeni-Berenice-d-300x200.jpg 300w, https:\/\/lasprimeras.com.do\/wp-content\/uploads\/2026\/03\/Yeni-Berenice-d-768x512.jpg 768w\" sizes=\"(max-width: 900px) 100vw, 900px\" \/><\/figure>\n\n\n\n<p>\u201cEl Ministerio P\u00fablico ha actuado con una rectitud, con una responsabilidad, con una solemnidad; gracias al Ministerio P\u00fablico por esta fortaleza y por este ejemplo\u201d, dijo.<\/p>\n","protected":false},"excerpt":{"rendered":"<p>La procuradora general de la Rep\u00fablica, Yeni Berenice Reynoso, destac\u00f3 este lunes la importancia de seguir aunando esfuerzos para lograr un cambio de paradigma institucional, tras se\u00f1alar que el \u201cMinisterio&hellip;<\/p>\n","protected":false},"author":10,"featured_media":124215,"comment_status":"open","ping_status":"open","sticky":false,"template":"","format":"standard","meta":{"content-type":"","jetpack_post_was_ever_published":false,"_jetpack_newsletter_access":"","_jetpack_dont_email_post_to_subs":false,"_jetpack_newsletter_tier_id":0,"_jetpack_memberships_contains_paywalled_content":false,"_jetpack_memberships_contains_paid_content":false,"footnotes":""},"categories":[289],"tags":[31029,31028,290,908,3080,8030,2555],"class_list":["post-124214","post","type-post","status-publish","format-standard","has-post-thumbnail","hentry","category-justicia","tag-arquitecto-de-la-paz-social","tag-centrado","tag-ministerio-publico","tag-norte","tag-procuradora","tag-transforma","tag-yeni-berenice"],"jetpack_featured_media_url":"https:\/\/lasprimeras.com.do\/wp-content\/uploads\/2026\/03\/Yeni-Berenice-c.jpg","jetpack-related-posts":[{"id":124904,"url":"https:\/\/lasprimeras.com.do\/index.php\/2026\/03\/17\/procuradora-general-testimonia-transformacion-del-ministerio-publico\/","url_meta":{"origin":124214,"position":0},"title":"Procuradora General testimonia transformaci\u00f3n del Ministerio P\u00fablico","author":"Nelson Feliz","date":"17 de marzo de 2026","format":false,"excerpt":"Al presentar este martes la rendici\u00f3n de cuentas de su primer a\u00f1o de gesti\u00f3n, la procuradora general de la Rep\u00fablica, Yeni Berenice Reynoso, testimoni\u00f3 la \u201ctransformaci\u00f3n sin retorno\u201d de un Ministerio P\u00fablico que se centra en las personas y que act\u00faa como arquitecto de la paz social y garante del\u2026","rel":"","context":"En \u00abNACIONALES\u00bb","block_context":{"text":"NACIONALES","link":"https:\/\/lasprimeras.com.do\/index.php\/category\/nacionales\/"},"img":{"alt_text":"","src":"https:\/\/i0.wp.com\/lasprimeras.com.do\/wp-content\/uploads\/2026\/03\/YENI-B-REYNOSO.jpg?resize=350%2C200&ssl=1","width":350,"height":200,"srcset":"https:\/\/i0.wp.com\/lasprimeras.com.do\/wp-content\/uploads\/2026\/03\/YENI-B-REYNOSO.jpg?resize=350%2C200&ssl=1 1x, https:\/\/i0.wp.com\/lasprimeras.com.do\/wp-content\/uploads\/2026\/03\/YENI-B-REYNOSO.jpg?resize=525%2C300&ssl=1 1.5x, https:\/\/i0.wp.com\/lasprimeras.com.do\/wp-content\/uploads\/2026\/03\/YENI-B-REYNOSO.jpg?resize=700%2C400&ssl=1 2x"},"classes":[]},{"id":122243,"url":"https:\/\/lasprimeras.com.do\/index.php\/2026\/02\/15\/yeni-berenice-ordena-investigacion-penal-sobre-afectaciones-en-areas-protegidas\/","url_meta":{"origin":124214,"position":1},"title":"Yeni Berenice ordena investigaci\u00f3n penal sobre afectaciones en \u00c1reas Protegidas","author":"Nelson Feliz","date":"15 de febrero de 2026","format":false,"excerpt":"La Procuradora General de la Rep\u00fablica instruy\u00f3 la realizaci\u00f3n de una investigaci\u00f3n exhaustiva e inmediata sobre las afectaciones, ocupaciones ilegales y posibles fraudes inmobiliarios en diversas \u00e1reas protegidas del pa\u00eds, incluyendo el Parque Nacional Jaragua, la zona de Bucany\u00e9, Valle Nuevo, las Dunas de Ban\u00ed, la Sierra de Bahoruco y\u2026","rel":"","context":"En \u00abJUSTICIA\u00bb","block_context":{"text":"JUSTICIA","link":"https:\/\/lasprimeras.com.do\/index.php\/category\/justicia\/"},"img":{"alt_text":"Yeni Berenice Reynoso","src":"https:\/\/i0.wp.com\/lasprimeras.com.do\/wp-content\/uploads\/2026\/02\/Yeni-Berenice-Reynoso.jpg?resize=350%2C200&ssl=1","width":350,"height":200,"srcset":"https:\/\/i0.wp.com\/lasprimeras.com.do\/wp-content\/uploads\/2026\/02\/Yeni-Berenice-Reynoso.jpg?resize=350%2C200&ssl=1 1x, https:\/\/i0.wp.com\/lasprimeras.com.do\/wp-content\/uploads\/2026\/02\/Yeni-Berenice-Reynoso.jpg?resize=525%2C300&ssl=1 1.5x"},"classes":[]},{"id":117268,"url":"https:\/\/lasprimeras.com.do\/index.php\/2025\/12\/09\/yeni-berenice-reynoso-la-corrupcion-no-tendra-descanso\/","url_meta":{"origin":124214,"position":2},"title":"Yeni Berenice Reynoso: La corrupci\u00f3n no tendr\u00e1 descanso","author":"Nelson Feliz","date":"9 de diciembre de 2025","format":false,"excerpt":"Pese a las presiones y campa\u00f1as en su contra, la procuradora general Yeni Berenice Reynoso afirm\u00f3 que el Ministerio P\u00fablico seguir\u00e1 persiguiendo la corrupci\u00f3n \u201csin descanso\u201d. Reynoso ofreci\u00f3 estas declaraciones durante el acto inaugural del primer congreso \u201cLucha contra la corrupci\u00f3n: desaf\u00edos y oportunidades en RD y la regi\u00f3n\u201d, donde\u2026","rel":"","context":"En \u00abJUSTICIA\u00bb","block_context":{"text":"JUSTICIA","link":"https:\/\/lasprimeras.com.do\/index.php\/category\/justicia\/"},"img":{"alt_text":"Yeni Berenice Reynoso","src":"https:\/\/i0.wp.com\/lasprimeras.com.do\/wp-content\/uploads\/2025\/08\/Yeni-Berenice-Reynoso.jpg?resize=350%2C200&ssl=1","width":350,"height":200,"srcset":"https:\/\/i0.wp.com\/lasprimeras.com.do\/wp-content\/uploads\/2025\/08\/Yeni-Berenice-Reynoso.jpg?resize=350%2C200&ssl=1 1x, https:\/\/i0.wp.com\/lasprimeras.com.do\/wp-content\/uploads\/2025\/08\/Yeni-Berenice-Reynoso.jpg?resize=525%2C300&ssl=1 1.5x, https:\/\/i0.wp.com\/lasprimeras.com.do\/wp-content\/uploads\/2025\/08\/Yeni-Berenice-Reynoso.jpg?resize=700%2C400&ssl=1 2x"},"classes":[]},{"id":117851,"url":"https:\/\/lasprimeras.com.do\/index.php\/2025\/12\/16\/procuradora-mp-no-tiene-acuerdos-con-imputados-de-operacion-cobra\/","url_meta":{"origin":124214,"position":3},"title":"&#8220;Procuradora: MP no tiene acuerdos con imputados de Operaci\u00f3n Cobra&#8221;","author":"Nelson Feliz","date":"16 de diciembre de 2025","format":false,"excerpt":"Yeni Berenice Reynoso asegura que los fiscales buscar\u00e1n en los tribunales las penas que corresponden a los hechos graves cometidos en el SeNaSa por Santiago Hazim y los dem\u00e1s judicializados La procuradora general de la Rep\u00fablica, Yeni Berenice Reynoso, reiter\u00f3 este martes, de manera enf\u00e1tica, que el Ministerio P\u00fablico no\u2026","rel":"","context":"En \u00abJUSTICIA\u00bb","block_context":{"text":"JUSTICIA","link":"https:\/\/lasprimeras.com.do\/index.php\/category\/justicia\/"},"img":{"alt_text":"Yeni Berenice Reynoso","src":"https:\/\/i0.wp.com\/lasprimeras.com.do\/wp-content\/uploads\/2025\/12\/Yeni-Berenice-Reynoso.jpg?resize=350%2C200&ssl=1","width":350,"height":200,"srcset":"https:\/\/i0.wp.com\/lasprimeras.com.do\/wp-content\/uploads\/2025\/12\/Yeni-Berenice-Reynoso.jpg?resize=350%2C200&ssl=1 1x, https:\/\/i0.wp.com\/lasprimeras.com.do\/wp-content\/uploads\/2025\/12\/Yeni-Berenice-Reynoso.jpg?resize=525%2C300&ssl=1 1.5x, https:\/\/i0.wp.com\/lasprimeras.com.do\/wp-content\/uploads\/2025\/12\/Yeni-Berenice-Reynoso.jpg?resize=700%2C400&ssl=1 2x"},"classes":[]},{"id":112070,"url":"https:\/\/lasprimeras.com.do\/index.php\/2025\/10\/17\/procuradora-dice-empresariado-y-estado-deben-trabajar-en-conjunto-para-prevenir-el-cripto-lavado-y-la-cibercriminalidad\/","url_meta":{"origin":124214,"position":4},"title":"Procuradora dice empresariado y Estado deben trabajar en conjunto para prevenir el cripto-lavado y la cibercriminalidad\u00a0","author":"Nelson Feliz","date":"17 de octubre de 2025","format":false,"excerpt":"Yeni Berenice dict\u00f3 la conferencia \u201cCompetitividad y seguridad: un nuevo paradigma para los negocios\u201d en el almuerzo empresarial de la C\u00e1mara Americana de Comercio. La procuradora general de la Rep\u00fablica, Yeni Berenice Reynoso, abog\u00f3 porque el empresariado y el Estado trabajen en conjunto para prevenir delitos como el criptolavado y\u2026","rel":"","context":"En \u00abJUSTICIA\u00bb","block_context":{"text":"JUSTICIA","link":"https:\/\/lasprimeras.com.do\/index.php\/category\/justicia\/"},"img":{"alt_text":"","src":"https:\/\/i0.wp.com\/lasprimeras.com.do\/wp-content\/uploads\/2025\/10\/Yeni-Berenice-Reynoso-1.jpg?resize=350%2C200&ssl=1","width":350,"height":200,"srcset":"https:\/\/i0.wp.com\/lasprimeras.com.do\/wp-content\/uploads\/2025\/10\/Yeni-Berenice-Reynoso-1.jpg?resize=350%2C200&ssl=1 1x, https:\/\/i0.wp.com\/lasprimeras.com.do\/wp-content\/uploads\/2025\/10\/Yeni-Berenice-Reynoso-1.jpg?resize=525%2C300&ssl=1 1.5x, https:\/\/i0.wp.com\/lasprimeras.com.do\/wp-content\/uploads\/2025\/10\/Yeni-Berenice-Reynoso-1.jpg?resize=700%2C400&ssl=1 2x"},"classes":[]},{"id":128095,"url":"https:\/\/lasprimeras.com.do\/index.php\/2026\/04\/19\/procuradora-ordena-cargos-por-asesinato-contra-motoristas-de-caso-deivy-carlos\/","url_meta":{"origin":124214,"position":5},"title":"Procuradora ordena cargos por asesinato contra motoristas de caso Deivy Carlos","author":"Nelson Feliz","date":"19 de abril de 2026","format":false,"excerpt":"Yeni Berenice Reynoso lament\u00f3 profundamente el asesinato perpetrado por una turba de motociclistas que persigui\u00f3 a la v\u00edctima hasta el Palacio de Justicia de Santiago La procuradora general Yeni Berenice Reynoso instruy\u00f3 a los fiscales presentar cargos preliminares por asesinato en contra de los perpetradores del crimen de Deivy Carlos\u2026","rel":"","context":"En \u00abJUSTICIA\u00bb","block_context":{"text":"JUSTICIA","link":"https:\/\/lasprimeras.com.do\/index.php\/category\/justicia\/"},"img":{"alt_text":"Yeni Berenice Reynoso","src":"https:\/\/i0.wp.com\/lasprimeras.com.do\/wp-content\/uploads\/2026\/04\/Yeni-Berenice-Reynoso.jpg?resize=350%2C200&ssl=1","width":350,"height":200,"srcset":"https:\/\/i0.wp.com\/lasprimeras.com.do\/wp-content\/uploads\/2026\/04\/Yeni-Berenice-Reynoso.jpg?resize=350%2C200&ssl=1 1x, https:\/\/i0.wp.com\/lasprimeras.com.do\/wp-content\/uploads\/2026\/04\/Yeni-Berenice-Reynoso.jpg?resize=525%2C300&ssl=1 1.5x, https:\/\/i0.wp.com\/lasprimeras.com.do\/wp-content\/uploads\/2026\/04\/Yeni-Berenice-Reynoso.jpg?resize=700%2C400&ssl=1 2x, https:\/\/i0.wp.com\/lasprimeras.com.do\/wp-content\/uploads\/2026\/04\/Yeni-Berenice-Reynoso.jpg?resize=1050%2C600&ssl=1 3x, https:\/\/i0.wp.com\/lasprimeras.com.do\/wp-content\/uploads\/2026\/04\/Yeni-Berenice-Reynoso.jpg?resize=1400%2C800&ssl=1 4x"},"classes":[]}],"jetpack_sharing_enabled":true,"_links":{"self":[{"href":"https:\/\/lasprimeras.com.do\/index.php\/wp-json\/wp\/v2\/posts\/124214","targetHints":{"allow":["GET"]}}],"collection":[{"href":"https:\/\/lasprimeras.com.do\/index.php\/wp-json\/wp\/v2\/posts"}],"about":[{"href":"https:\/\/lasprimeras.com.do\/index.php\/wp-json\/wp\/v2\/types\/post"}],"author":[{"embeddable":true,"href":"https:\/\/lasprimeras.com.do\/index.php\/wp-json\/wp\/v2\/users\/10"}],"replies":[{"embeddable":true,"href":"https:\/\/lasprimeras.com.do\/index.php\/wp-json\/wp\/v2\/comments?post=124214"}],"version-history":[{"count":1,"href":"https:\/\/lasprimeras.com.do\/index.php\/wp-json\/wp\/v2\/posts\/124214\/revisions"}],"predecessor-version":[{"id":124218,"href":"https:\/\/lasprimeras.com.do\/index.php\/wp-json\/wp\/v2\/posts\/124214\/revisions\/124218"}],"wp:featuredmedia":[{"embeddable":true,"href":"https:\/\/lasprimeras.com.do\/index.php\/wp-json\/wp\/v2\/media\/124215"}],"wp:attachment":[{"href":"https:\/\/lasprimeras.com.do\/index.php\/wp-json\/wp\/v2\/media?parent=124214"}],"wp:term":[{"taxonomy":"category","embeddable":true,"href":"https:\/\/lasprimeras.com.do\/index.php\/wp-json\/wp\/v2\/categories?post=124214"},{"taxonomy":"post_tag","embeddable":true,"href":"https:\/\/lasprimeras.com.do\/index.php\/wp-json\/wp\/v2\/tags?post=124214"}],"curies":[{"name":"wp","href":"https:\/\/api.w.org\/{rel}","templated":true}]}}