{"id":124219,"date":"2026-03-09T19:21:03","date_gmt":"2026-03-09T23:21:03","guid":{"rendered":"https:\/\/lasprimeras.com.do\/?p=124219"},"modified":"2026-03-09T19:21:05","modified_gmt":"2026-03-09T23:21:05","slug":"minerd-recibe-la-serie-animada-trinitarios-de-rtvd","status":"publish","type":"post","link":"https:\/\/lasprimeras.com.do\/index.php\/2026\/03\/09\/minerd-recibe-la-serie-animada-trinitarios-de-rtvd\/","title":{"rendered":"MINERD recibe la serie animada &#8220;Trinitarios&#8221; de RTVD"},"content":{"rendered":"\n<p>Radio Televisi\u00f3n Dominicana (RTVD) realiz\u00f3 este lunes el acto oficial de entrega de la serie hist\u00f3rica animada \u201cTrinitarios\u201d al Ministerio de Educaci\u00f3n de la Rep\u00fablica Dominicana (MINERD), en una iniciativa orientada a fortalecer la ense\u00f1anza de la historia patria en el sistema educativo dominicano.<\/p>\n\n\n\n<p>El acto fue encabezado por el ministro de Educaci\u00f3n, Luis Miguel De Camps Garc\u00eda; el director general de RTVD, Iv\u00e1n Ruiz; el director de Radio Televisi\u00f3n Educativa (Edu+), Jos\u00e9 Alberto Selmo, y el director de \u201cTrinitarios\u201d, Luis Cepeda.<\/p>\n\n\n\n<p>Los servidores p\u00fablicos formalizaron la entrega de la producci\u00f3n audiovisual como un recurso pedag\u00f3gico destinado a apoyar los procesos formativos sobre los valores patri\u00f3ticos y la identidad nacional.<\/p>\n\n\n\n<p>Durante la actividad, conducida por los comunicadores Miguel Susana y Mauvie Espinosa, el MINERD recibi\u00f3 formalmente y acept\u00f3 el traspaso de la serie hist\u00f3rica \u201cTrinitarios\u201d, dejando constancia de su conformidad con el prop\u00f3sito educativo, cultural e institucional que sustenta esta actuaci\u00f3n interinstitucional.<\/p>\n\n\n\n<p>El ministro de Educaci\u00f3n, Luis Miguel De Camps Garc\u00eda, destac\u00f3 la importancia del proyecto para el sistema educativo dominicano.<\/p>\n\n\n\n<p>\u201cCreemos firmemente en la educaci\u00f3n. Trinitarios es la puerta para que nuestros estudiantes comprendan nuestra historia y se conecten con los valores que dieron origen a la Rep\u00fablica Dominicana. Agradecemos a Iv\u00e1n Ruiz por aportar a la educaci\u00f3n y crear esta serie que fortalecer\u00e1 el aprendizaje de nuestra historia\u201d, expres\u00f3 De Camps Garc\u00eda.<\/p>\n\n\n\n<p>Por su parte, el director general de RTVD, Iv\u00e1n Ruiz, resalt\u00f3 el esfuerzo detr\u00e1s de la producci\u00f3n y su enfoque educativo.<\/p>\n\n\n\n<p>\u201cTrinitarios fue creada con mucho esfuerzo. Desarrollamos esta serie para que nuestros estudiantes tengan la cultura de nuestra historia en las pantallas y tambi\u00e9n en las escuelas. Gracias a Luis Cepeda por acercarse a m\u00ed para colaborar en este proyecto que representa parte de nuestra historia\u201d, manifest\u00f3.<\/p>\n\n\n\n<p>El evento, en el que participaron los ni\u00f1os y ni\u00f1as del programa infantil \u201cTopiTok\u201d, se realiz\u00f3 la ma\u00f1ana de este lunes en las instalaciones del Instituto Polit\u00e9cnico V\u00edctor Estrella Liz, en el Ensanche La Fe, donde autoridades educativas, funcionarios y representantes del sector educativo, cultural y comunicacional acompa\u00f1aron este acto.<\/p>\n\n\n\n<p>Al acto tambi\u00e9n asistieron Alexis Jim\u00e9nez, viceministro de Desarrollo Social de la Presidencia; Ancell Sch\u00e9ker Mendoza, viceministra de Servicios T\u00e9cnicos y Pedag\u00f3gicos del MINERD; Amaurys S\u00e1nchez, viceministro de Creatividad y Participaci\u00f3n Popular del Ministerio de Cultura; Eddy Ch\u00e1vez, director del Distrito Educativo 15-04; Secundina Vallejo, directora del Polit\u00e9cnico V\u00edctor Estrella Liz; Reina Rosario, directora de Fomento de la Identidad Nacional del INDEX, del Ministerio de Relaciones Exteriores; y Juan Pablo Uribe, presidente de la Comisi\u00f3n Permanente de Efem\u00e9rides Patrias.<\/p>\n\n\n\n<p>La serie animada \u201cTrinitarios\u201d forma parte de los esfuerzos de RTVD por promover contenidos audiovisuales de alto valor educativo y cultural, inspirados en los ideales de los fundadores de la naci\u00f3n y en el legado hist\u00f3rico que dio origen a la Rep\u00fablica Dominicana.<\/p>\n\n\n\n<p>La propuesta audiovisual, dirigida por Luis Cepeda con la producci\u00f3n general de Iv\u00e1n Ruiz, consta de seis episodios que recrean los acontecimientos desde la ocupaci\u00f3n haitiana de 1822 hasta la noche de independencia del 27 de febrero de 1844.<\/p>\n\n\n\n<p>Con esta entrega, ambas instituciones reafirman su compromiso de integrar herramientas audiovisuales innovadoras al proceso de ense\u00f1anza-aprendizaje, fomentando el conocimiento de la historia dominicana y el fortalecimiento de los valores patri\u00f3ticos en la comunidad estudiantil del pa\u00eds.<\/p>\n","protected":false},"excerpt":{"rendered":"<p>Radio Televisi\u00f3n Dominicana (RTVD) realiz\u00f3 este lunes el acto oficial de entrega de la serie hist\u00f3rica animada \u201cTrinitarios\u201d al Ministerio de Educaci\u00f3n de la Rep\u00fablica Dominicana (MINERD), en una iniciativa&hellip;<\/p>\n","protected":false},"author":10,"featured_media":124220,"comment_status":"open","ping_status":"open","sticky":false,"template":"","format":"standard","meta":{"content-type":"","jetpack_post_was_ever_published":false,"_jetpack_newsletter_access":"","_jetpack_dont_email_post_to_subs":false,"_jetpack_newsletter_tier_id":0,"_jetpack_memberships_contains_paywalled_content":false,"_jetpack_memberships_contains_paid_content":false,"footnotes":""},"categories":[35],"tags":[5745,7937,31031,31030],"class_list":["post-124219","post","type-post","status-publish","format-standard","has-post-thumbnail","hentry","category-nacionales","tag-ministerio-de-educacion","tag-rtvd","tag-serie-historica-animada","tag-trinitarios"],"jetpack_featured_media_url":"https:\/\/lasprimeras.com.do\/wp-content\/uploads\/2026\/03\/RTVD-Y-MINERD-2.jpg","jetpack-related-posts":[{"id":86982,"url":"https:\/\/lasprimeras.com.do\/index.php\/2024\/08\/04\/rtvd-en-72-aniversario-re-evoluciona-tv-con-tres-hitos-historicos-dos-series-y-su-instituto-docente\/","url_meta":{"origin":124219,"position":0},"title":"RTVD en 72 aniversario re-evoluciona TV con tres hitos hist\u00f3ricos: \u00a0dos series y su Instituto docente","author":"Nelson Feliz","date":"4 de agosto de 2024","format":false,"excerpt":"Con motivo de su 72 aniversario, anuncia estreno de las series Los Trinitarios y La Familia Espejo y anuncia el Instituto RTVD Radio Televisi\u00f3n Dominicana (RTVD, con motivo de su 72\u00ba aniversario, anunci\u00f3 el estreno el primero de agosto, de las series televisivas \"Los Trinitarios\" y \"La Familia Espejo\u201d, y\u2026","rel":"","context":"En \u00abENTRETENIMIENTO\u00bb","block_context":{"text":"ENTRETENIMIENTO","link":"https:\/\/lasprimeras.com.do\/index.php\/category\/entretenimiento\/"},"img":{"alt_text":"","src":"https:\/\/i0.wp.com\/lasprimeras.com.do\/wp-content\/uploads\/2024\/08\/Captura.png?resize=350%2C200&ssl=1","width":350,"height":200,"srcset":"https:\/\/i0.wp.com\/lasprimeras.com.do\/wp-content\/uploads\/2024\/08\/Captura.png?resize=350%2C200&ssl=1 1x, https:\/\/i0.wp.com\/lasprimeras.com.do\/wp-content\/uploads\/2024\/08\/Captura.png?resize=525%2C300&ssl=1 1.5x, https:\/\/i0.wp.com\/lasprimeras.com.do\/wp-content\/uploads\/2024\/08\/Captura.png?resize=700%2C400&ssl=1 2x"},"classes":[]},{"id":106749,"url":"https:\/\/lasprimeras.com.do\/index.php\/2025\/08\/19\/abinader-presenta-transformacion-y-modernizacion-de-rtvd-canal-4\/","url_meta":{"origin":124219,"position":1},"title":"Abinader presenta transformaci\u00f3n y modernizaci\u00f3n de RTVD Canal 4","author":"Nelson Feliz","date":"19 de agosto de 2025","format":false,"excerpt":"Tambi\u00e9n informa en LA Semanal con la Prensa que a trav\u00e9s del instituto RTVD se han graduado 155 profesionales. Adem\u00e1s se cre\u00f3 la primera serie hist\u00f3rica animada. El presidente Luis Abinader present\u00f3 este lunes la transformaci\u00f3n y modernizaci\u00f3n de la televisi\u00f3n p\u00fablica dominicana, que ha posicionado a Radio Televisi\u00f3n Dominicana\u2026","rel":"","context":"En \u00abNACIONALES\u00bb","block_context":{"text":"NACIONALES","link":"https:\/\/lasprimeras.com.do\/index.php\/category\/nacionales\/"},"img":{"alt_text":"","src":"https:\/\/i0.wp.com\/lasprimeras.com.do\/wp-content\/uploads\/2025\/08\/Luis-Abinader-6.jpg?resize=350%2C200&ssl=1","width":350,"height":200,"srcset":"https:\/\/i0.wp.com\/lasprimeras.com.do\/wp-content\/uploads\/2025\/08\/Luis-Abinader-6.jpg?resize=350%2C200&ssl=1 1x, https:\/\/i0.wp.com\/lasprimeras.com.do\/wp-content\/uploads\/2025\/08\/Luis-Abinader-6.jpg?resize=525%2C300&ssl=1 1.5x, https:\/\/i0.wp.com\/lasprimeras.com.do\/wp-content\/uploads\/2025\/08\/Luis-Abinader-6.jpg?resize=700%2C400&ssl=1 2x"},"classes":[]},{"id":89373,"url":"https:\/\/lasprimeras.com.do\/index.php\/2024\/09\/22\/abinader-reconoce-a-dominicanas-y-dominicanos-destacados-en-estados-unidos\/","url_meta":{"origin":124219,"position":2},"title":"Abinader reconoce a dominicanas y dominicanos destacados en Estados Unidos","author":"Nelson Feliz","date":"22 de septiembre de 2024","format":false,"excerpt":"El mandatario presidi\u00f3 estreno global de la serie hist\u00f3rica animada llamada \"Los Trinitarios\", tambi\u00e9n el lanzamiento de RTVD Internacional y la presentaci\u00f3n oficial del tratado de cielos abiertos entre RD y EU Nueva York.- El presidente Luis Abinader, encabez\u00f3 este domingo en esta ciudad un acto de reconocimiento a 21\u2026","rel":"","context":"En \u00abNACIONALES\u00bb","block_context":{"text":"NACIONALES","link":"https:\/\/lasprimeras.com.do\/index.php\/category\/nacionales\/"},"img":{"alt_text":"","src":"https:\/\/i0.wp.com\/lasprimeras.com.do\/wp-content\/uploads\/2024\/09\/Luis-Abinader-NY.jpg?resize=350%2C200&ssl=1","width":350,"height":200,"srcset":"https:\/\/i0.wp.com\/lasprimeras.com.do\/wp-content\/uploads\/2024\/09\/Luis-Abinader-NY.jpg?resize=350%2C200&ssl=1 1x, https:\/\/i0.wp.com\/lasprimeras.com.do\/wp-content\/uploads\/2024\/09\/Luis-Abinader-NY.jpg?resize=525%2C300&ssl=1 1.5x, https:\/\/i0.wp.com\/lasprimeras.com.do\/wp-content\/uploads\/2024\/09\/Luis-Abinader-NY.jpg?resize=700%2C400&ssl=1 2x"},"classes":[]},{"id":78099,"url":"https:\/\/lasprimeras.com.do\/index.php\/2024\/02\/28\/abinader-resalta-logros-en-cultura-y-transformacion-de-rtvd\/","url_meta":{"origin":124219,"position":3},"title":"Abinader resalta logros en Cultura y transformaci\u00f3n de RTVD","author":"BIMARY DE JES\u00daS Matos","date":"28 de febrero de 2024","format":false,"excerpt":"Santo Domingo.-En su cuarta rendici\u00f3n de cuentas, el presidente, Luis Abinader destac\u00f3 la transformaci\u00f3n del canal estatal, Radio Televisi\u00f3n Dominicana (RTVD) y sus logros en cultura. \u201cComo parte de un plan de rescate y habilitaci\u00f3n de la infraestructura cultural, en el a\u00f1o 2023 se ha continuado con las diferentes obras\u2026","rel":"","context":"En \u00abENTRETENIMIENTO\u00bb","block_context":{"text":"ENTRETENIMIENTO","link":"https:\/\/lasprimeras.com.do\/index.php\/category\/entretenimiento\/"},"img":{"alt_text":"","src":"https:\/\/i0.wp.com\/lasprimeras.com.do\/wp-content\/uploads\/2024\/02\/65de165253488.jpeg?resize=350%2C200&ssl=1","width":350,"height":200,"srcset":"https:\/\/i0.wp.com\/lasprimeras.com.do\/wp-content\/uploads\/2024\/02\/65de165253488.jpeg?resize=350%2C200&ssl=1 1x, https:\/\/i0.wp.com\/lasprimeras.com.do\/wp-content\/uploads\/2024\/02\/65de165253488.jpeg?resize=525%2C300&ssl=1 1.5x, https:\/\/i0.wp.com\/lasprimeras.com.do\/wp-content\/uploads\/2024\/02\/65de165253488.jpeg?resize=700%2C400&ssl=1 2x"},"classes":[]},{"id":72391,"url":"https:\/\/lasprimeras.com.do\/index.php\/2023\/12\/29\/rtvd-recibe-reconocimiento-de-industria-y-comercio-por-su-innovacion\/","url_meta":{"origin":124219,"position":4},"title":"RTVD recibe reconocimiento de Industria y Comercio por su &#8220;innovaci\u00f3n&#8221;","author":"BIMARY DE JES\u00daS Matos","date":"29 de diciembre de 2023","format":false,"excerpt":"Santo Domingo.-Radio Televisi\u00f3n Dominicana (RTVD) recibi\u00f3 por primera vez en d\u00e9cadas un reconocimiento por sus \u201caltos est\u00e1ndares en innovaci\u00f3n\u201d, certificaci\u00f3n entregada durante el \u201cTercer Benchmarking sobre buenas pr\u00e1cticas internacionales en servicio al cliente\u201d, organizado por el Ministerio de Industria, Comercio y Mipymes (MICM). El reconocimiento fue entregado por Elmer Gonz\u00e1lez,\u2026","rel":"","context":"En \u00abENTRETENIMIENTO\u00bb","block_context":{"text":"ENTRETENIMIENTO","link":"https:\/\/lasprimeras.com.do\/index.php\/category\/entretenimiento\/"},"img":{"alt_text":"","src":"https:\/\/i0.wp.com\/lasprimeras.com.do\/wp-content\/uploads\/2023\/12\/WhatsApp-Image-2023-12-28-at-10.42.13-PM-3.jpeg?resize=350%2C200&ssl=1","width":350,"height":200,"srcset":"https:\/\/i0.wp.com\/lasprimeras.com.do\/wp-content\/uploads\/2023\/12\/WhatsApp-Image-2023-12-28-at-10.42.13-PM-3.jpeg?resize=350%2C200&ssl=1 1x, https:\/\/i0.wp.com\/lasprimeras.com.do\/wp-content\/uploads\/2023\/12\/WhatsApp-Image-2023-12-28-at-10.42.13-PM-3.jpeg?resize=525%2C300&ssl=1 1.5x"},"classes":[]},{"id":95449,"url":"https:\/\/lasprimeras.com.do\/index.php\/2025\/03\/13\/rtvd-entrega-reconocimiento-estrella-al-legado-cultural-a-casandra-damiron\/","url_meta":{"origin":124219,"position":5},"title":"RTVD entrega reconocimiento \u201cEstrella al Legado Cultural\u201d a Casandra Damir\u00f3n","author":"Nelson Feliz","date":"13 de marzo de 2025","format":false,"excerpt":"Radio Televisi\u00f3n Dominicana (RTVD) entreg\u00f3 este mi\u00e9rcoles de manera p\u00f3stuma el reconocimiento \u201cEstrella al Legado Cultural\u201d a la destacada artista dominicana y Gran Soberana Casandra Damir\u00f3n, en conmemoraci\u00f3n del 106 aniversario de su natalicio. El evento se realiz\u00f3 durante una transmisi\u00f3n especial en el matutino del canal 4 \u201cEl Mang\u00fa\u2026","rel":"","context":"En \u00abENTRETENIMIENTO\u00bb","block_context":{"text":"ENTRETENIMIENTO","link":"https:\/\/lasprimeras.com.do\/index.php\/category\/entretenimiento\/"},"img":{"alt_text":"","src":"https:\/\/i0.wp.com\/lasprimeras.com.do\/wp-content\/uploads\/2025\/03\/rtvd.jpg?resize=350%2C200&ssl=1","width":350,"height":200,"srcset":"https:\/\/i0.wp.com\/lasprimeras.com.do\/wp-content\/uploads\/2025\/03\/rtvd.jpg?resize=350%2C200&ssl=1 1x, https:\/\/i0.wp.com\/lasprimeras.com.do\/wp-content\/uploads\/2025\/03\/rtvd.jpg?resize=525%2C300&ssl=1 1.5x, https:\/\/i0.wp.com\/lasprimeras.com.do\/wp-content\/uploads\/2025\/03\/rtvd.jpg?resize=700%2C400&ssl=1 2x"},"classes":[]}],"jetpack_sharing_enabled":true,"_links":{"self":[{"href":"https:\/\/lasprimeras.com.do\/index.php\/wp-json\/wp\/v2\/posts\/124219","targetHints":{"allow":["GET"]}}],"collection":[{"href":"https:\/\/lasprimeras.com.do\/index.php\/wp-json\/wp\/v2\/posts"}],"about":[{"href":"https:\/\/lasprimeras.com.do\/index.php\/wp-json\/wp\/v2\/types\/post"}],"author":[{"embeddable":true,"href":"https:\/\/lasprimeras.com.do\/index.php\/wp-json\/wp\/v2\/users\/10"}],"replies":[{"embeddable":true,"href":"https:\/\/lasprimeras.com.do\/index.php\/wp-json\/wp\/v2\/comments?post=124219"}],"version-history":[{"count":1,"href":"https:\/\/lasprimeras.com.do\/index.php\/wp-json\/wp\/v2\/posts\/124219\/revisions"}],"predecessor-version":[{"id":124221,"href":"https:\/\/lasprimeras.com.do\/index.php\/wp-json\/wp\/v2\/posts\/124219\/revisions\/124221"}],"wp:featuredmedia":[{"embeddable":true,"href":"https:\/\/lasprimeras.com.do\/index.php\/wp-json\/wp\/v2\/media\/124220"}],"wp:attachment":[{"href":"https:\/\/lasprimeras.com.do\/index.php\/wp-json\/wp\/v2\/media?parent=124219"}],"wp:term":[{"taxonomy":"category","embeddable":true,"href":"https:\/\/lasprimeras.com.do\/index.php\/wp-json\/wp\/v2\/categories?post=124219"},{"taxonomy":"post_tag","embeddable":true,"href":"https:\/\/lasprimeras.com.do\/index.php\/wp-json\/wp\/v2\/tags?post=124219"}],"curies":[{"name":"wp","href":"https:\/\/api.w.org\/{rel}","templated":true}]}}