{"id":124222,"date":"2026-03-09T19:40:11","date_gmt":"2026-03-09T23:40:11","guid":{"rendered":"https:\/\/lasprimeras.com.do\/?p=124222"},"modified":"2026-03-09T19:40:12","modified_gmt":"2026-03-09T23:40:12","slug":"edeeste-interviene-ayuntamiento-de-el-cedro-y-vivienda-de-alcaldesa-por-fraude-electrico","status":"publish","type":"post","link":"https:\/\/lasprimeras.com.do\/index.php\/2026\/03\/09\/edeeste-interviene-ayuntamiento-de-el-cedro-y-vivienda-de-alcaldesa-por-fraude-electrico\/","title":{"rendered":"Edeeste interviene Ayuntamiento de El Cedro y vivienda de alcaldesa por fraude el\u00e9ctrico"},"content":{"rendered":"\n<p>La Empresa Distribuidora de Electricidad del Este (Edeeste) desmantel\u00f3 conexiones el\u00e9ctricas irregulares en el Ayuntamiento del distrito municipal El Cedro de Miches y en la residencia de la alcaldesa de esa demarcaci\u00f3n.<\/p>\n\n\n\n<p>La intervenci\u00f3n fue realizada por equipos de la Direcci\u00f3n de Gesti\u00f3n de P\u00e9rdidas luego de m\u00faltiples intentos de regularizaci\u00f3n.<\/p>\n\n\n\n<p>Durante un primer operativo se procedi\u00f3 a la suspensi\u00f3n del servicio en el ayuntamiento; sin embargo, posteriormente se detect\u00f3 una reconexi\u00f3n no autorizada, lo que oblig\u00f3 a ejecutar una segunda intervenci\u00f3n con corte selectivo del cableado de acometida para impedir nuevas reconexiones irregulares.<\/p>\n\n\n\n<p>En el proceso de verificaci\u00f3n tambi\u00e9n se constat\u00f3 que la residencia particular de la alcaldesa operaba bajo las mismas condiciones de irregularidad, es decir, sin contrato de suministro el\u00e9ctrico vigente, por lo que se procedi\u00f3 al desmantelamiento total de la conexi\u00f3n, en cumplimiento de las pol\u00edticas de control de p\u00e9rdidas y del principio de igualdad en la aplicaci\u00f3n de las normas que rigen el servicio el\u00e9ctrico.<\/p>\n\n\n\n<p>El circuito NISI01, donde se encuentra ubicada la comunidad de El Cedro de Miches, registra p\u00e9rdidas acumuladas de 82.6 %, una situaci\u00f3n que impacta directamente la estabilidad del sistema el\u00e9ctrico y limita las posibilidades de mejora del servicio.<\/p>\n\n\n\n<p>De acuerdo con los datos operativos, durante el a\u00f1o 2025 se adquirieron 22.96 GWh de energ\u00eda para este circuito, con un costo aproximado de RD$229.6 millones, mientras que la recaudaci\u00f3n alcanz\u00f3 apenas RD$18.71 millones, reflejando una marcada brecha entre la energ\u00eda comprada y la energ\u00eda efectivamente pagada.<\/p>\n\n\n\n<p>La empresa tambi\u00e9n advirti\u00f3 sobre la reincidencia en la instalaci\u00f3n de conexiones el\u00e9ctricas irregulares en suministros que ya han sido intervenidos, una pr\u00e1ctica que agrava a\u00fan m\u00e1s los niveles de p\u00e9rdidas en los circuitos y dificulta los esfuerzos de normalizaci\u00f3n del servicio.<\/p>\n\n\n\n<p>En m\u00faltiples casos, luego de ejecutarse suspensiones t\u00e9cnicas por incumplimientos contractuales, se detectan reconexiones no autorizadas en un corto per\u00edodo de tiempo, acompa\u00f1adas de resistencia a los procesos de inspecci\u00f3n y contrataci\u00f3n formal.<\/p>\n\n\n\n<p>Edeeste explic\u00f3 que situaciones como estas afectan directamente a los usuarios que s\u00ed cumplen con sus contratos y pagos, ya que las conexiones irregulares generan sobrecargas en los circuitos, provocan aver\u00edas frecuentes y reducen los recursos disponibles para mantenimiento, expansi\u00f3n de redes y mejora del servicio en las comunidades.<\/p>\n\n\n\n<p>La empresa reiter\u00f3 su disposici\u00f3n de continuar trabajando con las autoridades locales para avanzar en la regularizaci\u00f3n de los suministros el\u00e9ctricos tanto de las instituciones p\u00fablicas como de los usuarios residenciales, al tiempo que asegur\u00f3 que seguir\u00e1 ejecutando operativos para desmantelar conexiones irregulares que afectan la sostenibilidad del sistema el\u00e9ctrico y el derecho de los clientes que cumplen a recibir un servicio estable y de calidad.<\/p>\n","protected":false},"excerpt":{"rendered":"<p>La Empresa Distribuidora de Electricidad del Este (Edeeste) desmantel\u00f3 conexiones el\u00e9ctricas irregulares en el Ayuntamiento del distrito municipal El Cedro de Miches y en la residencia de la alcaldesa de&hellip;<\/p>\n","protected":false},"author":10,"featured_media":124223,"comment_status":"open","ping_status":"open","sticky":false,"template":"","format":"standard","meta":{"content-type":"","jetpack_post_was_ever_published":false,"_jetpack_newsletter_access":"","_jetpack_dont_email_post_to_subs":false,"_jetpack_newsletter_tier_id":0,"_jetpack_memberships_contains_paywalled_content":false,"_jetpack_memberships_contains_paid_content":false,"footnotes":""},"categories":[35,25],"tags":[3305,31033,31032,657,8378,99],"class_list":["post-124222","post","type-post","status-publish","format-standard","has-post-thumbnail","hentry","category-nacionales","category-portada","tag-alcaldesa","tag-ayuntamiento-de-el-cedro","tag-conexion-irregular","tag-edeeste","tag-miches","tag-residencia"],"jetpack_featured_media_url":"https:\/\/lasprimeras.com.do\/wp-content\/uploads\/2026\/03\/1.jpg","jetpack-related-posts":[{"id":125629,"url":"https:\/\/lasprimeras.com.do\/index.php\/2026\/03\/24\/edeeste-fortalece-servicio-electrico-con-el-sistema-de-medicion-concentrada-en-altura\/","url_meta":{"origin":124222,"position":0},"title":"EDEESTE fortalece servicio el\u00e9ctrico con el Sistema de Medici\u00f3n Concentrada en Altura","author":"Nelson Feliz","date":"24 de marzo de 2026","format":false,"excerpt":"M\u00e1s de 106 mil clientes ya cuentan con medici\u00f3n inteligente en tiempo real. La Empresa Distribuidora de Electricidad del Este (EDEESTE) contin\u00faa avanzando en su proceso de modernizaci\u00f3n tecnol\u00f3gica mediante la implementaci\u00f3n del Sistema de Medici\u00f3n Concentrada en Altura (SMCA), una soluci\u00f3n innovadora orientada a optimizar la gesti\u00f3n del suministro\u2026","rel":"","context":"En \u00abNACIONALES\u00bb","block_context":{"text":"NACIONALES","link":"https:\/\/lasprimeras.com.do\/index.php\/category\/nacionales\/"},"img":{"alt_text":"EDEESTE","src":"https:\/\/i0.wp.com\/lasprimeras.com.do\/wp-content\/uploads\/2026\/03\/EDEESTE-1.jpg?resize=350%2C200&ssl=1","width":350,"height":200,"srcset":"https:\/\/i0.wp.com\/lasprimeras.com.do\/wp-content\/uploads\/2026\/03\/EDEESTE-1.jpg?resize=350%2C200&ssl=1 1x, https:\/\/i0.wp.com\/lasprimeras.com.do\/wp-content\/uploads\/2026\/03\/EDEESTE-1.jpg?resize=525%2C300&ssl=1 1.5x, https:\/\/i0.wp.com\/lasprimeras.com.do\/wp-content\/uploads\/2026\/03\/EDEESTE-1.jpg?resize=700%2C400&ssl=1 2x"},"classes":[]},{"id":107465,"url":"https:\/\/lasprimeras.com.do\/index.php\/2025\/08\/27\/edeeste-mejora-la-calidad-del-servicio-en-la-romana-e-higuey\/","url_meta":{"origin":124222,"position":1},"title":"Edeeste mejora la calidad del servicio en La Romana e Hig\u00fcey","author":"Nelson Feliz","date":"27 de agosto de 2025","format":false,"excerpt":"La Empresa Distribuidora de Electricidad del Este (Edeeste) inform\u00f3 que durante las \u00faltimas semanas ha puesto en marcha diversas acciones en procura de mejorar la calidad del servicio en localidades de Hig\u00fcey y La Romana. Entre las acciones realizadas por la distribuidora se encuentran el cambio de medidores convencionales a\u2026","rel":"","context":"En \u00abNACIONALES\u00bb","block_context":{"text":"NACIONALES","link":"https:\/\/lasprimeras.com.do\/index.php\/category\/nacionales\/"},"img":{"alt_text":"","src":"https:\/\/i0.wp.com\/lasprimeras.com.do\/wp-content\/uploads\/2025\/08\/contadores-2.jpg?resize=350%2C200&ssl=1","width":350,"height":200},"classes":[]},{"id":114054,"url":"https:\/\/lasprimeras.com.do\/index.php\/2025\/11\/10\/edeeste-desmantela-conexiones-irregulares-en-residencial-monte-verde-en-higuey\/","url_meta":{"origin":124222,"position":2},"title":"Edeeste desmantela conexiones irregulares en residencial Monte Verde en Hig\u00fcey","author":"Nelson Feliz","date":"10 de noviembre de 2025","format":false,"excerpt":"La Empresa Distribuidora de Electricidad del Este (Edeeste) realiz\u00f3 una intervenci\u00f3n t\u00e9cnica en el residencial Monte Verde ubicado en el municipio Hig\u00fcey provincia La Altagracia, con el prop\u00f3sito de reducir las p\u00e9rdidas el\u00e9ctricas que sobrepasaban el 30%. Durante los trabajos, el equipo t\u00e9cnico de Edeeste inspeccion\u00f3 310 puntos de medida\u2026","rel":"","context":"En \u00abNACIONALES\u00bb","block_context":{"text":"NACIONALES","link":"https:\/\/lasprimeras.com.do\/index.php\/category\/nacionales\/"},"img":{"alt_text":"","src":"https:\/\/i0.wp.com\/lasprimeras.com.do\/wp-content\/uploads\/2025\/11\/Monte-Verde-1.jpg?resize=350%2C200&ssl=1","width":350,"height":200},"classes":[]},{"id":123767,"url":"https:\/\/lasprimeras.com.do\/index.php\/2026\/03\/05\/dictan-medida-de-coercion-por-robo-de-energia-a-edeeste\/","url_meta":{"origin":124222,"position":3},"title":"Dictan medida de coerci\u00f3n por robo de energ\u00eda a Edeeste","author":"Nelson Feliz","date":"5 de marzo de 2026","format":false,"excerpt":"La Oficina Judicial de Servicio de Atenci\u00f3n Permanente del Distrito Judicial La Altagracia impuso medida de coerci\u00f3n consistente en presentaci\u00f3n peri\u00f3dica en contra de un ciudadano encontrado en fraglante por agentes policiales realizando una conexi\u00f3n ilegal en una residencial del sector El Tamarindo, municipio San Rafael del Yuma de la\u2026","rel":"","context":"En \u00abJUSTICIA\u00bb","block_context":{"text":"JUSTICIA","link":"https:\/\/lasprimeras.com.do\/index.php\/category\/justicia\/"},"img":{"alt_text":"","src":"https:\/\/i0.wp.com\/lasprimeras.com.do\/wp-content\/uploads\/2026\/03\/JUSTICIA-1.jpg?resize=350%2C200&ssl=1","width":350,"height":200,"srcset":"https:\/\/i0.wp.com\/lasprimeras.com.do\/wp-content\/uploads\/2026\/03\/JUSTICIA-1.jpg?resize=350%2C200&ssl=1 1x, https:\/\/i0.wp.com\/lasprimeras.com.do\/wp-content\/uploads\/2026\/03\/JUSTICIA-1.jpg?resize=525%2C300&ssl=1 1.5x, https:\/\/i0.wp.com\/lasprimeras.com.do\/wp-content\/uploads\/2026\/03\/JUSTICIA-1.jpg?resize=700%2C400&ssl=1 2x"},"classes":[]},{"id":115882,"url":"https:\/\/lasprimeras.com.do\/index.php\/2025\/11\/25\/edeeste-traslada-transformador-de-potencia-hacia-miches\/","url_meta":{"origin":124222,"position":4},"title":"Edeeste traslada transformador de potencia hacia Miches","author":"Nelson Feliz","date":"25 de noviembre de 2025","format":false,"excerpt":"Aclara incidente que involucr\u00f3 al s\u00edndico de Nisib\u00f3n durante operativo t\u00e9cnico La Empresa Distribuidora de Electricidad del Este (Edeeste) traslad\u00f3 un transformador de potencia desde la subestaci\u00f3n del distrito municipal Las Lagunas de Nisib\u00f3n hacia la subestaci\u00f3n de Miches, donde ser\u00e1 instalado para fortalecer la capacidad operativa del sistema el\u00e9ctrico\u2026","rel":"","context":"En \u00abNACIONALES\u00bb","block_context":{"text":"NACIONALES","link":"https:\/\/lasprimeras.com.do\/index.php\/category\/nacionales\/"},"img":{"alt_text":"","src":"https:\/\/i0.wp.com\/lasprimeras.com.do\/wp-content\/uploads\/2025\/11\/Edeeste-1-1.jpg?resize=350%2C200&ssl=1","width":350,"height":200,"srcset":"https:\/\/i0.wp.com\/lasprimeras.com.do\/wp-content\/uploads\/2025\/11\/Edeeste-1-1.jpg?resize=350%2C200&ssl=1 1x, https:\/\/i0.wp.com\/lasprimeras.com.do\/wp-content\/uploads\/2025\/11\/Edeeste-1-1.jpg?resize=525%2C300&ssl=1 1.5x, https:\/\/i0.wp.com\/lasprimeras.com.do\/wp-content\/uploads\/2025\/11\/Edeeste-1-1.jpg?resize=700%2C400&ssl=1 2x"},"classes":[]},{"id":112234,"url":"https:\/\/lasprimeras.com.do\/index.php\/2025\/10\/19\/tres-meses-sin-luz-por-ineficiencia-de-edeeste-una-familia-dominicana-vive-un-calvario\/","url_meta":{"origin":124222,"position":5},"title":"Tres meses sin luz por ineficiencia de Edeeste: una familia dominicana vive un calvario","author":"Nelson Feliz","date":"19 de octubre de 2025","format":false,"excerpt":"A pesar de tener las facturas al d\u00eda y realizar m\u00e1s de cien llamadas, la empresa no reconecta el servicio en el Residencial San Isidro Labrador. Nelson Ferreras, residente en el Residencial San Isidro Labrador de Santo Domingo Este, ha decidido hacer p\u00fablica su denuncia contra la Empresa Distribuidora de\u2026","rel":"","context":"En \u00abNACIONALES\u00bb","block_context":{"text":"NACIONALES","link":"https:\/\/lasprimeras.com.do\/index.php\/category\/nacionales\/"},"img":{"alt_text":"","src":"https:\/\/i0.wp.com\/lasprimeras.com.do\/wp-content\/uploads\/2025\/10\/edeeste.jpg?resize=350%2C200&ssl=1","width":350,"height":200,"srcset":"https:\/\/i0.wp.com\/lasprimeras.com.do\/wp-content\/uploads\/2025\/10\/edeeste.jpg?resize=350%2C200&ssl=1 1x, https:\/\/i0.wp.com\/lasprimeras.com.do\/wp-content\/uploads\/2025\/10\/edeeste.jpg?resize=525%2C300&ssl=1 1.5x, https:\/\/i0.wp.com\/lasprimeras.com.do\/wp-content\/uploads\/2025\/10\/edeeste.jpg?resize=700%2C400&ssl=1 2x"},"classes":[]}],"jetpack_sharing_enabled":true,"_links":{"self":[{"href":"https:\/\/lasprimeras.com.do\/index.php\/wp-json\/wp\/v2\/posts\/124222","targetHints":{"allow":["GET"]}}],"collection":[{"href":"https:\/\/lasprimeras.com.do\/index.php\/wp-json\/wp\/v2\/posts"}],"about":[{"href":"https:\/\/lasprimeras.com.do\/index.php\/wp-json\/wp\/v2\/types\/post"}],"author":[{"embeddable":true,"href":"https:\/\/lasprimeras.com.do\/index.php\/wp-json\/wp\/v2\/users\/10"}],"replies":[{"embeddable":true,"href":"https:\/\/lasprimeras.com.do\/index.php\/wp-json\/wp\/v2\/comments?post=124222"}],"version-history":[{"count":1,"href":"https:\/\/lasprimeras.com.do\/index.php\/wp-json\/wp\/v2\/posts\/124222\/revisions"}],"predecessor-version":[{"id":124224,"href":"https:\/\/lasprimeras.com.do\/index.php\/wp-json\/wp\/v2\/posts\/124222\/revisions\/124224"}],"wp:featuredmedia":[{"embeddable":true,"href":"https:\/\/lasprimeras.com.do\/index.php\/wp-json\/wp\/v2\/media\/124223"}],"wp:attachment":[{"href":"https:\/\/lasprimeras.com.do\/index.php\/wp-json\/wp\/v2\/media?parent=124222"}],"wp:term":[{"taxonomy":"category","embeddable":true,"href":"https:\/\/lasprimeras.com.do\/index.php\/wp-json\/wp\/v2\/categories?post=124222"},{"taxonomy":"post_tag","embeddable":true,"href":"https:\/\/lasprimeras.com.do\/index.php\/wp-json\/wp\/v2\/tags?post=124222"}],"curies":[{"name":"wp","href":"https:\/\/api.w.org\/{rel}","templated":true}]}}