{"id":124225,"date":"2026-03-09T19:48:36","date_gmt":"2026-03-09T23:48:36","guid":{"rendered":"https:\/\/lasprimeras.com.do\/?p=124225"},"modified":"2026-03-09T19:48:37","modified_gmt":"2026-03-09T23:48:37","slug":"dasac-devuelve-tranquilidad-a-familias-afectadas-por-inundaciones-y-honra-legado-de-francisco-del-rosario-sanchez","status":"publish","type":"post","link":"https:\/\/lasprimeras.com.do\/index.php\/2026\/03\/09\/dasac-devuelve-tranquilidad-a-familias-afectadas-por-inundaciones-y-honra-legado-de-francisco-del-rosario-sanchez\/","title":{"rendered":"DASAC devuelve tranquilidad a familias afectadas por inundaciones y honra legado de Francisco del Rosario S\u00e1nchez"},"content":{"rendered":"\n<p><strong>Edgar Augusto F\u00e9liz Arbona, resalta ideales de Padres de la Patria, contin\u00faan inspirando el compromiso del Estado con la construcci\u00f3n de una naci\u00f3n m\u00e1s justa y solidaria.<\/strong><\/p>\n\n\n\n<p>La r\u00e1pida y oportuna respuesta del Gobierno, a trav\u00e9s de la Direcci\u00f3n de Asistencia Social y Alimentaci\u00f3n Comunitaria (DASAC), ha logrado retornar la tranquilidad a cientos de familias que resultaron afectadas por las inundaciones que provocaron da\u00f1os en los hogares de varias provincias del pa\u00eds.<\/p>\n\n\n\n<p>As\u00ed lo afirm\u00f3 Edgar Augusto F\u00e9liz Arbona, director general de esta instituci\u00f3n, quien explic\u00f3 que brigadas de la entidad se mantienen desplegadas en las comunidades impactadas, llevando asistencia directa a las familias m\u00e1s vulnerables.<\/p>\n\n\n<div class=\"wp-block-image\">\n<figure class=\"alignleft size-full is-resized\"><img decoding=\"async\" width=\"900\" height=\"600\" src=\"https:\/\/lasprimeras.com.do\/wp-content\/uploads\/2026\/03\/Edgar-Augusto-Feliz-Arbona-1.jpg\" alt=\"\" class=\"wp-image-124226\" style=\"aspect-ratio:1.5000151016339969;width:398px;height:auto\" srcset=\"https:\/\/lasprimeras.com.do\/wp-content\/uploads\/2026\/03\/Edgar-Augusto-Feliz-Arbona-1.jpg 900w, https:\/\/lasprimeras.com.do\/wp-content\/uploads\/2026\/03\/Edgar-Augusto-Feliz-Arbona-1-300x200.jpg 300w, https:\/\/lasprimeras.com.do\/wp-content\/uploads\/2026\/03\/Edgar-Augusto-Feliz-Arbona-1-768x512.jpg 768w\" sizes=\"(max-width: 900px) 100vw, 900px\" \/><\/figure>\n<\/div>\n\n\n<p>\u201cTenemos comisiones permanentes trabajando hogar por hogar, entregando los enseres del hogar casa por casa y realizando arreglos de techos en zonas como Sabaneta, El Factor y Veragua. Adem\u00e1s, desde el primer d\u00eda garantizamos la alimentaci\u00f3n con alimentos cocidos y raciones crudas\u201d.<\/p>\n\n\n\n<p>F\u00e9liz Arbona, ofreci\u00f3 estas declaraciones en el marco de una actividad conmemorativa por el 209 aniversario del natalicio del patricio Francisco del Rosario S\u00e1nchez, a quien deposit\u00f3 una ofrenda floral en el Altar de la Patria, junto a subdirectores, funcionarios y colaboradores.<\/p>\n\n\n\n<p>Durante el acto, resalt\u00f3 el papel hist\u00f3rico de S\u00e1nchez en la lucha por la independencia nacional, siguiendo los ideales de Juan Pablo Duarte, destacando que su legado contin\u00faa inspirando el compromiso del Estado con la construcci\u00f3n de una naci\u00f3n m\u00e1s justa y solidaria.<\/p>\n\n\n<div class=\"wp-block-image\">\n<figure class=\"alignright size-full is-resized\"><img decoding=\"async\" width=\"900\" height=\"600\" src=\"https:\/\/lasprimeras.com.do\/wp-content\/uploads\/2026\/03\/Edgar-Augusto-Feliz-Arbona-2.jpg\" alt=\"\" class=\"wp-image-124227\" style=\"aspect-ratio:1.5000151016339969;width:417px;height:auto\" srcset=\"https:\/\/lasprimeras.com.do\/wp-content\/uploads\/2026\/03\/Edgar-Augusto-Feliz-Arbona-2.jpg 900w, https:\/\/lasprimeras.com.do\/wp-content\/uploads\/2026\/03\/Edgar-Augusto-Feliz-Arbona-2-300x200.jpg 300w, https:\/\/lasprimeras.com.do\/wp-content\/uploads\/2026\/03\/Edgar-Augusto-Feliz-Arbona-2-768x512.jpg 768w\" sizes=\"(max-width: 900px) 100vw, 900px\" \/><\/figure>\n<\/div>\n\n\n<p>Sostuvo que el gobierno que encabeza el presidente Luis Abinader trabaja para fortalecer las pol\u00edticas de asistencia social, garantizando alimentaci\u00f3n, salud, vivienda y bienestar a las familias dominicanas, especialmente a las m\u00e1s vulnerables.<\/p>\n\n\n\n<p>\u201cEl mejor homenaje que podemos rendir a nuestros Padres de la Patria es trabajar cada d\u00eda por mejorar la calidad de vida de nuestra gente, llevando soluciones reales a quienes m\u00e1s lo necesitan\u201d, expres\u00f3.<\/p>\n","protected":false},"excerpt":{"rendered":"<p>Edgar Augusto F\u00e9liz Arbona, resalta ideales de Padres de la Patria, contin\u00faan inspirando el compromiso del Estado con la construcci\u00f3n de una naci\u00f3n m\u00e1s justa y solidaria. La r\u00e1pida y&hellip;<\/p>\n","protected":false},"author":10,"featured_media":124228,"comment_status":"open","ping_status":"open","sticky":false,"template":"","format":"standard","meta":{"content-type":"","jetpack_post_was_ever_published":false,"_jetpack_newsletter_access":"","_jetpack_dont_email_post_to_subs":false,"_jetpack_newsletter_tier_id":0,"_jetpack_memberships_contains_paywalled_content":false,"_jetpack_memberships_contains_paid_content":false,"footnotes":""},"categories":[35,25],"tags":[2944,26854,1061,11685,7350,1516,1039,5344],"class_list":["post-124225","post","type-post","status-publish","format-standard","has-post-thumbnail","hentry","category-nacionales","category-portada","tag-afectadas","tag-dasac","tag-familias","tag-francisco-del-rosario-sanchez","tag-honra","tag-inundaciones","tag-legado","tag-tranquilidad"],"jetpack_featured_media_url":"https:\/\/lasprimeras.com.do\/wp-content\/uploads\/2026\/03\/Edgar-Augusto-Feliz-Arbona.jpg","jetpack-related-posts":[{"id":123172,"url":"https:\/\/lasprimeras.com.do\/index.php\/2026\/02\/26\/dasac-asiste-a-familias-afectadas-por-inundaciones-en-las-provincias-pp-maria-trinidad-sanchez-espaillat-y-samana\/","url_meta":{"origin":124225,"position":0},"title":"DASAC asiste a familias afectadas por inundaciones en las provincias PP, Mar\u00eda Trinidad S\u00e1nchez, Espaillat y Saman\u00e1","author":"Nelson Feliz","date":"26 de febrero de 2026","format":false,"excerpt":"El director general, Edgar Augusto Feliz Arbona, indic\u00f3 que la instituci\u00f3n se mantiene en sesi\u00f3n permanente, dando seguimiento a la situaci\u00f3n en coordinaci\u00f3n con el Centro de Operaciones de Emergencias (COE), a fin de continuar llevando asistencia oportuna a las familias afectadas. Equipos de la direcci\u00f3n de Asistencia Social y\u2026","rel":"","context":"En \u00abNACIONALES\u00bb","block_context":{"text":"NACIONALES","link":"https:\/\/lasprimeras.com.do\/index.php\/category\/nacionales\/"},"img":{"alt_text":"","src":"https:\/\/i0.wp.com\/lasprimeras.com.do\/wp-content\/uploads\/2026\/02\/dasac-1.jpg?resize=350%2C200&ssl=1","width":350,"height":200,"srcset":"https:\/\/i0.wp.com\/lasprimeras.com.do\/wp-content\/uploads\/2026\/02\/dasac-1.jpg?resize=350%2C200&ssl=1 1x, https:\/\/i0.wp.com\/lasprimeras.com.do\/wp-content\/uploads\/2026\/02\/dasac-1.jpg?resize=525%2C300&ssl=1 1.5x, https:\/\/i0.wp.com\/lasprimeras.com.do\/wp-content\/uploads\/2026\/02\/dasac-1.jpg?resize=700%2C400&ssl=1 2x"},"classes":[]},{"id":123493,"url":"https:\/\/lasprimeras.com.do\/index.php\/2026\/03\/01\/dasac-entrega-enseres-y-raciones-en-gaspar-hernandez-por-emergencia\/","url_meta":{"origin":124225,"position":1},"title":"DASAC entrega enseres y raciones en Gaspar Hern\u00e1ndez por emergencia","author":"Nelson Feliz","date":"1 de marzo de 2026","format":false,"excerpt":"El director general, Edgar Augusto F\u00e9liz Arbona, asegur\u00f3 que la instituci\u00f3n se mantendr\u00e1 presente el tiempo que sea necesario hasta devolverle la tranquilidad a las familias afectadas con las inundaciones. El director General de la Direcci\u00f3n de Asistencia Social y Alimentaci\u00f3n Comunitaria (DASAC), Edgar Augusto F\u00e9liz Arbona, encabez\u00f3 este domingo\u2026","rel":"","context":"En \u00abNACIONALES\u00bb","block_context":{"text":"NACIONALES","link":"https:\/\/lasprimeras.com.do\/index.php\/category\/nacionales\/"},"img":{"alt_text":"Edgar Augusto F\u00e9liz","src":"https:\/\/i0.wp.com\/lasprimeras.com.do\/wp-content\/uploads\/2026\/03\/Edgar-Augusto-Feliz-2.jpg?resize=350%2C200&ssl=1","width":350,"height":200,"srcset":"https:\/\/i0.wp.com\/lasprimeras.com.do\/wp-content\/uploads\/2026\/03\/Edgar-Augusto-Feliz-2.jpg?resize=350%2C200&ssl=1 1x, https:\/\/i0.wp.com\/lasprimeras.com.do\/wp-content\/uploads\/2026\/03\/Edgar-Augusto-Feliz-2.jpg?resize=525%2C300&ssl=1 1.5x, https:\/\/i0.wp.com\/lasprimeras.com.do\/wp-content\/uploads\/2026\/03\/Edgar-Augusto-Feliz-2.jpg?resize=700%2C400&ssl=1 2x"},"classes":[]},{"id":127758,"url":"https:\/\/lasprimeras.com.do\/index.php\/2026\/04\/15\/gobierno-inicia-entrega-de-enseres-del-hogar-a-familias-afectadas-por-inundaciones\/","url_meta":{"origin":124225,"position":2},"title":"Gobierno inicia entrega de enseres del hogar a familias afectadas por inundaciones","author":"Nelson Feliz","date":"15 de abril de 2026","format":false,"excerpt":"Edgar Augusto F\u00e9liz Arbona, inform\u00f3 que la acci\u00f3n en el Gran Santo Domingo y la provincia de Puerto Plata, forman parte de la ejecuci\u00f3n de la segunda fase del protocolo de emergencia. Las familias del Gran Santo Domingo y la provincia de Puerto Plata que resultaron afectadas por las fuertes\u2026","rel":"","context":"En \u00abNACIONALES\u00bb","block_context":{"text":"NACIONALES","link":"https:\/\/lasprimeras.com.do\/index.php\/category\/nacionales\/"},"img":{"alt_text":"","src":"https:\/\/i0.wp.com\/lasprimeras.com.do\/wp-content\/uploads\/2026\/04\/PLAN-1.jpg?resize=350%2C200&ssl=1","width":350,"height":200,"srcset":"https:\/\/i0.wp.com\/lasprimeras.com.do\/wp-content\/uploads\/2026\/04\/PLAN-1.jpg?resize=350%2C200&ssl=1 1x, https:\/\/i0.wp.com\/lasprimeras.com.do\/wp-content\/uploads\/2026\/04\/PLAN-1.jpg?resize=525%2C300&ssl=1 1.5x, https:\/\/i0.wp.com\/lasprimeras.com.do\/wp-content\/uploads\/2026\/04\/PLAN-1.jpg?resize=700%2C400&ssl=1 2x"},"classes":[]},{"id":118995,"url":"https:\/\/lasprimeras.com.do\/index.php\/2026\/01\/05\/dasac-brindan-asistencia-inmediata-a-familias-afectadas-por-las-lluvias-en-puerto-plata\/","url_meta":{"origin":124225,"position":3},"title":"DASAC brindan asistencia inmediata a familias afectadas por las lluvias en Puerto Plata","author":"Nelson Feliz","date":"5 de enero de 2026","format":false,"excerpt":"Edgar Augusto F\u00e9liz Arbona, declar\u00f3 que lo primero es asegurar la alimentaci\u00f3n de las personas que no tienen donde cocinar porque sus utensilios y enseres han sido da\u00f1ados por el agua, esa es la primera parte del protocolo. El director general de la Direcci\u00f3n de Asistencia Social y Alimentaci\u00f3n Comunitaria\u2026","rel":"","context":"En \u00abNACIONALES\u00bb","block_context":{"text":"NACIONALES","link":"https:\/\/lasprimeras.com.do\/index.php\/category\/nacionales\/"},"img":{"alt_text":"","src":"https:\/\/i0.wp.com\/lasprimeras.com.do\/wp-content\/uploads\/2026\/01\/DASAC.jpg?resize=350%2C200&ssl=1","width":350,"height":200,"srcset":"https:\/\/i0.wp.com\/lasprimeras.com.do\/wp-content\/uploads\/2026\/01\/DASAC.jpg?resize=350%2C200&ssl=1 1x, https:\/\/i0.wp.com\/lasprimeras.com.do\/wp-content\/uploads\/2026\/01\/DASAC.jpg?resize=525%2C300&ssl=1 1.5x, https:\/\/i0.wp.com\/lasprimeras.com.do\/wp-content\/uploads\/2026\/01\/DASAC.jpg?resize=700%2C400&ssl=1 2x"},"classes":[]},{"id":127128,"url":"https:\/\/lasprimeras.com.do\/index.php\/2026\/04\/08\/dasac-intensifica-asistencia-en-zonas-inundadas\/","url_meta":{"origin":124225,"position":4},"title":"DASAC intensifica asistencia en zonas inundadas","author":"Nelson Feliz","date":"8 de abril de 2026","format":false,"excerpt":"La instituci\u00f3n que dirige Edgar Augusto F\u00e9liz Arbona, tambi\u00e9n habilit\u00f3 el n\u00famero 829-222-9194, para canalizar la asistencia a las familias afectadas. Desde las primeras horas de este mi\u00e9rcoles, brigadas de la Unidad de Acci\u00f3n R\u00e1pida de la Direcci\u00f3n de Asistencia Social y Alimentaci\u00f3n Comunitaria, (DASAC), permanecen asistiendo con alimentos cocidos\u2026","rel":"","context":"En \u00abNACIONALES\u00bb","block_context":{"text":"NACIONALES","link":"https:\/\/lasprimeras.com.do\/index.php\/category\/nacionales\/"},"img":{"alt_text":"Edgar Augusto F\u00e9liz","src":"https:\/\/i0.wp.com\/lasprimeras.com.do\/wp-content\/uploads\/2026\/04\/Edgar-Augusto-Feliz-1.jpg?resize=350%2C200&ssl=1","width":350,"height":200,"srcset":"https:\/\/i0.wp.com\/lasprimeras.com.do\/wp-content\/uploads\/2026\/04\/Edgar-Augusto-Feliz-1.jpg?resize=350%2C200&ssl=1 1x, https:\/\/i0.wp.com\/lasprimeras.com.do\/wp-content\/uploads\/2026\/04\/Edgar-Augusto-Feliz-1.jpg?resize=525%2C300&ssl=1 1.5x, https:\/\/i0.wp.com\/lasprimeras.com.do\/wp-content\/uploads\/2026\/04\/Edgar-Augusto-Feliz-1.jpg?resize=700%2C400&ssl=1 2x"},"classes":[]},{"id":127314,"url":"https:\/\/lasprimeras.com.do\/index.php\/2026\/04\/10\/gobierno-entrega-a-traves-de-dasac-enseres-a-familias-afectadas-por-inundaciones\/","url_meta":{"origin":124225,"position":5},"title":"Gobierno entrega a trav\u00e9s de DASAC enseres a familias afectadas por inundaciones","author":"Nelson Feliz","date":"10 de abril de 2026","format":false,"excerpt":"Cientos de familias del sector La 800, una de las zonas m\u00e1s afectada, recibieron los enseres y electrodom\u00e9sticos da\u00f1ados por las fuertes lluvias de manos de un equipo de DASAC. En tiempo r\u00e9cord el Gobierno a trav\u00e9s de la Direcci\u00f3n de Asistencia Social y Alimentaci\u00f3n Comunitaria (DASAC), realiz\u00f3 las entregas\u2026","rel":"","context":"En \u00abNACIONALES\u00bb","block_context":{"text":"NACIONALES","link":"https:\/\/lasprimeras.com.do\/index.php\/category\/nacionales\/"},"img":{"alt_text":"","src":"https:\/\/i0.wp.com\/lasprimeras.com.do\/wp-content\/uploads\/2026\/04\/IMG-20260410-WA0567.jpg?resize=350%2C200&ssl=1","width":350,"height":200,"srcset":"https:\/\/i0.wp.com\/lasprimeras.com.do\/wp-content\/uploads\/2026\/04\/IMG-20260410-WA0567.jpg?resize=350%2C200&ssl=1 1x, https:\/\/i0.wp.com\/lasprimeras.com.do\/wp-content\/uploads\/2026\/04\/IMG-20260410-WA0567.jpg?resize=525%2C300&ssl=1 1.5x, https:\/\/i0.wp.com\/lasprimeras.com.do\/wp-content\/uploads\/2026\/04\/IMG-20260410-WA0567.jpg?resize=700%2C400&ssl=1 2x, https:\/\/i0.wp.com\/lasprimeras.com.do\/wp-content\/uploads\/2026\/04\/IMG-20260410-WA0567.jpg?resize=1050%2C600&ssl=1 3x"},"classes":[]}],"jetpack_sharing_enabled":true,"_links":{"self":[{"href":"https:\/\/lasprimeras.com.do\/index.php\/wp-json\/wp\/v2\/posts\/124225","targetHints":{"allow":["GET"]}}],"collection":[{"href":"https:\/\/lasprimeras.com.do\/index.php\/wp-json\/wp\/v2\/posts"}],"about":[{"href":"https:\/\/lasprimeras.com.do\/index.php\/wp-json\/wp\/v2\/types\/post"}],"author":[{"embeddable":true,"href":"https:\/\/lasprimeras.com.do\/index.php\/wp-json\/wp\/v2\/users\/10"}],"replies":[{"embeddable":true,"href":"https:\/\/lasprimeras.com.do\/index.php\/wp-json\/wp\/v2\/comments?post=124225"}],"version-history":[{"count":1,"href":"https:\/\/lasprimeras.com.do\/index.php\/wp-json\/wp\/v2\/posts\/124225\/revisions"}],"predecessor-version":[{"id":124229,"href":"https:\/\/lasprimeras.com.do\/index.php\/wp-json\/wp\/v2\/posts\/124225\/revisions\/124229"}],"wp:featuredmedia":[{"embeddable":true,"href":"https:\/\/lasprimeras.com.do\/index.php\/wp-json\/wp\/v2\/media\/124228"}],"wp:attachment":[{"href":"https:\/\/lasprimeras.com.do\/index.php\/wp-json\/wp\/v2\/media?parent=124225"}],"wp:term":[{"taxonomy":"category","embeddable":true,"href":"https:\/\/lasprimeras.com.do\/index.php\/wp-json\/wp\/v2\/categories?post=124225"},{"taxonomy":"post_tag","embeddable":true,"href":"https:\/\/lasprimeras.com.do\/index.php\/wp-json\/wp\/v2\/tags?post=124225"}],"curies":[{"name":"wp","href":"https:\/\/api.w.org\/{rel}","templated":true}]}}