{"id":124230,"date":"2026-03-09T20:14:28","date_gmt":"2026-03-10T00:14:28","guid":{"rendered":"https:\/\/lasprimeras.com.do\/?p=124230"},"modified":"2026-03-09T20:14:31","modified_gmt":"2026-03-10T00:14:31","slug":"anpa-demanda-de-mejores-condiciones-de-vida-y-trabajo","status":"publish","type":"post","link":"https:\/\/lasprimeras.com.do\/index.php\/2026\/03\/09\/anpa-demanda-de-mejores-condiciones-de-vida-y-trabajo\/","title":{"rendered":"ANPA demanda de mejores condiciones de vida y trabajo"},"content":{"rendered":"\n<p>El presidente de la Asociaci\u00f3n Nacional de Profesionales Agropecuarios (ANPA), Tito Hern\u00e1ndez, inform\u00f3 que contin\u00faa creciendo el respaldo del liderazgo social y gremial del pa\u00eds a la lucha que desarrollan los profesionales agropecuarios en demanda de mejores condiciones de vida y trabajo.<\/p>\n\n\n\n<p>En esta ocasi\u00f3n, Gabriel del R\u00edo, presidente de la Confederaci\u00f3n Aut\u00f3noma Sindical Clasista (CASC), y Luciano Robles, dirigente de la Federaci\u00f3n Agraria de Ligas Cristianas (FEDELAC), expresaron su apoyo y solidaridad con las demandas que impulsa la ANPA en favor de los agr\u00f3nomos dominicanos.<\/p>\n\n\n\n<p>Durante el encuentro, ambos dirigentes coincidieron en resaltar la importancia del trabajo que realizan los profesionales agropecuarios para garantizar la producci\u00f3n de alimentos y la seguridad alimentaria del pueblo dominicano.<\/p>\n\n\n\n<p>Asimismo, Gabriel del R\u00edo y Luciano Robles destacaron la necesidad de continuar impulsando la Reforma Agraria, se\u00f1alando que el fortalecimiento del campo dominicano y el bienestar de los productores y t\u00e9cnicos del sector deben seguir siendo una prioridad nacional.<\/p>\n\n\n\n<p>El presidente de la ANPA, Tito Hern\u00e1ndez, agradeci\u00f3 el respaldo recibido por parte de las organizaciones sindicales y campesinas, y expres\u00f3 que el gremio continuar\u00e1 ampliando sus contactos con el liderazgo pol\u00edtico, social y gremial del pa\u00eds, con el prop\u00f3sito de seguir consolidando un amplio movimiento de apoyo a las demandas de los profesionales agropecuarios.<\/p>\n\n\n\n<p>Hern\u00e1ndez reiter\u00f3 que los agr\u00f3nomos dominicanos trabajan d\u00eda a d\u00eda para garantizar la seguridad alimentaria de la naci\u00f3n, por lo que aspiran a lograr pensiones dignas, mejores condiciones de trabajo, nuevos nombramientos y respeto a la dignidad del profesional agropecuario.<\/p>\n\n\n\n<p>En el encuentro participaron por la ANPA Juan Francisco Caraballo, Julio C\u00e9sar F\u00e9liz, Juan Alejo, Jos\u00e9 Abad, C\u00e1ndida Reyes, Manuel Vel\u00e1squez y Br\u00edgido Hierro, miembros del Comit\u00e9 Ejecutivo Nacional (CEN), as\u00ed como Basilio de la Rosa, presidente de la Delegaci\u00f3n del Distrito Nacional, junto a Luz del Carmen Mart\u00ednez y Luis Beato, dirigentes del Distrito Nacional, entre otros representantes del gremio.<\/p>\n","protected":false},"excerpt":{"rendered":"<p>El presidente de la Asociaci\u00f3n Nacional de Profesionales Agropecuarios (ANPA), Tito Hern\u00e1ndez, inform\u00f3 que contin\u00faa creciendo el respaldo del liderazgo social y gremial del pa\u00eds a la lucha que desarrollan&hellip;<\/p>\n","protected":false},"author":10,"featured_media":124231,"comment_status":"open","ping_status":"open","sticky":false,"template":"","format":"standard","meta":{"content-type":"","jetpack_post_was_ever_published":false,"_jetpack_newsletter_access":"","_jetpack_dont_email_post_to_subs":false,"_jetpack_newsletter_tier_id":0,"_jetpack_memberships_contains_paywalled_content":false,"_jetpack_memberships_contains_paid_content":false,"footnotes":""},"categories":[35],"tags":[8160,31035,4920,10554,31037,21801,31036,31034],"class_list":["post-124230","post","type-post","status-publish","format-standard","has-post-thumbnail","hentry","category-nacionales","tag-agronomos","tag-campesinas","tag-casc","tag-centrales","tag-fedelac","tag-gabriel-del-rio","tag-luciano-robles","tag-obreras"],"jetpack_featured_media_url":"https:\/\/lasprimeras.com.do\/wp-content\/uploads\/2026\/03\/Gabriel-del-Rio-1.jpg","jetpack-related-posts":[{"id":91548,"url":"https:\/\/lasprimeras.com.do\/index.php\/2024\/11\/26\/anpa-reafirma-su-compromiso-con-el-desarrollo-del-sector-agropecuario-dominicano\/","url_meta":{"origin":124230,"position":0},"title":"ANPA reafirma su compromiso con el desarrollo del sector agropecuario dominicano","author":"Nelson Feliz","date":"26 de noviembre de 2024","format":false,"excerpt":"El presidente de la Asociaci\u00f3n Nacional de Profesionales Agropecuarios (ANPA), Tito Hern\u00e1ndez, expuso los principales desaf\u00edos y prioridades del gremio para fortalecer el sector agropecuario en la Rep\u00fablica Dominicana y mejorar las condiciones de vida y trabajo de los agr\u00f3nomos dominicanos. Hern\u00e1ndez emiti\u00f3 sus consideraciones durante su participaci\u00f3n en un\u2026","rel":"","context":"En \u00abNACIONALES\u00bb","block_context":{"text":"NACIONALES","link":"https:\/\/lasprimeras.com.do\/index.php\/category\/nacionales\/"},"img":{"alt_text":"Tito Hern\u00e1ndez","src":"https:\/\/i0.wp.com\/lasprimeras.com.do\/wp-content\/uploads\/2024\/11\/Tito-Hernandez-1.jpg?resize=350%2C200&ssl=1","width":350,"height":200,"srcset":"https:\/\/i0.wp.com\/lasprimeras.com.do\/wp-content\/uploads\/2024\/11\/Tito-Hernandez-1.jpg?resize=350%2C200&ssl=1 1x, https:\/\/i0.wp.com\/lasprimeras.com.do\/wp-content\/uploads\/2024\/11\/Tito-Hernandez-1.jpg?resize=525%2C300&ssl=1 1.5x, https:\/\/i0.wp.com\/lasprimeras.com.do\/wp-content\/uploads\/2024\/11\/Tito-Hernandez-1.jpg?resize=700%2C400&ssl=1 2x"},"classes":[]},{"id":62179,"url":"https:\/\/lasprimeras.com.do\/index.php\/2023\/10\/03\/anpa-demanda-proyecto-de-viviendas-para-los-agronomos\/","url_meta":{"origin":124230,"position":1},"title":"ANPA demanda proyecto de viviendas para los agr\u00f3nomos","author":"Nelson Feliz","date":"3 de octubre de 2023","format":false,"excerpt":"El presidente de la Asociaci\u00f3n Nacional de Profesionales Agropecuarios (ANPA), agr\u00f3nomo Fausto El\u00edas Tejada, demando del presidente de la Rep\u00fablica, la implementaci\u00f3n de un proyecto de viviendas a bajo costo para m\u00e1s de 1,000 agr\u00f3nomos, que en los actuales momentos no tienen posibilidades de adquirir una casa propia, y el\u2026","rel":"","context":"En \u00abNACIONALES\u00bb","block_context":{"text":"NACIONALES","link":"https:\/\/lasprimeras.com.do\/index.php\/category\/nacionales\/"},"img":{"alt_text":"Fausto El\u00edas Tejada","src":"https:\/\/i0.wp.com\/lasprimeras.com.do\/wp-content\/uploads\/2023\/10\/Fausto-Elias-Tejada.jpg?resize=350%2C200&ssl=1","width":350,"height":200,"srcset":"https:\/\/i0.wp.com\/lasprimeras.com.do\/wp-content\/uploads\/2023\/10\/Fausto-Elias-Tejada.jpg?resize=350%2C200&ssl=1 1x, https:\/\/i0.wp.com\/lasprimeras.com.do\/wp-content\/uploads\/2023\/10\/Fausto-Elias-Tejada.jpg?resize=525%2C300&ssl=1 1.5x, https:\/\/i0.wp.com\/lasprimeras.com.do\/wp-content\/uploads\/2023\/10\/Fausto-Elias-Tejada.jpg?resize=700%2C400&ssl=1 2x"},"classes":[]},{"id":122902,"url":"https:\/\/lasprimeras.com.do\/index.php\/2026\/02\/23\/hipolito-mejia-apoya-las-demandas-de-los-profesionales-agropecuarios\/","url_meta":{"origin":124230,"position":2},"title":"Hip\u00f3lito Mej\u00eda apoya las demandas de los profesionales agropecuarios","author":"Nelson Feliz","date":"23 de febrero de 2026","format":false,"excerpt":"Mej\u00eda se compromete a transmitirlas al presidente Luis Abinader. El expresidente de la Rep\u00fablica, Hip\u00f3lito Mej\u00eda, expres\u00f3 este lunes su respaldo a las demandas de los profesionales agropecuarios dominicanos y se comprometi\u00f3 a transmitirlas personalmente al presidente de la Rep\u00fablica, Luis Abinader. La afirmaci\u00f3n fue realizada por el Pleno Nacional\u2026","rel":"","context":"En \u00abPOLITICA\u00bb","block_context":{"text":"POLITICA","link":"https:\/\/lasprimeras.com.do\/index.php\/category\/politica\/"},"img":{"alt_text":"Tito Hern\u00e1ndez","src":"https:\/\/i0.wp.com\/lasprimeras.com.do\/wp-content\/uploads\/2026\/02\/Tito-Hernandez.jpg?resize=350%2C200&ssl=1","width":350,"height":200,"srcset":"https:\/\/i0.wp.com\/lasprimeras.com.do\/wp-content\/uploads\/2026\/02\/Tito-Hernandez.jpg?resize=350%2C200&ssl=1 1x, https:\/\/i0.wp.com\/lasprimeras.com.do\/wp-content\/uploads\/2026\/02\/Tito-Hernandez.jpg?resize=525%2C300&ssl=1 1.5x, https:\/\/i0.wp.com\/lasprimeras.com.do\/wp-content\/uploads\/2026\/02\/Tito-Hernandez.jpg?resize=700%2C400&ssl=1 2x"},"classes":[]},{"id":93052,"url":"https:\/\/lasprimeras.com.do\/index.php\/2025\/01\/22\/anpa-se-reune-con-el-presidente-luis-abinader\/","url_meta":{"origin":124230,"position":3},"title":"ANPA se re\u00fane con el presidente Luis Abinader","author":"Nelson Feliz","date":"22 de enero de 2025","format":false,"excerpt":"Una comisi\u00f3n del Comit\u00e9 Ejecutivo Nacional de la Asociaci\u00f3n Nacional de Profesionales Agropecuarios (ANPA) ser\u00e1 recibida a las 3:00 de la tarde por el presidente de la Rep\u00fablica, Luis Abinader, en el Palacio Nacional, con el objetivo de tratar las reivindicaciones m\u00e1s sentidas de los profesionales del sector agropecuario. El\u2026","rel":"","context":"En \u00abNACIONALES\u00bb","block_context":{"text":"NACIONALES","link":"https:\/\/lasprimeras.com.do\/index.php\/category\/nacionales\/"},"img":{"alt_text":"Tito Hern\u00e1ndez","src":"https:\/\/i0.wp.com\/lasprimeras.com.do\/wp-content\/uploads\/2024\/11\/Tito-Hernandez-1.jpg?resize=350%2C200&ssl=1","width":350,"height":200,"srcset":"https:\/\/i0.wp.com\/lasprimeras.com.do\/wp-content\/uploads\/2024\/11\/Tito-Hernandez-1.jpg?resize=350%2C200&ssl=1 1x, https:\/\/i0.wp.com\/lasprimeras.com.do\/wp-content\/uploads\/2024\/11\/Tito-Hernandez-1.jpg?resize=525%2C300&ssl=1 1.5x, https:\/\/i0.wp.com\/lasprimeras.com.do\/wp-content\/uploads\/2024\/11\/Tito-Hernandez-1.jpg?resize=700%2C400&ssl=1 2x"},"classes":[]},{"id":60931,"url":"https:\/\/lasprimeras.com.do\/index.php\/2023\/09\/20\/anpa-demanda-preservar-recursos-hidricoen-conflicto-sobre-el-rio-masacre\/","url_meta":{"origin":124230,"position":4},"title":"ANPA demanda preservar recursos h\u00eddricoen conflicto sobre el R\u00edo Masacre","author":"Nelson Feliz","date":"20 de septiembre de 2023","format":false,"excerpt":"La Asociaci\u00f3n Nacional de Profesionales Agropecuarios (ANPA), manifest\u00f3 su apoyo al presidente de la Rep\u00fablica Luis Abinader, tras la decisi\u00f3n de cerrar el tr\u00e1fico terrestre, a\u00e9reo y mar\u00edtimo con el vecino pa\u00eds Hait\u00ed, en defensa de los recursos h\u00eddricos de la naci\u00f3n. El Agr\u00f3nomo Fausto El\u00edas Tejada, Entiende que a\u2026","rel":"","context":"En \u00abNACIONALES\u00bb","block_context":{"text":"NACIONALES","link":"https:\/\/lasprimeras.com.do\/index.php\/category\/nacionales\/"},"img":{"alt_text":"Fausto El\u00edas Tejada","src":"https:\/\/i0.wp.com\/lasprimeras.com.do\/wp-content\/uploads\/2023\/09\/Fausto-Elias-Tejada.jpg?resize=350%2C200&ssl=1","width":350,"height":200,"srcset":"https:\/\/i0.wp.com\/lasprimeras.com.do\/wp-content\/uploads\/2023\/09\/Fausto-Elias-Tejada.jpg?resize=350%2C200&ssl=1 1x, https:\/\/i0.wp.com\/lasprimeras.com.do\/wp-content\/uploads\/2023\/09\/Fausto-Elias-Tejada.jpg?resize=525%2C300&ssl=1 1.5x, https:\/\/i0.wp.com\/lasprimeras.com.do\/wp-content\/uploads\/2023\/09\/Fausto-Elias-Tejada.jpg?resize=700%2C400&ssl=1 2x"},"classes":[]},{"id":103649,"url":"https:\/\/lasprimeras.com.do\/index.php\/2025\/07\/17\/anpa-dedicara-su-9no-congreso-al-expresidente-hipolito-mejia\/","url_meta":{"origin":124230,"position":5},"title":"ANPA dedicar\u00e1 su 9no Congreso al expresidente Hip\u00f3lito Mej\u00eda","author":"Nelson Feliz","date":"17 de julio de 2025","format":false,"excerpt":"La Asamblea Nacional de Dirigentes de la Asociaci\u00f3n Nacional de Profesionales Agropecuarios, dedicar\u00e1n 9no Congreso Nacional de la ANPA al expresidente Rep\u00fablica Hip\u00f3lito Mej\u00eda, en reconocimiento a su trayectoria como fundador del gremio y exministro de Agricultura. El presidente de la ANPA, Tito Hern\u00e1ndez, expres\u00f3 que la vida acrisolada de\u2026","rel":"","context":"En \u00abNACIONALES\u00bb","block_context":{"text":"NACIONALES","link":"https:\/\/lasprimeras.com.do\/index.php\/category\/nacionales\/"},"img":{"alt_text":"Tito Hern\u00e1ndez","src":"https:\/\/i0.wp.com\/lasprimeras.com.do\/wp-content\/uploads\/2025\/07\/Tito-Hernandez.jpg?resize=350%2C200&ssl=1","width":350,"height":200,"srcset":"https:\/\/i0.wp.com\/lasprimeras.com.do\/wp-content\/uploads\/2025\/07\/Tito-Hernandez.jpg?resize=350%2C200&ssl=1 1x, https:\/\/i0.wp.com\/lasprimeras.com.do\/wp-content\/uploads\/2025\/07\/Tito-Hernandez.jpg?resize=525%2C300&ssl=1 1.5x, https:\/\/i0.wp.com\/lasprimeras.com.do\/wp-content\/uploads\/2025\/07\/Tito-Hernandez.jpg?resize=700%2C400&ssl=1 2x"},"classes":[]}],"jetpack_sharing_enabled":true,"_links":{"self":[{"href":"https:\/\/lasprimeras.com.do\/index.php\/wp-json\/wp\/v2\/posts\/124230","targetHints":{"allow":["GET"]}}],"collection":[{"href":"https:\/\/lasprimeras.com.do\/index.php\/wp-json\/wp\/v2\/posts"}],"about":[{"href":"https:\/\/lasprimeras.com.do\/index.php\/wp-json\/wp\/v2\/types\/post"}],"author":[{"embeddable":true,"href":"https:\/\/lasprimeras.com.do\/index.php\/wp-json\/wp\/v2\/users\/10"}],"replies":[{"embeddable":true,"href":"https:\/\/lasprimeras.com.do\/index.php\/wp-json\/wp\/v2\/comments?post=124230"}],"version-history":[{"count":1,"href":"https:\/\/lasprimeras.com.do\/index.php\/wp-json\/wp\/v2\/posts\/124230\/revisions"}],"predecessor-version":[{"id":124232,"href":"https:\/\/lasprimeras.com.do\/index.php\/wp-json\/wp\/v2\/posts\/124230\/revisions\/124232"}],"wp:featuredmedia":[{"embeddable":true,"href":"https:\/\/lasprimeras.com.do\/index.php\/wp-json\/wp\/v2\/media\/124231"}],"wp:attachment":[{"href":"https:\/\/lasprimeras.com.do\/index.php\/wp-json\/wp\/v2\/media?parent=124230"}],"wp:term":[{"taxonomy":"category","embeddable":true,"href":"https:\/\/lasprimeras.com.do\/index.php\/wp-json\/wp\/v2\/categories?post=124230"},{"taxonomy":"post_tag","embeddable":true,"href":"https:\/\/lasprimeras.com.do\/index.php\/wp-json\/wp\/v2\/tags?post=124230"}],"curies":[{"name":"wp","href":"https:\/\/api.w.org\/{rel}","templated":true}]}}