{"id":124233,"date":"2026-03-09T20:57:42","date_gmt":"2026-03-10T00:57:42","guid":{"rendered":"https:\/\/lasprimeras.com.do\/?p=124233"},"modified":"2026-03-09T20:57:44","modified_gmt":"2026-03-10T00:57:44","slug":"demandan-a-la-ministra-faride-y-digesett-por-la-desaparicion-de-una-motocicleta","status":"publish","type":"post","link":"https:\/\/lasprimeras.com.do\/index.php\/2026\/03\/09\/demandan-a-la-ministra-faride-y-digesett-por-la-desaparicion-de-una-motocicleta\/","title":{"rendered":"Demandan a la ministra Faride y Digesett por la desaparici\u00f3n de una motocicleta"},"content":{"rendered":"\n<p>Un ciudadano ha demandado a la Direcci\u00f3n General de la Polic\u00eda Nacional, la Direcci\u00f3n General de Seguridad de Tr\u00e1nsito y Transporte Terrestre (DIGESETT) y a la ministra de Interior y Polic\u00eda, Faride Raful \u00a0, por la desaparici\u00f3n de su veh\u00edculo.<\/p>\n\n\n\n<p>Al ser entrevistado por este medio, Abd\u00edas Estrella Rodr\u00edguez, manifest\u00f3 que se trata de una motocicleta marca Lumax, tipo CG, la cual fue ocupada por agentes de la uniformada mediante un operativo.<\/p>\n\n\n\n<p>Estrella Rodr\u00edguez, se\u00f1ala que lleva m\u00e1s de 4 a\u00f1os tratando de recuperar su veh\u00edculo y las autoridades no ofrecen una opini\u00f3n al respecto, por lo que ha tenido que recurrir a los tribunales, porque el registro de la motocicleta no aparece en los registros de la Polic\u00eda ni en la Digesett.<\/p>\n\n\n\n<p>De su lado, representante legal F\u00e9lix Jim\u00e9nez Campusano informo que la audiencia que correspond\u00eda a este lunes 09 de Marzo fue aplazada para el d\u00eda 16 de marzo 2026.<\/p>\n\n\n\n<p>Jim\u00e9nez Campusano, se\u00f1ala que este proceso interpuesto en el Tribunal Superior Administrativo (TSA) fue visto en la tercera sala en horas de las 9:00 a m.<\/p>\n\n\n\n<p>&nbsp;A pesar de que la audiencia estaba en sala, no fue conocida por los jueces debido a que los abogados de los recurridos le solicitaron al tribunal una pr\u00f3rroga para leer el expediente que seg\u00fan ellos a\u00fan desconocen.<\/p>\n\n\n\n<p>Antes el desconocimiento del expediente por parte de los abogados, el tribunal acogi\u00f3 la solicitud, ya que es v\u00e1lido una vista posterior para que se informen sobre el recurso.<\/p>\n","protected":false},"excerpt":{"rendered":"<p>Un ciudadano ha demandado a la Direcci\u00f3n General de la Polic\u00eda Nacional, la Direcci\u00f3n General de Seguridad de Tr\u00e1nsito y Transporte Terrestre (DIGESETT) y a la ministra de Interior y&hellip;<\/p>\n","protected":false},"author":10,"featured_media":124234,"comment_status":"open","ping_status":"open","sticky":false,"template":"","format":"standard","meta":{"content-type":"","jetpack_post_was_ever_published":false,"_jetpack_newsletter_access":"","_jetpack_dont_email_post_to_subs":false,"_jetpack_newsletter_tier_id":0,"_jetpack_memberships_contains_paywalled_content":false,"_jetpack_memberships_contains_paid_content":false,"footnotes":""},"categories":[35,25],"tags":[1917,6273,244,996,9320,2274],"class_list":["post-124233","post","type-post","status-publish","format-standard","has-post-thumbnail","hentry","category-nacionales","category-portada","tag-demandan","tag-desaparicion","tag-digesett","tag-faride-raful","tag-ministra","tag-motocicleta"],"jetpack_featured_media_url":"https:\/\/lasprimeras.com.do\/wp-content\/uploads\/2026\/03\/moto-mujer.jpg","jetpack-related-posts":[{"id":124860,"url":"https:\/\/lasprimeras.com.do\/index.php\/2026\/03\/17\/tsa-conoce-caso-sobre-motocicleta-incautada-ilegal-y-arbitrariamente\/","url_meta":{"origin":124233,"position":0},"title":"TSA conoce caso sobre motocicleta incautada ilegal y arbitrariamente","author":"Nelson Feliz","date":"17 de marzo de 2026","format":false,"excerpt":"Abdias A. Estrella Rodr\u00edguez","rel":"","context":"En \u00abJUSTICIA\u00bb","block_context":{"text":"JUSTICIA","link":"https:\/\/lasprimeras.com.do\/index.php\/category\/justicia\/"},"img":{"alt_text":"Abdias A. Estrella Rodr\u00edguez","src":"https:\/\/i0.wp.com\/lasprimeras.com.do\/wp-content\/uploads\/2026\/03\/pn-modicada.jpg?resize=350%2C200&ssl=1","width":350,"height":200,"srcset":"https:\/\/i0.wp.com\/lasprimeras.com.do\/wp-content\/uploads\/2026\/03\/pn-modicada.jpg?resize=350%2C200&ssl=1 1x, https:\/\/i0.wp.com\/lasprimeras.com.do\/wp-content\/uploads\/2026\/03\/pn-modicada.jpg?resize=525%2C300&ssl=1 1.5x, https:\/\/i0.wp.com\/lasprimeras.com.do\/wp-content\/uploads\/2026\/03\/pn-modicada.jpg?resize=700%2C400&ssl=1 2x"},"classes":[]},{"id":91623,"url":"https:\/\/lasprimeras.com.do\/index.php\/2024\/11\/28\/ministra-de-interior-presenta-avances-en-el-plan-nacional-de-regularizacion-de-motocicletas\/","url_meta":{"origin":124233,"position":1},"title":"Ministra de Interior presenta avances en el Plan Nacional de Regularizaci\u00f3n de Motocicletas","author":"Nelson Feliz","date":"28 de noviembre de 2024","format":false,"excerpt":"La Ministra de Interior y Polic\u00eda, Faride Raful, destac\u00f3 los avances del Plan Nacional de Regularizaci\u00f3n de Motocicletas es una iniciativa clave en la estrategia del Gobierno para reducir los \u00edndices de mortalidad por accidentes de tr\u00e1nsito. Seg\u00fan la funcionaria, este plan contribuir\u00e1 a disminuir las fatalidades, dado que actualmente\u2026","rel":"","context":"En \u00abMILITARES\u00bb","block_context":{"text":"MILITARES","link":"https:\/\/lasprimeras.com.do\/index.php\/category\/militares\/"},"img":{"alt_text":"Faride Raful","src":"https:\/\/i0.wp.com\/lasprimeras.com.do\/wp-content\/uploads\/2024\/09\/faride-raful.jpg?resize=350%2C200&ssl=1","width":350,"height":200,"srcset":"https:\/\/i0.wp.com\/lasprimeras.com.do\/wp-content\/uploads\/2024\/09\/faride-raful.jpg?resize=350%2C200&ssl=1 1x, https:\/\/i0.wp.com\/lasprimeras.com.do\/wp-content\/uploads\/2024\/09\/faride-raful.jpg?resize=525%2C300&ssl=1 1.5x"},"classes":[]},{"id":82714,"url":"https:\/\/lasprimeras.com.do\/index.php\/2024\/05\/06\/digesett-retiene-motocicletas-modificadas-y-vehiculo\/","url_meta":{"origin":124233,"position":2},"title":"DIGESETT retiene motocicletas modificadas y veh\u00edculo","author":"Esteffany Vargas","date":"6 de mayo de 2024","format":false,"excerpt":"La Direcci\u00f3n General de Seguridad de Tr\u00e1nsito y Transporte Terrestre (DIGESETT) inform\u00f3 que a trav\u00e9s del departamento de inteligencia de la entidad y la Polic\u00eda Preventiva, fueron retenidas dos motocicletas modificadas y un veh\u00edculo, que se dispon\u00edan a realizar carreras clandestinas en la carretera de Santiago-Navarrete. En las motocicletas modificadas,\u2026","rel":"","context":"En \u00abNACIONALES\u00bb","block_context":{"text":"NACIONALES","link":"https:\/\/lasprimeras.com.do\/index.php\/category\/nacionales\/"},"img":{"alt_text":"","src":"https:\/\/i0.wp.com\/lasprimeras.com.do\/wp-content\/uploads\/2024\/05\/1.jpg?resize=350%2C200&ssl=1","width":350,"height":200,"srcset":"https:\/\/i0.wp.com\/lasprimeras.com.do\/wp-content\/uploads\/2024\/05\/1.jpg?resize=350%2C200&ssl=1 1x, https:\/\/i0.wp.com\/lasprimeras.com.do\/wp-content\/uploads\/2024\/05\/1.jpg?resize=525%2C300&ssl=1 1.5x, https:\/\/i0.wp.com\/lasprimeras.com.do\/wp-content\/uploads\/2024\/05\/1.jpg?resize=700%2C400&ssl=1 2x"},"classes":[]},{"id":118569,"url":"https:\/\/lasprimeras.com.do\/index.php\/2025\/12\/31\/interior-y-policia-intensifica-operativos-a-nivel-nacional-ante-celebraciones-de-ano-nuevo\/","url_meta":{"origin":124233,"position":3},"title":"Interior y Polic\u00eda intensifica operativos a nivel nacional ante celebraciones de A\u00f1o Nuevo","author":"Nelson Feliz","date":"31 de diciembre de 2025","format":false,"excerpt":"Faride Raful","rel":"","context":"En \u00abMILITARES\u00bb","block_context":{"text":"MILITARES","link":"https:\/\/lasprimeras.com.do\/index.php\/category\/militares\/"},"img":{"alt_text":"","src":"https:\/\/i0.wp.com\/lasprimeras.com.do\/wp-content\/uploads\/2025\/12\/IMG-20251229-WA0486.jpg?resize=350%2C200&ssl=1","width":350,"height":200,"srcset":"https:\/\/i0.wp.com\/lasprimeras.com.do\/wp-content\/uploads\/2025\/12\/IMG-20251229-WA0486.jpg?resize=350%2C200&ssl=1 1x, https:\/\/i0.wp.com\/lasprimeras.com.do\/wp-content\/uploads\/2025\/12\/IMG-20251229-WA0486.jpg?resize=525%2C300&ssl=1 1.5x, https:\/\/i0.wp.com\/lasprimeras.com.do\/wp-content\/uploads\/2025\/12\/IMG-20251229-WA0486.jpg?resize=700%2C400&ssl=1 2x, https:\/\/i0.wp.com\/lasprimeras.com.do\/wp-content\/uploads\/2025\/12\/IMG-20251229-WA0486.jpg?resize=1050%2C600&ssl=1 3x"},"classes":[]},{"id":75124,"url":"https:\/\/lasprimeras.com.do\/index.php\/2024\/01\/29\/digesett-detiene-motocicletas-corredoras-y-vehiculos-en-carreras-clandestinas\/","url_meta":{"origin":124233,"position":4},"title":"DIGESETT detiene motocicletas corredoras y veh\u00edculos en carreras clandestinas","author":"BIMARY DE JES\u00daS Matos","date":"29 de enero de 2024","format":false,"excerpt":"Martin Restituyo Santo DomingoEn coordinaci\u00f3n con la Polic\u00eda Preventiva y el departamento de Inteligencia Vial de la Direcci\u00f3n General de Seguridad de Tr\u00e1nsito y Transporte Terrestre (DIGESETT) se logr\u00f3 detener cinco (5) motocicletas conocidas como \"corredoras\" y tres (3) veh\u00edculos utilizados como transporte en las carreras clandestinas. Estas motocicletas, que\u2026","rel":"","context":"En \u00abPORTADA\u00bb","block_context":{"text":"PORTADA","link":"https:\/\/lasprimeras.com.do\/index.php\/category\/portada\/"},"img":{"alt_text":"","src":"https:\/\/i0.wp.com\/lasprimeras.com.do\/wp-content\/uploads\/2024\/01\/WhatsApp-Image-2024-01-29-at-3.07.47-PM.jpeg?resize=350%2C200&ssl=1","width":350,"height":200,"srcset":"https:\/\/i0.wp.com\/lasprimeras.com.do\/wp-content\/uploads\/2024\/01\/WhatsApp-Image-2024-01-29-at-3.07.47-PM.jpeg?resize=350%2C200&ssl=1 1x, https:\/\/i0.wp.com\/lasprimeras.com.do\/wp-content\/uploads\/2024\/01\/WhatsApp-Image-2024-01-29-at-3.07.47-PM.jpeg?resize=525%2C300&ssl=1 1.5x, https:\/\/i0.wp.com\/lasprimeras.com.do\/wp-content\/uploads\/2024\/01\/WhatsApp-Image-2024-01-29-at-3.07.47-PM.jpeg?resize=700%2C400&ssl=1 2x, https:\/\/i0.wp.com\/lasprimeras.com.do\/wp-content\/uploads\/2024\/01\/WhatsApp-Image-2024-01-29-at-3.07.47-PM.jpeg?resize=1050%2C600&ssl=1 3x"},"classes":[]},{"id":69333,"url":"https:\/\/lasprimeras.com.do\/index.php\/2023\/12\/01\/digesett-y-pn-intensifica-operativo-de-motocicletas-que-circulan-por-tuneles-y-elevados\/","url_meta":{"origin":124233,"position":5},"title":"DIGESETT y PN intensifica operativo de motocicletas que circulan por t\u00faneles y elevados","author":"Nelson Feliz","date":"1 de diciembre de 2023","format":false,"excerpt":"Por Martin Restituyo La Direcci\u00f3n General de Seguridad de Tr\u00e1nsito y Transporte Terrestre (DIGESETT), junto a la Polic\u00eda Nacional intensific\u00f3 un amplio operativo de motocicletas que violan la ley 63-17 de Movilidad, Transporte Terrestre, Tr\u00e1nsito y Seguridad Vial de la Rep\u00fablica Dominicana, al transitar por los t\u00faneles y elevados de\u2026","rel":"","context":"En \u00abNACIONALES\u00bb","block_context":{"text":"NACIONALES","link":"https:\/\/lasprimeras.com.do\/index.php\/category\/nacionales\/"},"img":{"alt_text":"","src":"https:\/\/i0.wp.com\/lasprimeras.com.do\/wp-content\/uploads\/2023\/12\/Operativo.jpg?resize=350%2C200&ssl=1","width":350,"height":200,"srcset":"https:\/\/i0.wp.com\/lasprimeras.com.do\/wp-content\/uploads\/2023\/12\/Operativo.jpg?resize=350%2C200&ssl=1 1x, https:\/\/i0.wp.com\/lasprimeras.com.do\/wp-content\/uploads\/2023\/12\/Operativo.jpg?resize=525%2C300&ssl=1 1.5x, https:\/\/i0.wp.com\/lasprimeras.com.do\/wp-content\/uploads\/2023\/12\/Operativo.jpg?resize=700%2C400&ssl=1 2x"},"classes":[]}],"jetpack_sharing_enabled":true,"_links":{"self":[{"href":"https:\/\/lasprimeras.com.do\/index.php\/wp-json\/wp\/v2\/posts\/124233","targetHints":{"allow":["GET"]}}],"collection":[{"href":"https:\/\/lasprimeras.com.do\/index.php\/wp-json\/wp\/v2\/posts"}],"about":[{"href":"https:\/\/lasprimeras.com.do\/index.php\/wp-json\/wp\/v2\/types\/post"}],"author":[{"embeddable":true,"href":"https:\/\/lasprimeras.com.do\/index.php\/wp-json\/wp\/v2\/users\/10"}],"replies":[{"embeddable":true,"href":"https:\/\/lasprimeras.com.do\/index.php\/wp-json\/wp\/v2\/comments?post=124233"}],"version-history":[{"count":1,"href":"https:\/\/lasprimeras.com.do\/index.php\/wp-json\/wp\/v2\/posts\/124233\/revisions"}],"predecessor-version":[{"id":124235,"href":"https:\/\/lasprimeras.com.do\/index.php\/wp-json\/wp\/v2\/posts\/124233\/revisions\/124235"}],"wp:featuredmedia":[{"embeddable":true,"href":"https:\/\/lasprimeras.com.do\/index.php\/wp-json\/wp\/v2\/media\/124234"}],"wp:attachment":[{"href":"https:\/\/lasprimeras.com.do\/index.php\/wp-json\/wp\/v2\/media?parent=124233"}],"wp:term":[{"taxonomy":"category","embeddable":true,"href":"https:\/\/lasprimeras.com.do\/index.php\/wp-json\/wp\/v2\/categories?post=124233"},{"taxonomy":"post_tag","embeddable":true,"href":"https:\/\/lasprimeras.com.do\/index.php\/wp-json\/wp\/v2\/tags?post=124233"}],"curies":[{"name":"wp","href":"https:\/\/api.w.org\/{rel}","templated":true}]}}