{"id":124236,"date":"2026-03-09T21:01:58","date_gmt":"2026-03-10T01:01:58","guid":{"rendered":"https:\/\/lasprimeras.com.do\/?p=124236"},"modified":"2026-03-09T21:02:00","modified_gmt":"2026-03-10T01:02:00","slug":"analisis-del-contexto-geopolitico-mundial-crisis-enfrentamientos-en-curso-y-prospectivas-del-sistema-internacional","status":"publish","type":"post","link":"https:\/\/lasprimeras.com.do\/index.php\/2026\/03\/09\/analisis-del-contexto-geopolitico-mundial-crisis-enfrentamientos-en-curso-y-prospectivas-del-sistema-internacional\/","title":{"rendered":"An\u00e1lisis del contexto geopol\u00edtico mundial: crisis, enfrentamientos en curso y prospectivas del sistema internacional"},"content":{"rendered":"\n<p>Por: Justo Del Orbe<\/p>\n\n\n\n<p>Introducci\u00f3n<\/p>\n\n\n\n<p>El sistema internacional atraviesa una fase de transformaci\u00f3n estructural caracterizada por una creciente fragmentaci\u00f3n del poder global, el resurgimiento de rivalidades entre grandes potencias y la multiplicaci\u00f3n de conflictos regionales. A diferencia del per\u00edodo posterior a la Guerra Fr\u00eda, el escenario actual no est\u00e1 dominado por una sola guerra central, sino por varios focos de tensi\u00f3n interconectados que influyen mutuamente en la estabilidad global.<\/p>\n\n\n\n<p>Entre estos focos destacan la guerra en Ucrania, las tensiones en Oriente Medio, la competencia estrat\u00e9gica en el Indo-Pac\u00edfico, las crisis persistentes en \u00c1frica y, cada vez con mayor relevancia, los conflictos de seguridad en Asia del Sur.<\/p>\n\n\n\n<p>Este entorno refleja la emergencia de un sistema internacional multipolar e inestable, donde m\u00faltiples actores compiten simult\u00e1neamente por influencia, seguridad y control de recursos estrat\u00e9gicos.<\/p>\n\n\n\n<p>1. Rasgos centrales del momento geopol\u00edtico<\/p>\n\n\n\n<p>La din\u00e1mica dominante del sistema internacional actual no corresponde a una guerra mundial tradicional, sino a una multipolaridad conflictiva caracterizada por confrontaciones regionales simult\u00e1neas y formas h\u00edbridas de competencia.<\/p>\n\n\n\n<p>Estas incluyen:<\/p>\n\n\n\n<p>guerras indirectas<\/p>\n\n\n\n<p>coerci\u00f3n econ\u00f3mica<\/p>\n\n\n\n<p>sanciones internacionales<\/p>\n\n\n\n<p>ataques cibern\u00e9ticos<\/p>\n\n\n\n<p>uso intensivo de drones y misiles.<\/p>\n\n\n\n<p>El resultado es un sistema global m\u00e1s dif\u00edcil de estabilizar, donde las crisis regionales se contagian entre s\u00ed. Por ejemplo, los conflictos en Oriente Medio afectan el mercado energ\u00e9tico global, lo que repercute en Europa, Asia y Am\u00e9rica Latina.<\/p>\n\n\n\n<p>2. Oriente Medio: el epicentro m\u00e1s vol\u00e1til<\/p>\n\n\n\n<p>Uno de los focos de tensi\u00f3n m\u00e1s peligrosos del sistema internacional actual se encuentra en Oriente Medio.<\/p>\n\n\n\n<p>La escalada entre Israel, Estados Unidos e Ir\u00e1n ha generado ataques directos, desplazamientos masivos de poblaci\u00f3n y una creciente regionalizaci\u00f3n del conflicto. Este enfrentamiento no solo afecta la estabilidad pol\u00edtica de la regi\u00f3n, sino tambi\u00e9n el mercado energ\u00e9tico global debido a la importancia estrat\u00e9gica del Golfo P\u00e9rsico.<\/p>\n\n\n\n<p>Desde una perspectiva geopol\u00edtica, esta crisis genera cuatro efectos principales:<\/p>\n\n\n\n<p>riesgo de expansi\u00f3n regional del conflicto<\/p>\n\n\n\n<p>debilitamiento del derecho internacional<\/p>\n\n\n\n<p>inestabilidad en el mercado energ\u00e9tico<\/p>\n\n\n\n<p>distracci\u00f3n estrat\u00e9gica de Estados Unidos frente a China.<\/p>\n\n\n\n<p>El escenario m\u00e1s probable a corto plazo parece ser una contenci\u00f3n inestable, caracterizada por ataques limitados y negociaciones intermitentes.<\/p>\n\n\n\n<p>3. Ucrania y la seguridad europea<\/p>\n\n\n\n<p>La guerra entre Rusia y Ucrania contin\u00faa siendo el principal conflicto militar en Europa.<\/p>\n\n\n\n<p>Tras m\u00e1s de tres a\u00f1os de guerra, el enfrentamiento ha entrado en una fase de desgaste prolongado, donde ninguna de las partes ha logrado una victoria decisiva. Este conflicto ha provocado una transformaci\u00f3n profunda en la arquitectura de seguridad europea, incluyendo el rearme de varios pa\u00edses y el fortalecimiento de la OTAN.<\/p>\n\n\n\n<p>A largo plazo, incluso si el conflicto se congela, la rivalidad entre Rusia y Occidente continuar\u00e1 siendo un elemento estructural de la pol\u00edtica europea.<\/p>\n\n\n\n<p>4. Indo-Pac\u00edfico: la competencia estrat\u00e9gica del siglo XXI<\/p>\n\n\n\n<p>Mientras Europa enfrenta una guerra prolongada, el Indo-Pac\u00edfico se ha convertido en el principal escenario de competencia entre Estados Unidos y China.<\/p>\n\n\n\n<p>El crecimiento militar chino y la presi\u00f3n sobre Taiw\u00e1n reflejan una estrategia de proyecci\u00f3n de poder regional destinada a alterar el equilibrio estrat\u00e9gico en Asia. La respuesta de Estados Unidos ha sido fortalecer alianzas militares y aumentar su presencia naval en la regi\u00f3n.<\/p>\n\n\n\n<p>Sin embargo, el riesgo m\u00e1s probable en el corto plazo no es una invasi\u00f3n directa de Taiw\u00e1n, sino una estrategia de coerci\u00f3n gradual que combine presi\u00f3n militar, econ\u00f3mica y diplom\u00e1tica.<\/p>\n\n\n\n<p>5. Asia del Sur: el conflicto entre Pakist\u00e1n y Afganist\u00e1n<\/p>\n\n\n\n<p>Un foco de tensi\u00f3n menos visible, pero estrat\u00e9gicamente relevante, se encuentra en la frontera entre Pakist\u00e1n y Afganist\u00e1n.<\/p>\n\n\n\n<p>La relaci\u00f3n entre ambos pa\u00edses ha estado marcada hist\u00f3ricamente por disputas territoriales, tensiones \u00e9tnicas y problemas de seguridad fronteriza. El principal origen del conflicto se encuentra en la L\u00ednea Durand, la frontera establecida en 1893 durante el periodo colonial brit\u00e1nico, que divide territorios habitados por el pueblo past\u00fan.<\/p>\n\n\n\n<p>Afganist\u00e1n nunca ha reconocido plenamente esta frontera como leg\u00edtima, mientras que Pakist\u00e1n la considera su frontera internacional oficial.<\/p>\n\n\n\n<p>En la actualidad, el principal factor de tensi\u00f3n es la actividad del Tehrik-e-Taliban Pakistan (TTP), un grupo insurgente que opera en la regi\u00f3n fronteriza. Pakist\u00e1n acusa al gobierno talib\u00e1n afgano de permitir que el TTP utilice territorio afgano como refugio para lanzar ataques contra el Estado pakistan\u00ed.<\/p>\n\n\n\n<p>Esto ha provocado:<\/p>\n\n\n\n<p>enfrentamientos militares en la frontera<\/p>\n\n\n\n<p>bombardeos selectivos en territorio afgano<\/p>\n\n\n\n<p>expulsi\u00f3n de refugiados afganos desde Pakist\u00e1n.<\/p>\n\n\n\n<p>Desde una perspectiva geopol\u00edtica, el conflicto Pakist\u00e1n-Afganist\u00e1n tambi\u00e9n est\u00e1 vinculado con la rivalidad regional entre India y Pakist\u00e1n, as\u00ed como con los intereses estrat\u00e9gicos de China en el Corredor Econ\u00f3mico China-Pakist\u00e1n, parte de la Iniciativa de la Franja y la Ruta.<\/p>\n\n\n\n<p>La persistencia de esta tensi\u00f3n convierte a la regi\u00f3n en uno de los espacios m\u00e1s fr\u00e1giles del sur de Asia.<\/p>\n\n\n\n<p>6. \u00c1frica: crisis estructurales y competencia por recursos<\/p>\n\n\n\n<p>\u00c1frica tambi\u00e9n enfrenta m\u00faltiples conflictos que tienen implicaciones globales.<\/p>\n\n\n\n<p>La guerra civil en Sud\u00e1n, los enfrentamientos en el este de la Rep\u00fablica Democr\u00e1tica del Congo y la inestabilidad en el Sahel reflejan una combinaci\u00f3n de debilidad estatal, rivalidades regionales y competencia internacional por recursos naturales estrat\u00e9gicos.<\/p>\n\n\n\n<p>Estos conflictos generan crisis humanitarias graves y afectan el acceso a minerales cr\u00edticos esenciales para la transici\u00f3n energ\u00e9tica global.<\/p>\n\n\n\n<p>7. Energ\u00eda, rutas mar\u00edtimas y econom\u00eda estrat\u00e9gica<\/p>\n\n\n\n<p>La geopol\u00edtica vuelve a desempe\u00f1ar un papel central en la econom\u00eda mundial.<\/p>\n\n\n\n<p>Uno de los ejemplos m\u00e1s claros es el estrecho de Ormuz, por donde transita cerca del 20 % del petr\u00f3leo mundial. Cualquier conflicto que afecte esta ruta puede generar fuertes impactos en los precios de la energ\u00eda y en la estabilidad econ\u00f3mica global.<\/p>\n\n\n\n<p>Otros corredores estrat\u00e9gicos incluyen:<\/p>\n\n\n\n<p>el Canal de Suez<\/p>\n\n\n\n<p>el estrecho de Malaca<\/p>\n\n\n\n<p>el mar Rojo<\/p>\n\n\n\n<p>el Canal de Panam\u00e1.<\/p>\n\n\n\n<p>8. Prospectivas del sistema internacional<\/p>\n\n\n\n<p>A partir de las tendencias actuales, pueden identificarse tres escenarios principales para el futuro del sistema internacional.<\/p>\n\n\n\n<p>Escenario 1: multipolaridad competitiva<\/p>\n\n\n\n<p>En este escenario, varias potencias regionales compiten por influencia sin llegar a una guerra global directa.<\/p>\n\n\n\n<p>Escenario 2: regionalizaci\u00f3n de conflictos<\/p>\n\n\n\n<p>Los conflictos en Ucrania, Oriente Medio, \u00c1frica y Asia del Sur contin\u00faan como guerras prolongadas de baja o media intensidad.<\/p>\n\n\n\n<p>Escenario 3: escalada entre grandes potencias<\/p>\n\n\n\n<p>El escenario m\u00e1s peligroso ser\u00eda una confrontaci\u00f3n directa entre grandes potencias, posiblemente desencadenada por una crisis en Taiw\u00e1n o por una escalada en Europa oriental.<\/p>\n\n\n\n<p>Conclusi\u00f3n<\/p>\n\n\n\n<p>El contexto geopol\u00edtico mundial actual se caracteriza por la coexistencia de m\u00faltiples crisis interconectadas. Oriente Medio representa el foco de tensi\u00f3n m\u00e1s inmediato; Ucrania contin\u00faa siendo el conflicto central de Europa; el Indo-Pac\u00edfico define la competencia estrat\u00e9gica del futuro; \u00c1frica concentra algunas de las crisis humanitarias m\u00e1s graves; y Asia del Sur, con el conflicto entre Pakist\u00e1n y Afganist\u00e1n, a\u00f1ade un elemento adicional de inestabilidad regional.<\/p>\n\n\n\n<p>La pol\u00edtica internacional del siglo XXI parece dirigirse hacia un escenario de multipolaridad conflictiva, donde la estabilidad global depender\u00e1 cada vez m\u00e1s de la capacidad de las potencias para gestionar rivalidades sin permitir que estas escalen hacia confrontaciones de mayor escala.<\/p>\n","protected":false},"excerpt":{"rendered":"<p>Por: Justo Del Orbe Introducci\u00f3n El sistema internacional atraviesa una fase de transformaci\u00f3n estructural caracterizada por una creciente fragmentaci\u00f3n del poder global, el resurgimiento de rivalidades entre grandes potencias y&hellip;<\/p>\n","protected":false},"author":10,"featured_media":124237,"comment_status":"open","ping_status":"open","sticky":false,"template":"","format":"standard","meta":{"content-type":"","jetpack_post_was_ever_published":false,"_jetpack_newsletter_access":"","_jetpack_dont_email_post_to_subs":false,"_jetpack_newsletter_tier_id":0,"_jetpack_memberships_contains_paywalled_content":false,"_jetpack_memberships_contains_paid_content":false,"footnotes":""},"categories":[95],"tags":[31038],"class_list":["post-124236","post","type-post","status-publish","format-standard","has-post-thumbnail","hentry","category-opinion","tag-analisis-del-contexto-geopolitico-mundial"],"jetpack_featured_media_url":"https:\/\/lasprimeras.com.do\/wp-content\/uploads\/2026\/03\/Justo-Del-Orbe.jpg","jetpack-related-posts":[{"id":124855,"url":"https:\/\/lasprimeras.com.do\/index.php\/2026\/03\/17\/el-conflicto-entre-estados-unidos-israel-e-iran-actualidad-riesgos-y-perspectivas-de-escalada-global\/","url_meta":{"origin":124236,"position":0},"title":"El conflicto entre Estados Unidos, Israel e Ir\u00e1n: actualidad, riesgos y perspectivas de escalada global","author":"Nelson Feliz","date":"17 de marzo de 2026","format":false,"excerpt":"Por Justo Del Orbe Introducci\u00f3n El sistema internacional atraviesa uno de los momentos m\u00e1s delicados de las \u00faltimas d\u00e9cadas debido al conflicto estrat\u00e9gico entre Estados Unidos, Israel y Ir\u00e1n. Esta confrontaci\u00f3n, que durante d\u00e9cadas se expres\u00f3 mediante rivalidades diplom\u00e1ticas, sanciones econ\u00f3micas y operaciones encubiertas, ha evolucionado hacia un escenario de\u2026","rel":"","context":"En \u00abOPINI\u00d3N\u00bb","block_context":{"text":"OPINI\u00d3N","link":"https:\/\/lasprimeras.com.do\/index.php\/category\/opinion\/"},"img":{"alt_text":"Justo del Orbe","src":"https:\/\/i0.wp.com\/lasprimeras.com.do\/wp-content\/uploads\/2025\/12\/Justo-del-Orbe.jpg?resize=350%2C200&ssl=1","width":350,"height":200,"srcset":"https:\/\/i0.wp.com\/lasprimeras.com.do\/wp-content\/uploads\/2025\/12\/Justo-del-Orbe.jpg?resize=350%2C200&ssl=1 1x, https:\/\/i0.wp.com\/lasprimeras.com.do\/wp-content\/uploads\/2025\/12\/Justo-del-Orbe.jpg?resize=525%2C300&ssl=1 1.5x, https:\/\/i0.wp.com\/lasprimeras.com.do\/wp-content\/uploads\/2025\/12\/Justo-del-Orbe.jpg?resize=700%2C400&ssl=1 2x"},"classes":[]},{"id":125011,"url":"https:\/\/lasprimeras.com.do\/index.php\/2026\/03\/18\/el-conflicto-entre-estados-unidos-israel-e-iran-actualidad-riesgos-y-perspectivas-de-escalada-global-2\/","url_meta":{"origin":124236,"position":1},"title":"El conflicto entre Estados Unidos, Israel e Ir\u00e1n: actualidad, riesgos y perspectivas de escalada global","author":"Nelson Feliz","date":"18 de marzo de 2026","format":false,"excerpt":"Por Justo Del Orbe Introducci\u00f3n El sistema internacional atraviesa uno de los momentos m\u00e1s delicados de las \u00faltimas d\u00e9cadas debido al conflicto estrat\u00e9gico entre Estados Unidos, Israel y Ir\u00e1n. Esta confrontaci\u00f3n, que durante d\u00e9cadas se expres\u00f3 mediante rivalidades diplom\u00e1ticas, sanciones econ\u00f3micas y operaciones encubiertas, ha evolucionado hacia un escenario de\u2026","rel":"","context":"En \u00abNACIONALES\u00bb","block_context":{"text":"NACIONALES","link":"https:\/\/lasprimeras.com.do\/index.php\/category\/nacionales\/"},"img":{"alt_text":"","src":"https:\/\/i0.wp.com\/lasprimeras.com.do\/wp-content\/uploads\/2026\/03\/CONFLICTO.jpg?resize=350%2C200&ssl=1","width":350,"height":200},"classes":[]},{"id":125051,"url":"https:\/\/lasprimeras.com.do\/index.php\/2026\/03\/22\/la-esperanza-no-es-un-metodo-en-un-mundo-en-conflicto\/","url_meta":{"origin":124236,"position":2},"title":"La esperanza no es un m\u00e9todo en un mundo en conflicto","author":"Nelson Feliz","date":"22 de marzo de 2026","format":false,"excerpt":"Adaptaci\u00f3n estrat\u00e9gica del poder nacional y las Fuerzas Armadas en el entorno de la incertidumbre global Autor: Justo Del Orbe Resumen El sistema internacional contempor\u00e1neo experimenta una transformaci\u00f3n estructural marcada por la convergencia de conflictos convencionales, amenazas h\u00edbridas y disrupciones tecnol\u00f3gicas. Este art\u00edculo analiza la necesidad de adaptaci\u00f3n estrat\u00e9gica de\u2026","rel":"","context":"En \u00abOPINI\u00d3N\u00bb","block_context":{"text":"OPINI\u00d3N","link":"https:\/\/lasprimeras.com.do\/index.php\/category\/opinion\/"},"img":{"alt_text":"","src":"https:\/\/i0.wp.com\/lasprimeras.com.do\/wp-content\/uploads\/2026\/03\/peligro.jpg?resize=350%2C200&ssl=1","width":350,"height":200,"srcset":"https:\/\/i0.wp.com\/lasprimeras.com.do\/wp-content\/uploads\/2026\/03\/peligro.jpg?resize=350%2C200&ssl=1 1x, https:\/\/i0.wp.com\/lasprimeras.com.do\/wp-content\/uploads\/2026\/03\/peligro.jpg?resize=525%2C300&ssl=1 1.5x, https:\/\/i0.wp.com\/lasprimeras.com.do\/wp-content\/uploads\/2026\/03\/peligro.jpg?resize=700%2C400&ssl=1 2x"},"classes":[]},{"id":104837,"url":"https:\/\/lasprimeras.com.do\/index.php\/2025\/07\/28\/uasd-y-asociacion-de-ciencias-politicas-analizan-tensiones-geopoliticas-globales-en-2025\/","url_meta":{"origin":124236,"position":3},"title":"UASD y Asociaci\u00f3n de Ciencias Pol\u00edticas analizan tensiones geopol\u00edticas globales en 2025","author":"Nelson Feliz","date":"28 de julio de 2025","format":false,"excerpt":"Panelistas expertos hablan sobre BRICS, OTAN, el G7 y la rivalidad entre Estados Unidos y China: claves del nuevo tablero mundial. La Universidad Aut\u00f3noma de Santo Domingo (UASD), en coordinaci\u00f3n con la Asociaci\u00f3n de Ciencias Pol\u00edticas de la Rep\u00fablica Dominicana, celebr\u00f3 el panel \u00abGeopol\u00edtica en Tensi\u00f3n: Nuevas potencias, viejos conflictos\u2026","rel":"","context":"En \u00abPOLITICA\u00bb","block_context":{"text":"POLITICA","link":"https:\/\/lasprimeras.com.do\/index.php\/category\/politica\/"},"img":{"alt_text":"","src":"https:\/\/i0.wp.com\/lasprimeras.com.do\/wp-content\/uploads\/2025\/07\/Portada-de-la-Noticia.jpg?resize=350%2C200&ssl=1","width":350,"height":200,"srcset":"https:\/\/i0.wp.com\/lasprimeras.com.do\/wp-content\/uploads\/2025\/07\/Portada-de-la-Noticia.jpg?resize=350%2C200&ssl=1 1x, https:\/\/i0.wp.com\/lasprimeras.com.do\/wp-content\/uploads\/2025\/07\/Portada-de-la-Noticia.jpg?resize=525%2C300&ssl=1 1.5x, https:\/\/i0.wp.com\/lasprimeras.com.do\/wp-content\/uploads\/2025\/07\/Portada-de-la-Noticia.jpg?resize=700%2C400&ssl=1 2x"},"classes":[]},{"id":104620,"url":"https:\/\/lasprimeras.com.do\/index.php\/2025\/07\/25\/asociacion-de-ciencias-politicas-analiza-las-tensiones-geopoliticas-globales\/","url_meta":{"origin":124236,"position":4},"title":"Asociaci\u00f3n de Ciencias Pol\u00edticas analiza las tensiones geopol\u00edticas globales","author":"Nelson Feliz","date":"25 de julio de 2025","format":false,"excerpt":"El panel abord\u00f3 el papel de los BRICS, la OTAN, el G7 y la creciente rivalidad entre China y Estados Unidos, ejes clave del nuevo tablero mundial. La Asociaci\u00f3n de Ciencias Pol\u00edticas de la Rep\u00fablica Dominicana (ACIP-RD) celebr\u00f3 con \u00e9xito el panel titulado \u201cGeopol\u00edtica en tensi\u00f3n: Nuevas potencias, viejos conflictos\u2026","rel":"","context":"En \u00abPOLITICA\u00bb","block_context":{"text":"POLITICA","link":"https:\/\/lasprimeras.com.do\/index.php\/category\/politica\/"},"img":{"alt_text":"","src":"https:\/\/i0.wp.com\/lasprimeras.com.do\/wp-content\/uploads\/2025\/07\/encuentro.jpg?resize=350%2C200&ssl=1","width":350,"height":200,"srcset":"https:\/\/i0.wp.com\/lasprimeras.com.do\/wp-content\/uploads\/2025\/07\/encuentro.jpg?resize=350%2C200&ssl=1 1x, https:\/\/i0.wp.com\/lasprimeras.com.do\/wp-content\/uploads\/2025\/07\/encuentro.jpg?resize=525%2C300&ssl=1 1.5x, https:\/\/i0.wp.com\/lasprimeras.com.do\/wp-content\/uploads\/2025\/07\/encuentro.jpg?resize=700%2C400&ssl=1 2x"},"classes":[]},{"id":124164,"url":"https:\/\/lasprimeras.com.do\/index.php\/2026\/03\/09\/oro-energia-y-la-nueva-geopolitica-mundial\/","url_meta":{"origin":124236,"position":5},"title":"Oro, energ\u00eda y la nueva geopol\u00edtica mundial","author":"Nelson Feliz","date":"9 de marzo de 2026","format":false,"excerpt":"Por Tito Olivo El mundo atraviesa una fase de profundas transformaciones geopol\u00edticas. Las tensiones entre las grandes potencias, los conflictos en Medio Oriente y la creciente competencia por recursos estrat\u00e9gicos est\u00e1n configurando un nuevo escenario internacional que tendr\u00e1 importantes consecuencias econ\u00f3micas y pol\u00edticas. En este contexto, dos factores han vuelto\u2026","rel":"","context":"En \u00abOPINI\u00d3N\u00bb","block_context":{"text":"OPINI\u00d3N","link":"https:\/\/lasprimeras.com.do\/index.php\/category\/opinion\/"},"img":{"alt_text":"","src":"https:\/\/i0.wp.com\/lasprimeras.com.do\/wp-content\/uploads\/2026\/01\/oro.jpg?resize=350%2C200&ssl=1","width":350,"height":200,"srcset":"https:\/\/i0.wp.com\/lasprimeras.com.do\/wp-content\/uploads\/2026\/01\/oro.jpg?resize=350%2C200&ssl=1 1x, https:\/\/i0.wp.com\/lasprimeras.com.do\/wp-content\/uploads\/2026\/01\/oro.jpg?resize=525%2C300&ssl=1 1.5x, https:\/\/i0.wp.com\/lasprimeras.com.do\/wp-content\/uploads\/2026\/01\/oro.jpg?resize=700%2C400&ssl=1 2x"},"classes":[]}],"jetpack_sharing_enabled":true,"_links":{"self":[{"href":"https:\/\/lasprimeras.com.do\/index.php\/wp-json\/wp\/v2\/posts\/124236","targetHints":{"allow":["GET"]}}],"collection":[{"href":"https:\/\/lasprimeras.com.do\/index.php\/wp-json\/wp\/v2\/posts"}],"about":[{"href":"https:\/\/lasprimeras.com.do\/index.php\/wp-json\/wp\/v2\/types\/post"}],"author":[{"embeddable":true,"href":"https:\/\/lasprimeras.com.do\/index.php\/wp-json\/wp\/v2\/users\/10"}],"replies":[{"embeddable":true,"href":"https:\/\/lasprimeras.com.do\/index.php\/wp-json\/wp\/v2\/comments?post=124236"}],"version-history":[{"count":1,"href":"https:\/\/lasprimeras.com.do\/index.php\/wp-json\/wp\/v2\/posts\/124236\/revisions"}],"predecessor-version":[{"id":124238,"href":"https:\/\/lasprimeras.com.do\/index.php\/wp-json\/wp\/v2\/posts\/124236\/revisions\/124238"}],"wp:featuredmedia":[{"embeddable":true,"href":"https:\/\/lasprimeras.com.do\/index.php\/wp-json\/wp\/v2\/media\/124237"}],"wp:attachment":[{"href":"https:\/\/lasprimeras.com.do\/index.php\/wp-json\/wp\/v2\/media?parent=124236"}],"wp:term":[{"taxonomy":"category","embeddable":true,"href":"https:\/\/lasprimeras.com.do\/index.php\/wp-json\/wp\/v2\/categories?post=124236"},{"taxonomy":"post_tag","embeddable":true,"href":"https:\/\/lasprimeras.com.do\/index.php\/wp-json\/wp\/v2\/tags?post=124236"}],"curies":[{"name":"wp","href":"https:\/\/api.w.org\/{rel}","templated":true}]}}