{"id":124239,"date":"2026-03-09T23:57:17","date_gmt":"2026-03-10T03:57:17","guid":{"rendered":"https:\/\/lasprimeras.com.do\/?p=124239"},"modified":"2026-03-09T23:57:18","modified_gmt":"2026-03-10T03:57:18","slug":"el-rol-de-la-mujer-empresaria-en-la-rd-liderazgo-exportaciones-y-sectores-estrategicos","status":"publish","type":"post","link":"https:\/\/lasprimeras.com.do\/index.php\/2026\/03\/09\/el-rol-de-la-mujer-empresaria-en-la-rd-liderazgo-exportaciones-y-sectores-estrategicos\/","title":{"rendered":"El rol de la mujer empresaria en la RD: liderazgo, exportaciones y sectores estrat\u00e9gicos"},"content":{"rendered":"\n<p>Carmen Concepci\u00f3n Pe\u00f1a<\/p>\n\n\n\n<p>Berl\u00edn, Alemania. En las \u00faltimas d\u00e9cadas, las mujeres empresarias en la Rep\u00fablica Dominicana han pasado de una presencia limitada en la econom\u00eda a un rol activo e influyente, aportando valor en la innovaci\u00f3n, la generaci\u00f3n de empleo y la expansi\u00f3n internacional de productos nacionales.<\/p>\n\n\n\n<p>El aumento del n\u00famero de mujeres que lideran empresas, es un elemento clave en la evoluci\u00f3n del liderazgo femenino en el comercio exterior.<\/p>\n\n\n\n<p>Seg\u00fan la sexta edici\u00f3n del estudio \u201cMujeres en Exportaci\u00f3n\u201d de ProDominicana, 1,469 empresas lideradas por mujeres exportaron bienes a m\u00e1s de 100 mercados internacionales entre 2020 y 2024, generando m\u00e1s de 23,000 empleos formales y alcanzando exportaciones por USD\u202f2,150.8\u202fmillones en 2024.<\/p>\n\n\n\n<p>Esta cifra representa un crecimiento del 26.8\u202f% respecto a 2023 y evidencia una tendencia ascendente en participaci\u00f3n femenina en la econom\u00eda globalizada.<\/p>\n\n\n\n<p>Los datos suministrados por el Banco Central, muestran que entre enero y octubre de 2025, las exportaciones de empresas dirigidas por mujeres superaron los USD\u202f2,401\u202fmillones, lo que signific\u00f3 un aumento del 35.2\u202f% en comparaci\u00f3n con el a\u00f1o anterior, y consolid\u00f3 a las empresarias como actores clave en la dinamizaci\u00f3n de las exportaciones dominicanas.<\/p>\n\n\n\n<p>Adem\u00e1s, estas empresas registraron ventas totales por RD$\u202f325,411.6\u202fmillones en 2024, con un crecimiento del 44\u202f% respecto a 2020, y aportaron m\u00e1s de RD$\u202f34,279\u202fmillones en contribuciones fiscales, equivalentes al 4.1\u202f% de la recaudaci\u00f3n nacional.<\/p>\n\n\n\n<p>Las empresarias dominicanas han ganado presencia especialmente incidiendo en sectores con alto potencial de valorizaci\u00f3n, exportaci\u00f3n y diversificaci\u00f3n productiva. Se destacan en agroindustria, miner\u00eda, servicios modernos y en el sector de la moda y textiles.<\/p>\n\n\n\n<p>En la agroindustria y productos agr\u00edcolas procesados con la exportaci\u00f3n de productos con gran demanda internacional como cacao en grano, banano y el tabaco; en este \u00faltimo con una participaci\u00f3n de m\u00e1s del 60% en la cadena productiva y la exportaci\u00f3n.<\/p>\n\n\n\n<p>Mientras que en la miner\u00eda y metales preciosos, lideran las exportaciones de oro en bruto y minerales como el cobre. As\u00ed como, en la joyer\u00eda y manufactura creativa, potenciando la exportaci\u00f3n de joyer\u00eda y productos de dise\u00f1o local, con mercados claves en Suiza, Estados Unidos y Europa.<\/p>\n\n\n\n<p>En cuanto a los servicios modernos y manufactura creativa son sectores en los cuales han ampliado su alcance exportador gracias al \u00e9nfasis en innovaci\u00f3n y valor agregado.<\/p>\n\n\n\n<p>Tambi\u00e9n en datos sectoriales de ProDominicana e informes especializados resaltan la importancia creciente en la industria de la Moda y textiles, con una participaci\u00f3n predominante femenina en la fuerza laboral especializada en dise\u00f1o, producci\u00f3n y comercializaci\u00f3n internacional.<\/p>\n\n\n\n<p>Este patr\u00f3n sectorial muestra c\u00f3mo las empresarias no s\u00f3lo operan en sectores tradicionales sino que tambi\u00e9n incursionan y lideran actividades de alto valor agregado que generan divisas y favorecen la diversificaci\u00f3n de la econom\u00eda dominicana.<\/p>\n\n\n\n<p>En este crecimiento ha sido relevante el est\u00edmulo a la inclusi\u00f3n desde el Estado dominicano, a trav\u00e9s de pol\u00edticas p\u00fablicas y alianzas con organizaciones globales, se han impulsado programas que fortalecen las capacidades de las mujeres empresarias.<\/p>\n\n\n\n<p>En ese orden, se destacan los estudios y encuentros de ProDominicana, y otras iniciativas tales como Sumando Exportadoras, que fomenta la internacionalizaci\u00f3n de negocios liderados por mujeres. SheTrades y eCommerce Connect, para facilitar el acceso a mercados digitales y plataformas de comercio electr\u00f3nico.<\/p>\n\n\n\n<p>Asimismo, el Fondo WEIDE, lanzado recientemente con apoyo internacional, que garantiza financiamiento y asistencia t\u00e9cnica para emprendedoras que desean expandir su participaci\u00f3n en comercio digital y global. Y las certificaciones y programas como MiPymes Mujer, Banca Solidaria y Promipyme, que facilitan el acceso a cr\u00e9dito y formaci\u00f3n empresarial.<\/p>\n\n\n\n<p>Estos esfuerzos p\u00fablicos y privados han contribuido a que las women-owned businesses ganen competitividad, acceso a financiamiento, y adquieran las capacidades para integrarse a cadenas de valor m\u00e1s complejas.<\/p>\n\n\n\n<p>El crecimiento sostenido de la participaci\u00f3n femenina en el mercado exportador dominicano no solo tiene un impacto econ\u00f3mico directo, sino que contribuye a la creaci\u00f3n de empleo formal de calidad.<\/p>\n\n\n\n<p>Un mayor aporte fiscal que reduce brechas de g\u00e9nero en ingresos. La integraci\u00f3n de sectores productivos diversificados que fortalecen la resiliencia econ\u00f3mica.<\/p>\n\n\n\n<p>Junto a estos avances, a\u00fan existen desaf\u00edos, entre ellos el acceso a la educaci\u00f3n en \u00e1reas tecnol\u00f3gicas y especializadas. Adem\u00e1s, la integraci\u00f3n plena en industrias intensivas y otros sectores dominados a\u00fan por hombres.<\/p>\n\n\n\n<p>En resumen, el rol de la mujer empresaria en la Rep\u00fablica Dominicana ha evolucionado de forma notable, Pasando de una presencia limitada a desempe\u00f1ar un papel clave en sectores estrat\u00e9gicos y de manera especial en el comercio exterior, impulsando \u00e1reas como la agroindustria, la joyer\u00eda y la manufactura creativa, con un aporte significativo al crecimiento econ\u00f3mico, el empleo y la inclusi\u00f3n productiva<\/p>\n\n\n\n<p>Este progreso reafirma la importancia de pol\u00edticas p\u00fablicas enfocadas en la igualdad de oportunidades, acceso a financiamiento, y capacitaci\u00f3n empresarial; instrumentos fundamentales para consolidar el liderazgo econ\u00f3mico femenino y continuar abriendo espacios en los escenarios de competitividad global.<\/p>\n\n\n\n<p>Sobre la autora: Carmen Concepci\u00f3n Pe\u00f1a es arquitecta con maestr\u00eda en diplomacia, consejera responsable de la secci\u00f3n de comercio, inversi\u00f3n y turismo en la Embajada de la Rep\u00fablica Dominicana en Alemania.<\/p>\n","protected":false},"excerpt":{"rendered":"<p>Carmen Concepci\u00f3n Pe\u00f1a Berl\u00edn, Alemania. En las \u00faltimas d\u00e9cadas, las mujeres empresarias en la Rep\u00fablica Dominicana han pasado de una presencia limitada en la econom\u00eda a un rol activo e&hellip;<\/p>\n","protected":false},"author":10,"featured_media":124240,"comment_status":"open","ping_status":"open","sticky":false,"template":"","format":"standard","meta":{"content-type":"","jetpack_post_was_ever_published":false,"_jetpack_newsletter_access":"","_jetpack_dont_email_post_to_subs":false,"_jetpack_newsletter_tier_id":0,"_jetpack_memberships_contains_paywalled_content":false,"_jetpack_memberships_contains_paid_content":false,"footnotes":""},"categories":[39],"tags":[31039],"class_list":["post-124239","post","type-post","status-publish","format-standard","has-post-thumbnail","hentry","category-economia","tag-el-rol-de-la-mujer-empresaria-en-la-rd"],"jetpack_featured_media_url":"https:\/\/lasprimeras.com.do\/wp-content\/uploads\/2026\/03\/Carmen-Concepcion-Pena.jpg","jetpack-related-posts":[{"id":115168,"url":"https:\/\/lasprimeras.com.do\/index.php\/2025\/11\/19\/prodominicana-presenta-6ta-edicion-del-estudio-mujeres-en-exportacion-2025-destacandose-un-26-de-crecimiento\/","url_meta":{"origin":124239,"position":0},"title":"ProDominicana presenta 6ta edici\u00f3n del estudio \u201cMujeres en Exportaci\u00f3n 2025\u201d destac\u00e1ndose un 26% de crecimiento","author":"Nelson Feliz","date":"19 de noviembre de 2025","format":false,"excerpt":"En el marco de la presentaci\u00f3n de los avances hist\u00f3ricos del liderazgo femenino se reconocieron empresas ejemplares lideradas por mujeres Con la presencia de la vicepresidenta de la Rep\u00fablica Dominicana, Raquel Pe\u00f1a; el ministro de Industria, Comercio y Mipymes, V\u00edctor Bison\u00f3; y la directora ejecutiva del Centro de Exportaci\u00f3n e\u2026","rel":"","context":"En \u00abECONOM\u00cdA\u00bb","block_context":{"text":"ECONOM\u00cdA","link":"https:\/\/lasprimeras.com.do\/index.php\/category\/economia\/"},"img":{"alt_text":"","src":"https:\/\/i0.wp.com\/lasprimeras.com.do\/wp-content\/uploads\/2025\/11\/prodominicana-1.jpg?resize=350%2C200&ssl=1","width":350,"height":200,"srcset":"https:\/\/i0.wp.com\/lasprimeras.com.do\/wp-content\/uploads\/2025\/11\/prodominicana-1.jpg?resize=350%2C200&ssl=1 1x, https:\/\/i0.wp.com\/lasprimeras.com.do\/wp-content\/uploads\/2025\/11\/prodominicana-1.jpg?resize=525%2C300&ssl=1 1.5x, https:\/\/i0.wp.com\/lasprimeras.com.do\/wp-content\/uploads\/2025\/11\/prodominicana-1.jpg?resize=700%2C400&ssl=1 2x"},"classes":[]},{"id":73970,"url":"https:\/\/lasprimeras.com.do\/index.php\/2024\/01\/17\/prodominicana-reconoce-innovacion-y-liderazgo-de-las-mujeres-exportadoras-dominicanas\/","url_meta":{"origin":124239,"position":1},"title":"ProDominicana reconoce innovaci\u00f3n y liderazgo de las mujeres exportadoras dominicanas","author":"Nelson Feliz","date":"17 de enero de 2024","format":false,"excerpt":"Durante el encuentro se present\u00f3 la 4ta. edici\u00f3n del estudio \u201cMujeres en Exportaci\u00f3n 2022\u201d. Con la presencia de la primera dama de la Rep\u00fablica Raquel Arbaje, el Centro de Exportaci\u00f3n e Inversi\u00f3n de la Rep\u00fablica Dominicana (ProDominicana) present\u00f3 la 4ta. edici\u00f3n del Encuentro Nacional Mujeres en Exportaci\u00f3n y reconoci\u00f3 a\u2026","rel":"","context":"En \u00abECONOM\u00cdA\u00bb","block_context":{"text":"ECONOM\u00cdA","link":"https:\/\/lasprimeras.com.do\/index.php\/category\/economia\/"},"img":{"alt_text":"Recibe el reconocimiento Margarita Medina, Taller Manos Creartiva","src":"https:\/\/i0.wp.com\/lasprimeras.com.do\/wp-content\/uploads\/2024\/01\/Recibe-el-reconocimiento-Margarita-Medina-Taller-Manos-Creartiva.jpeg?resize=350%2C200&ssl=1","width":350,"height":200,"srcset":"https:\/\/i0.wp.com\/lasprimeras.com.do\/wp-content\/uploads\/2024\/01\/Recibe-el-reconocimiento-Margarita-Medina-Taller-Manos-Creartiva.jpeg?resize=350%2C200&ssl=1 1x, https:\/\/i0.wp.com\/lasprimeras.com.do\/wp-content\/uploads\/2024\/01\/Recibe-el-reconocimiento-Margarita-Medina-Taller-Manos-Creartiva.jpeg?resize=525%2C300&ssl=1 1.5x, https:\/\/i0.wp.com\/lasprimeras.com.do\/wp-content\/uploads\/2024\/01\/Recibe-el-reconocimiento-Margarita-Medina-Taller-Manos-Creartiva.jpeg?resize=700%2C400&ssl=1 2x, https:\/\/i0.wp.com\/lasprimeras.com.do\/wp-content\/uploads\/2024\/01\/Recibe-el-reconocimiento-Margarita-Medina-Taller-Manos-Creartiva.jpeg?resize=1050%2C600&ssl=1 3x, https:\/\/i0.wp.com\/lasprimeras.com.do\/wp-content\/uploads\/2024\/01\/Recibe-el-reconocimiento-Margarita-Medina-Taller-Manos-Creartiva.jpeg?resize=1400%2C800&ssl=1 4x"},"classes":[]},{"id":111420,"url":"https:\/\/lasprimeras.com.do\/index.php\/2025\/10\/08\/prodominicana-anuncia-el-vi-encuentro-nacional-de-mujeres-en-exportacion-2025\/","url_meta":{"origin":124239,"position":2},"title":"ProDominicana anuncia el VI Encuentro Nacional de Mujeres en Exportaci\u00f3n 2025","author":"Nelson Feliz","date":"8 de octubre de 2025","format":false,"excerpt":"En el marco del evento se realizar\u00e1 el programa \u201cSumando Exportadoras\u201d una iniciativa que busca fortalecer la participaci\u00f3n femenina en los mercados internacionales. El Centro de Exportaci\u00f3n e Inversi\u00f3n de la Rep\u00fablica Dominicana (ProDominicana), anunci\u00f3 la celebraci\u00f3n de la VI edici\u00f3n del Encuentro Nacional de Mujeres en Exportaci\u00f3n 2025, un\u2026","rel":"","context":"En \u00abECONOM\u00cdA\u00bb","block_context":{"text":"ECONOM\u00cdA","link":"https:\/\/lasprimeras.com.do\/index.php\/category\/economia\/"},"img":{"alt_text":"","src":"https:\/\/i0.wp.com\/lasprimeras.com.do\/wp-content\/uploads\/2025\/10\/Biviana-Riveiro-Disla.jpg?resize=350%2C200&ssl=1","width":350,"height":200,"srcset":"https:\/\/i0.wp.com\/lasprimeras.com.do\/wp-content\/uploads\/2025\/10\/Biviana-Riveiro-Disla.jpg?resize=350%2C200&ssl=1 1x, https:\/\/i0.wp.com\/lasprimeras.com.do\/wp-content\/uploads\/2025\/10\/Biviana-Riveiro-Disla.jpg?resize=525%2C300&ssl=1 1.5x, https:\/\/i0.wp.com\/lasprimeras.com.do\/wp-content\/uploads\/2025\/10\/Biviana-Riveiro-Disla.jpg?resize=700%2C400&ssl=1 2x"},"classes":[]},{"id":115324,"url":"https:\/\/lasprimeras.com.do\/index.php\/2025\/11\/20\/prodominicana-reconoce-a-tabacalera-el-artista-por-su-liderazgo-en-la-exportacion\/","url_meta":{"origin":124239,"position":3},"title":"ProDominicana reconoce a Tabacalera El Artista por su liderazgo en la exportaci\u00f3n","author":"Nelson Feliz","date":"20 de noviembre de 2025","format":false,"excerpt":"ProDominicana distingui\u00f3 a Tabacalera El Artista como una de las empresas lideradas por mujeres que han marcado huella firme en la internacionalizaci\u00f3n de la oferta exportable del pa\u00eds. El galard\u00f3n, recibido por la Gerente General de la empresa, Elba Rodr\u00edguez, brill\u00f3 como testimonio de una trayectoria que ha sabido convertir\u2026","rel":"","context":"En \u00abECONOM\u00cdA\u00bb","block_context":{"text":"ECONOM\u00cdA","link":"https:\/\/lasprimeras.com.do\/index.php\/category\/economia\/"},"img":{"alt_text":"","src":"https:\/\/i0.wp.com\/lasprimeras.com.do\/wp-content\/uploads\/2025\/11\/Elba-Rodriguez.png?resize=350%2C200&ssl=1","width":350,"height":200,"srcset":"https:\/\/i0.wp.com\/lasprimeras.com.do\/wp-content\/uploads\/2025\/11\/Elba-Rodriguez.png?resize=350%2C200&ssl=1 1x, https:\/\/i0.wp.com\/lasprimeras.com.do\/wp-content\/uploads\/2025\/11\/Elba-Rodriguez.png?resize=525%2C300&ssl=1 1.5x"},"classes":[]},{"id":89780,"url":"https:\/\/lasprimeras.com.do\/index.php\/2024\/10\/05\/proindustria-lidera-firma-de-convenio-interinstitucional-para-promover-industrializacion-femenina-en-rd\/","url_meta":{"origin":124239,"position":4},"title":"Proindustria firma convenio interinstitucional para promover industrializaci\u00f3n femenina en RD","author":"Paola Castillo","date":"5 de octubre de 2024","format":false,"excerpt":"El director general del Centro de Desarrollo y Competitividad Industrial (Proindustria), Rafael Cruz Rodr\u00edguez, encabez\u00f3 la firma del convenio interinstitucional para la creaci\u00f3n de la Mesa Intersectorial del Programa Pro-Mujeres Industriales. Se trata de un acuerdo firmado entre varias instituciones clave del sector en Rep\u00fablica Dominicana. Este tiene como objetivo\u2026","rel":"","context":"En \u00abECONOM\u00cdA\u00bb","block_context":{"text":"ECONOM\u00cdA","link":"https:\/\/lasprimeras.com.do\/index.php\/category\/economia\/"},"img":{"alt_text":"","src":"https:\/\/i0.wp.com\/lasprimeras.com.do\/wp-content\/uploads\/2024\/10\/WhatsApp-Image-2024-10-04-at-7.24.13-PM.jpeg?resize=350%2C200&ssl=1","width":350,"height":200,"srcset":"https:\/\/i0.wp.com\/lasprimeras.com.do\/wp-content\/uploads\/2024\/10\/WhatsApp-Image-2024-10-04-at-7.24.13-PM.jpeg?resize=350%2C200&ssl=1 1x, https:\/\/i0.wp.com\/lasprimeras.com.do\/wp-content\/uploads\/2024\/10\/WhatsApp-Image-2024-10-04-at-7.24.13-PM.jpeg?resize=525%2C300&ssl=1 1.5x, https:\/\/i0.wp.com\/lasprimeras.com.do\/wp-content\/uploads\/2024\/10\/WhatsApp-Image-2024-10-04-at-7.24.13-PM.jpeg?resize=700%2C400&ssl=1 2x, https:\/\/i0.wp.com\/lasprimeras.com.do\/wp-content\/uploads\/2024\/10\/WhatsApp-Image-2024-10-04-at-7.24.13-PM.jpeg?resize=1050%2C600&ssl=1 3x, https:\/\/i0.wp.com\/lasprimeras.com.do\/wp-content\/uploads\/2024\/10\/WhatsApp-Image-2024-10-04-at-7.24.13-PM.jpeg?resize=1400%2C800&ssl=1 4x"},"classes":[]},{"id":116654,"url":"https:\/\/lasprimeras.com.do\/index.php\/2025\/12\/02\/exportaciones-de-empresas-lideradas-por-mujeres-aumentaron-35-2-a-octubre-de-2025\/","url_meta":{"origin":124239,"position":5},"title":"Exportaciones de empresas lideradas por mujeres aumentaron 35.2% a octubre de 2025","author":"Nelson Feliz","date":"2 de diciembre de 2025","format":false,"excerpt":"De acuerdo con ProDominicana, se hab\u00edan exportado m\u00e1s de US$2,401 millones. La participaci\u00f3n de las mujeres en el comercio global est\u00e1 en constante desarrollo. En el caso de Rep\u00fablica Dominicana, datos del Centro de Exportaci\u00f3n e Inversi\u00f3n de la Rep\u00fablica Dominicana (ProDominicana) lo confirman. A pesar de los retos propios\u2026","rel":"","context":"En \u00abECONOM\u00cdA\u00bb","block_context":{"text":"ECONOM\u00cdA","link":"https:\/\/lasprimeras.com.do\/index.php\/category\/economia\/"},"img":{"alt_text":"","src":"https:\/\/i0.wp.com\/lasprimeras.com.do\/wp-content\/uploads\/2025\/12\/Biviana-Riveiro-Mujeres-en-Expotacion-750x536-1.jpg?resize=350%2C200&ssl=1","width":350,"height":200,"srcset":"https:\/\/i0.wp.com\/lasprimeras.com.do\/wp-content\/uploads\/2025\/12\/Biviana-Riveiro-Mujeres-en-Expotacion-750x536-1.jpg?resize=350%2C200&ssl=1 1x, https:\/\/i0.wp.com\/lasprimeras.com.do\/wp-content\/uploads\/2025\/12\/Biviana-Riveiro-Mujeres-en-Expotacion-750x536-1.jpg?resize=525%2C300&ssl=1 1.5x, https:\/\/i0.wp.com\/lasprimeras.com.do\/wp-content\/uploads\/2025\/12\/Biviana-Riveiro-Mujeres-en-Expotacion-750x536-1.jpg?resize=700%2C400&ssl=1 2x"},"classes":[]}],"jetpack_sharing_enabled":true,"_links":{"self":[{"href":"https:\/\/lasprimeras.com.do\/index.php\/wp-json\/wp\/v2\/posts\/124239","targetHints":{"allow":["GET"]}}],"collection":[{"href":"https:\/\/lasprimeras.com.do\/index.php\/wp-json\/wp\/v2\/posts"}],"about":[{"href":"https:\/\/lasprimeras.com.do\/index.php\/wp-json\/wp\/v2\/types\/post"}],"author":[{"embeddable":true,"href":"https:\/\/lasprimeras.com.do\/index.php\/wp-json\/wp\/v2\/users\/10"}],"replies":[{"embeddable":true,"href":"https:\/\/lasprimeras.com.do\/index.php\/wp-json\/wp\/v2\/comments?post=124239"}],"version-history":[{"count":1,"href":"https:\/\/lasprimeras.com.do\/index.php\/wp-json\/wp\/v2\/posts\/124239\/revisions"}],"predecessor-version":[{"id":124241,"href":"https:\/\/lasprimeras.com.do\/index.php\/wp-json\/wp\/v2\/posts\/124239\/revisions\/124241"}],"wp:featuredmedia":[{"embeddable":true,"href":"https:\/\/lasprimeras.com.do\/index.php\/wp-json\/wp\/v2\/media\/124240"}],"wp:attachment":[{"href":"https:\/\/lasprimeras.com.do\/index.php\/wp-json\/wp\/v2\/media?parent=124239"}],"wp:term":[{"taxonomy":"category","embeddable":true,"href":"https:\/\/lasprimeras.com.do\/index.php\/wp-json\/wp\/v2\/categories?post=124239"},{"taxonomy":"post_tag","embeddable":true,"href":"https:\/\/lasprimeras.com.do\/index.php\/wp-json\/wp\/v2\/tags?post=124239"}],"curies":[{"name":"wp","href":"https:\/\/api.w.org\/{rel}","templated":true}]}}