{"id":124242,"date":"2026-03-10T00:03:30","date_gmt":"2026-03-10T04:03:30","guid":{"rendered":"https:\/\/lasprimeras.com.do\/?p=124242"},"modified":"2026-03-10T00:03:32","modified_gmt":"2026-03-10T04:03:32","slug":"trump-y-el-desprecio-imperial-hacia-america-latina","status":"publish","type":"post","link":"https:\/\/lasprimeras.com.do\/index.php\/2026\/03\/10\/trump-y-el-desprecio-imperial-hacia-america-latina\/","title":{"rendered":"Trump y el desprecio imperial hacia Am\u00e9rica Latina"},"content":{"rendered":"\n<p><strong>Por&nbsp;<\/strong><strong>Ram\u00f3n Ceballo<\/strong><\/p>\n\n\n\n<p><br>Un comentario del presidente estadounidense revive una vieja tensi\u00f3n: la relaci\u00f3n desigual entre Washington y Am\u00e9rica Latina.<\/p>\n\n\n\n<h2 class=\"wp-block-heading\">Cuando la diplomacia se convierte en desprecio<\/h2>\n\n\n\n<p>El reciente encuentro del presidente de los&nbsp;Estados Unidos,&nbsp;Donald Trump, con varios mandatarios de&nbsp;Am\u00e9rica Latina&nbsp;y el&nbsp;Caribe&nbsp;dej\u00f3 m\u00e1s interrogantes que resultados diplom\u00e1ticos. Lo que deb\u00eda ser un espacio de di\u00e1logo termin\u00f3 evidenciando una vieja herida en las relaciones hemisf\u00e9ricas, el persistente desprecio hacia la regi\u00f3n.<\/p>\n\n\n\n<p>La situaci\u00f3n resulta a\u00fan m\u00e1s contradictoria si se recuerda que Trump hab\u00eda decidido boicotear la&nbsp;Cumbre de las Am\u00e9ricas, uno de los principales mecanismos de concertaci\u00f3n pol\u00edtica del continente. Durante d\u00e9cadas, este foro ha servido para que los pa\u00edses del hemisferio discutan temas fundamentales como la democracia, el comercio, la seguridad y el desarrollo.<\/p>\n\n\n\n<p>Al desestimar ese espacio multilateral y optar por encuentros selectivos con algunos l\u00edderes latinoamericanos, la pol\u00edtica exterior estadounidense env\u00eda un mensaje ambiguo; el di\u00e1logo regional parece quedar subordinado a los intereses y prioridades de Washington.<\/p>\n\n\n\n<p>El momento m\u00e1s controvertido de la reuni\u00f3n fue una frase atribuida a Trump que r\u00e1pidamente gener\u00f3 indignaci\u00f3n en c\u00edrculos pol\u00edticos y diplom\u00e1ticos. Seg\u00fan versiones difundidas tras el encuentro, el mandatario habr\u00eda afirmado que no ten\u00eda tiempo para aprender \u201csu maldito idioma\u201d. M\u00e1s all\u00e1 de la literalidad de la expresi\u00f3n, el significado pol\u00edtico del comentario resulta profundamente preocupante.<\/p>\n\n\n\n<p>La diplomacia moderna se sostiene sobre el respeto entre naciones. Las palabras importan, y cuando provienen del l\u00edder de la principal potencia del hemisferio adquieren un peso a\u00fan mayor. No se trata solo de una expresi\u00f3n desafortunada, sino de una se\u00f1al que reproduce una visi\u00f3n jer\u00e1rquica de las relaciones internacionales.<\/p>\n\n\n\n<p>Am\u00e9rica Latina y el Caribe no son una periferia cultural ni pol\u00edtica. La regi\u00f3n est\u00e1 integrada por m\u00e1s de 600 millones de personas, con una historia, una identidad y una riqueza cultural que han contribuido de manera decisiva a la construcci\u00f3n del continente americano. El espa\u00f1ol y el portugu\u00e9s, lenguas predominantes en la regi\u00f3n, se encuentran entre los idiomas m\u00e1s hablados del planeta.<\/p>\n\n\n\n<p>El problema de fondo no es \u00fanicamente el comentario ofensivo, sino lo que revela sobre una forma de concebir la pol\u00edtica exterior. Durante d\u00e9cadas, numerosos gobiernos latinoamericanos han cuestionado una relaci\u00f3n marcada por el paternalismo, la intervenci\u00f3n y una evidente asimetr\u00eda de poder.<\/p>\n\n\n\n<p>Parad\u00f3jicamente, en un momento en que el mundo atraviesa una profunda reconfiguraci\u00f3n geopol\u00edtica, gestos como este debilitan la capacidad de Estados Unidos para sostener su liderazgo en el hemisferio. Nuevos actores globales buscan fortalecer sus v\u00ednculos con Am\u00e9rica Latina mediante inversiones, cooperaci\u00f3n tecnol\u00f3gica y acuerdos comerciales.<\/p>\n\n\n\n<p>En ese contexto, la arrogancia diplom\u00e1tica puede resultar pol\u00edticamente costosa. La regi\u00f3n ya no es la misma de hace medio siglo. Sus sociedades son hoy m\u00e1s conscientes de su identidad y de la necesidad de construir relaciones internacionales basadas en el respeto, la reciprocidad y la igualdad soberana.<\/p>\n\n\n\n<p>Los presidentes latinoamericanos que participaron en el encuentro tambi\u00e9n enfrentan un desaf\u00edo pol\u00edtico; defender la dignidad de los pueblos que representan. La historia demuestra que Am\u00e9rica Latina ha sabido resistir presiones externas y preservar su identidad.<\/p>\n\n\n\n<p>Porque en diplomacia las palabras nunca son inocentes. Y cuando esas palabras expresan desprecio, lo que realmente est\u00e1 en juego no es el idioma, sino la dignidad de toda una regi\u00f3n.<\/p>\n","protected":false},"excerpt":{"rendered":"<p>Por&nbsp;Ram\u00f3n Ceballo Un comentario del presidente estadounidense revive una vieja tensi\u00f3n: la relaci\u00f3n desigual entre Washington y Am\u00e9rica Latina. Cuando la diplomacia se convierte en desprecio El reciente encuentro del&hellip;<\/p>\n","protected":false},"author":10,"featured_media":116054,"comment_status":"open","ping_status":"open","sticky":false,"template":"","format":"standard","meta":{"content-type":"","jetpack_post_was_ever_published":false,"_jetpack_newsletter_access":"","_jetpack_dont_email_post_to_subs":false,"_jetpack_newsletter_tier_id":0,"_jetpack_memberships_contains_paywalled_content":false,"_jetpack_memberships_contains_paid_content":false,"footnotes":""},"categories":[95],"tags":[31040],"class_list":["post-124242","post","type-post","status-publish","format-standard","has-post-thumbnail","hentry","category-opinion","tag-trump-y-el-desprecio-imperial-hacia-america-latina"],"jetpack_featured_media_url":"https:\/\/lasprimeras.com.do\/wp-content\/uploads\/2025\/11\/Donald-Trump-3.jpg","jetpack-related-posts":[{"id":88549,"url":"https:\/\/lasprimeras.com.do\/index.php\/2024\/08\/30\/anuel-aa-y-justin-quiles-participan-en-un-mitin-de-trump\/","url_meta":{"origin":124242,"position":0},"title":"Anuel AA y Justin Quiles participan en un mitin de Trump","author":"Nelson Feliz","date":"30 de agosto de 2024","format":false,"excerpt":"Washington, (EFE).- Los reguetoneros puertorrique\u00f1os Anuel AA y Justin Quiles participaron este viernes un mitin del expresidente de Estados Unidos y candidato republicano a la Casa Blanca, Donald Trump (2017-2021), en Pensilvania. Los dos reguetoneros se encontraron con Trump en el aeropuerto de Johnstown, la localidad en la que estaba\u2026","rel":"","context":"En \u00abSin categor\u00eda\u00bb","block_context":{"text":"Sin categor\u00eda","link":"https:\/\/lasprimeras.com.do\/index.php\/category\/sin-categoria\/"},"img":{"alt_text":"Anuel AA","src":"https:\/\/i0.wp.com\/lasprimeras.com.do\/wp-content\/uploads\/2024\/08\/Anuel-AA.jpg?resize=350%2C200&ssl=1","width":350,"height":200,"srcset":"https:\/\/i0.wp.com\/lasprimeras.com.do\/wp-content\/uploads\/2024\/08\/Anuel-AA.jpg?resize=350%2C200&ssl=1 1x, https:\/\/i0.wp.com\/lasprimeras.com.do\/wp-content\/uploads\/2024\/08\/Anuel-AA.jpg?resize=525%2C300&ssl=1 1.5x, https:\/\/i0.wp.com\/lasprimeras.com.do\/wp-content\/uploads\/2024\/08\/Anuel-AA.jpg?resize=700%2C400&ssl=1 2x"},"classes":[]},{"id":92122,"url":"https:\/\/lasprimeras.com.do\/index.php\/2024\/12\/29\/el-problema-para-implementar-la-retorica-populista-de-derecha-de-donald-trump\/","url_meta":{"origin":124242,"position":1},"title":"El problema para implementar la ret\u00f3rica populista de derecha de Donald Trump","author":"Nelson Feliz","date":"29 de diciembre de 2024","format":false,"excerpt":"Por Jenny Lora Las duras declaraciones de Donald Trump sobre sus vecinos m\u00e1s cercanos pueden considerarse una ret\u00f3rica pol\u00edtica colorida, pero encajan bien con su plataforma ideol\u00f3gica, que se basa en el populismo de derecha. Las tensas relaciones con los vecinos, principalmente M\u00e9xico y Canad\u00e1, tambi\u00e9n son caracter\u00edsticas del per\u00edodo\u2026","rel":"","context":"En \u00abOPINI\u00d3N\u00bb","block_context":{"text":"OPINI\u00d3N","link":"https:\/\/lasprimeras.com.do\/index.php\/category\/opinion\/"},"img":{"alt_text":"Jenny Lora","src":"https:\/\/i0.wp.com\/lasprimeras.com.do\/wp-content\/uploads\/2024\/12\/Jenny-Lora.jpg?resize=350%2C200&ssl=1","width":350,"height":200,"srcset":"https:\/\/i0.wp.com\/lasprimeras.com.do\/wp-content\/uploads\/2024\/12\/Jenny-Lora.jpg?resize=350%2C200&ssl=1 1x, https:\/\/i0.wp.com\/lasprimeras.com.do\/wp-content\/uploads\/2024\/12\/Jenny-Lora.jpg?resize=525%2C300&ssl=1 1.5x, https:\/\/i0.wp.com\/lasprimeras.com.do\/wp-content\/uploads\/2024\/12\/Jenny-Lora.jpg?resize=700%2C400&ssl=1 2x"},"classes":[]},{"id":67955,"url":"https:\/\/lasprimeras.com.do\/index.php\/2023\/11\/20\/donald-trump-arremete-contra-las-migraciones\/","url_meta":{"origin":124242,"position":2},"title":"Donald Trump arremete contra las migraciones","author":"BIMARY DE JES\u00daS Matos","date":"20 de noviembre de 2023","format":false,"excerpt":"EE.UU.-El expresidente estadounidense Donald Trump asegur\u00f3 ayer domingo desde Texas que si regresa a la Casa Blanca en 2024 \"tomar\u00e1 el control\" de la frontera de su pa\u00eds con M\u00e9xico, al tiempo que arremeti\u00f3 contra la migraci\u00f3n. Acompa\u00f1ado del gobernador Greg Abbott, quien respald\u00f3 su candidatura a la Casa Blanca,\u2026","rel":"","context":"En \u00abSin categor\u00eda\u00bb","block_context":{"text":"Sin categor\u00eda","link":"https:\/\/lasprimeras.com.do\/index.php\/category\/sin-categoria\/"},"img":{"alt_text":"","src":"https:\/\/i0.wp.com\/lasprimeras.com.do\/wp-content\/uploads\/2023\/11\/WhatsApp-Image-2023-11-20-at-12.59.20-PM-6.jpeg?resize=350%2C200&ssl=1","width":350,"height":200,"srcset":"https:\/\/i0.wp.com\/lasprimeras.com.do\/wp-content\/uploads\/2023\/11\/WhatsApp-Image-2023-11-20-at-12.59.20-PM-6.jpeg?resize=350%2C200&ssl=1 1x, https:\/\/i0.wp.com\/lasprimeras.com.do\/wp-content\/uploads\/2023\/11\/WhatsApp-Image-2023-11-20-at-12.59.20-PM-6.jpeg?resize=525%2C300&ssl=1 1.5x, https:\/\/i0.wp.com\/lasprimeras.com.do\/wp-content\/uploads\/2023\/11\/WhatsApp-Image-2023-11-20-at-12.59.20-PM-6.jpeg?resize=700%2C400&ssl=1 2x"},"classes":[]},{"id":110724,"url":"https:\/\/lasprimeras.com.do\/index.php\/2025\/10\/01\/canciller-cubano-dice-que-agenda-personal-de-rubio-en-america-latina-pone-en-riesgo-perspectivas-de-paz-de-trump\/","url_meta":{"origin":124242,"position":3},"title":"Canciller cubano dice que agenda &#8220;personal&#8221; de Rubio en Am\u00e9rica Latina pone en riesgo perspectivas de paz de Trump","author":"Nelson Feliz","date":"1 de octubre de 2025","format":false,"excerpt":"Por FARNOUSH AMIRI NUEVA YORK (AP) \u2014 Las recientes escaladas de Estados Unidos en el Caribe son resultado de la agenda \u201cpersonal\u201d del secretario de Estado Marco Rubio contra la regi\u00f3n, dijo el jefe diplom\u00e1tico de Cuba, y agreg\u00f3 que su hom\u00f3logo estadounidense est\u00e1 impulsando cada vez m\u00e1s pol\u00edticas que\u2026","rel":"","context":"En \u00abINTERNACIONALES\u00bb","block_context":{"text":"INTERNACIONALES","link":"https:\/\/lasprimeras.com.do\/index.php\/category\/sin-categoria\/internacionales\/"},"img":{"alt_text":"","src":"https:\/\/i0.wp.com\/lasprimeras.com.do\/wp-content\/uploads\/2025\/10\/Bruno-Rodriguez-Parrilla.jpg?resize=350%2C200&ssl=1","width":350,"height":200,"srcset":"https:\/\/i0.wp.com\/lasprimeras.com.do\/wp-content\/uploads\/2025\/10\/Bruno-Rodriguez-Parrilla.jpg?resize=350%2C200&ssl=1 1x, https:\/\/i0.wp.com\/lasprimeras.com.do\/wp-content\/uploads\/2025\/10\/Bruno-Rodriguez-Parrilla.jpg?resize=525%2C300&ssl=1 1.5x, https:\/\/i0.wp.com\/lasprimeras.com.do\/wp-content\/uploads\/2025\/10\/Bruno-Rodriguez-Parrilla.jpg?resize=700%2C400&ssl=1 2x"},"classes":[]},{"id":68116,"url":"https:\/\/lasprimeras.com.do\/index.php\/2023\/11\/21\/maduro-advierte-triunfo-de-milei-es-tremenda-amenaza-para-al\/","url_meta":{"origin":124242,"position":4},"title":"Maduro advierte triunfo de Milei es \u00abtremenda amenaza\u00bb para AL","author":"BIMARY DE JES\u00daS Matos","date":"21 de noviembre de 2023","format":false,"excerpt":"CARACAS.- El presidente de Venezuela, Nicol\u00e1s Maduro, consider\u00f3 que el triunfo del ultraderechista Javier Milei en las elecciones presidenciales de Argentina, celebradas el domingo, representan una \u00abtremenda amenaza\u00bb para Latinoam\u00e9rica, debido al \u00abproyecto colonial\u00bb del mandatario electo. \u00abNosotros no vamos a callar, porque es una tremenda amenaza la llegada de\u2026","rel":"","context":"En \u00abSin categor\u00eda\u00bb","block_context":{"text":"Sin categor\u00eda","link":"https:\/\/lasprimeras.com.do\/index.php\/category\/sin-categoria\/"},"img":{"alt_text":"","src":"https:\/\/i0.wp.com\/lasprimeras.com.do\/wp-content\/uploads\/2023\/11\/Noticias-de-energia-6-10.jpg?resize=350%2C200&ssl=1","width":350,"height":200,"srcset":"https:\/\/i0.wp.com\/lasprimeras.com.do\/wp-content\/uploads\/2023\/11\/Noticias-de-energia-6-10.jpg?resize=350%2C200&ssl=1 1x, https:\/\/i0.wp.com\/lasprimeras.com.do\/wp-content\/uploads\/2023\/11\/Noticias-de-energia-6-10.jpg?resize=525%2C300&ssl=1 1.5x"},"classes":[]},{"id":78200,"url":"https:\/\/lasprimeras.com.do\/index.php\/2024\/02\/28\/huawei-ayuda-a-america-latina-a-lograr-un-desarrollo-digital-y-sostenible\/","url_meta":{"origin":124242,"position":5},"title":"Huawei ayuda a Am\u00e9rica Latina a lograr un desarrollo digital y sostenible","author":"Nelson Feliz","date":"28 de febrero de 2024","format":false,"excerpt":"Durante la versi\u00f3n n\u00famero 18 del Mobile World Congress en Barcelona, Huawei reafirm\u00f3 su compromiso de seguir trabajando en la construcci\u00f3n de infraestructura digital en Am\u00e9rica Latina y el Caribe, promoviendo a\u00fan m\u00e1s la transformaci\u00f3n digital y el desarrollo sostenible en la regi\u00f3n, para lograr una mayor conectividad. Al mismo\u2026","rel":"","context":"En \u00abSin categor\u00eda\u00bb","block_context":{"text":"Sin categor\u00eda","link":"https:\/\/lasprimeras.com.do\/index.php\/category\/sin-categoria\/"},"img":{"alt_text":"Daniel Zhou, Presidente de Am\u00e9rica Latina y el Caribe, Huawei Latinoam\u00e9rica","src":"https:\/\/i0.wp.com\/lasprimeras.com.do\/wp-content\/uploads\/2024\/02\/Daniel-Zhou-Presidente-de-America-Latina-y-el-Caribe-Huawei-Latinoamerica.jpg?resize=350%2C200&ssl=1","width":350,"height":200,"srcset":"https:\/\/i0.wp.com\/lasprimeras.com.do\/wp-content\/uploads\/2024\/02\/Daniel-Zhou-Presidente-de-America-Latina-y-el-Caribe-Huawei-Latinoamerica.jpg?resize=350%2C200&ssl=1 1x, https:\/\/i0.wp.com\/lasprimeras.com.do\/wp-content\/uploads\/2024\/02\/Daniel-Zhou-Presidente-de-America-Latina-y-el-Caribe-Huawei-Latinoamerica.jpg?resize=525%2C300&ssl=1 1.5x, https:\/\/i0.wp.com\/lasprimeras.com.do\/wp-content\/uploads\/2024\/02\/Daniel-Zhou-Presidente-de-America-Latina-y-el-Caribe-Huawei-Latinoamerica.jpg?resize=700%2C400&ssl=1 2x"},"classes":[]}],"jetpack_sharing_enabled":true,"_links":{"self":[{"href":"https:\/\/lasprimeras.com.do\/index.php\/wp-json\/wp\/v2\/posts\/124242","targetHints":{"allow":["GET"]}}],"collection":[{"href":"https:\/\/lasprimeras.com.do\/index.php\/wp-json\/wp\/v2\/posts"}],"about":[{"href":"https:\/\/lasprimeras.com.do\/index.php\/wp-json\/wp\/v2\/types\/post"}],"author":[{"embeddable":true,"href":"https:\/\/lasprimeras.com.do\/index.php\/wp-json\/wp\/v2\/users\/10"}],"replies":[{"embeddable":true,"href":"https:\/\/lasprimeras.com.do\/index.php\/wp-json\/wp\/v2\/comments?post=124242"}],"version-history":[{"count":1,"href":"https:\/\/lasprimeras.com.do\/index.php\/wp-json\/wp\/v2\/posts\/124242\/revisions"}],"predecessor-version":[{"id":124243,"href":"https:\/\/lasprimeras.com.do\/index.php\/wp-json\/wp\/v2\/posts\/124242\/revisions\/124243"}],"wp:featuredmedia":[{"embeddable":true,"href":"https:\/\/lasprimeras.com.do\/index.php\/wp-json\/wp\/v2\/media\/116054"}],"wp:attachment":[{"href":"https:\/\/lasprimeras.com.do\/index.php\/wp-json\/wp\/v2\/media?parent=124242"}],"wp:term":[{"taxonomy":"category","embeddable":true,"href":"https:\/\/lasprimeras.com.do\/index.php\/wp-json\/wp\/v2\/categories?post=124242"},{"taxonomy":"post_tag","embeddable":true,"href":"https:\/\/lasprimeras.com.do\/index.php\/wp-json\/wp\/v2\/tags?post=124242"}],"curies":[{"name":"wp","href":"https:\/\/api.w.org\/{rel}","templated":true}]}}