{"id":124262,"date":"2026-03-10T18:56:22","date_gmt":"2026-03-10T22:56:22","guid":{"rendered":"https:\/\/lasprimeras.com.do\/?p=124262"},"modified":"2026-03-10T18:56:23","modified_gmt":"2026-03-10T22:56:23","slug":"jose-horacio-llama-a-lograr-la-independencia-energetica-en-rd-con-renovables","status":"publish","type":"post","link":"https:\/\/lasprimeras.com.do\/index.php\/2026\/03\/10\/jose-horacio-llama-a-lograr-la-independencia-energetica-en-rd-con-renovables\/","title":{"rendered":"Jos\u00e9 Horacio llama a lograr la independencia energ\u00e9tica en RD con renovables"},"content":{"rendered":"\n<p>El presidente del partido Opci\u00f3n Democr\u00e1tica (OD), Jos\u00e9 Horacio Rodr\u00edguez, destac\u00f3 este martes la importancia de avanzar hacia la soberan\u00eda energ\u00e9tica en la Rep\u00fablica Dominicana, al advertir que el pa\u00eds mantiene una alta dependencia de los combustibles f\u00f3siles importados, lo que lo hace vulnerable ante la volatilidad de los precios internacionales del petr\u00f3leo.<\/p>\n\n\n\n<p>Jos\u00e9 Horacio se\u00f1al\u00f3 que recientes titulares sobre el aumento del precio del barril de petr\u00f3leo, que ronda los 100 d\u00f3lares, obligan a reflexionar sobre la situaci\u00f3n energ\u00e9tica nacional y la capacidad de generaci\u00f3n del pa\u00eds.<\/p>\n\n\n\n<p>El dirigente pol\u00edtico cit\u00f3 un informe de la Conferencia de las Naciones Unidas sobre Comercio y Desarrollo (UNCTAD), que analiza el desarrollo cient\u00edfico y tecnol\u00f3gico de las naciones en desarrollo, y cuyos datos, afirm\u00f3, muestran tanto desaf\u00edos como oportunidades para la Rep\u00fablica Dominicana.<\/p>\n\n\n\n<p>Seg\u00fan explic\u00f3, a inicios de 2026 la capacidad total de producci\u00f3n energ\u00e9tica del pa\u00eds se sit\u00faa alrededor de 7,120 megavatios, lo que representa un aumento respecto a a\u00f1os anteriores.<\/p>\n\n\n\n<p>Sin embargo, indic\u00f3 que el principal problema sigue siendo la fuerte dependencia de combustibles f\u00f3siles importados.<\/p>\n\n\n\n<p>\u201cEsto coloca a la Rep\u00fablica Dominicana en una situaci\u00f3n en la que no controla la base de su sistema energ\u00e9tico, ya que depende completamente de los mercados extranjeros, lo que implica una alta vulnerabilidad macroecon\u00f3mica\u201d, expres\u00f3.<\/p>\n\n\n\n<p>Rodr\u00edguez advirti\u00f3 que la volatilidad del precio del petr\u00f3leo impacta directamente la econom\u00eda dominicana, ya que la factura petrolera incide en la balanza de pagos y en las cuentas fiscales del gobierno.<\/p>\n\n\n\n<p>Asimismo, explic\u00f3 que la movilidad del pa\u00eds, el consumo energ\u00e9tico de los hogares y la capacidad industrial dependen de estos combustibles, por lo que cada conflicto internacional se traduce en presiones econ\u00f3micas para la naci\u00f3n.<\/p>\n\n\n\n<p>El tambi\u00e9n exdiputado se\u00f1al\u00f3 que el informe internacional evidencia un bajo desarrollo tecnol\u00f3gico en materia energ\u00e9tica, pese al amplio potencial de fuentes renovables con que cuenta el pa\u00eds.<\/p>\n\n\n\n<p>Como referencia, mencion\u00f3 el caso de Costa Rica, que produce cerca del 98 % de su electricidad a partir de fuentes renovables, mientras que la Rep\u00fablica Dominicana apenas alcanza entre 23 % y 24 %.<\/p>\n\n\n\n<p>\u201cLas energ\u00edas renovables tienen la ventaja de que se producir\u00edan en el pa\u00eds, generar\u00edan empleos y no contaminan. Esa es la apuesta que debemos hacer como naci\u00f3n si queremos avanzar hacia la soberan\u00eda energ\u00e9tica\u201d, afirm\u00f3.<\/p>\n\n\n\n<p>Rodr\u00edguez concluy\u00f3 se\u00f1alando que lograr esa transici\u00f3n energ\u00e9tica requiere voluntad pol\u00edtica y mayores inversiones en tecnolog\u00eda e infraestructura, al tiempo que insisti\u00f3 en que \u201cel momento de hacerlo es ahora\u201d.<\/p>\n","protected":false},"excerpt":{"rendered":"<p>El presidente del partido Opci\u00f3n Democr\u00e1tica (OD), Jos\u00e9 Horacio Rodr\u00edguez, destac\u00f3 este martes la importancia de avanzar hacia la soberan\u00eda energ\u00e9tica en la Rep\u00fablica Dominicana, al advertir que el pa\u00eds&hellip;<\/p>\n","protected":false},"author":10,"featured_media":124263,"comment_status":"open","ping_status":"open","sticky":false,"template":"","format":"standard","meta":{"content-type":"","jetpack_post_was_ever_published":false,"_jetpack_newsletter_access":"","_jetpack_dont_email_post_to_subs":false,"_jetpack_newsletter_tier_id":0,"_jetpack_memberships_contains_paywalled_content":false,"_jetpack_memberships_contains_paid_content":false,"footnotes":""},"categories":[16559,25],"tags":[21608,1087,1322,7129,3495,13082,1226],"class_list":["post-124262","post","type-post","status-publish","format-standard","has-post-thumbnail","hentry","category-politica","category-portada","tag-combustibles-fosiles","tag-energetica","tag-independencia","tag-jose-horacio","tag-opcion-democratica","tag-renovables","tag-republica-dominicana"],"jetpack_featured_media_url":"https:\/\/lasprimeras.com.do\/wp-content\/uploads\/2026\/03\/Jose-Horacio-Rodriguez.jpg","jetpack-related-posts":[{"id":89891,"url":"https:\/\/lasprimeras.com.do\/index.php\/2024\/10\/06\/jose-horacio-es-elegido-presidente-del-partido-opcion-democratica\/","url_meta":{"origin":124262,"position":0},"title":"Jos\u00e9 Horacio es elegido presidente del partido Opci\u00f3n Democr\u00e1tica","author":"Nelson Feliz","date":"6 de octubre de 2024","format":false,"excerpt":"El dirigente pol\u00edtico Jos\u00e9 Horacio Rodr\u00edguez fue electo presidente del partido Opci\u00f3n Democr\u00e1tica (OD) para el periodo 2024-2028 este domingo 6 de octubre por la Asamblea Nacional de esta organizaci\u00f3n progresista, estar\u00e1 acompa\u00f1ado por Alexandra Sued como vicepresidente y Miguel Alejandro Mart\u00ednez, como secretario general. De igual manera fue elegida\u2026","rel":"","context":"En \u00abSin categor\u00eda\u00bb","block_context":{"text":"Sin categor\u00eda","link":"https:\/\/lasprimeras.com.do\/index.php\/category\/sin-categoria\/"},"img":{"alt_text":"Jos\u00e9 Horacio Rodr\u00edguez","src":"https:\/\/i0.wp.com\/lasprimeras.com.do\/wp-content\/uploads\/2024\/10\/Jose-Horacio-Rodriguez.jpg?resize=350%2C200&ssl=1","width":350,"height":200,"srcset":"https:\/\/i0.wp.com\/lasprimeras.com.do\/wp-content\/uploads\/2024\/10\/Jose-Horacio-Rodriguez.jpg?resize=350%2C200&ssl=1 1x, https:\/\/i0.wp.com\/lasprimeras.com.do\/wp-content\/uploads\/2024\/10\/Jose-Horacio-Rodriguez.jpg?resize=525%2C300&ssl=1 1.5x, https:\/\/i0.wp.com\/lasprimeras.com.do\/wp-content\/uploads\/2024\/10\/Jose-Horacio-Rodriguez.jpg?resize=700%2C400&ssl=1 2x"},"classes":[]},{"id":59567,"url":"https:\/\/lasprimeras.com.do\/index.php\/2023\/09\/05\/jose-horacio-aspira-a-reelegirse-como-diputado-por-el-distrito-nacional\/","url_meta":{"origin":124262,"position":1},"title":"Jos\u00e9 Horacio aspira a reelegirse como diputado por el Distrito Nacional","author":"Nelson Feliz","date":"5 de septiembre de 2023","format":false,"excerpt":"El diputado Jos\u00e9 Horacio Rodr\u00edguez, de Opci\u00f3n Democr\u00e1tica, anunci\u00f3 que iniciar\u00e1 una campa\u00f1a para ser reelegido como diputado por la ciudadan\u00eda, como representante de la Circunscripci\u00f3n No. 1 del Distrito Nacional. Rodr\u00edguez ofreci\u00f3 esta informaci\u00f3n al concluir un acto de rendici\u00f3n de cuentas junto a simpatizantes y militantes. El evento\u2026","rel":"","context":"En \u00abSin categor\u00eda\u00bb","block_context":{"text":"Sin categor\u00eda","link":"https:\/\/lasprimeras.com.do\/index.php\/category\/sin-categoria\/"},"img":{"alt_text":"Jos\u00e9 Horacio Rodr\u00edguez","src":"https:\/\/i0.wp.com\/lasprimeras.com.do\/wp-content\/uploads\/2023\/09\/Jose-Horacio-Rodriguez.jpg?resize=350%2C200&ssl=1","width":350,"height":200},"classes":[]},{"id":123324,"url":"https:\/\/lasprimeras.com.do\/index.php\/2026\/02\/27\/jose-horacio-rodriguez-prm-prometio-un-cambio-pero-hoy-reproduce-los-mismos-discursos\/","url_meta":{"origin":124262,"position":2},"title":"Jos\u00e9 Horacio Rodr\u00edguez: PRM prometi\u00f3 un cambio, pero hoy reproduce los mismos discursos","author":"Nelson Feliz","date":"27 de febrero de 2026","format":false,"excerpt":"El presidente del partido Opci\u00f3n Democr\u00e1tica (OD), Jos\u00e9 Horacio Rodr\u00edguez sostuvo que el gobierno del PRM prometi\u00f3 un cambio, pero hoy reproduce los mismos discursos e intereses de siempre. El presidente del partido Opci\u00f3n Democr\u00e1tica (OD), Jos\u00e9 Horacio Rodr\u00edguez, calific\u00f3 como \u201cun d\u00e9j\u00e0 vu\u201d el discurso de rendici\u00f3n de cuentas\u2026","rel":"","context":"En \u00abPOLITICA\u00bb","block_context":{"text":"POLITICA","link":"https:\/\/lasprimeras.com.do\/index.php\/category\/politica\/"},"img":{"alt_text":"Jose Horacio Rodriguez","src":"https:\/\/i0.wp.com\/lasprimeras.com.do\/wp-content\/uploads\/2026\/02\/Jose-Horacio-Rodriguez.jpeg?resize=350%2C200&ssl=1","width":350,"height":200,"srcset":"https:\/\/i0.wp.com\/lasprimeras.com.do\/wp-content\/uploads\/2026\/02\/Jose-Horacio-Rodriguez.jpeg?resize=350%2C200&ssl=1 1x, https:\/\/i0.wp.com\/lasprimeras.com.do\/wp-content\/uploads\/2026\/02\/Jose-Horacio-Rodriguez.jpeg?resize=525%2C300&ssl=1 1.5x, https:\/\/i0.wp.com\/lasprimeras.com.do\/wp-content\/uploads\/2026\/02\/Jose-Horacio-Rodriguez.jpeg?resize=700%2C400&ssl=1 2x"},"classes":[]},{"id":103334,"url":"https:\/\/lasprimeras.com.do\/index.php\/2025\/07\/14\/dirigente-reformista-sin-balaguer-el-sistema-electrico-se-estanco\/","url_meta":{"origin":124262,"position":3},"title":"Dirigente reformista: sin Balaguer, el sistema el\u00e9ctrico se estanc\u00f3","author":"Nelson Feliz","date":"14 de julio de 2025","format":false,"excerpt":"El dirigente del Partido Reformista Social Cristiano (PRSC), Jos\u00e9 Balaguer, destac\u00f3 la vigencia y relevancia del legado energ\u00e9tico del ex presidente Joaqu\u00edn Balaguer, al conmemorarse un nuevo aniversario de su fallecimiento. Afirm\u00f3 que los gobiernos reformistas transformaron profundamente el sistema el\u00e9ctrico nacional, y lament\u00f3 la oportunidad perdida con el cambio\u2026","rel":"","context":"En \u00abPOLITICA\u00bb","block_context":{"text":"POLITICA","link":"https:\/\/lasprimeras.com.do\/index.php\/category\/politica\/"},"img":{"alt_text":"","src":"https:\/\/i0.wp.com\/lasprimeras.com.do\/wp-content\/uploads\/2025\/07\/Jose-Balaguer.jpeg?resize=350%2C200&ssl=1","width":350,"height":200,"srcset":"https:\/\/i0.wp.com\/lasprimeras.com.do\/wp-content\/uploads\/2025\/07\/Jose-Balaguer.jpeg?resize=350%2C200&ssl=1 1x, https:\/\/i0.wp.com\/lasprimeras.com.do\/wp-content\/uploads\/2025\/07\/Jose-Balaguer.jpeg?resize=525%2C300&ssl=1 1.5x, https:\/\/i0.wp.com\/lasprimeras.com.do\/wp-content\/uploads\/2025\/07\/Jose-Balaguer.jpeg?resize=700%2C400&ssl=1 2x"},"classes":[]},{"id":123618,"url":"https:\/\/lasprimeras.com.do\/index.php\/2026\/03\/03\/manolo-pichardo-alerta-sobre-impacto-economico-en-rd-por-alza-del-petroleo\/","url_meta":{"origin":124262,"position":4},"title":"Manolo Pichardo alerta sobre impacto econ\u00f3mico en RD por alza del petr\u00f3leo","author":"Nelson Feliz","date":"3 de marzo de 2026","format":false,"excerpt":"Manolo Pichardo","rel":"","context":"En \u00abPOLITICA\u00bb","block_context":{"text":"POLITICA","link":"https:\/\/lasprimeras.com.do\/index.php\/category\/politica\/"},"img":{"alt_text":"","src":"https:\/\/i0.wp.com\/lasprimeras.com.do\/wp-content\/uploads\/2026\/03\/IMG-20260302-WA06211.jpg?resize=350%2C200&ssl=1","width":350,"height":200,"srcset":"https:\/\/i0.wp.com\/lasprimeras.com.do\/wp-content\/uploads\/2026\/03\/IMG-20260302-WA06211.jpg?resize=350%2C200&ssl=1 1x, https:\/\/i0.wp.com\/lasprimeras.com.do\/wp-content\/uploads\/2026\/03\/IMG-20260302-WA06211.jpg?resize=525%2C300&ssl=1 1.5x, https:\/\/i0.wp.com\/lasprimeras.com.do\/wp-content\/uploads\/2026\/03\/IMG-20260302-WA06211.jpg?resize=700%2C400&ssl=1 2x, https:\/\/i0.wp.com\/lasprimeras.com.do\/wp-content\/uploads\/2026\/03\/IMG-20260302-WA06211.jpg?resize=1050%2C600&ssl=1 3x"},"classes":[]},{"id":55059,"url":"https:\/\/lasprimeras.com.do\/index.php\/2023\/07\/17\/reporte-de-la-onu-destaca-inversion-en-energias-renovables-en-la-rd\/","url_meta":{"origin":124262,"position":5},"title":"Reporte de la ONU destaca inversi\u00f3n en energ\u00edas renovables en la RD","author":"Nelson Feliz","date":"17 de julio de 2023","format":false,"excerpt":"-El documento menciona aportes del Plan Nacional Energ\u00e9tico 2022-2036, impulsado por la Comisi\u00f3n Nacional de Energ\u00eda (CNE). El sector energ\u00eda lidera la cartera de proyectos de inversi\u00f3n extranjera en el pa\u00eds, as\u00ed lo se\u00f1ala el Reporte de Inversi\u00f3n Mundial de 2023 de la Conferencia de las Naciones Unidas sobre Comercio\u2026","rel":"","context":"En \u00abECONOM\u00cdA\u00bb","block_context":{"text":"ECONOM\u00cdA","link":"https:\/\/lasprimeras.com.do\/index.php\/category\/economia\/"},"img":{"alt_text":"Energia Renovable","src":"https:\/\/i0.wp.com\/lasprimeras.com.do\/wp-content\/uploads\/2023\/07\/Energia-Renovable.jpg?resize=350%2C200&ssl=1","width":350,"height":200,"srcset":"https:\/\/i0.wp.com\/lasprimeras.com.do\/wp-content\/uploads\/2023\/07\/Energia-Renovable.jpg?resize=350%2C200&ssl=1 1x, https:\/\/i0.wp.com\/lasprimeras.com.do\/wp-content\/uploads\/2023\/07\/Energia-Renovable.jpg?resize=525%2C300&ssl=1 1.5x, https:\/\/i0.wp.com\/lasprimeras.com.do\/wp-content\/uploads\/2023\/07\/Energia-Renovable.jpg?resize=700%2C400&ssl=1 2x"},"classes":[]}],"jetpack_sharing_enabled":true,"_links":{"self":[{"href":"https:\/\/lasprimeras.com.do\/index.php\/wp-json\/wp\/v2\/posts\/124262","targetHints":{"allow":["GET"]}}],"collection":[{"href":"https:\/\/lasprimeras.com.do\/index.php\/wp-json\/wp\/v2\/posts"}],"about":[{"href":"https:\/\/lasprimeras.com.do\/index.php\/wp-json\/wp\/v2\/types\/post"}],"author":[{"embeddable":true,"href":"https:\/\/lasprimeras.com.do\/index.php\/wp-json\/wp\/v2\/users\/10"}],"replies":[{"embeddable":true,"href":"https:\/\/lasprimeras.com.do\/index.php\/wp-json\/wp\/v2\/comments?post=124262"}],"version-history":[{"count":1,"href":"https:\/\/lasprimeras.com.do\/index.php\/wp-json\/wp\/v2\/posts\/124262\/revisions"}],"predecessor-version":[{"id":124264,"href":"https:\/\/lasprimeras.com.do\/index.php\/wp-json\/wp\/v2\/posts\/124262\/revisions\/124264"}],"wp:featuredmedia":[{"embeddable":true,"href":"https:\/\/lasprimeras.com.do\/index.php\/wp-json\/wp\/v2\/media\/124263"}],"wp:attachment":[{"href":"https:\/\/lasprimeras.com.do\/index.php\/wp-json\/wp\/v2\/media?parent=124262"}],"wp:term":[{"taxonomy":"category","embeddable":true,"href":"https:\/\/lasprimeras.com.do\/index.php\/wp-json\/wp\/v2\/categories?post=124262"},{"taxonomy":"post_tag","embeddable":true,"href":"https:\/\/lasprimeras.com.do\/index.php\/wp-json\/wp\/v2\/tags?post=124262"}],"curies":[{"name":"wp","href":"https:\/\/api.w.org\/{rel}","templated":true}]}}